{"id":78534,"date":"2023-10-24T16:23:11","date_gmt":"2023-10-24T14:23:11","guid":{"rendered":"https:\/\/centcols.org\/backup\/deces-gerard-obrecht\/"},"modified":"2023-12-15T15:21:44","modified_gmt":"2023-12-15T14:21:44","slug":"deces-gerard-obrecht","status":"publish","type":"post","link":"https:\/\/centcols.org\/backup\/it\/deces-gerard-obrecht\/","title":{"rendered":"G\u00e9rard Obrecht"},"content":{"rendered":"\n<figure class=\"wp-block-image size-full\"><img loading=\"lazy\" decoding=\"async\" width=\"804\" height=\"951\" src=\"https:\/\/centcols.org\/backup\/wp-content\/uploads\/2023\/10\/image-20.png\" alt=\"\" class=\"wp-image-77379\" srcset=\"https:\/\/centcols.org\/backup\/wp-content\/uploads\/2023\/10\/image-20.png 804w, https:\/\/centcols.org\/backup\/wp-content\/uploads\/2023\/10\/image-20-423x500.png 423w, https:\/\/centcols.org\/backup\/wp-content\/uploads\/2023\/10\/image-20-768x908.png 768w, https:\/\/centcols.org\/backup\/wp-content\/uploads\/2023\/10\/image-20-600x710.png 600w\" sizes=\"(max-width: 804px) 100vw, 804px\" \/><\/figure>\n\n\n\n<p class=\"has-medium-font-size\"><strong> G\u00e9rard Obrecht\u00a0 cc 2543<\/strong><br><br><\/p>\n\n\n\n<p class=\"has-medium-font-size\">N\u00e9nesse, come lo chiamavano molti amici, \u00e8 morto luned\u00ec.<\/p>\n\n\n\n<p class=\"has-medium-font-size\">Dal 1986 era membro del Club des cent cols, dove ha contribuito senza interruzioni. Il suo numero di iscrizione era 2543.<\/p>\n\n\n\n<p class=\"has-medium-font-size\">Generoso e disponibile, si \u00e8 dedicato per diversi anni alla presidenza dell&#8217;AS Meudon cyclo.<\/p>\n\n\n\n<p class=\"has-medium-font-size\">Con un fisico che era l&#8217;opposto di quello di uno scalatore, \u00e8 riuscito a scalare 2389 passi alpini. Per non farci aspettare troppo in cima, era solito anticipare la partenza: &#8220;Vado come un postino, mi raggiungerete&#8221;. Una volta raggiunta la cima, non si fermava quasi mai per non farci prendere troppo freddo. Ma dallo scoccare del mezzogiorno, diventava subito di cattivo umore se il pranzo o il picnic non erano in vista.<\/p>\n\n\n\n<p class=\"has-medium-font-size\">Oltre alla confraternita del CCC, era anche membro della confraternita molto pi\u00f9 informale degli AOC, gli Avaleurs Obstin\u00e9s de Cols. Passi di montagna, certo, ma non gli unici. Amava anche il buon cibo e il buon vino.<\/p>\n\n\n\n<p class=\"has-medium-font-size\">Ha invitato i suoi amici pi\u00f9 cari alla dispersione delle sue ceneri un giorno futuro al Col de la Gourdasse \u00a0<a href=\"https:\/\/centcols.org\/backup\/util\/geo\/visuGen.php?code=FR-21-0463\">FR-21-0463<\/a>, un passo che gli era caro, che ha scalato decine di volte e dove ha dato le sue ultime pedalate.<\/p>\n\n\n\n<p class=\"has-medium-font-size\">\u00c8 certo, N\u00e9nesse, che non ti dimenticheremo.<\/p>\n\n\n\n<p><strong>Denis Chouquet-Stringer&nbsp;<\/strong><\/p>\n","protected":false},"excerpt":{"rendered":"<p>G\u00e9rard Obrecht\u00a0 cc 2543 N\u00e9nesse, come lo chiamavano molti amici, \u00e8 morto luned\u00ec. Dal 1986 era membro del Club des cent cols, dove ha contribuito senza interruzioni. Il suo numero di iscrizione era 2543. Generoso e disponibile, si \u00e8 dedicato per diversi anni alla presidenza dell&#8217;AS Meudon cyclo. Con un fisico che era l&#8217;opposto di [&hellip;]<\/p>\n","protected":false},"author":69,"featured_media":77383,"comment_status":"closed","ping_status":"closed","sticky":false,"template":"","format":"standard","meta":{"_acf_changed":false,"ub_ctt_via":"","_monsterinsights_skip_tracking":false,"_monsterinsights_sitenote_active":false,"_monsterinsights_sitenote_note":"","_monsterinsights_sitenote_category":0,"footnotes":""},"categories":[631],"tags":[],"acf":[],"featured_image_urls":{"full":["https:\/\/centcols.org\/backup\/wp-content\/uploads\/2023\/10\/image-20.png",804,951,false],"thumbnail":["https:\/\/centcols.org\/backup\/wp-content\/uploads\/2023\/10\/image-20-300x300.png",300,300,true],"medium":["https:\/\/centcols.org\/backup\/wp-content\/uploads\/2023\/10\/image-20-423x500.png",423,500,true],"medium_large":["https:\/\/centcols.org\/backup\/wp-content\/uploads\/2023\/10\/image-20-768x908.png",768,908,true],"large":["https:\/\/centcols.org\/backup\/wp-content\/uploads\/2023\/10\/image-20.png",804,951,false],"1536x1536":["https:\/\/centcols.org\/backup\/wp-content\/uploads\/2023\/10\/image-20.png",804,951,false],"2048x2048":["https:\/\/centcols.org\/backup\/wp-content\/uploads\/2023\/10\/image-20.png",804,951,false],"woocommerce_thumbnail":["https:\/\/centcols.org\/backup\/wp-content\/uploads\/2023\/10\/image-20-300x300.png",300,300,true],"woocommerce_single":["https:\/\/centcols.org\/backup\/wp-content\/uploads\/2023\/10\/image-20-600x710.png",600,710,true],"woocommerce_gallery_thumbnail":["https:\/\/centcols.org\/backup\/wp-content\/uploads\/2023\/10\/image-20-100x100.png",100,100,true]},"post_excerpt_stackable":"<p>G\u00e9rard Obrecht\u00a0 cc 2543 N\u00e9nesse, come lo chiamavano molti amici, \u00e8 morto luned\u00ec. Dal 1986 era membro del Club des cent cols, dove ha contribuito senza interruzioni. Il suo numero di iscrizione era 2543. Generoso e disponibile, si \u00e8 dedicato per diversi anni alla presidenza dell&#8217;AS Meudon cyclo. Con un fisico che era l&#8217;opposto di quello di uno scalatore, \u00e8 riuscito a scalare 2389 passi alpini. Per non farci aspettare troppo in cima, era solito anticipare la partenza: &#8220;Vado come un postino, mi raggiungerete&#8221;. Una volta raggiunta la cima, non si fermava quasi mai per non farci prendere troppo freddo.&hellip;<\/p>\n","category_list":"<a href=\"https:\/\/centcols.org\/backup\/it\/categorie\/carnet-noir-it\/\" rel=\"category tag\">Ci hanno lasciato<\/a>","author_info":{"display_name":"Enrico Alberini","author_link":"https:\/\/centcols.org\/backup\/it\/author\/5065\/"},"comments_num":"0 commenti","featured_image_urls_v2":{"full":["https:\/\/centcols.org\/backup\/wp-content\/uploads\/2023\/10\/image-20.png",804,951,false],"thumbnail":["https:\/\/centcols.org\/backup\/wp-content\/uploads\/2023\/10\/image-20-300x300.png",300,300,true],"medium":["https:\/\/centcols.org\/backup\/wp-content\/uploads\/2023\/10\/image-20-423x500.png",423,500,true],"medium_large":["https:\/\/centcols.org\/backup\/wp-content\/uploads\/2023\/10\/image-20-768x908.png",768,908,true],"large":["https:\/\/centcols.org\/backup\/wp-content\/uploads\/2023\/10\/image-20.png",804,951,false],"1536x1536":["https:\/\/centcols.org\/backup\/wp-content\/uploads\/2023\/10\/image-20.png",804,951,false],"2048x2048":["https:\/\/centcols.org\/backup\/wp-content\/uploads\/2023\/10\/image-20.png",804,951,false],"woocommerce_thumbnail":["https:\/\/centcols.org\/backup\/wp-content\/uploads\/2023\/10\/image-20-300x300.png",300,300,true],"woocommerce_single":["https:\/\/centcols.org\/backup\/wp-content\/uploads\/2023\/10\/image-20-600x710.png",600,710,true],"woocommerce_gallery_thumbnail":["https:\/\/centcols.org\/backup\/wp-content\/uploads\/2023\/10\/image-20-100x100.png",100,100,true]},"post_excerpt_stackable_v2":"<p>G\u00e9rard Obrecht\u00a0 cc 2543 N\u00e9nesse, come lo chiamavano molti amici, \u00e8 morto luned\u00ec. Dal 1986 era membro del Club des cent cols, dove ha contribuito senza interruzioni. Il suo numero di iscrizione era 2543. Generoso e disponibile, si \u00e8 dedicato per diversi anni alla presidenza dell&#8217;AS Meudon cyclo. Con un fisico che era l&#8217;opposto di quello di uno scalatore, \u00e8 riuscito a scalare 2389 passi alpini. Per non farci aspettare troppo in cima, era solito anticipare la partenza: &#8220;Vado come un postino, mi raggiungerete&#8221;. Una volta raggiunta la cima, non si fermava quasi mai per non farci prendere troppo freddo.&hellip;<\/p>\n","category_list_v2":"<a href=\"https:\/\/centcols.org\/backup\/it\/categorie\/carnet-noir-it\/\" rel=\"category tag\">Ci hanno lasciato<\/a>","author_info_v2":{"name":"Enrico Alberini","url":"https:\/\/centcols.org\/backup\/it\/author\/5065\/"},"comments_num_v2":"0 commenti","featured_image_src":"https:\/\/centcols.org\/backup\/wp-content\/uploads\/2023\/10\/image-20.png","_links":{"self":[{"href":"https:\/\/centcols.org\/backup\/it\/wp-json\/wp\/v2\/posts\/78534"}],"collection":[{"href":"https:\/\/centcols.org\/backup\/it\/wp-json\/wp\/v2\/posts"}],"about":[{"href":"https:\/\/centcols.org\/backup\/it\/wp-json\/wp\/v2\/types\/post"}],"author":[{"embeddable":true,"href":"https:\/\/centcols.org\/backup\/it\/wp-json\/wp\/v2\/users\/69"}],"replies":[{"embeddable":true,"href":"https:\/\/centcols.org\/backup\/it\/wp-json\/wp\/v2\/comments?post=78534"}],"version-history":[{"count":0,"href":"https:\/\/centcols.org\/backup\/it\/wp-json\/wp\/v2\/posts\/78534\/revisions"}],"wp:featuredmedia":[{"embeddable":true,"href":"https:\/\/centcols.org\/backup\/it\/wp-json\/wp\/v2\/media\/77383"}],"wp:attachment":[{"href":"https:\/\/centcols.org\/backup\/it\/wp-json\/wp\/v2\/media?parent=78534"}],"wp:term":[{"taxonomy":"category","embeddable":true,"href":"https:\/\/centcols.org\/backup\/it\/wp-json\/wp\/v2\/categories?post=78534"},{"taxonomy":"post_tag","embeddable":true,"href":"https:\/\/centcols.org\/backup\/it\/wp-json\/wp\/v2\/tags?post=78534"}],"curies":[{"name":"wp","href":"https:\/\/api.w.org\/{rel}","templated":true}]}}