{"id":79019,"date":"2023-12-21T18:06:44","date_gmt":"2023-12-21T17:06:44","guid":{"rendered":"https:\/\/centcols.org\/backup\/la-savoie-et-lisere-a-bicycle\/"},"modified":"2023-12-22T18:17:28","modified_gmt":"2023-12-22T17:17:28","slug":"la-savoie-et-lisere-a-bicycle","status":"publish","type":"post","link":"https:\/\/centcols.org\/backup\/it\/la-savoie-et-lisere-a-bicycle\/","title":{"rendered":"La Savoia e l&#8217;Is\u00e8re in bicicletta"},"content":{"rendered":"<div class=\"wp-block-image\">\n<figure class=\"aligncenter size-full\"><img loading=\"lazy\" decoding=\"async\" width=\"600\" height=\"800\" src=\"https:\/\/centcols.org\/backup\/wp-content\/uploads\/2023\/12\/Baroncelli-couverture.jpg\" alt=\"\" class=\"wp-image-78980\" srcset=\"https:\/\/centcols.org\/backup\/wp-content\/uploads\/2023\/12\/Baroncelli-couverture.jpg 600w, https:\/\/centcols.org\/backup\/wp-content\/uploads\/2023\/12\/Baroncelli-couverture-375x500.jpg 375w\" sizes=\"(max-width: 600px) 100vw, 600px\" \/><\/figure><\/div>\n\n\n<p class=\"has-medium-font-size\">Nell&#8217;agosto del 1871, all&#8217;et\u00e0 di diciannove anni, Adrien de Baroncelli, futuro autore di famose guide di viaggio, sale sulla sua fedele &#8220;v\u00e9loce&#8221;, Frou-Frou, e parte da solo per le strade della Savoia e dell&#8217;Is\u00e8re.<br>Rispondendo a una richiesta del direttore di V\u00e9locip\u00e8de illustr\u00e9, invi\u00f2 al giornale il suo resoconto di viaggio, che fu pubblicato in sei numeri tra agosto e ottobre 1872.<br>Oggi questo testo \u00e8 unanimemente considerato il primo resoconto di un viaggio in bicicletta. Citato regolarmente nelle pubblicazioni sul velocipede, ma raramente letto nella sua interezza, non era mai stato pubblicato in volume e solo pochi collezionisti lo avevano visto, recentemente raggiunti da altri che lo avevano trovato online su siti specializzati.<br>Da grande appassionato di diari di viaggio in bicicletta, ho ritenuto importante mettere a disposizione del maggior numero possibile di persone questo testo fondamentale, che contiene gi\u00e0 gli elementi principali di ogni buona opera di questo tipo: la descrizione della macchina, i consigli meccanici, gli incontri sulla strada, la vita quotidiana e i paesaggi e i luoghi attraversati.<br>Completo di note sul panorama velocipedico del dopoguerra, di informazioni biografiche e bibliografiche e di significative illustrazioni, questo piccolo lavoro \u00e8 un modesto contributo alla grande storia della bicicletta.<\/p>\n\n\n\n<p><em>Jean-Yves MOUNIER<br>Adrien de Baroncelli<br>La Savoie et l&#8217;Is\u00e8re \u00e0 bicycle, Voyage d&#8217;Adrien de Baroncelli, d&#8217;ao\u00fbt \u00e0 septembre 1871<br>Edizione dovuta a Jean-Yves Mounier<br>2023 \u2013 60 pagine \u2013 Realizzazione Gilbert Jaccon, <a href=\"http:\/\/www.gilbertjac.com\/\" target=\"_blank\" rel=\"noreferrer noopener\">http:\/\/www.gilbertjac.com\/<\/a> disponible presso Jean-Yves Mounier <a href=\"mailto:jymounier@orange.fr\">jymounier@orange.fr<\/a><\/em><\/p>\n\n\n\n<p><em><br>Prezzo\u00a0: 12 \u20ac + spese di spedizione<\/em><\/p>\n","protected":false},"excerpt":{"rendered":"<p>Nell&#8217;agosto del 1871, all&#8217;et\u00e0 di diciannove anni, Adrien de Baroncelli, futuro autore di famose guide di viaggio, sale sulla sua fedele &#8220;v\u00e9loce&#8221;, Frou-Frou, e parte da solo per le strade della Savoia e dell&#8217;Is\u00e8re.Rispondendo a una richiesta del direttore di V\u00e9locip\u00e8de illustr\u00e9, invi\u00f2 al giornale il suo resoconto di viaggio, che fu pubblicato in sei [&hellip;]<\/p>\n","protected":false},"author":69,"featured_media":78984,"comment_status":"closed","ping_status":"closed","sticky":false,"template":"","format":"standard","meta":{"_acf_changed":false,"ub_ctt_via":"","_monsterinsights_skip_tracking":false,"_monsterinsights_sitenote_active":false,"_monsterinsights_sitenote_note":"","_monsterinsights_sitenote_category":0,"footnotes":""},"categories":[635,636],"tags":[],"acf":[],"featured_image_urls":{"full":["https:\/\/centcols.org\/backup\/wp-content\/uploads\/2023\/12\/Baroncelli-couverture.jpg",600,800,false],"thumbnail":["https:\/\/centcols.org\/backup\/wp-content\/uploads\/2023\/12\/Baroncelli-couverture-300x300.jpg",300,300,true],"medium":["https:\/\/centcols.org\/backup\/wp-content\/uploads\/2023\/12\/Baroncelli-couverture-375x500.jpg",375,500,true],"medium_large":["https:\/\/centcols.org\/backup\/wp-content\/uploads\/2023\/12\/Baroncelli-couverture.jpg",600,800,false],"large":["https:\/\/centcols.org\/backup\/wp-content\/uploads\/2023\/12\/Baroncelli-couverture.jpg",600,800,false],"1536x1536":["https:\/\/centcols.org\/backup\/wp-content\/uploads\/2023\/12\/Baroncelli-couverture.jpg",600,800,false],"2048x2048":["https:\/\/centcols.org\/backup\/wp-content\/uploads\/2023\/12\/Baroncelli-couverture.jpg",600,800,false],"woocommerce_thumbnail":["https:\/\/centcols.org\/backup\/wp-content\/uploads\/2023\/12\/Baroncelli-couverture-300x300.jpg",300,300,true],"woocommerce_single":["https:\/\/centcols.org\/backup\/wp-content\/uploads\/2023\/12\/Baroncelli-couverture.jpg",600,800,false],"woocommerce_gallery_thumbnail":["https:\/\/centcols.org\/backup\/wp-content\/uploads\/2023\/12\/Baroncelli-couverture-100x100.jpg",100,100,true]},"post_excerpt_stackable":"<p>Nell&#8217;agosto del 1871, all&#8217;et\u00e0 di diciannove anni, Adrien de Baroncelli, futuro autore di famose guide di viaggio, sale sulla sua fedele &#8220;v\u00e9loce&#8221;, Frou-Frou, e parte da solo per le strade della Savoia e dell&#8217;Is\u00e8re.Rispondendo a una richiesta del direttore di V\u00e9locip\u00e8de illustr\u00e9, invi\u00f2 al giornale il suo resoconto di viaggio, che fu pubblicato in sei numeri tra agosto e ottobre 1872.Oggi questo testo \u00e8 unanimemente considerato il primo resoconto di un viaggio in bicicletta. Citato regolarmente nelle pubblicazioni sul velocipede, ma raramente letto nella sua interezza, non era mai stato pubblicato in volume e solo pochi collezionisti lo avevano visto,&hellip;<\/p>\n","category_list":"<a href=\"https:\/\/centcols.org\/backup\/it\/categorie\/gazette-it\/\" rel=\"category tag\">Gazette<\/a>, <a href=\"https:\/\/centcols.org\/backup\/it\/categorie\/lectures-it\/\" rel=\"category tag\">Lectures<\/a>","author_info":{"display_name":"Enrico Alberini","author_link":"https:\/\/centcols.org\/backup\/it\/author\/5065\/"},"comments_num":"0 commenti","featured_image_urls_v2":{"full":["https:\/\/centcols.org\/backup\/wp-content\/uploads\/2023\/12\/Baroncelli-couverture.jpg",600,800,false],"thumbnail":["https:\/\/centcols.org\/backup\/wp-content\/uploads\/2023\/12\/Baroncelli-couverture-300x300.jpg",300,300,true],"medium":["https:\/\/centcols.org\/backup\/wp-content\/uploads\/2023\/12\/Baroncelli-couverture-375x500.jpg",375,500,true],"medium_large":["https:\/\/centcols.org\/backup\/wp-content\/uploads\/2023\/12\/Baroncelli-couverture.jpg",600,800,false],"large":["https:\/\/centcols.org\/backup\/wp-content\/uploads\/2023\/12\/Baroncelli-couverture.jpg",600,800,false],"1536x1536":["https:\/\/centcols.org\/backup\/wp-content\/uploads\/2023\/12\/Baroncelli-couverture.jpg",600,800,false],"2048x2048":["https:\/\/centcols.org\/backup\/wp-content\/uploads\/2023\/12\/Baroncelli-couverture.jpg",600,800,false],"woocommerce_thumbnail":["https:\/\/centcols.org\/backup\/wp-content\/uploads\/2023\/12\/Baroncelli-couverture-300x300.jpg",300,300,true],"woocommerce_single":["https:\/\/centcols.org\/backup\/wp-content\/uploads\/2023\/12\/Baroncelli-couverture.jpg",600,800,false],"woocommerce_gallery_thumbnail":["https:\/\/centcols.org\/backup\/wp-content\/uploads\/2023\/12\/Baroncelli-couverture-100x100.jpg",100,100,true]},"post_excerpt_stackable_v2":"<p>Nell&#8217;agosto del 1871, all&#8217;et\u00e0 di diciannove anni, Adrien de Baroncelli, futuro autore di famose guide di viaggio, sale sulla sua fedele &#8220;v\u00e9loce&#8221;, Frou-Frou, e parte da solo per le strade della Savoia e dell&#8217;Is\u00e8re.Rispondendo a una richiesta del direttore di V\u00e9locip\u00e8de illustr\u00e9, invi\u00f2 al giornale il suo resoconto di viaggio, che fu pubblicato in sei numeri tra agosto e ottobre 1872.Oggi questo testo \u00e8 unanimemente considerato il primo resoconto di un viaggio in bicicletta. Citato regolarmente nelle pubblicazioni sul velocipede, ma raramente letto nella sua interezza, non era mai stato pubblicato in volume e solo pochi collezionisti lo avevano visto,&hellip;<\/p>\n","category_list_v2":"<a href=\"https:\/\/centcols.org\/backup\/it\/categorie\/gazette-it\/\" rel=\"category tag\">Gazette<\/a>, <a href=\"https:\/\/centcols.org\/backup\/it\/categorie\/lectures-it\/\" rel=\"category tag\">Lectures<\/a>","author_info_v2":{"name":"Enrico Alberini","url":"https:\/\/centcols.org\/backup\/it\/author\/5065\/"},"comments_num_v2":"0 commenti","featured_image_src":"https:\/\/centcols.org\/backup\/wp-content\/uploads\/2023\/12\/Baroncelli-couverture.jpg","_links":{"self":[{"href":"https:\/\/centcols.org\/backup\/it\/wp-json\/wp\/v2\/posts\/79019"}],"collection":[{"href":"https:\/\/centcols.org\/backup\/it\/wp-json\/wp\/v2\/posts"}],"about":[{"href":"https:\/\/centcols.org\/backup\/it\/wp-json\/wp\/v2\/types\/post"}],"author":[{"embeddable":true,"href":"https:\/\/centcols.org\/backup\/it\/wp-json\/wp\/v2\/users\/69"}],"replies":[{"embeddable":true,"href":"https:\/\/centcols.org\/backup\/it\/wp-json\/wp\/v2\/comments?post=79019"}],"version-history":[{"count":0,"href":"https:\/\/centcols.org\/backup\/it\/wp-json\/wp\/v2\/posts\/79019\/revisions"}],"wp:featuredmedia":[{"embeddable":true,"href":"https:\/\/centcols.org\/backup\/it\/wp-json\/wp\/v2\/media\/78984"}],"wp:attachment":[{"href":"https:\/\/centcols.org\/backup\/it\/wp-json\/wp\/v2\/media?parent=79019"}],"wp:term":[{"taxonomy":"category","embeddable":true,"href":"https:\/\/centcols.org\/backup\/it\/wp-json\/wp\/v2\/categories?post=79019"},{"taxonomy":"post_tag","embeddable":true,"href":"https:\/\/centcols.org\/backup\/it\/wp-json\/wp\/v2\/tags?post=79019"}],"curies":[{"name":"wp","href":"https:\/\/api.w.org\/{rel}","templated":true}]}}