{"id":79023,"date":"2023-12-21T17:53:24","date_gmt":"2023-12-21T16:53:24","guid":{"rendered":"https:\/\/centcols.org\/backup\/mon-tour-de-lhexagone-a-velo-7600-kilometres-le-long-des-frontieres-francaises\/"},"modified":"2023-12-24T09:17:06","modified_gmt":"2023-12-24T08:17:06","slug":"mon-tour-de-lhexagone-a-velo-7600-kilometres-le-long-des-frontieres-francaises","status":"publish","type":"post","link":"https:\/\/centcols.org\/backup\/it\/mon-tour-de-lhexagone-a-velo-7600-kilometres-le-long-des-frontieres-francaises\/","title":{"rendered":"Il mio giro dell&#8217;Esagono in bicicletta &#8211; 7600 chilometri lungo le frontiere francesi"},"content":{"rendered":"<div class=\"wp-block-image\">\n<figure class=\"aligncenter size-full\"><img loading=\"lazy\" decoding=\"async\" width=\"800\" height=\"498\" src=\"https:\/\/centcols.org\/backup\/wp-content\/uploads\/2023\/12\/Couverture-Hexagone.png\" alt=\"\" class=\"wp-image-78957\" srcset=\"https:\/\/centcols.org\/backup\/wp-content\/uploads\/2023\/12\/Couverture-Hexagone.png 800w, https:\/\/centcols.org\/backup\/wp-content\/uploads\/2023\/12\/Couverture-Hexagone-500x311.png 500w, https:\/\/centcols.org\/backup\/wp-content\/uploads\/2023\/12\/Couverture-Hexagone-768x478.png 768w, https:\/\/centcols.org\/backup\/wp-content\/uploads\/2023\/12\/Couverture-Hexagone-600x374.png 600w\" sizes=\"(max-width: 800px) 100vw, 800px\" \/><\/figure><\/div>\n\n\n<p class=\"has-medium-font-size\">Vorrei presentarvi &#8220;Mon Tour de l&#8217;Hexagone \u00e0 V\u00e9lo -7600 kilom\u00e8tres le long des fronti\u00e8res fran\u00e7aises&#8221;, un libro di 192 pagine di grande formato, illustrato con oltre 320 foto, mappe e tabelle, appena pubblicato da Chamina Edition e i cui estratti sono disponibili al seguente link:<br><a href=\"https:\/\/www.chamina.com\/velo\/5409-9782844666192-mon-tour-de-l-hexagone-a-velo.html\" target=\"_blank\" rel=\"noreferrer noopener\">https:\/\/www.chamina.com\/velo\/5409-97828 &#8230; -velo.html<\/a><br><br>Questo libro \u00e8 disponibile o pu\u00f2 essere ordinato in qualsiasi libreria. Racconta la storia di un grande tour in ciclocampeggio della Francia continentale nell&#8217;estate del 2021, per 84 giorni, 7.600 chilometri e 8.000 metri di dislivello. L&#8217;itinerario segue il pi\u00f9 possibile tutti i confini e le coste, seguendo il magnifico percorso stabilito e seguito 10 anni prima da R\u00e9gis Paraz, allora presidente del Club des Cent Cols. Il percorso attraversa 80 passi in tutto, di cui 10 sopra i 2000 metri. Vengono fornite informazioni sull&#8217;equipaggiamento, sulle caratteristiche principali di ciascuno dei sei versanti seguiti in senso antiorario da Nizza a Nizza, e viene descritta ogni tappa, con la sua lunghezza, il suo dislivello positivo, le sue meraviglie e le sue piccole difficolt\u00e0. A seconda del tempo a disposizione, potete scegliere di completare questo Tour de l&#8217;Hexagone in una o pi\u00f9 tappe, carichi di borse, zaino in spalla o dormendo in g\u00eetes e hotel, partendo da dove volete e in qualsiasi periodo dell&#8217;anno, tranne ovviamente in inverno per le tappe di montagna. Mi auguro che molti di voi lo realizzino. <\/p>\n\n\n\n<p class=\"has-medium-font-size\">Pierre H\u00e9rant &#8211; Membro n\u00b07946<\/p>\n","protected":false},"excerpt":{"rendered":"<p>Vorrei presentarvi &#8220;Mon Tour de l&#8217;Hexagone \u00e0 V\u00e9lo -7600 kilom\u00e8tres le long des fronti\u00e8res fran\u00e7aises&#8221;, un libro di 192 pagine di grande formato, illustrato con oltre 320 foto, mappe e tabelle, appena pubblicato da Chamina Edition e i cui estratti sono disponibili al seguente link:https:\/\/www.chamina.com\/velo\/5409-97828 &#8230; -velo.html Questo libro \u00e8 disponibile o pu\u00f2 essere ordinato [&hellip;]<\/p>\n","protected":false},"author":69,"featured_media":78961,"comment_status":"closed","ping_status":"closed","sticky":false,"template":"","format":"standard","meta":{"_acf_changed":false,"ub_ctt_via":"","_monsterinsights_skip_tracking":false,"_monsterinsights_sitenote_active":false,"_monsterinsights_sitenote_note":"","_monsterinsights_sitenote_category":0,"footnotes":""},"categories":[635,636],"tags":[],"acf":[],"featured_image_urls":{"full":["https:\/\/centcols.org\/backup\/wp-content\/uploads\/2023\/12\/Couverture-Hexagone.png",800,498,false],"thumbnail":["https:\/\/centcols.org\/backup\/wp-content\/uploads\/2023\/12\/Couverture-Hexagone-300x300.png",300,300,true],"medium":["https:\/\/centcols.org\/backup\/wp-content\/uploads\/2023\/12\/Couverture-Hexagone-500x311.png",500,311,true],"medium_large":["https:\/\/centcols.org\/backup\/wp-content\/uploads\/2023\/12\/Couverture-Hexagone-768x478.png",768,478,true],"large":["https:\/\/centcols.org\/backup\/wp-content\/uploads\/2023\/12\/Couverture-Hexagone.png",800,498,false],"1536x1536":["https:\/\/centcols.org\/backup\/wp-content\/uploads\/2023\/12\/Couverture-Hexagone.png",800,498,false],"2048x2048":["https:\/\/centcols.org\/backup\/wp-content\/uploads\/2023\/12\/Couverture-Hexagone.png",800,498,false],"woocommerce_thumbnail":["https:\/\/centcols.org\/backup\/wp-content\/uploads\/2023\/12\/Couverture-Hexagone-300x300.png",300,300,true],"woocommerce_single":["https:\/\/centcols.org\/backup\/wp-content\/uploads\/2023\/12\/Couverture-Hexagone-600x374.png",600,374,true],"woocommerce_gallery_thumbnail":["https:\/\/centcols.org\/backup\/wp-content\/uploads\/2023\/12\/Couverture-Hexagone-100x100.png",100,100,true]},"post_excerpt_stackable":"<p>Vorrei presentarvi &#8220;Mon Tour de l&#8217;Hexagone \u00e0 V\u00e9lo -7600 kilom\u00e8tres le long des fronti\u00e8res fran\u00e7aises&#8221;, un libro di 192 pagine di grande formato, illustrato con oltre 320 foto, mappe e tabelle, appena pubblicato da Chamina Edition e i cui estratti sono disponibili al seguente link:https:\/\/www.chamina.com\/velo\/5409-97828 &#8230; -velo.htmlQuesto libro \u00e8 disponibile o pu\u00f2 essere ordinato in qualsiasi libreria. Racconta la storia di un grande tour in ciclocampeggio della Francia continentale nell&#8217;estate del 2021, per 84 giorni, 7.600 chilometri e 8.000 metri di dislivello. L&#8217;itinerario segue il pi\u00f9 possibile tutti i confini e le coste, seguendo il magnifico percorso stabilito e seguito&hellip;<\/p>\n","category_list":"<a href=\"https:\/\/centcols.org\/backup\/it\/categorie\/gazette-it\/\" rel=\"category tag\">Gazette<\/a>, <a href=\"https:\/\/centcols.org\/backup\/it\/categorie\/lectures-it\/\" rel=\"category tag\">Lectures<\/a>","author_info":{"display_name":"Enrico Alberini","author_link":"https:\/\/centcols.org\/backup\/it\/author\/5065\/"},"comments_num":"0 commenti","featured_image_urls_v2":{"full":["https:\/\/centcols.org\/backup\/wp-content\/uploads\/2023\/12\/Couverture-Hexagone.png",800,498,false],"thumbnail":["https:\/\/centcols.org\/backup\/wp-content\/uploads\/2023\/12\/Couverture-Hexagone-300x300.png",300,300,true],"medium":["https:\/\/centcols.org\/backup\/wp-content\/uploads\/2023\/12\/Couverture-Hexagone-500x311.png",500,311,true],"medium_large":["https:\/\/centcols.org\/backup\/wp-content\/uploads\/2023\/12\/Couverture-Hexagone-768x478.png",768,478,true],"large":["https:\/\/centcols.org\/backup\/wp-content\/uploads\/2023\/12\/Couverture-Hexagone.png",800,498,false],"1536x1536":["https:\/\/centcols.org\/backup\/wp-content\/uploads\/2023\/12\/Couverture-Hexagone.png",800,498,false],"2048x2048":["https:\/\/centcols.org\/backup\/wp-content\/uploads\/2023\/12\/Couverture-Hexagone.png",800,498,false],"woocommerce_thumbnail":["https:\/\/centcols.org\/backup\/wp-content\/uploads\/2023\/12\/Couverture-Hexagone-300x300.png",300,300,true],"woocommerce_single":["https:\/\/centcols.org\/backup\/wp-content\/uploads\/2023\/12\/Couverture-Hexagone-600x374.png",600,374,true],"woocommerce_gallery_thumbnail":["https:\/\/centcols.org\/backup\/wp-content\/uploads\/2023\/12\/Couverture-Hexagone-100x100.png",100,100,true]},"post_excerpt_stackable_v2":"<p>Vorrei presentarvi &#8220;Mon Tour de l&#8217;Hexagone \u00e0 V\u00e9lo -7600 kilom\u00e8tres le long des fronti\u00e8res fran\u00e7aises&#8221;, un libro di 192 pagine di grande formato, illustrato con oltre 320 foto, mappe e tabelle, appena pubblicato da Chamina Edition e i cui estratti sono disponibili al seguente link:https:\/\/www.chamina.com\/velo\/5409-97828 &#8230; -velo.htmlQuesto libro \u00e8 disponibile o pu\u00f2 essere ordinato in qualsiasi libreria. Racconta la storia di un grande tour in ciclocampeggio della Francia continentale nell&#8217;estate del 2021, per 84 giorni, 7.600 chilometri e 8.000 metri di dislivello. L&#8217;itinerario segue il pi\u00f9 possibile tutti i confini e le coste, seguendo il magnifico percorso stabilito e seguito&hellip;<\/p>\n","category_list_v2":"<a href=\"https:\/\/centcols.org\/backup\/it\/categorie\/gazette-it\/\" rel=\"category tag\">Gazette<\/a>, <a href=\"https:\/\/centcols.org\/backup\/it\/categorie\/lectures-it\/\" rel=\"category tag\">Lectures<\/a>","author_info_v2":{"name":"Enrico Alberini","url":"https:\/\/centcols.org\/backup\/it\/author\/5065\/"},"comments_num_v2":"0 commenti","featured_image_src":"https:\/\/centcols.org\/backup\/wp-content\/uploads\/2023\/12\/Couverture-Hexagone.png","_links":{"self":[{"href":"https:\/\/centcols.org\/backup\/it\/wp-json\/wp\/v2\/posts\/79023"}],"collection":[{"href":"https:\/\/centcols.org\/backup\/it\/wp-json\/wp\/v2\/posts"}],"about":[{"href":"https:\/\/centcols.org\/backup\/it\/wp-json\/wp\/v2\/types\/post"}],"author":[{"embeddable":true,"href":"https:\/\/centcols.org\/backup\/it\/wp-json\/wp\/v2\/users\/69"}],"replies":[{"embeddable":true,"href":"https:\/\/centcols.org\/backup\/it\/wp-json\/wp\/v2\/comments?post=79023"}],"version-history":[{"count":0,"href":"https:\/\/centcols.org\/backup\/it\/wp-json\/wp\/v2\/posts\/79023\/revisions"}],"wp:featuredmedia":[{"embeddable":true,"href":"https:\/\/centcols.org\/backup\/it\/wp-json\/wp\/v2\/media\/78961"}],"wp:attachment":[{"href":"https:\/\/centcols.org\/backup\/it\/wp-json\/wp\/v2\/media?parent=79023"}],"wp:term":[{"taxonomy":"category","embeddable":true,"href":"https:\/\/centcols.org\/backup\/it\/wp-json\/wp\/v2\/categories?post=79023"},{"taxonomy":"post_tag","embeddable":true,"href":"https:\/\/centcols.org\/backup\/it\/wp-json\/wp\/v2\/tags?post=79023"}],"curies":[{"name":"wp","href":"https:\/\/api.w.org\/{rel}","templated":true}]}}