{"id":79277,"date":"2024-01-12T16:16:04","date_gmt":"2024-01-12T15:16:04","guid":{"rendered":"https:\/\/centcols.org\/backup\/jean-weil\/"},"modified":"2024-01-12T17:59:51","modified_gmt":"2024-01-12T16:59:51","slug":"jean-weil","status":"publish","type":"post","link":"https:\/\/centcols.org\/backup\/it\/jean-weil\/","title":{"rendered":"Jean Weil"},"content":{"rendered":"\n<figure class=\"wp-block-gallery has-nested-images columns-default is-cropped wp-block-gallery-1 is-layout-flex wp-block-gallery-is-layout-flex\">\n<figure class=\"wp-block-image size-large\"><a href=\"https:\/\/centcols.org\/backup\/wp-content\/uploads\/2024\/01\/7181-Jean-Weil-dans-la-montee-du-St-Gothardt-scaled.jpg\"><img loading=\"lazy\" decoding=\"async\" width=\"1200\" height=\"900\" data-id=\"79267\" src=\"https:\/\/centcols.org\/backup\/wp-content\/uploads\/2024\/01\/7181-Jean-Weil-dans-la-montee-du-St-Gothardt-1200x900.jpg\" alt=\"\" class=\"wp-image-79267\" srcset=\"https:\/\/centcols.org\/backup\/wp-content\/uploads\/2024\/01\/7181-Jean-Weil-dans-la-montee-du-St-Gothardt-1200x900.jpg 1200w, https:\/\/centcols.org\/backup\/wp-content\/uploads\/2024\/01\/7181-Jean-Weil-dans-la-montee-du-St-Gothardt-500x375.jpg 500w, https:\/\/centcols.org\/backup\/wp-content\/uploads\/2024\/01\/7181-Jean-Weil-dans-la-montee-du-St-Gothardt-768x576.jpg 768w, https:\/\/centcols.org\/backup\/wp-content\/uploads\/2024\/01\/7181-Jean-Weil-dans-la-montee-du-St-Gothardt-1536x1152.jpg 1536w, https:\/\/centcols.org\/backup\/wp-content\/uploads\/2024\/01\/7181-Jean-Weil-dans-la-montee-du-St-Gothardt-2048x1536.jpg 2048w, https:\/\/centcols.org\/backup\/wp-content\/uploads\/2024\/01\/7181-Jean-Weil-dans-la-montee-du-St-Gothardt-600x450.jpg 600w\" sizes=\"(max-width: 1200px) 100vw, 1200px\" \/><\/a><\/figure>\n\n\n\n<figure class=\"wp-block-image size-large\"><a href=\"https:\/\/centcols.org\/backup\/wp-content\/uploads\/2024\/01\/7181-Jean-et-Joelle-dans-les-Vosges-1200x900.jpg\"><img loading=\"lazy\" decoding=\"async\" width=\"1200\" height=\"900\" data-id=\"79261\" src=\"https:\/\/centcols.org\/backup\/wp-content\/uploads\/2024\/01\/7181-Jean-et-Joelle-dans-les-Vosges-1200x900.jpg\" alt=\"\" class=\"wp-image-79261\" srcset=\"https:\/\/centcols.org\/backup\/wp-content\/uploads\/2024\/01\/7181-Jean-et-Joelle-dans-les-Vosges-1200x900.jpg 1200w, https:\/\/centcols.org\/backup\/wp-content\/uploads\/2024\/01\/7181-Jean-et-Joelle-dans-les-Vosges-500x375.jpg 500w, https:\/\/centcols.org\/backup\/wp-content\/uploads\/2024\/01\/7181-Jean-et-Joelle-dans-les-Vosges-768x576.jpg 768w, https:\/\/centcols.org\/backup\/wp-content\/uploads\/2024\/01\/7181-Jean-et-Joelle-dans-les-Vosges-600x450.jpg 600w, https:\/\/centcols.org\/backup\/wp-content\/uploads\/2024\/01\/7181-Jean-et-Joelle-dans-les-Vosges.jpg 1500w\" sizes=\"(max-width: 1200px) 100vw, 1200px\" \/><\/a><\/figure>\n<\/figure>\n\n\n\n<p>cc 7187<\/p>\n\n\n\n<p>Jean WEIL (1948-2023)<\/p>\n\n\n\n<p>Cent Cols n\u00b0 7187 dal 2011<\/p>\n\n\n\n<p>Jean era il nostro presidente e soprattutto il nostro amico. Ha fatto dell&#8217;ASUC, il suo club del cuore, una grande famiglia, qualcosa di speciale; ognuno, ciclista, ciclista o accompagnatore, ha potuto contribuire con una pietra preziosa a questo edificio in perenne costruzione: una specie di Sagrada Familia. L&#8217;11 settembre 2023 ha intrapreso il suo ultimo viaggio.<\/p>\n\n\n\n<p>-Forestale di professione e per convinzione, ha difeso la sua &#8220;Foresta&#8221; con forza, entusiasmo e tenacia per tutta la vita.<\/p>\n\n\n\n<ul>\n<li>Immerso fin da bambino nell&#8217;atmosfera eroica dei Tour de France di un tempo, affascinato dalle imprese di Coppi, Anquetil e degli altri Bahamont\u00e8s, si \u00e8 innamorato per sempre della piccola regina.<\/li>\n<\/ul>\n\n\n\n<p>-Cacciatore alpino durante il servizio militare, sviluppa il gusto per la fatica, l&#8217;amicizia e\u2026 la montagna.<\/p>\n\n\n\n<p>Fervente sciatore di fondo (culminato in una indimenticabile Vasalopett) e terzino della squadra di calcio del suo villaggio alsaziano di Uhrwiller, di cui \u00e8 stato vicesindaco per molti anni, ha dimostrato pi\u00f9 volte le sue qualit\u00e0 di competitore, costruttore di squadre e giocatore di squadra.<\/p>\n\n\n\n<pre class=\"wp-block-code\"><code>Naturalmente, accostando queste ricche esperienze, si \u00e8 dedicato al cicloturismo, facendone uno stile di vita, una filosofia, un fulcro di innumerevoli avventure, sempre condivise.<\/code><\/pre>\n\n\n\n<p>Jean Weil era un ciclista eclettico. Lui e sua moglie Jo\u00eblle hanno scalato pi\u00f9 di 1.000 passi di montagna ciascuno! Con l&#8217;AS Uhrwiller Cyclo, hanno percorso tutti gli angoli pi\u00f9 insoliti della Francia e i tetti d&#8217;Europa. Dalle lunghe distanze alle sfide quotidiane, dal Giro delle Fiandre alla Parigi-Roubaix, dall&#8217;Amstel Gold Race alla Liegi-Bastogne-Liegi, dalle Dolomiti alle cinque principali catene montuose francesi, dall&#8217;Austria alla Spagna, senza dimenticare la Svizzera, il Lussemburgo o la Germania, da Thonon a Trieste o Antibes, hanno indossato con orgoglio i colori verdi dell&#8217;ASUC. In sella alle loro mountain bike, accompagnati dai loro amici, hanno percorso tutti i passi mulattieri dei Vosgi, dall&#8217;Outre-For\u00eat ai Ballons.<\/p>\n\n\n\n<p>Jean, non ci mancherai perch\u00e9 sei con noi, sarai sempre la nostra guida.<\/p>\n\n\n\n<p><em>\u00a0\u00a0\u00a0\u00a0\u00a0\u00a0\u00a0\u00a0\u00a0\u00a0\u00a0\u00a0\u00a0\u00a0\u00a0\u00a0\u00a0\u00a0\u00a0\u00a0\u00a0\u00a0\u00a0\u00a0\u00a0\u00a0\u00a0\u00a0\u00a0\u00a0\u00a0\u00a0\u00a0\u00a0\u00a0\u00a0\u00a0\u00a0\u00a0\u00a0\u00a0\u00a0\u00a0\u00a0\u00a0\u00a0\u00a0\u00a0\u00a0\u00a0\u00a0\u00a0\u00a0\u00a0\u00a0\u00a0\u00a0\u00a0\u00a0 Il Segretario dell&#8217;AS UHRWILLER CYCLOS\u00a0\u00a0\u00a0\u00a0\u00a0\u00a0\u00a0\u00a0\u00a0\u00a0\u00a0\u00a0\u00a0\u00a0\u00a0\u00a0\u00a0\u00a0\u00a0\u00a0\u00a0\u00a0\u00a0\u00a0\u00a0\u00a0\u00a0\u00a0\u00a0\u00a0\u00a0\u00a0\u00a0\u00a0\u00a0\u00a0\u00a0\u00a0\u00a0<\/em><\/p>\n\n\n\n<p><em>&nbsp;&nbsp;&nbsp;&nbsp;&nbsp;&nbsp;&nbsp;&nbsp;&nbsp;&nbsp;&nbsp;&nbsp;&nbsp;&nbsp;&nbsp;&nbsp;&nbsp;&nbsp;&nbsp;&nbsp;&nbsp;&nbsp;&nbsp;&nbsp;&nbsp;&nbsp;&nbsp;&nbsp;&nbsp;&nbsp;&nbsp;&nbsp;&nbsp;&nbsp;&nbsp;&nbsp;&nbsp;&nbsp;&nbsp;&nbsp;&nbsp;&nbsp;&nbsp;&nbsp;&nbsp;&nbsp;&nbsp;&nbsp;&nbsp;&nbsp;&nbsp;&nbsp;&nbsp;&nbsp;&nbsp;&nbsp;&nbsp;&nbsp;&nbsp;&nbsp;&nbsp;&nbsp;&nbsp;&nbsp;&nbsp;&nbsp;&nbsp;&nbsp;&nbsp;&nbsp;&nbsp;&nbsp;&nbsp; Jean Paul WINLING<\/em><\/p>\n\n\n\n<p><em>&nbsp;&nbsp;&nbsp;&nbsp;&nbsp;&nbsp;&nbsp;&nbsp;&nbsp;&nbsp;&nbsp;&nbsp;&nbsp;&nbsp;&nbsp;&nbsp;&nbsp;&nbsp;&nbsp;&nbsp;&nbsp;&nbsp;&nbsp;&nbsp;&nbsp;&nbsp;&nbsp;&nbsp;&nbsp;&nbsp;&nbsp;&nbsp;&nbsp;&nbsp;&nbsp;&nbsp;&nbsp;&nbsp;&nbsp;&nbsp;&nbsp;&nbsp;&nbsp;&nbsp;&nbsp;&nbsp;&nbsp;&nbsp;&nbsp;&nbsp;&nbsp;&nbsp;&nbsp;&nbsp;&nbsp;&nbsp;&nbsp;&nbsp;&nbsp;&nbsp;&nbsp;&nbsp;&nbsp;&nbsp;&nbsp;&nbsp;&nbsp;&nbsp;&nbsp;&nbsp;&nbsp;&nbsp;&nbsp;&nbsp;&nbsp;&nbsp;&nbsp;&nbsp;&nbsp;&nbsp;&nbsp;&nbsp;&nbsp; N\u00b04102<\/em><\/p>\n","protected":false},"excerpt":{"rendered":"<p>cc 7187 Jean WEIL (1948-2023) Cent Cols n\u00b0 7187 dal 2011 Jean era il nostro presidente e soprattutto il nostro amico. Ha fatto dell&#8217;ASUC, il suo club del cuore, una grande famiglia, qualcosa di speciale; ognuno, ciclista, ciclista o accompagnatore, ha potuto contribuire con una pietra preziosa a questo edificio in perenne costruzione: una specie [&hellip;]<\/p>\n","protected":false},"author":69,"featured_media":79271,"comment_status":"closed","ping_status":"closed","sticky":false,"template":"","format":"standard","meta":{"_acf_changed":false,"ub_ctt_via":"","_monsterinsights_skip_tracking":false,"_monsterinsights_sitenote_active":false,"_monsterinsights_sitenote_note":"","_monsterinsights_sitenote_category":0,"footnotes":""},"categories":[631],"tags":[],"acf":[],"featured_image_urls":{"full":["https:\/\/centcols.org\/backup\/wp-content\/uploads\/2024\/01\/7181-Jean-Weil-dans-la-montee-du-St-Gothardt-scaled.jpg",2560,1920,false],"thumbnail":["https:\/\/centcols.org\/backup\/wp-content\/uploads\/2024\/01\/7181-Jean-Weil-dans-la-montee-du-St-Gothardt-300x300.jpg",300,300,true],"medium":["https:\/\/centcols.org\/backup\/wp-content\/uploads\/2024\/01\/7181-Jean-Weil-dans-la-montee-du-St-Gothardt-500x375.jpg",500,375,true],"medium_large":["https:\/\/centcols.org\/backup\/wp-content\/uploads\/2024\/01\/7181-Jean-Weil-dans-la-montee-du-St-Gothardt-768x576.jpg",768,576,true],"large":["https:\/\/centcols.org\/backup\/wp-content\/uploads\/2024\/01\/7181-Jean-Weil-dans-la-montee-du-St-Gothardt-1200x900.jpg",1200,900,true],"1536x1536":["https:\/\/centcols.org\/backup\/wp-content\/uploads\/2024\/01\/7181-Jean-Weil-dans-la-montee-du-St-Gothardt-1536x1152.jpg",1536,1152,true],"2048x2048":["https:\/\/centcols.org\/backup\/wp-content\/uploads\/2024\/01\/7181-Jean-Weil-dans-la-montee-du-St-Gothardt-2048x1536.jpg",2048,1536,true],"woocommerce_thumbnail":["https:\/\/centcols.org\/backup\/wp-content\/uploads\/2024\/01\/7181-Jean-Weil-dans-la-montee-du-St-Gothardt-300x300.jpg",300,300,true],"woocommerce_single":["https:\/\/centcols.org\/backup\/wp-content\/uploads\/2024\/01\/7181-Jean-Weil-dans-la-montee-du-St-Gothardt-600x450.jpg",600,450,true],"woocommerce_gallery_thumbnail":["https:\/\/centcols.org\/backup\/wp-content\/uploads\/2024\/01\/7181-Jean-Weil-dans-la-montee-du-St-Gothardt-100x100.jpg",100,100,true]},"post_excerpt_stackable":"<p>cc 7187 Jean WEIL (1948-2023) Cent Cols n\u00b0 7187 dal 2011 Jean era il nostro presidente e soprattutto il nostro amico. Ha fatto dell&#8217;ASUC, il suo club del cuore, una grande famiglia, qualcosa di speciale; ognuno, ciclista, ciclista o accompagnatore, ha potuto contribuire con una pietra preziosa a questo edificio in perenne costruzione: una specie di Sagrada Familia. L&#8217;11 settembre 2023 ha intrapreso il suo ultimo viaggio. -Forestale di professione e per convinzione, ha difeso la sua &#8220;Foresta&#8221; con forza, entusiasmo e tenacia per tutta la vita. Immerso fin da bambino nell&#8217;atmosfera eroica dei Tour de France di un tempo,&hellip;<\/p>\n","category_list":"<a href=\"https:\/\/centcols.org\/backup\/it\/categorie\/carnet-noir-it\/\" rel=\"category tag\">Ci hanno lasciato<\/a>","author_info":{"display_name":"Enrico Alberini","author_link":"https:\/\/centcols.org\/backup\/it\/author\/5065\/"},"comments_num":"0 commenti","featured_image_urls_v2":{"full":["https:\/\/centcols.org\/backup\/wp-content\/uploads\/2024\/01\/7181-Jean-Weil-dans-la-montee-du-St-Gothardt-scaled.jpg",2560,1920,false],"thumbnail":["https:\/\/centcols.org\/backup\/wp-content\/uploads\/2024\/01\/7181-Jean-Weil-dans-la-montee-du-St-Gothardt-300x300.jpg",300,300,true],"medium":["https:\/\/centcols.org\/backup\/wp-content\/uploads\/2024\/01\/7181-Jean-Weil-dans-la-montee-du-St-Gothardt-500x375.jpg",500,375,true],"medium_large":["https:\/\/centcols.org\/backup\/wp-content\/uploads\/2024\/01\/7181-Jean-Weil-dans-la-montee-du-St-Gothardt-768x576.jpg",768,576,true],"large":["https:\/\/centcols.org\/backup\/wp-content\/uploads\/2024\/01\/7181-Jean-Weil-dans-la-montee-du-St-Gothardt-1200x900.jpg",1200,900,true],"1536x1536":["https:\/\/centcols.org\/backup\/wp-content\/uploads\/2024\/01\/7181-Jean-Weil-dans-la-montee-du-St-Gothardt-1536x1152.jpg",1536,1152,true],"2048x2048":["https:\/\/centcols.org\/backup\/wp-content\/uploads\/2024\/01\/7181-Jean-Weil-dans-la-montee-du-St-Gothardt-2048x1536.jpg",2048,1536,true],"woocommerce_thumbnail":["https:\/\/centcols.org\/backup\/wp-content\/uploads\/2024\/01\/7181-Jean-Weil-dans-la-montee-du-St-Gothardt-300x300.jpg",300,300,true],"woocommerce_single":["https:\/\/centcols.org\/backup\/wp-content\/uploads\/2024\/01\/7181-Jean-Weil-dans-la-montee-du-St-Gothardt-600x450.jpg",600,450,true],"woocommerce_gallery_thumbnail":["https:\/\/centcols.org\/backup\/wp-content\/uploads\/2024\/01\/7181-Jean-Weil-dans-la-montee-du-St-Gothardt-100x100.jpg",100,100,true]},"post_excerpt_stackable_v2":"<p>cc 7187 Jean WEIL (1948-2023) Cent Cols n\u00b0 7187 dal 2011 Jean era il nostro presidente e soprattutto il nostro amico. Ha fatto dell&#8217;ASUC, il suo club del cuore, una grande famiglia, qualcosa di speciale; ognuno, ciclista, ciclista o accompagnatore, ha potuto contribuire con una pietra preziosa a questo edificio in perenne costruzione: una specie di Sagrada Familia. L&#8217;11 settembre 2023 ha intrapreso il suo ultimo viaggio. -Forestale di professione e per convinzione, ha difeso la sua &#8220;Foresta&#8221; con forza, entusiasmo e tenacia per tutta la vita. Immerso fin da bambino nell&#8217;atmosfera eroica dei Tour de France di un tempo,&hellip;<\/p>\n","category_list_v2":"<a href=\"https:\/\/centcols.org\/backup\/it\/categorie\/carnet-noir-it\/\" rel=\"category tag\">Ci hanno lasciato<\/a>","author_info_v2":{"name":"Enrico Alberini","url":"https:\/\/centcols.org\/backup\/it\/author\/5065\/"},"comments_num_v2":"0 commenti","featured_image_src":"https:\/\/centcols.org\/backup\/wp-content\/uploads\/2024\/01\/7181-Jean-Weil-dans-la-montee-du-St-Gothardt-scaled.jpg","_links":{"self":[{"href":"https:\/\/centcols.org\/backup\/it\/wp-json\/wp\/v2\/posts\/79277"}],"collection":[{"href":"https:\/\/centcols.org\/backup\/it\/wp-json\/wp\/v2\/posts"}],"about":[{"href":"https:\/\/centcols.org\/backup\/it\/wp-json\/wp\/v2\/types\/post"}],"author":[{"embeddable":true,"href":"https:\/\/centcols.org\/backup\/it\/wp-json\/wp\/v2\/users\/69"}],"replies":[{"embeddable":true,"href":"https:\/\/centcols.org\/backup\/it\/wp-json\/wp\/v2\/comments?post=79277"}],"version-history":[{"count":0,"href":"https:\/\/centcols.org\/backup\/it\/wp-json\/wp\/v2\/posts\/79277\/revisions"}],"wp:featuredmedia":[{"embeddable":true,"href":"https:\/\/centcols.org\/backup\/it\/wp-json\/wp\/v2\/media\/79271"}],"wp:attachment":[{"href":"https:\/\/centcols.org\/backup\/it\/wp-json\/wp\/v2\/media?parent=79277"}],"wp:term":[{"taxonomy":"category","embeddable":true,"href":"https:\/\/centcols.org\/backup\/it\/wp-json\/wp\/v2\/categories?post=79277"},{"taxonomy":"post_tag","embeddable":true,"href":"https:\/\/centcols.org\/backup\/it\/wp-json\/wp\/v2\/tags?post=79277"}],"curies":[{"name":"wp","href":"https:\/\/api.w.org\/{rel}","templated":true}]}}