{"id":79353,"date":"2024-01-26T17:51:41","date_gmt":"2024-01-26T16:51:41","guid":{"rendered":"https:\/\/centcols.org\/backup\/?p=79353"},"modified":"2024-04-20T17:48:12","modified_gmt":"2024-04-20T15:48:12","slug":"rassemblements-regionaux-2024","status":"publish","type":"post","link":"https:\/\/centcols.org\/backup\/it\/rassemblements-regionaux-2024\/","title":{"rendered":"Incontri regionali 2024"},"content":{"rendered":"\n<p>I raduni regionali sono un&#8217;occasione di incontro per i membri del Club des Cent Cols, ma non solo. Potete invitare amici ciclisti che non ci conoscono ancora e che potrebbero essere interessati a unirsi a noi. Anche i ciclisti di passaggio potrebbero essere interessati al nostro &#8220;stand&#8221; per la giornata, e noi dovremo dare loro un caloroso benvenuto: questo \u00e8 il segno distintivo della nostra Confr\u00e9rie. Ecco il programma provvisorio per il 2024; ulteriori dettagli saranno pubblicati sul nostro sito web.<\/p>\n\n\n\n<p><\/p>\n\n\n\n<p><\/p>\n\n\n\n<h2 class=\"wp-block-heading\">Sabato 25 maggio, Alpes du Nord &#8211; Jura<\/h2>\n\n\n\n<p><br>Col de la Rochette (FR-01-1112)<br><\/p>\n\n\n\n<p>Ritrovo a Hauteville Lompnes alle ore 9.00.<br>Strada: possibilit\u00e0 di raggiungere il Col de la Rochette sul versante orientale attraverso il Col de la L\u00e8be (itinerario segnalato dal dipartimento).<br>Mountain bike: alcuni bei passi da attraversare, i cui dettagli saranno pubblicati sul sito web del club.<br>Contatto: Alain Guillaud-Bachet<br>Tel : +33 6 72 90 21 73 Mail : <a href=\"&#109;&#97;&#105;l&#116;&#111;&#58;a&#109;&#103;&#117;il&#108;au&#100;ba&#99;he&#116;&#64;&#119;a&#110;&#97;&#100;&#111;&#111;.&#102;r\">&#97;m&#103;&#117;&#105;&#108;&#108;a&#117;db&#97;ch&#101;&#116;&#64;&#119;&#97;&#110;&#97;&#100;o&#111;&#46;f&#114;<\/a><\/p>\n\n\n\n<p><\/p>\n\n\n\n<h2 class=\"wp-block-heading\">Sabato primo giugno, Svizzera MTB<\/h2>\n\n\n\n<p><\/p>\n\n\n\n<p>Partenza dal villaggio di Puidoux (Canton Vaud)<br>Punto d&#8217;incontro: parcheggio del villaggio alle 9.30 per il caff\u00e8, partenza alle 10.00.<br>24 km, 800 m di dislivello, 6 passi: La Porte de Bret (CH-VD-0675), Col de Gourze (CH-VD-0799),<br>Le Basset (CH-VD-0683), Le Pas (CH-VD-0963), les Craux(CH-VD-0958), La Golette(CH-VD-0952).<br>Contatto: Alain Besson, Ch. des Coumenets 11. 1000 Losanna 26<br>Tel: +41 21 544 85 20 Mobile: +41 79 605 36 30 Mail: <a href=\"m&#97;&#105;&#108;t&#111;:&#97;&#49;b&#101;s&#115;o&#110;&#64;g&#109;a&#105;l.com\">a&#49;&#98;&#101;&#115;s&#111;n&#64;&#103;mai&#108;.com<\/a><\/p>\n\n\n\n<p><\/p>\n\n\n\n<p><\/p>\n\n\n\n<h2 class=\"wp-block-heading\">Sabato 8 giugno, Grand Est<\/h2>\n\n\n\n<p>Col de la Grimaude (FR-68-1122a) JC Braumann<br>Ritrovo alle 8.30 nel parcheggio accanto alla chiesa di Plainfaing (88) per un caff\u00e8. Partenza alle 9.00.<br>Strada: circuito da 2 a 8 passaggi. Mountain bike: circuito con 4 passaggi.<br>Tracce da seguire in seguito sul sito.<br>Contatti:<br>Jean-Chrisrtophe Braumann Tel: +33 6 48 80 28 48 Mail: jean-christophe.braumann@orange.fr<br>Denis Mathieu Tel: +33 6 85 20 02 55 Mail: <a href=\"&#109;a&#105;l&#116;o&#58;&#100;&#101;n&#105;.&#109;ath&#105;e&#117;&#64;or&#97;nge.&#102;r\">de&#110;i&#46;&#109;at&#104;i&#101;&#117;&#64;&#111;ra&#110;&#103;&#101;&#46;&#102;r<\/a><\/p>\n\n\n\n<p><\/p>\n\n\n\n<p><\/p>\n\n\n\n<h2 class=\"wp-block-heading\">Sabato 15 giugno, Grand Ouest<\/h2>\n\n\n\n<p><br><\/p>\n\n\n\n<p>Ritrovo alle 9.00 presso l&#8217;area picnic all&#8217;ingresso sud di Saint-L\u00e9onard-des-Bois (sito BPF), prima del fiume sulla sinistra, sulla D258.<br>Partenza alle 9.30 per un breve percorso di 36 km con 584 m di dislivello: Openrunner RCC2024<br>Passaggio sul Col des Ruaudi\u00e8res (FR-53-0239) e sul Col de St Sulpice (FR-53-0246).<br>Picnic successivo per chi pu\u00f2, presso l&#8217;area di partenza.<br>Contatto: Bernard Migot<br>Tel: 06 08 74 95 99 Mail: <a href=\"m&#97;&#105;l&#116;&#111;&#58;b&#101;r&#110;ard&#109;i&#103;o&#116;&#64;l&#105;v&#101;&#46;&#102;&#114;\">&#98;er&#110;a&#114;dmigot&#64;&#108;&#105;v&#101;.fr<\/a><\/p>\n\n\n\n<p>Tradotto con www.DeepL.com\/Translator (versione gratuita)<\/p>\n\n\n\n<p><\/p>\n\n\n\n<h2 class=\"wp-block-heading\">Samedi 22 juin, Dauphin\u00e9<\/h2>\n\n\n\n<p><br>Collet d\u2019H\u00e9rans(FR-38-0934)<br>Route : D\u00e9part \u00e0 partir de 8 h 30, gare de Clelles. Jusqu\u2019\u00e0 11 cols pour 85 km et 1700 m de d\u00e9nivel\u00e9 (en roulant apr\u00e8s le rassemblement).<br>VTT : D\u00e9part \u00e0 partir de 8 h 30 du col du Fau. Jusqu\u2019\u00e0 15 cols pour 52 km et 1750 m de d\u00e9nivel\u00e9 (en roulant apr\u00e8s le rassemblement).<br>Contact : Pierre Chatel<br>T\u00e9l : +33 6 82 63 46 28 Mail : <a href=\"mail&#116;&#111;:p&#105;&#101;rr&#101;&#64;cy&#99;&#108;&#111;&#100;o&#99;&#117;s&#46;f&#114;\">&#112;&#105;erre&#64;&#99;&#121;c&#108;&#111;&#100;ocu&#115;&#46;&#102;r<\/a><\/p>\n\n\n\n<p><\/p>\n\n\n\n<h2 class=\"wp-block-heading\">Sabato 13 luglio, Svizzera MTB <\/h2>\n\n\n\n<p><br><\/p>\n\n\n\n<p>Partenza da Riaz (Cantone di Friburgo)<br>Ritrovo al parco del campo di calcio alle 9.30 per il caff\u00e8, partenza alle 10.00.<br>36 km, 1100 m di dislivello, 4 passi: Le Basset (CH-FR-1155), Le Pas (CH-FR-1088), Le Crau (CH-FR-1097), Les Fourches (CH-FR-1021).<br>Contatto: Christian Binggeli, Chemin du Jura 1. 1135 Denens.<br>Tel: +41 21 801 01 75 Mobile: +41 78 723 11 33 Mail: <a href=\"&#109;&#97;ilto:c&&#97;m&#112;;&#116;b&#105;ngg&#101;&#108;&#105;&#64;bl&#117;e&#119;in&#46;c&#104;\">c&&#97;&#109;&#112;&#59;t&#98;&#105;&#110;g&#103;&#101;&#108;i&#64;bl&#117;ew&#105;&#110;&#46;&#99;h<\/a><\/p>\n\n\n\n<p><\/p>\n\n\n\n<p><\/p>\n\n\n\n<h2 class=\"wp-block-heading\">Sabato 10 agosyo, Svizzera Strada<\/h2>\n\n\n\n<p><br><\/p>\n\n\n\n<p>Partenza da Neuenegg (Canton Berna)<br>Punto d&#8217;incontro: parcheggio della Laupenstrasse alle 9.30 per il caff\u00e8, partenza alle 10.00.<br>44 km, 1000 di dislivello, 8 passi: H\u00fcbeli(CH-BE-0776), Bodenacher(CH-BE-0734), Gschneit(CH-BE-0941), Ratzenberg(CH-BE-0876), Oberfl\u00fch(CH-BE-0927), Hubel (CH-BE-0890), \u00c4bni(CH-BE-0879), Wintergrab(CH-BE-0715).<br>Contatto: Michel Boni, Impasse du Castel 7, 1700 Friburgo.<br>Tel: +41 79 302 95 82 Mail: <a href=\"&#109;&#97;&#105;l&#116;o&#58;mi&#99;&#104;el&#46;&#98;&#111;&#110;&#105;&#64;&#98;&#108;&#117;e&#119;&#105;n.c&#104;\">m&#105;ch&#101;l.&#98;&#111;&#110;i&#64;&#98;&#108;uew&#105;&#110;.ch<\/a><\/p>\n\n\n\n<p><\/p>\n\n\n\n<p><\/p>\n\n\n\n<h2 class=\"wp-block-heading\">Sabato 31 agosto, Alpes du Sud<\/h2>\n\n\n\n<p><br><\/p>\n\n\n\n<p>Col de Parquetout (FR-38-1398)<br>Percorsi liberi, ritrovo dalle 11.30 presso l&#8217;area picnic appena fuori Saint-Michel-en-Beaumont sulla strada per il Col de Parquetout.<br>Contatti:<br>Jean-Paul Zuanon, Tel: +33 4 76 30 49 21<br>Bernard Henry, Tel :+33 6 08 74 29 59 Mail : <a href=\"&#109;a&#105;l&#116;&#111;&#58;b&#101;r&#110;&#97;rd.he&#110;ry&#48;&#53;&#64;&#111;r&#97;&#110;&#103;&#101;&#46;f&#114;\">&#98;e&#114;n&#97;r&#100;&#46;h&#101;&#110;&#114;y05&#64;o&#114;a&#110;g&#101;&#46;f&#114;<\/a><\/p>\n\n\n\n<p><\/p>\n\n\n\n<h2 class=\"wp-block-heading\">Venerdi 30, sabato 31 agosto, domenica1 e lunedi 2 settembre  Occitanie, Nouvelle Aquitaine, Rencontre occitane Bernardini<\/h2>\n\n\n\n<p><\/p>\n\n\n\n<p>Nel 2024 avremo il piacere di incontrarci nuovamente a Bagn\u00e8res de Luchon, nel cuore dei Pirenei.<br>Venerd\u00ec 30 agosto,<br>Questo percorso impegnativo vi porter\u00e0 a superare 16 passi, tra cui due &#8220;2000&#8221; :Openrunner17914472<br>Sabato 31 agosto<br>9 passi, di cui 4 &#8220;2000&#8221;, in programma: Openrunner17914986<br>Partendo dal Benque Dessous e dal Dessus, il percorso si riduce a 34 km, con 1500 m di dislivello e \u2026 lo stesso numero di passi.<br>Domenica 1\u00b0 settembre, la Rencontre Occitane Bernardini:<br>Aperta a tutti, con 1 passo: Openrunner 17914256<br>Oppure un po&#8217; pi\u00f9 completo, a seconda della vostra scelta: Openrunner 17914303 (7 passi).<br>Luned\u00ec 02 settembre<br>Partendo da Cazeaux de Larboust, 2 passi di cui 1 &#8220;2000&#8221;: Openrunner 17915073<br>Saranno disponibili 33 passi diversi, tra cui 7 passi &#8220;2000&#8221;.<br>Naturalmente questi percorsi sono solo dei suggerimenti. L&#8217;area intorno a Luchon offre anche alcuni grandi circuiti su strada.<br>Bagn\u00e8res de Luchon offre un&#8217;ampia scelta di alloggi.<br>Il Vacanc\u00e9ole &#8220;R\u00e9sidence Illixon&#8221; mi sembra offrire un ottimo rapporto qualit\u00e0-prezzo.<br>Contatto: Fred Singla<br>Tel: 06 33 68 33 44 Mail: <a href=\"&#109;ai&#108;&#116;o:5&#49;73&#99;cc&#64;&#103;ma&#105;l&#46;&#99;&#111;m\">&#53;&#49;7&#51;&#99;&#99;c&#64;gmail&#46;co&#109;<\/a><\/p>\n\n\n\n<h2 class=\"wp-block-heading\">Samedi 7 septembre, Dr\u00f4me, Ard\u00e8che, Vaucluse<\/h2>\n\n\n\n<p>Col de la Croix de Cruas (FR-07-0388)<br>Il Col de la Croix de Cruas si trova nell&#8217;Ard\u00e8che, sulla cresta delle colline che dominano il Rodano, tra Le Pouzin e Le Teil.<br>Accoglienza dalle 11.00 alle 15.30.<br>Gli organizzatori vi offriranno un momento di convivialit\u00e0 e di scambio con un rinfresco a base di prodotti regionali.<br>Poich\u00e9 i parcheggi al passo sono limitati, i circuiti inizieranno nel villaggio di Saint Vincent de Barr\u00e8s. Parcheggio disponibile vicino al cimitero.<br>Programma :<br>Strada: 60 km, dislivello 1150 m, 5 passi, possibilit\u00e0 di aggiungere 2 mulattiere come opzione Openrunner 17972233<br>MTB o sterrato: 44 km, dislivello 1150 m, 7 passi Openrunner numero17968679<br>Vi preghiamo di comunicarci se verrete qualche giorno prima della data in modo da poter dimensionare correttamente la logistica.<br>Contatti :<br>Alain BENOIST Tel: 06 76 96 23 94 Mail: <a href=\"mai&#108;t&#111;&#58;a&#108;a&#105;n.&#98;eno&#105;&#115;t.&#100;t04s&#119;&#64;&#103;&#109;ail&#46;com \">&#97;&#108;a&#105;n&#46;&#98;&#101;&#110;&#111;ist&#46;&#100;&#116;04sw&#64;g&#109;a&#105;l.com <\/a><br>Alain THIBON Tel: 06 37 31 54 76 Mail: <a href=\"mai&#108;to&#58;&#116;hibona&#64;w&#97;&#110;ado&#111;&#46;fr\">thibo&#110;a&#64;&#119;&#97;&#110;a&#100;o&#111;.fr<\/a><\/p>\n\n\n\n<p><\/p>\n\n\n\n<h2 class=\"wp-block-heading\">Sabato 14 septembre, Belgio<\/h2>\n\n\n\n<p><br>Appuntamento a Grammont (9500)<br>Contatto : Henk Leroy<br>Tel : +32 475 62 74 04 Mail : <a href=\"mail&#116;o:&#104;en&#107;.l&#101;r&#111;&#121;&#64;t&#101;&#108;&#101;&#110;&#101;t&#46;&#98;e\">&#104;&#101;&#110;k.&#108;e&#114;&#111;&#121;&#64;&#116;&#101;len&#101;&#116;.&#98;e<\/a><\/p>\n\n\n\n<p><\/p>\n\n\n\n<h2 class=\"wp-block-heading\">Domenica 22 settembre, Ain-Loire-Rh\u00f4ne<\/h2>\n\n\n\n<p><br>Col du Pavillon (FR-69-0755)<br>Strada e MTB<br>Contatto : Pierre Brivet<br>Tel : +336 89 84 07 97 Mail : <a href=\"&#109;ai&#108;t&#111;:pie&#114;r&#101;.&#98;&#114;iv&#101;t&#64;&#111;r&#97;&#110;&#103;&#101;&#46;&#102;&#114;\">pi&#101;&#114;&#114;&#101;&#46;br&#105;v&#101;&#116;&#64;or&#97;&#110;ge&#46;fr<\/a><\/p>\n\n\n\n<h2 class=\"wp-block-heading\">Sabato 5 e domenica 6 ottobre, Italia<\/h2>\n\n\n\n<p><br>Raduno \u2013 Bassano del Grappa (Veneto)<\/p>\n\n\n\n<p>Le Nove hotel &amp;Restaurant<br>Via Rizzi 51<br>36055 Nove (VI), Italy<br>t. +39 0424 590947<\/p>\n\n\n\n<p>L\u2019hotel Le Nove, base del Raduno, si trova nella Valle del Brenta, a 8 km da Bassano del Grappa, citt\u00e0veneta ricchissima di storia, cultura e monumenti.<\/p>\n\n\n\n<p><a href=\"https:\/\/www.veneto.eu\/IT\/Bassano_del_Grappa\/\">Bassano del Grappa Cosa Vedere Ponte sul Brenta Vicenza (veneto.eu)<\/a><\/p>\n\n\n\n<p><a href=\"https:\/\/www.rivieradelbrenta.biz\/ville_venete\/\">Ville Venete (rivieradelbrenta.biz)<\/a><\/p>\n\n\n\n<p>La posizione risulta strategica per raggiungere il Monte Grappa e l\u2019Altopiano di Asiago, non lontano dai mitici passi delle Dolomiti.<\/p>\n\n\n\n<p>Sono proposti diversi circuiti stradali e un circuito gravel, per alcuni di essi si rende opportuno un breve spostamento in auto.<\/p>\n\n\n\n<p><a href=\"mailto:info@lenovehotel.it\" target=\"_blank\" rel=\"noreferrer noopener\">info@lenovehotel.it<\/a>&nbsp;<\/p>\n\n\n\n<p><a href=\"http:\/\/www.lenovehotel.it\">www.lenovehotel.it<\/a>&nbsp;<\/p>\n\n\n\n<p>prenotazione a cura dei singoli partecipanti al Raduno, alle seguenti condizioni concordate:<\/p>\n\n\n\n<ul>\n<li>Camera Doppia (Matrimoniale\/Twin) \u20ac98<\/li>\n\n\n\n<li>Camera Doppia uso singolo \u20ac85<\/li>\n\n\n\n<li>Camera Singola Essential (letto singolo) \u20ac70<\/li>\n\n\n\n<li>\u20ac30 per l\u2019aggiunta del letto singolo alla camera doppia (\u20ac 128 camera tripla)<\/li>\n<\/ul>\n\n\n\n<p>Le tariffe indicate si intendono a notte, a camera e sono comprensive di colazione, parcheggio interno\/esterno e connessione internet.<\/p>\n\n\n\n<p>A Vostra disposizione gratuitamente un bike storage.<\/p>\n\n\n\n<p>Cena sociale del 5 ottobre \u20ac 35.00<\/p>\n\n\n\n<p><br>Contatto : Luigi Spina<br>Tel : +393494163174 Mail : <a href=\"m&#97;il&#116;o:lui&#103;&#105;&#46;sp&#105;n&#97;&#64;g&#109;x.de\">&#108;&#117;&#105;&#103;i&#46;&#115;pina&#64;g&#109;&#120;&#46;&#100;e<\/a><\/p>\n\n\n\n<p><a href=\"https:\/\/centcols.org\/backup\/wp-content\/uploads\/2024\/04\/Raduno-CCC-2024-percorsi-rev-00-1.xlsx\">Percorsi proposti<\/a><\/p>\n\n\n\n<h2 class=\"wp-block-heading\">Domenica 6 ottobre, Pirenei, Cent Cols \/ Cols Durs<\/h2>\n\n\n\n<p><br>Col de Latrape (FR-09-1111)<br>Appiuntamento dalle 9 h 00 alle 13 h 00.<br>Contatto : Alain Gillodes<br>T\u00e9l : +33 6 78 67 83 62 Mail : <a href=\"&#109;&#97;&#105;&#108;&#116;o:a&#108;ain&#46;gi&#108;&#108;&#111;&#100;&#101;&#115;&#64;&#111;&#114;&#97;&#110;&#103;e&#46;f&#114;\">&#97;&#108;ai&#110;.&#103;&#105;&#108;lo&#100;es&#64;&#111;&#114;&#97;n&#103;e.fr<\/a><\/p>\n","protected":false},"excerpt":{"rendered":"<p>I raduni regionali sono un&#8217;occasione di incontro per i membri del Club des Cent Cols, ma non solo. Potete invitare amici ciclisti che non ci conoscono ancora e che potrebbero essere interessati a unirsi a noi. Anche i ciclisti di passaggio potrebbero essere interessati al nostro &#8220;stand&#8221; per la giornata, e noi dovremo dare loro [&hellip;]<\/p>\n","protected":false},"author":69,"featured_media":78865,"comment_status":"closed","ping_status":"closed","sticky":false,"template":"","format":"standard","meta":{"_acf_changed":false,"ub_ctt_via":"","_monsterinsights_skip_tracking":false,"_monsterinsights_sitenote_active":false,"_monsterinsights_sitenote_note":"","_monsterinsights_sitenote_category":0,"footnotes":""},"categories":[624,270],"tags":[],"acf":[],"featured_image_urls":{"full":["https:\/\/centcols.org\/backup\/wp-content\/uploads\/2023\/12\/accueil-pedalate-con-noi.jpg",600,800,false],"thumbnail":["https:\/\/centcols.org\/backup\/wp-content\/uploads\/2023\/12\/accueil-pedalate-con-noi-300x300.jpg",300,300,true],"medium":["https:\/\/centcols.org\/backup\/wp-content\/uploads\/2023\/12\/accueil-pedalate-con-noi-375x500.jpg",375,500,true],"medium_large":["https:\/\/centcols.org\/backup\/wp-content\/uploads\/2023\/12\/accueil-pedalate-con-noi.jpg",600,800,false],"large":["https:\/\/centcols.org\/backup\/wp-content\/uploads\/2023\/12\/accueil-pedalate-con-noi.jpg",600,800,false],"1536x1536":["https:\/\/centcols.org\/backup\/wp-content\/uploads\/2023\/12\/accueil-pedalate-con-noi.jpg",600,800,false],"2048x2048":["https:\/\/centcols.org\/backup\/wp-content\/uploads\/2023\/12\/accueil-pedalate-con-noi.jpg",600,800,false],"woocommerce_thumbnail":["https:\/\/centcols.org\/backup\/wp-content\/uploads\/2023\/12\/accueil-pedalate-con-noi-300x300.jpg",300,300,true],"woocommerce_single":["https:\/\/centcols.org\/backup\/wp-content\/uploads\/2023\/12\/accueil-pedalate-con-noi.jpg",600,800,false],"woocommerce_gallery_thumbnail":["https:\/\/centcols.org\/backup\/wp-content\/uploads\/2023\/12\/accueil-pedalate-con-noi-100x100.jpg",100,100,true]},"post_excerpt_stackable":"<p>I raduni regionali sono un&#8217;occasione di incontro per i membri del Club des Cent Cols, ma non solo. Potete invitare amici ciclisti che non ci conoscono ancora e che potrebbero essere interessati a unirsi a noi. Anche i ciclisti di passaggio potrebbero essere interessati al nostro &#8220;stand&#8221; per la giornata, e noi dovremo dare loro un caloroso benvenuto: questo \u00e8 il segno distintivo della nostra Confr\u00e9rie. Ecco il programma provvisorio per il 2024; ulteriori dettagli saranno pubblicati sul nostro sito web. Sabato 25 maggio, Alpes du Nord &#8211; Jura Col de la Rochette (FR-01-1112) Ritrovo a Hauteville Lompnes alle ore&hellip;<\/p>\n","category_list":"<a href=\"https:\/\/centcols.org\/backup\/it\/categorie\/rassemblements-it\/incontri-2024\/\" rel=\"category tag\">Gli incontri del 2024<\/a>, <a href=\"https:\/\/centcols.org\/backup\/it\/categorie\/rassemblements-it\/\" rel=\"category tag\">Incontri Regionali<\/a>","author_info":{"display_name":"Enrico Alberini","author_link":"https:\/\/centcols.org\/backup\/it\/author\/5065\/"},"comments_num":"0 commenti","featured_image_urls_v2":{"full":["https:\/\/centcols.org\/backup\/wp-content\/uploads\/2023\/12\/accueil-pedalate-con-noi.jpg",600,800,false],"thumbnail":["https:\/\/centcols.org\/backup\/wp-content\/uploads\/2023\/12\/accueil-pedalate-con-noi-300x300.jpg",300,300,true],"medium":["https:\/\/centcols.org\/backup\/wp-content\/uploads\/2023\/12\/accueil-pedalate-con-noi-375x500.jpg",375,500,true],"medium_large":["https:\/\/centcols.org\/backup\/wp-content\/uploads\/2023\/12\/accueil-pedalate-con-noi.jpg",600,800,false],"large":["https:\/\/centcols.org\/backup\/wp-content\/uploads\/2023\/12\/accueil-pedalate-con-noi.jpg",600,800,false],"1536x1536":["https:\/\/centcols.org\/backup\/wp-content\/uploads\/2023\/12\/accueil-pedalate-con-noi.jpg",600,800,false],"2048x2048":["https:\/\/centcols.org\/backup\/wp-content\/uploads\/2023\/12\/accueil-pedalate-con-noi.jpg",600,800,false],"woocommerce_thumbnail":["https:\/\/centcols.org\/backup\/wp-content\/uploads\/2023\/12\/accueil-pedalate-con-noi-300x300.jpg",300,300,true],"woocommerce_single":["https:\/\/centcols.org\/backup\/wp-content\/uploads\/2023\/12\/accueil-pedalate-con-noi.jpg",600,800,false],"woocommerce_gallery_thumbnail":["https:\/\/centcols.org\/backup\/wp-content\/uploads\/2023\/12\/accueil-pedalate-con-noi-100x100.jpg",100,100,true]},"post_excerpt_stackable_v2":"<p>I raduni regionali sono un&#8217;occasione di incontro per i membri del Club des Cent Cols, ma non solo. Potete invitare amici ciclisti che non ci conoscono ancora e che potrebbero essere interessati a unirsi a noi. Anche i ciclisti di passaggio potrebbero essere interessati al nostro &#8220;stand&#8221; per la giornata, e noi dovremo dare loro un caloroso benvenuto: questo \u00e8 il segno distintivo della nostra Confr\u00e9rie. Ecco il programma provvisorio per il 2024; ulteriori dettagli saranno pubblicati sul nostro sito web. Sabato 25 maggio, Alpes du Nord &#8211; Jura Col de la Rochette (FR-01-1112) Ritrovo a Hauteville Lompnes alle ore&hellip;<\/p>\n","category_list_v2":"<a href=\"https:\/\/centcols.org\/backup\/it\/categorie\/rassemblements-it\/incontri-2024\/\" rel=\"category tag\">Gli incontri del 2024<\/a>, <a href=\"https:\/\/centcols.org\/backup\/it\/categorie\/rassemblements-it\/\" rel=\"category tag\">Incontri Regionali<\/a>","author_info_v2":{"name":"Enrico Alberini","url":"https:\/\/centcols.org\/backup\/it\/author\/5065\/"},"comments_num_v2":"0 commenti","featured_image_src":"https:\/\/centcols.org\/backup\/wp-content\/uploads\/2023\/12\/accueil-pedalate-con-noi.jpg","_links":{"self":[{"href":"https:\/\/centcols.org\/backup\/it\/wp-json\/wp\/v2\/posts\/79353"}],"collection":[{"href":"https:\/\/centcols.org\/backup\/it\/wp-json\/wp\/v2\/posts"}],"about":[{"href":"https:\/\/centcols.org\/backup\/it\/wp-json\/wp\/v2\/types\/post"}],"author":[{"embeddable":true,"href":"https:\/\/centcols.org\/backup\/it\/wp-json\/wp\/v2\/users\/69"}],"replies":[{"embeddable":true,"href":"https:\/\/centcols.org\/backup\/it\/wp-json\/wp\/v2\/comments?post=79353"}],"version-history":[{"count":0,"href":"https:\/\/centcols.org\/backup\/it\/wp-json\/wp\/v2\/posts\/79353\/revisions"}],"wp:featuredmedia":[{"embeddable":true,"href":"https:\/\/centcols.org\/backup\/it\/wp-json\/wp\/v2\/media\/78865"}],"wp:attachment":[{"href":"https:\/\/centcols.org\/backup\/it\/wp-json\/wp\/v2\/media?parent=79353"}],"wp:term":[{"taxonomy":"category","embeddable":true,"href":"https:\/\/centcols.org\/backup\/it\/wp-json\/wp\/v2\/categories?post=79353"},{"taxonomy":"post_tag","embeddable":true,"href":"https:\/\/centcols.org\/backup\/it\/wp-json\/wp\/v2\/tags?post=79353"}],"curies":[{"name":"wp","href":"https:\/\/api.w.org\/{rel}","templated":true}]}}