{"id":79647,"date":"2024-01-22T18:08:40","date_gmt":"2024-01-22T17:08:40","guid":{"rendered":"https:\/\/centcols.org\/backup\/sejour-dete-2024-a-vogue\/"},"modified":"2024-04-13T17:06:23","modified_gmt":"2024-04-13T15:06:23","slug":"sejour-dete-2024-a-vogue","status":"publish","type":"post","link":"https:\/\/centcols.org\/backup\/it\/sejour-dete-2024-a-vogue\/","title":{"rendered":"Soggiorno estivo a Vog\u00fce, dal 29 giugno al 06 luglio 2024"},"content":{"rendered":"\n<p><em>Enrico Alberini, Jean Luc Matte, Christophe Badonnel e i responsabili informatici hanno contribuito a questa pagina di presentazione del viaggio.<\/em><\/p>\n\n\n\n<p><strong><span style=\"color: #cf2e2e;\" class=\"stk-highlight\">RESTANO DISPONIBILI SOLO 3 POSTI IN PENSIONE COMPLETA<\/span><\/strong><\/p>\n\n\n\n<p>Il soggiorno estivo 2024 si svolger\u00e0 dal 29 giugno al 6 luglio 2024 nel dipartimento dell&#8217;Ard\u00e8che. \u00c8 stato preparato da un piccolo team: Corinne Dameron, Roland Dameron e Bernard Pommel.<\/p>\n\n\n\n<p>Alloggeremo nel villaggio turistico &#8220;Domaine Lou Capitelle&#8221;.<\/p>\n\n\n\n<nav class=\"wp-block-stackable-table-of-contents stk-block-table-of-contents stk-block stk-b79db77\" data-block-id=\"b79db77\"><style>.stk-b79db77 .stk-table-of-contents__table{column-count:2 !important}<\/style><p class=\"stk-table-of-contents__title\">Sommario<\/p><ul class=\"stk-table-of-contents__table\"><li><a href=\"#presentation-de-la-region\">Presentazione della regione<\/a><\/li><li><a href=\"#circuits\">Circuiti<\/a><\/li><li><a href=\"#le-rassemblement-international-annuel\">Il raduno internazionale annuale Jean Perdoux<\/a><\/li><li><a href=\"#hebergement\">Alloggio<\/a><\/li><li><a href=\"#note-du-conseil-d-administration\">Nota del Consiglio d\u2019amministrazione<\/a><\/li><li><a href=\"#inscriptions\">Iscrizioni<\/a><ul><li><a href=\"#trombinoscopio\">Trombinoscopio:<\/a><\/li><li><a href=\"#bulletin-d-inscription-vogue-en-francais\">Bulletin d\u2019Inscription Vog\u00fce en fran\u00e7ais<\/a><\/li><li><a href=\"#booking-form-vogue-in-english\">Booking form Vog\u00fce in English<\/a><\/li><li><a href=\"#modulo-discrizione-vogue-in-italiano\">Modulo d\u2019iscrizione Vog\u00fce in italiano<\/a><\/li><\/ul><\/li><li><a href=\"#autres-activites-ou-visites\">Altre attivit\u00e0 o visite<\/a><\/li><\/ul><\/nav>\n\n\n\n<p><strong><u>Officine ciclistiche<\/u><\/strong><\/p>\n\n\n\n<h2 class=\"wp-block-heading\" id=\"presentation-de-la-region\">Presentazione della regione<\/h2>\n\n\n\n<p>Situata nella regione dell&#8217;Alvernia-Rodano-Alpi, nel cuore dei pittoreschi paesaggi dell&#8217;Ard\u00e8che meridionale, Vog\u00fce \u00e8 stata costruita al riparo dai venti ai piedi di una scogliera alta cinquanta metri lungo le rive del fiume Ard\u00e8che.<\/p>\n\n\n\n<p><div class=\"leaflet-map WPLeafletMap\" style=\"height:600px; width:100%;\"><\/div><script>\nwindow.WPLeafletMapPlugin = window.WPLeafletMapPlugin || [];\nwindow.WPLeafletMapPlugin.push(function WPLeafletMapShortcode() {\/*<script>*\/\nvar baseUrl = atob('aHR0cHM6Ly97c30udGlsZS5vcGVuc3RyZWV0bWFwLm9yZy97en0ve3h9L3t5fS5wbmc=');\nvar base = (!baseUrl && window.MQ) ?\n    window.MQ.mapLayer() : L.tileLayer(baseUrl,\n        L.Util.extend({}, {\n            detectRetina: 0,\n        },\n        {\"subdomains\":\"abc\",\"noWrap\":false,\"maxZoom\":18}        )\n    );\n    var options = L.Util.extend({}, {\n        layers: [base],\n        attributionControl: false\n    },\n    {\"zoomControl\":true,\"scrollWheelZoom\":true,\"doubleClickZoom\":false,\"fitBounds\":false,\"minZoom\":0,\"maxZoom\":18,\"maxBounds\":null,\"attribution\":\"<a href=\\\"http:\\\/\\\/leafletjs.com\\\">Leaflet<\\\/a>; \\u00a9 <a href=\\\"http:\\\/\\\/www.openstreetmap.org\\\/copyright\\\">OpenStreetMap<\\\/a> contributors\"},\n    {});\nwindow.WPLeafletMapPlugin.createMap(options).setView([44.547,4.414],12);});<\/script><br><\/p>\n\n\n<script>\nwindow.WPLeafletMapPlugin = window.WPLeafletMapPlugin || [];\nwindow.WPLeafletMapPlugin.push(function WPLeafletMarkerShortcode() {\/*<script>*\/\nvar map = window.WPLeafletMapPlugin.getCurrentMap();\nvar group = window.WPLeafletMapPlugin.getCurrentGroup();\nvar marker_options = window.WPLeafletMapPlugin.getIconOptions({\"iconUrl\":\"\\\/res\\\/lib\\\/leaflet\\\/images\\\/hotel.png\",\"iconSize\":\"24,72\",\"popupAnchor\":\"0,-32\"});\nvar marker = L.marker(\n    [44.547,4.414],\n    marker_options\n);\nvar is_image = map.is_image_map;\nif (marker_options.draggable) {\n    marker.on('dragend', function () {\n        var latlng = this.getLatLng();\n        var lat = latlng.lat;\n        var lng = latlng.lng;\n        if (is_image) {\n            console.log('leaflet-marker y=' + lat + ' x=' + lng);\n        } else {\n            console.log('leaflet-marker lat=' + lat + ' lng=' + lng);\n        }\n    });\n}\nmarker.addTo( group );\nmarker.bindPopup(window.WPLeafletMapPlugin.unescape('Lou Capitelle'));window.WPLeafletMapPlugin.markers.push( marker );\n        });<\/script>\n\n\n<div class=\"wp-block-image\">\n<figure data-wp-context=\"{&quot;uploadedSrc&quot;:&quot;https:\\\/\\\/centcols.org\\\/backup\\\/wp-content\\\/uploads\\\/2024\\\/02\\\/chateau-\\u00a9loucapitelle.jpg&quot;,&quot;figureClassNames&quot;:&quot;aligncenter size-medium&quot;,&quot;figureStyles&quot;:null,&quot;imgClassNames&quot;:&quot;wp-image-79437&quot;,&quot;imgStyles&quot;:null,&quot;targetWidth&quot;:1200,&quot;targetHeight&quot;:798,&quot;scaleAttr&quot;:false,&quot;ariaLabel&quot;:&quot;Ingrandisci l\\u2019immagine&quot;,&quot;alt&quot;:&quot;&quot;}\" data-wp-interactive=\"core\/image\" class=\"aligncenter size-medium wp-lightbox-container\"><img loading=\"lazy\" decoding=\"async\" width=\"500\" height=\"333\" data-wp-init=\"callbacks.setButtonStyles\" data-wp-on--click=\"actions.showLightbox\" data-wp-on--load=\"callbacks.setButtonStyles\" data-wp-on-window--resize=\"callbacks.setButtonStyles\" src=\"https:\/\/centcols.org\/backup\/wp-content\/uploads\/2024\/02\/chateau-\u00a9loucapitelle-500x333.jpg\" alt=\"\" class=\"wp-image-79437\" srcset=\"https:\/\/centcols.org\/backup\/wp-content\/uploads\/2024\/02\/chateau-\u00a9loucapitelle-500x333.jpg 500w, https:\/\/centcols.org\/backup\/wp-content\/uploads\/2024\/02\/chateau-\u00a9loucapitelle-768x511.jpg 768w, https:\/\/centcols.org\/backup\/wp-content\/uploads\/2024\/02\/chateau-\u00a9loucapitelle-600x399.jpg 600w, https:\/\/centcols.org\/backup\/wp-content\/uploads\/2024\/02\/chateau-\u00a9loucapitelle.jpg 1200w\" sizes=\"(max-width: 500px) 100vw, 500px\" \/><button\n\t\t\tclass=\"lightbox-trigger\"\n\t\t\ttype=\"button\"\n\t\t\taria-haspopup=\"dialog\"\n\t\t\taria-label=\"Ingrandisci l\u2019immagine\"\n\t\t\tdata-wp-init=\"callbacks.initTriggerButton\"\n\t\t\tdata-wp-on--click=\"actions.showLightbox\"\n\t\t\tdata-wp-style--right=\"context.imageButtonRight\"\n\t\t\tdata-wp-style--top=\"context.imageButtonTop\"\n\t\t>\n\t\t\t<svg xmlns=\"http:\/\/www.w3.org\/2000\/svg\" width=\"12\" height=\"12\" fill=\"none\" viewBox=\"0 0 12 12\">\n\t\t\t\t<path fill=\"#fff\" d=\"M2 0a2 2 0 0 0-2 2v2h1.5V2a.5.5 0 0 1 .5-.5h2V0H2Zm2 10.5H2a.5.5 0 0 1-.5-.5V8H0v2a2 2 0 0 0 2 2h2v-1.5ZM8 12v-1.5h2a.5.5 0 0 0 .5-.5V8H12v2a2 2 0 0 1-2 2H8Zm2-12a2 2 0 0 1 2 2v2h-1.5V2a.5.5 0 0 0-.5-.5H8V0h2Z\" \/>\n\t\t\t<\/svg>\n\t\t<\/button><figcaption class=\"wp-element-caption\">castello \u00a9loucapitelle<\/figcaption><\/figure><\/div>\n\n\n<p>Vicino alle gole dell&#8217;Ard\u00e8che, questo pittoresco villaggio \u00e8 annoverato tra i &#8220;Borghi pi\u00f9 belli di Francia&#8221; ed \u00e8 apprezzato per il suo eccezionale contesto naturale, l&#8217;architettura medievale e l&#8217;atmosfera autentica.<\/p>\n\n\n\n<p>Le tracce dell&#8217;occupazione umana risalgono alla preistoria, ma \u00e8 solo nel Medioevo che il villaggio si \u00e8 sviluppato. Fondato dai signori di Vog\u00fce nel XII secolo, si svilupp\u00f2 rapidamente intorno al suo castello. Uno dei gioielli storici del villaggio, fu ricostruito nel XVII secolo e oggi \u00e8 aperto al pubblico, con sale espositive. A pochi passi dal castello si trova la chiesa di Sainte Marie, costruita sul sito di un antico priorato benedettino. Fu completamente ricostruita nel 1691, dopo le guerre di religione.<\/p>\n\n\n\n<p>Passeggiando per le strette vie, \u00e8 impossibile non notare le case in pietra, tipiche della regione, alcune delle quali risalgono al XVII secolo. Fino al 1940, i cavatori sfruttavano la pietra blu di Vog\u00fce. Vivevano in rue des Balcons, dove le scale testimoniano la loro abilit\u00e0.<\/p>\n\n\n\n<p>Oggi la principale fonte di reddito del villaggio \u00e8 il turismo, grazie ai suoi tre marchi: Plus beau village de France, Village de caract\u00e8re e Via Ard\u00e8che.<\/p>\n\n\n\n<p>Dal Domaine Lou Capitelle, potrete partire alla scoperta delle meraviglie delle C\u00e9vennes ard\u00e9choises, del massiccio della Tanargue, dell&#8217;altopiano del M\u00e9zenc o del Gerbier de Jonc. Scoprirete le gole dell&#8217;Ard\u00e8che, il famoso Pont d&#8217;Arc, la grotta di Chauvet, i villaggi di Joyeuse e Largenti\u00e8re e i castelli di Montr\u00e9al e Joannas.<\/p>\n\n\n\n<p>Potrete assaggiare le &#8220;criques&#8221;, le &#8220;caillettes&#8221;, le &#8220;maoche&#8221; e innumerevoli specialit\u00e0 a base di castagne, altro emblema di questa splendida regione. Concluderete il pasto con un picodon, innaffiato da syrah o viognier, seguito da un macaron Joyeuse, specialit\u00e0 della citt\u00e0 dal 1851.<\/p>\n\n\n\n<p>E soprattutto, ci saranno pi\u00f9 di 60 passi, sia su strada che mulattieri.<\/p>\n\n\n\n<p><a href=\"https:\/\/www.francetvinfo.fr\/culture\/patrimoine\/ardeche-a-la-decouverte-du-village-de-vogue_6064170.html\" target=\"_blank\" rel=\"noreferrer noopener\">Alla scoperta del villaggio dell&#8217;Ard\u00e8che<\/a><\/p>\n\n\n\n<h2 class=\"wp-block-heading\" id=\"circuits\">Circuiti<\/h2>\n\n\n\n<p>Percorsi stradali<\/p>\n\n\n\n<div class=\"wp-block-columns is-layout-flex wp-container-core-columns-is-layout-1 wp-block-columns-is-layout-flex\">\n<div class=\"wp-block-column is-layout-flow wp-block-column-is-layout-flow\">\n<p><a href=\"https:\/\/www.openrunner.com\/route-details\/18412376\" target=\"_blank\" rel=\"noreferrer noopener\">R0 Rassemblement Juvinas<\/a><\/p>\n\n\n\n<p><a href=\"https:\/\/www.openrunner.com\/route-details\/18412405\" target=\"_blank\" rel=\"noreferrer noopener\">R 1 la corniche du Vivarais<\/a><\/p>\n\n\n\n<p><a href=\"https:\/\/www.openrunner.com\/route-details\/18412426\" target=\"_blank\" rel=\"noreferrer noopener\">R 2 des c\u00f4tes et des croix<\/a><\/p>\n<\/div>\n\n\n\n<div class=\"wp-block-column is-layout-flow wp-block-column-is-layout-flow\">\n<p><a href=\"https:\/\/www.openrunner.com\/route-details\/18412440\" target=\"_blank\" rel=\"noreferrer noopener\">R 3 autour d&#8217;Aubenas<\/a><\/p>\n\n\n\n<p><a href=\"https:\/\/www.openrunner.com\/route-details\/18412461\" target=\"_blank\" rel=\"noreferrer noopener\">R 4 cols en stock<\/a><\/p>\n\n\n\n<p><a href=\"https:\/\/www.openrunner.com\/route-details\/18412484\" target=\"_blank\" rel=\"noreferrer noopener\">R 5 ch\u00e2teaux et chemins<\/a><\/p>\n<\/div>\n\n\n\n<div class=\"wp-block-column is-layout-flow wp-block-column-is-layout-flow\">\n<p><a href=\"https:\/\/www.openrunner.com\/route-details\/18412495\" target=\"_blank\" rel=\"noreferrer noopener\">R 6 petites routes, grands bonheurs<\/a><\/p>\n\n\n\n<p><a href=\"https:\/\/www.openrunner.com\/route-details\/18412514\" target=\"_blank\" rel=\"noreferrer noopener\">R 7 les gorges d\u00e9ploy\u00e9es<\/a><\/p>\n\n\n\n<p><a href=\"https:\/\/www.openrunner.com\/route-details\/18412537\" target=\"_blank\" rel=\"noreferrer noopener\">R 8 des serres et des coulets<\/a><\/p>\n<\/div>\n<\/div>\n\n\n\n<div class=\"wp-block-group\"><div class=\"wp-block-group__inner-container is-layout-constrained wp-block-group-is-layout-constrained\">\n<div class=\"wp-block-group is-vertical is-layout-flex wp-container-core-group-is-layout-1 wp-block-group-is-layout-flex\">\n<p>localizzazione dei percorsi stradali<\/p>\n<\/div>\n<\/div><\/div>\n\n\n\n<p>&nbsp;Percorsi MTB<\/p>\n\n\n\n<div class=\"wp-block-columns is-layout-flex wp-container-core-columns-is-layout-2 wp-block-columns-is-layout-flex\">\n<div class=\"wp-block-column is-layout-flow wp-block-column-is-layout-flow\">\n<p><a href=\"https:\/\/www.openrunner.com\/route-details\/18412626\" target=\"_blank\" rel=\"noreferrer noopener\">V0 Rassemblement Juvinas<\/a><\/p>\n\n\n\n<p><a href=\"https:\/\/www.openrunner.com\/route-details\/18412640\" target=\"_blank\" rel=\"noreferrer noopener\">V 1 Grospierres<\/a><\/p>\n\n\n\n<p><a href=\"https:\/\/www.openrunner.com\/route-details\/18412652\" target=\"_blank\" rel=\"noreferrer noopener\">V 2 Lagorce<\/a><\/p>\n<\/div>\n\n\n\n<div class=\"wp-block-column is-layout-flow wp-block-column-is-layout-flow\">\n<p><a href=\"https:\/\/www.openrunner.com\/route-details\/18412672\" target=\"_blank\" rel=\"noreferrer noopener\">V 3 Joannas<\/a><\/p>\n\n\n\n<p><a href=\"https:\/\/www.openrunner.com\/route-details\/18412685\" target=\"_blank\" rel=\"noreferrer noopener\">V 4 col d&#8217;Auriolles<\/a><\/p>\n\n\n\n<p><a href=\"https:\/\/www.openrunner.com\/route-details\/18412875\" target=\"_blank\" rel=\"noreferrer noopener\">V 5 Vals-les-Bains<\/a><\/p>\n<\/div>\n\n\n\n<div class=\"wp-block-column is-layout-flow wp-block-column-is-layout-flow\">\n<p><a href=\"https:\/\/www.openrunner.com\/route-details\/18412903\" target=\"_blank\" rel=\"noreferrer noopener\">V 6 Beaumont<\/a><\/p>\n\n\n\n<p><a href=\"https:\/\/www.openrunner.com\/route-details\/18412936\" target=\"_blank\" rel=\"noreferrer noopener\">V 7 Saint-Joseph-des-Bancs<\/a><\/p>\n\n\n\n<p><a href=\"https:\/\/www.openrunner.com\/route-details\/18412964\" target=\"_blank\" rel=\"noreferrer noopener\">V 8 Vals-les-Bains<\/a><\/p>\n<\/div>\n<\/div>\n\n\n\n<p>Localizzazione dei percorsi MTB<\/p>\n\n\n\n<h2 class=\"wp-block-heading\" id=\"le-rassemblement-international-annuel\">Il raduno internazionale annuale Jean Perdoux<\/h2>\n\n\n\n<p>Il tradizionale raduno internazionale annuale si svolger\u00e0 domenica 30 giugno 2024 a partire dalle ore 11.00 nel comune di Juvinas, nei pressi del <a href=\"https:\/\/centcols.org\/backup\/util\/geo\/visu.php?code=FR-07-0718\" target=\"_blank\" rel=\"noreferrer noopener\">col de Juvinas FR-07-0718<\/a>.<\/p>\n\n\n\n<figure class=\"wp-block-gallery has-nested-images columns-default is-cropped wp-block-gallery-1 is-layout-flex wp-block-gallery-is-layout-flex\">\n<figure class=\"wp-block-image size-medium\"><a href=\"https:\/\/centcols.org\/backup\/wp-content\/uploads\/2024\/02\/col-de-Juvinas-500x375.jpg\"><img loading=\"lazy\" decoding=\"async\" width=\"500\" height=\"375\" data-id=\"79443\" src=\"https:\/\/centcols.org\/backup\/wp-content\/uploads\/2024\/02\/col-de-Juvinas-500x375.jpg\" alt=\"\" class=\"wp-image-79443\" srcset=\"https:\/\/centcols.org\/backup\/wp-content\/uploads\/2024\/02\/col-de-Juvinas-500x375.jpg 500w, https:\/\/centcols.org\/backup\/wp-content\/uploads\/2024\/02\/col-de-Juvinas-768x576.jpg 768w, https:\/\/centcols.org\/backup\/wp-content\/uploads\/2024\/02\/col-de-Juvinas-600x450.jpg 600w, https:\/\/centcols.org\/backup\/wp-content\/uploads\/2024\/02\/col-de-Juvinas.jpg 1200w\" sizes=\"(max-width: 500px) 100vw, 500px\" \/><\/a><figcaption class=\"wp-element-caption\">col de Juvinas \u00a9 Luc Rioland<\/figcaption><\/figure>\n\n\n\n<figure class=\"wp-block-image size-medium\"><a href=\"https:\/\/centcols.org\/backup\/wp-content\/uploads\/2024\/02\/JUVINAS-500x375.jpg\"><img loading=\"lazy\" decoding=\"async\" width=\"500\" height=\"375\" data-id=\"79449\" src=\"https:\/\/centcols.org\/backup\/wp-content\/uploads\/2024\/02\/JUVINAS-500x375.jpg\" alt=\"\" class=\"wp-image-79449\" srcset=\"https:\/\/centcols.org\/backup\/wp-content\/uploads\/2024\/02\/JUVINAS-500x375.jpg 500w, https:\/\/centcols.org\/backup\/wp-content\/uploads\/2024\/02\/JUVINAS-768x576.jpg 768w, https:\/\/centcols.org\/backup\/wp-content\/uploads\/2024\/02\/JUVINAS-600x450.jpg 600w, https:\/\/centcols.org\/backup\/wp-content\/uploads\/2024\/02\/JUVINAS.jpg 1200w\" sizes=\"(max-width: 500px) 100vw, 500px\" \/><\/a><figcaption class=\"wp-element-caption\">vue sur le village du Juvinas \u00a9mairie Juvinas<\/figcaption><\/figure>\n<\/figure>\n\n\n\n<p>L&#8217;aperitivo a buffet sar\u00e0 servito in loco e potr\u00e0 essere gustato da tutti i nostri soci, non solo da quelli iscritti alla pensione completa. \u00c8 sufficiente iscriversi a questo pasto (vedere la sezione iscrizioni)..<\/p>\n\n\n\n<p><a href=\"https:\/\/www.aubenas-vals.com\/video\/1-minute-col-de-juvinas-ardeche-drone\/\" target=\"_blank\" rel=\"noreferrer noopener\">Vista del passo dal drone<\/a><\/p>\n\n\n\n<h2 class=\"wp-block-heading\" id=\"hebergement\">Alloggio<\/h2>\n\n\n\n<p>Il Domaine Lou Capitelle vi accoglie nel cuore di un sito fluviale eccezionale di fronte alle falesie calcaree all&#8217;inizio delle Gole dell&#8217;Ard\u00e8che. Sarete ospitati in camere di 18 m2 con letti gemelli di 90 cm e un bagno con doccia e servizi igienici separati. Le lenzuola e gli asciugamani vengono forniti e cambiati una volta durante il soggiorno. I pasti (colazione e cena) sono serviti in una sala panoramica con vista mozzafiato sul villaggio di Vog\u00fce.<br><br>Avrete libero accesso all&#8217;area della piscina coperta con vasca idromassaggio, getti idromassaggio e jacuzzi. Non dimenticate di portare il costume da bagno (niente pantaloncini).<\/p>\n\n\n\n<figure class=\"wp-block-gallery has-nested-images columns-2 is-cropped wp-block-gallery-2 is-layout-flex wp-block-gallery-is-layout-flex\">\n<figure class=\"wp-block-image size-medium\"><a href=\"https:\/\/centcols.org\/backup\/wp-content\/uploads\/2024\/02\/SALLE-DE-RESTAURANT-500x333.jpg\"><img loading=\"lazy\" decoding=\"async\" width=\"500\" height=\"333\" data-id=\"79461\" src=\"https:\/\/centcols.org\/backup\/wp-content\/uploads\/2024\/02\/SALLE-DE-RESTAURANT-500x333.jpg\" alt=\"\" class=\"wp-image-79461\" srcset=\"https:\/\/centcols.org\/backup\/wp-content\/uploads\/2024\/02\/SALLE-DE-RESTAURANT-500x333.jpg 500w, https:\/\/centcols.org\/backup\/wp-content\/uploads\/2024\/02\/SALLE-DE-RESTAURANT-768x512.jpg 768w, https:\/\/centcols.org\/backup\/wp-content\/uploads\/2024\/02\/SALLE-DE-RESTAURANT-600x400.jpg 600w, https:\/\/centcols.org\/backup\/wp-content\/uploads\/2024\/02\/SALLE-DE-RESTAURANT.jpg 1200w\" sizes=\"(max-width: 500px) 100vw, 500px\" \/><\/a><figcaption class=\"wp-element-caption\">salle de restaurant \u00a9loucapitelle<\/figcaption><\/figure>\n\n\n\n<figure class=\"wp-block-image size-medium\"><a href=\"https:\/\/centcols.org\/backup\/wp-content\/uploads\/2024\/02\/Chambre-Lou-Capitelle-500x333.jpg\"><img loading=\"lazy\" decoding=\"async\" width=\"500\" height=\"333\" data-id=\"79431\" src=\"https:\/\/centcols.org\/backup\/wp-content\/uploads\/2024\/02\/Chambre-Lou-Capitelle-500x333.jpg\" alt=\"\" class=\"wp-image-79431\" srcset=\"https:\/\/centcols.org\/backup\/wp-content\/uploads\/2024\/02\/Chambre-Lou-Capitelle-500x333.jpg 500w, https:\/\/centcols.org\/backup\/wp-content\/uploads\/2024\/02\/Chambre-Lou-Capitelle-768x512.jpg 768w, https:\/\/centcols.org\/backup\/wp-content\/uploads\/2024\/02\/Chambre-Lou-Capitelle-600x400.jpg 600w, https:\/\/centcols.org\/backup\/wp-content\/uploads\/2024\/02\/Chambre-Lou-Capitelle.jpg 1200w\" sizes=\"(max-width: 500px) 100vw, 500px\" \/><\/a><figcaption class=\"wp-element-caption\">chambre \u00a9loucapitelle<\/figcaption><\/figure>\n\n\n\n<figure class=\"wp-block-image size-medium\"><a href=\"https:\/\/centcols.org\/backup\/wp-content\/uploads\/2024\/02\/Piscine-Lou-Capitelle-500x333.jpg\"><img loading=\"lazy\" decoding=\"async\" width=\"500\" height=\"333\" data-id=\"79455\" src=\"https:\/\/centcols.org\/backup\/wp-content\/uploads\/2024\/02\/Piscine-Lou-Capitelle-500x333.jpg\" alt=\"\" class=\"wp-image-79455\" srcset=\"https:\/\/centcols.org\/backup\/wp-content\/uploads\/2024\/02\/Piscine-Lou-Capitelle-500x333.jpg 500w, https:\/\/centcols.org\/backup\/wp-content\/uploads\/2024\/02\/Piscine-Lou-Capitelle-768x512.jpg 768w, https:\/\/centcols.org\/backup\/wp-content\/uploads\/2024\/02\/Piscine-Lou-Capitelle-600x400.jpg 600w, https:\/\/centcols.org\/backup\/wp-content\/uploads\/2024\/02\/Piscine-Lou-Capitelle.jpg 1200w\" sizes=\"(max-width: 500px) 100vw, 500px\" \/><\/a><figcaption class=\"wp-element-caption\">piscine \u00a9loucapitelle<\/figcaption><\/figure>\n<\/figure>\n\n\n\n<div class=\"wp-block-columns is-layout-flex wp-container-core-columns-is-layout-3 wp-block-columns-is-layout-flex\">\n<div class=\"wp-block-column is-layout-flow wp-block-column-is-layout-flow\" style=\"flex-basis:50%\">\n<p>Il bagno turco e la sauna sono disponibili a un costo aggiuntivo.<\/p>\n\n\n\n<p><strong>Indirizzo:<\/strong><br>Domaine Lou Capitelle<br>470 rue du Pigeonnier<br>07200 Vog\u00fce<\/p>\n\n\n\n<p><strong>Altri alloggi:<br><\/strong>camping <a href=\"https:\/\/www.oasisdesgarrigues.com\/\">Oasis des Garrigues<\/a><br>290 chemin de l&#8217;Auzon<br>07200 Vog\u00fce<\/p>\n\n\n\n<p><\/p>\n<\/div>\n\n\n\n<div class=\"wp-block-column has-very-light-gray-background-color has-background is-layout-flow wp-block-column-is-layout-flow\" style=\"flex-basis:50%\">\n<div class=\"wp-block-group\"><div class=\"wp-block-group__inner-container is-layout-constrained wp-block-group-is-layout-constrained\">\n<h2 class=\"wp-block-heading has-text-align-center\" id=\"note-du-conseil-d-administration\">Nota del Consiglio d\u2019amministrazione<\/h2>\n\n\n\n<p>Se il vostro alloggio \u00e8 organizzato altrove rispetto al villaggio turistico, vorremmo comunque sapere della vostra partecipazione al soggiorno, per 3 motivi:<\/p>\n<\/div><\/div>\n\n\n\n<ol>\n<li>Per poter dimensionare correttamente gli eventi comuni (sessioni informative, feste di benvenuto e di addio).<\/li>\n\n\n\n<li>Per potervi dividere in pi\u00f9 gruppi lungo i percorsi e migliorare la sicurezza di tutti.<\/li>\n\n\n\n<li>Per facilitare agli organizzatori la gestione di eventuali imprevisti.<\/li>\n<\/ol>\n<\/div>\n<\/div>\n\n\n\n<h2 class=\"wp-block-heading\" id=\"inscriptions\">Iscrizioni<\/h2>\n\n\n\n<p>Per registrarsi, scaricare il modulo di registrazione PDF con il link qui sotto. Si prega di notare che il modulo d&#8217;iscrizione \u00e8 composto da due pagine: l&#8217;iscrizione stessa (assicuratevi di riempire tutte le sezioni che vi riguardano e di firmare in fondo alla pagina), e le condizioni speciali che dovete anche firmare. Se pensate di essere accompagnati dal vostro partner, assicuratevi di registrarlo in anticipo come membro associato presso il vostro delegato territoriale o nazionale e non dimenticate di mettere il suo numero di membro associato nell&#8217;apposita casella. Il pacchetto &#8220;Spese di organizzazione&#8221; deve essere sottoscritto da tutti i membri che partecipano al soggiorno (sia che scelgano la pensione completa, il pacchetto 7 cene, sia che soggiornino e mangino con mezzi propri) ad eccezione dei membri associati (decisione del Consiglio di amministrazione del 26 settembre 2020). Questo pacchetto \u00e8 un contributo a tutti i benefici e servizi che ricevono partecipando al viaggio: spese di preparazione del viaggio e delle visite, pubblicazione delle mappe esposte e del trombinoscopio, drink di benvenuto e di fine viaggio, brochure del viaggio, organizzazione delle attivit\u00e0 per gli accompagnatori, assicurazione del Club, ecc.<\/p>\n\n\n\n<p>Per motivi legali, i soggiorni sono accessibili solo ai membri del Club. Si prega di assicurarsi che la quota associativa sia aggiornata prima di inviare il modulo di iscrizione<\/p>\n\n\n\n<p>Potete scegliere le formule :<\/p>\n\n\n\n<p>&#8220;Pensione completa&#8221; a 527,00 \u20ac a cui va aggiunta la &#8220;quota di organizzazione&#8221; di 16,00 \u20ac, per un totale di 543 \u20ac.<br>&#8220;Pacchetto 7 cene&#8221; a 164,00 \u20ac se soggiornate da soli ma desiderate condividere le cene con i vostri amici. \u00c8 necessario aggiungere la &#8220;quota di organizzazione&#8221; di 16 \u20ac (tranne per i membri associati), per un totale di 180 \u20ac.<br>Adesione facoltativa all&#8217;assicurazione Gritchen (2,34% dell&#8217;importo dei servizi con un minimo di 8\u20ac a persona o 16\u20ac per una coppia)<br>Se non siete membri della FFCT, aggiungete l&#8217;assicurazione obbligatoria a  7 \u20ac a persona.<br>Se siete una coppia, di cui uno \u00e8 membro associato e non membro della FFCT, e volete sottoscrivere l&#8217;assicurazione Gritchen, scegliete due pacchetti a 527 \u20ac, un pacchetto per le spese organizzative a 16 \u20ac, cio\u00e8 un totale di 1070 \u20ac, aggiungete l&#8217;assicurazione Gritchen al 2,34% x 1070 \u20ac = 25,03 \u20ac (che \u00e8 superiore al minimo di 16 euro) e l&#8217;assicurazione non FFCT a 7 \u20ac, cio\u00e8 un totale di1102,03 \u20ac.<\/p>\n\n\n\n<p>Se, e solo se, un partecipante <strong>non \u00e8 membro della FFCT<\/strong>, l&#8217;assicurazione obbligatoria di x\u20ac deve essere aggiunta. Puoi pagare la quota d&#8217;iscrizione&nbsp; <strong>con un bonifico sul conto del Club<\/strong>. A causa dei costi aggiuntivi addebitati dall&#8217;organizzazione che lo gestisce, non accettiamo pagamenti con PayPal. <strong>I membri sono assegnati nell&#8217;ordine del bonifico bancario<\/strong>. Vi preghiamo di inviarci una copia dell&#8217;ordine di trasferimento. Se il soggiorno \u00e8 pieno, viene creata una lista d&#8217;attesa che funziona secondo le stesse regole di priorit\u00e0 delle iscrizioni dirette.<\/p>\n\n\n\n<h4 class=\"wp-block-heading\" id=\"trombinoscopio\">Trombinoscopio:<\/h4>\n\n\n\n<p>Se non hai ancora fornito la tua foto per il trombinoscopio e desideri essere incluso, ricordati di spuntare la casella corrispondente e inviarci una foto in formato JPG via e-mail. Ulteriori informazioni saranno pubblicate in seguito sul sito web che potrete consultare regolarmente. Ogni volta il responsabile dei soggiorni mette una piccola e-mail nella mailing list. Se desiderate ricevere queste mail, vi invitiamo ad iscrivervi alla mailing list, se non l&#8217;avete ancora fatto. Se avete delle domande, non esitate a chiamare il responsabile del soggiorno: +33 6 78 87 33 67.<\/p>\n\n\n\n<p>T\u00e9l\u00e9charger le bulletin \/ download the booking form \/ scarica il modulo<\/p>\n\n\n\n<h4 class=\"wp-block-heading\" id=\"bulletin-d-inscription-vogue-en-francais\"><strong><a href=\"https:\/\/centcols.org\/backup\/wp-content\/uploads\/2024\/02\/Bulletin-dinscription-FR.pdf\" target=\"_blank\" rel=\"noopener\" title=\"\">Bulletin d\u2019Inscription Vog\u00fce en fran\u00e7ais<\/a><\/strong><\/h4>\n\n\n\n<h4 class=\"wp-block-heading\" id=\"booking-form-vogue-in-english\"><strong><a href=\"https:\/\/centcols.org\/backup\/wp-content\/uploads\/2024\/02\/Bulletin-Inscription-GB.pdf\" target=\"_blank\" rel=\"noopener\" title=\"\">Booking form Vog\u00fce in English<\/a><\/strong><\/h4>\n\n\n\n<h4 class=\"wp-block-heading\" id=\"modulo-discrizione-vogue-in-italiano\"><strong><a href=\"https:\/\/centcols.org\/backup\/wp-content\/uploads\/2024\/02\/Bulletin-dinscription-IT.pdf\" target=\"_blank\" rel=\"noopener\" title=\"\">Modulo d\u2019iscrizione Vog\u00fce in italiano<\/a><\/strong><\/h4>\n\n\n\n<p><a href=\"https:\/\/centcols.org\/backup\/wp-content\/uploads\/2021\/06\/CGA-Residence-de-tourisme-Cent-cols.pdf\" target=\"_blank\" rel=\"noreferrer noopener\">Condizioni generali dell&#8217;assicurazione Gritchen<\/a><\/p>\n\n\n\n<p><a href=\"https:\/\/centcols.org\/backup\/wp-content\/uploads\/2021\/06\/Gritchen_Covid19_Gritchen_FR.pdf\" target=\"_blank\" rel=\"noreferrer noopener\">Gritchen copertura Covid 19<\/a><\/p>\n\n\n\n<p><strong>La data limite di ricevimento delle iscrizioni \u00e8 stata fissata al 14\/05\/2024<\/strong><\/p>\n\n\n\n<p><strong><a href=\"http:\/\/centcols.net\/wp-content\/uploads\/2024\/04\/livret-vogue-Jean-Perdoux-2024-04-08-GG.pdf\">Qui<\/a><\/strong> potrete sfogliare l&#8217;opuscolo che sar\u00e0 distribuito durante il vostro soggiorno e che contiene, oltre ai messaggi di benvenuto, informazioni sulla regione e l&#8217;accesso, elementi sulla sicurezza e la descrizione dettagliata delle escursioni.<\/p>\n\n\n\n<p>In questa versione digitale, \u00e8 possibile visualizzare i passi su una mappa e visualizzare le loro foto cliccando sul codice di ciascun passo (alle pagine 10-11 e 36-37 del programma provvisorio per strada e mountain bike).<\/p>\n\n\n<div class=\"wp-block-image\">\n<figure class=\"aligncenter size-medium\"><a href=\"https:\/\/centcols.org\/backup\/wp-content\/uploads\/2024\/04\/livret-vogue-Jean-Perdoux-2024-04-08-GG.pdf\" target=\"_blank\" rel=\"noreferrer noopener\"><img decoding=\"async\" src=\"https:\/\/centcols.org\/backup\/wp-content\/uploads\/2024\/02\/livret-Vogue-page-1-353x500.jpg\" alt=\"\" class=\"wp-image-80026\"\/><\/a><\/figure><\/div>\n\n\n<h2 class=\"wp-block-heading\" id=\"autres-activites-ou-visites\">Altre attivit\u00e0 o visite<\/h2>\n\n\n\n<ul>\n<li>Aubenas : Ch\u00e2teau d&#8217;Aubenas, noto anche come Ch\u00e2teau de Montlaur, D\u00f4me St-Benoit, Maison Delich\u00e8res, edificio gotico ornato da doccioni scolpiti nell&#8217;arenaria, chiesa di Saint-Laurent, H\u00f4tel Goudard-Ruelle, cappella Cordeliers e la sua crema di marroni (Sabaton, Imbert).la fabbrica di frutta della Val d&#8217;Arly<\/li>\n<\/ul>\n\n\n\n<p><a href=\"https:\/\/www.patrimoine-ardeche.com\/visites\/aubenas.htm\" target=\"_blank\" rel=\"noreferrer noopener\">cit\u00e9 d\u2019Aubenas<\/a><\/p>\n\n\n\n<ul>\n<li><strong>Privas<\/strong>: prefettura dell&#8217;Ard\u00e8che, torre Diane de Poitiers, <a href=\"https:\/\/www.ardeche-buissonniere.fr\/preparer-et-reserver\/decouvrir\/a-denicher\/107207_le-pont-louis-xiii\/\" target=\"_blank\" rel=\"noreferrer noopener\">ponte Luigi XIII<\/a>, <a href=\"https:\/\/www.privas.fr\/decouvrir-bouger\/histoire-et-patrimoine\/patrimoine-naturel\" target=\"_blank\" rel=\"noreferrer noopener\">sito di Montoulon<\/a>, <a href=\"https:\/\/www.clementfaugier.fr\/fr\/accueil\" target=\"_blank\" rel=\"noreferrer noopener\">capitale del marron glac\u00e9<\/a><\/li>\n\n\n\n<li><strong>I numerosi villaggi medievali<\/strong>: Alba-la-Romaine, Balazuc, Labeaume, Ruoms, Beaulieu, Banne, Boucieu-le-Roi, Vallon Pont-d&#8217;Arc, Naves, Saint-Laurent-sous-Coiron<\/li>\n\n\n\n<li><strong>I numerosi castelli<\/strong>: Joyeuse, Montr\u00e9al, Joannas, Vog\u00fce, Rochemaure, <a href=\"https:\/\/www.chateauhautsegur.fr\/francais\/accueil_fr.htm\" target=\"_blank\" rel=\"noreferrer noopener\">Hauts\u00e9gur<\/a><\/li>\n\n\n\n<li><strong>Le numerose grotte<\/strong>: <a href=\"https:\/\/www.grotte-ardeche.com\/\" target=\"_blank\" rel=\"noreferrer noopener\">grotte St-Marcel-d&#8217;Ard\u00e8che<\/a>, <a href=\"https:\/\/www.grottemadeleine.com\/\" target=\"_blank\" rel=\"noreferrer noopener\">grotte de la Madeleine<\/a>, <a href=\"https:\/\/www.orgnac.com\/\" target=\"_blank\" rel=\"noreferrer noopener\">l&#8217;Aven d&#8217;Orgnac<\/a> Grande sito di Francia, la citt\u00e0 della preistoria, <a href=\"https:\/\/www.grottechauvet2ardeche.com\/\" target=\"_blank\" rel=\"noreferrer noopener\">la grotte Chauvet 2 Ard\u00e8che<\/a>, la pi\u00f9 grande replica di grotta al mondo, ricrea la magia della grotta Chauvet<\/li>\n\n\n\n<li><a href=\"https:\/\/www.parc-monts-ardeche.fr\/\" target=\"_blank\" rel=\"noreferrer noopener\"><strong>Parco naturale regionale dei Monti d&#8217;Ard\u00e8che<\/strong><\/a><br>Il massiccio della Tanargue si estende tra tre valli: la Beaume, la Borne e la Lignon. Il massiccio si trova nel sud-ovest del dipartimento dell&#8217;Ard\u00e8che, vicino alle regioni del Gard e della Loz\u00e8re (il punto pi\u00f9 alto \u00e8 il Grand Tanargue, a 1511 metri).La Maison du Parc, la Maison des Monts d&#8217;Ard\u00e8che, nel cuore del Domaine de Rochemure nel comune di Jaujac.<\/li>\n\n\n\n<li><a href=\"https:\/\/www.gerbier-de-jonc.fr\/FR\/home.html\" target=\"_blank\" rel=\"noreferrer noopener\"><strong>Il Mont Gerbier de Jonc<\/strong><\/a><br>Scoprite le tre sorgenti del fiume pi\u00f9 lungo della Francia: la Loira.Scalare la vetta pi\u00f9 famosa dell&#8217;Ard\u00e8che, che raggiunge i 1551 metri di altitudine.La casa del sito Gerbier de Jonc<\/li>\n\n\n\n<li><a href=\"https:\/\/www.bois-de-paiolive.org\/\" target=\"_blank\" rel=\"noreferrer noopener\"><strong>Il bosco di Pa\u00efolive <\/strong><\/a>&#8220;Abitato&#8221; da strane e inimitabili sculture di blocchi di calcare frastagliati sfidati dall&#8217;erosione. Ammaliante ed enigmatico, questo caos minerale e vegetale invita all&#8217;esplorazione..<\/li>\n\n\n\n<li><a href=\"https:\/\/via-ardeche.fr\/\"><strong>La vie Ard\u00e8che :<\/strong><\/a> \u00e8 una pista ciclabile (voie verte) lunga 53 km costruita sulla vecchia ferrovia .<\/li>\n\n\n\n<li><a href=\"https:\/\/www.vals-les-bains.fr\/la-source-intermittente-2\/\" target=\"_blank\" rel=\"noreferrer noopener\"><strong>la sorgente intermittente di Vals-les-Bains<\/strong><\/a> : Si tratta di un geyser che sgorga 4 volte al giorno. A volte il getto \u00e8 discreto, ma nelle grandi giornate pu\u00f2 raggiungere i 15 metri di altezza! Ma questo dipende dalla natura.<\/li>\n\n\n\n<li><strong>Altro <\/strong><br>Percorrere la strada da Vallon Pont-d&#8217;Arc a Saint-Martin-d&#8217;Ard\u00e8che: 29 km, affacciati sulle gole della riva sinistra, con 11 belvedere.Scendere le gole in kayak da Vog\u00fce <a href=\"https:\/\/www.gorges-ardeche-pontdarc.fr\/decouverte-ardeche\/sites-naturels-ardeche\/cascade-de-rochecolombe-ardeche\/\" target=\"_blank\" rel=\"noreferrer noopener\">La cascata di Rochecolombe<\/a>, <a href=\"https:\/\/www.cevennes-ardeche.com\/cevennes-dardeche\/vous-allez-adorer\/les-gorges-du-chassezac\/\" target=\"_blank\" rel=\"noreferrer noopener\">le gole del du Chassezac<\/a>, <a href=\"https:\/\/www.gorges-ardeche-pontdarc.fr\/decouverte-ardeche\/sites-naturels-ardeche\/cirque-de-gens-ardeche\/\" target=\"_blank\" rel=\"noreferrer noopener\">cirque di Gens<\/a>, <a href=\"https:\/\/www.ardeche-guide.com\/lieux-de-visites\/patrimoine-naturel\/defiles-de-ruoms-161676\" target=\"_blank\" rel=\"noreferrer noopener\">d\u00e9fil\u00e9 di Ruoms<\/a>, <a href=\"https:\/\/destination.cevennes-parcnational.fr\/fr\/trek\/42378-Viaduc-de-Doulovy\" target=\"_blank\" rel=\"noreferrer noopener\">viadotto di Doulovy<\/a><\/li>\n\n\n\n<li><strong>randonn\u00e9 pedestri<br><\/strong><a href=\"https:\/\/www.openrunner.com\/route-details\/18114892\">Breve anello da Vog\u00fc\u00e9<\/a><br><a href=\"https:\/\/www.openrunner.com\/route-details\/18114881\">da Vog\u00fce a Balazuc<\/a><br><a href=\"https:\/\/www.openrunner.com\/route-details\/18114877\"> Intorno a Rochecolombe<\/a><br><a href=\"https:\/\/www.openrunner.com\/route-details\/18114864\"> Sopra Vog\u00fc\u00e9 da Les Chazes<\/a><\/li>\n<\/ul>\n\n\n\n<p><\/p>\n","protected":false},"excerpt":{"rendered":"<p>Le s\u00e9jour d\u2019\u00e9t\u00e9 2024 se d\u00e9roulera du 29 juin au 06 juillet 2024 dans le d\u00e9partement de l\u2019Ard\u00e8che. Il a \u00e9t\u00e9 pr\u00e9par\u00e9 par une petite \u00e9quipe\u00a0 : Corinne Dameron, Roland Dameron et Bernard Pommel. Situ\u00e9 dans la r\u00e9gion Auvergne-Rh\u00f4ne-Alpes, nich\u00e9 au coeur des paysages pittoresques de l\u2019Ard\u00e8che m\u00e9ridionale, Vog\u00fce s\u2019est construit \u00e0 l\u2019abri des vents, au pied d\u2019une falaise de cinquante m\u00e8tres de haut, le long de la rivi\u00e8re Ard\u00e8che.<\/p>\n","protected":false},"author":69,"featured_media":79441,"comment_status":"closed","ping_status":"closed","sticky":false,"template":"","format":"standard","meta":{"_acf_changed":false,"ub_ctt_via":"","_monsterinsights_skip_tracking":false,"_monsterinsights_sitenote_active":false,"_monsterinsights_sitenote_note":"","_monsterinsights_sitenote_category":0,"footnotes":""},"categories":[263],"tags":[],"acf":[],"featured_image_urls":{"full":["https:\/\/centcols.org\/backup\/wp-content\/uploads\/2024\/02\/chateau-\u00a9loucapitelle.jpg",1200,798,false],"thumbnail":["https:\/\/centcols.org\/backup\/wp-content\/uploads\/2024\/02\/chateau-\u00a9loucapitelle-300x300.jpg",300,300,true],"medium":["https:\/\/centcols.org\/backup\/wp-content\/uploads\/2024\/02\/chateau-\u00a9loucapitelle-500x333.jpg",500,333,true],"medium_large":["https:\/\/centcols.org\/backup\/wp-content\/uploads\/2024\/02\/chateau-\u00a9loucapitelle-768x511.jpg",768,511,true],"large":["https:\/\/centcols.org\/backup\/wp-content\/uploads\/2024\/02\/chateau-\u00a9loucapitelle.jpg",1200,798,false],"1536x1536":["https:\/\/centcols.org\/backup\/wp-content\/uploads\/2024\/02\/chateau-\u00a9loucapitelle.jpg",1200,798,false],"2048x2048":["https:\/\/centcols.org\/backup\/wp-content\/uploads\/2024\/02\/chateau-\u00a9loucapitelle.jpg",1200,798,false],"woocommerce_thumbnail":["https:\/\/centcols.org\/backup\/wp-content\/uploads\/2024\/02\/chateau-\u00a9loucapitelle-300x300.jpg",300,300,true],"woocommerce_single":["https:\/\/centcols.org\/backup\/wp-content\/uploads\/2024\/02\/chateau-\u00a9loucapitelle-600x399.jpg",600,399,true],"woocommerce_gallery_thumbnail":["https:\/\/centcols.org\/backup\/wp-content\/uploads\/2024\/02\/chateau-\u00a9loucapitelle-100x100.jpg",100,100,true]},"post_excerpt_stackable":"<p>Le s\u00e9jour d\u2019\u00e9t\u00e9 2024 se d\u00e9roulera du 29 juin au 06 juillet 2024 dans le d\u00e9partement de l\u2019Ard\u00e8che. Il a \u00e9t\u00e9 pr\u00e9par\u00e9 par une petite \u00e9quipe\u00a0 : Corinne Dameron, Roland Dameron et Bernard Pommel. Situ\u00e9 dans la r\u00e9gion Auvergne-Rh\u00f4ne-Alpes, nich\u00e9 au coeur des paysages pittoresques de l\u2019Ard\u00e8che m\u00e9ridionale, Vog\u00fce s\u2019est construit \u00e0 l\u2019abri des vents, au pied d\u2019une falaise de cinquante m\u00e8tres de haut, le long de la rivi\u00e8re Ard\u00e8che.<\/p>\n","category_list":"<a href=\"https:\/\/centcols.org\/backup\/it\/categorie\/sejours-it\/\" rel=\"category tag\">Soggiorni<\/a>","author_info":{"display_name":"Enrico Alberini","author_link":"https:\/\/centcols.org\/backup\/it\/author\/5065\/"},"comments_num":"0 commenti","featured_image_urls_v2":{"full":["https:\/\/centcols.org\/backup\/wp-content\/uploads\/2024\/02\/chateau-\u00a9loucapitelle.jpg",1200,798,false],"thumbnail":["https:\/\/centcols.org\/backup\/wp-content\/uploads\/2024\/02\/chateau-\u00a9loucapitelle-300x300.jpg",300,300,true],"medium":["https:\/\/centcols.org\/backup\/wp-content\/uploads\/2024\/02\/chateau-\u00a9loucapitelle-500x333.jpg",500,333,true],"medium_large":["https:\/\/centcols.org\/backup\/wp-content\/uploads\/2024\/02\/chateau-\u00a9loucapitelle-768x511.jpg",768,511,true],"large":["https:\/\/centcols.org\/backup\/wp-content\/uploads\/2024\/02\/chateau-\u00a9loucapitelle.jpg",1200,798,false],"1536x1536":["https:\/\/centcols.org\/backup\/wp-content\/uploads\/2024\/02\/chateau-\u00a9loucapitelle.jpg",1200,798,false],"2048x2048":["https:\/\/centcols.org\/backup\/wp-content\/uploads\/2024\/02\/chateau-\u00a9loucapitelle.jpg",1200,798,false],"woocommerce_thumbnail":["https:\/\/centcols.org\/backup\/wp-content\/uploads\/2024\/02\/chateau-\u00a9loucapitelle-300x300.jpg",300,300,true],"woocommerce_single":["https:\/\/centcols.org\/backup\/wp-content\/uploads\/2024\/02\/chateau-\u00a9loucapitelle-600x399.jpg",600,399,true],"woocommerce_gallery_thumbnail":["https:\/\/centcols.org\/backup\/wp-content\/uploads\/2024\/02\/chateau-\u00a9loucapitelle-100x100.jpg",100,100,true]},"post_excerpt_stackable_v2":"<p>Le s\u00e9jour d\u2019\u00e9t\u00e9 2024 se d\u00e9roulera du 29 juin au 06 juillet 2024 dans le d\u00e9partement de l\u2019Ard\u00e8che. Il a \u00e9t\u00e9 pr\u00e9par\u00e9 par une petite \u00e9quipe\u00a0 : Corinne Dameron, Roland Dameron et Bernard Pommel. Situ\u00e9 dans la r\u00e9gion Auvergne-Rh\u00f4ne-Alpes, nich\u00e9 au coeur des paysages pittoresques de l\u2019Ard\u00e8che m\u00e9ridionale, Vog\u00fce s\u2019est construit \u00e0 l\u2019abri des vents, au pied d\u2019une falaise de cinquante m\u00e8tres de haut, le long de la rivi\u00e8re Ard\u00e8che.<\/p>\n","category_list_v2":"<a href=\"https:\/\/centcols.org\/backup\/it\/categorie\/sejours-it\/\" rel=\"category tag\">Soggiorni<\/a>","author_info_v2":{"name":"Enrico Alberini","url":"https:\/\/centcols.org\/backup\/it\/author\/5065\/"},"comments_num_v2":"0 commenti","featured_image_src":"https:\/\/centcols.org\/backup\/wp-content\/uploads\/2024\/02\/chateau-\u00a9loucapitelle.jpg","_links":{"self":[{"href":"https:\/\/centcols.org\/backup\/it\/wp-json\/wp\/v2\/posts\/79647"}],"collection":[{"href":"https:\/\/centcols.org\/backup\/it\/wp-json\/wp\/v2\/posts"}],"about":[{"href":"https:\/\/centcols.org\/backup\/it\/wp-json\/wp\/v2\/types\/post"}],"author":[{"embeddable":true,"href":"https:\/\/centcols.org\/backup\/it\/wp-json\/wp\/v2\/users\/69"}],"replies":[{"embeddable":true,"href":"https:\/\/centcols.org\/backup\/it\/wp-json\/wp\/v2\/comments?post=79647"}],"version-history":[{"count":0,"href":"https:\/\/centcols.org\/backup\/it\/wp-json\/wp\/v2\/posts\/79647\/revisions"}],"wp:featuredmedia":[{"embeddable":true,"href":"https:\/\/centcols.org\/backup\/it\/wp-json\/wp\/v2\/media\/79441"}],"wp:attachment":[{"href":"https:\/\/centcols.org\/backup\/it\/wp-json\/wp\/v2\/media?parent=79647"}],"wp:term":[{"taxonomy":"category","embeddable":true,"href":"https:\/\/centcols.org\/backup\/it\/wp-json\/wp\/v2\/categories?post=79647"},{"taxonomy":"post_tag","embeddable":true,"href":"https:\/\/centcols.org\/backup\/it\/wp-json\/wp\/v2\/tags?post=79647"}],"curies":[{"name":"wp","href":"https:\/\/api.w.org\/{rel}","templated":true}]}}