{"id":79797,"date":"2024-01-11T18:04:25","date_gmt":"2024-01-11T17:04:25","guid":{"rendered":"https:\/\/centcols.org\/backup\/?p=79797"},"modified":"2024-03-28T17:10:45","modified_gmt":"2024-03-28T16:10:45","slug":"sejour-printemps-porticcio-2024","status":"publish","type":"post","link":"https:\/\/centcols.org\/backup\/it\/sejour-printemps-porticcio-2024\/","title":{"rendered":"Soggiorno di primavera a Porticcio dal 20 al 27 aprile 2024"},"content":{"rendered":"\n<p><em>Nadine e Bernard Giraudeau e i responsabili dell&#8217;informatica e dei soggiorni, hanno contribuito a questa pagina di presentazione.<\/em><\/p>\n\n\n\n<p>Il primo soggiorno di primavera in Corsica si \u00e8 svolto nel 2010 a Porticcio, nel Golfo di Ajaccio. Poi \u00e8 seguita una serie di visite all&#8217;isola a intervalli regolari di tre anni, prima a Balagne a Lozari, poi nella pianura orientale a Ghisonaccia e infine a Propriano nel Golfo di Valinco. Questi quattro soggorni hanno permesso ai numerosi partecipanti di girare l&#8217;isola e di conoscere le diverse microregioni della Corsica.<\/p>\n\n\n\n<p>Nel 2024, <strong>la localit\u00e0 balneare di Porticcio<\/strong> ci accoglier\u00e0 nuovamente.<\/p>\n\n\n<div class=\"wp-block-ub-table-of-contents-block ub_table-of-contents\" data-showtext=\"show\" data-hidetext=\"hide\" data-scrolltype=\"auto\" id=\"ub_table-of-contents-edeee625-1474-4148-8e97-5fbc5a852300\" data-initiallyhideonmobile=\"false\"\n                    data-initiallyshow=\"true\"><div class=\"ub_table-of-contents-header-container\"><div class=\"ub_table-of-contents-header\">\n                    <div class=\"ub_table-of-contents-title\">Sommario<\/div><\/div><\/div><div class=\"ub_table-of-contents-extra-container\"><div class=\"ub_table-of-contents-container ub_table-of-contents-2-column \"><ul><li><a href=https:\/\/centcols.org\/backup\/it\/sejour-printemps-porticcio-2024\/#0-porticcio-e-i-suoi-dintorni>Porticcio e i suoi dintorni<\/a><\/li><li><a href=https:\/\/centcols.org\/backup\/it\/sejour-printemps-porticcio-2024\/#1-i-circuiti>I circuiti<\/a><\/li><li><a href=https:\/\/centcols.org\/backup\/it\/sejour-printemps-porticcio-2024\/#2-alloggio>Alloggio<\/a><\/li><li><a href=https:\/\/centcols.org\/backup\/it\/sejour-printemps-porticcio-2024\/#3-iscrizioni>Iscrizioni<\/a><\/li><li><a href=https:\/\/centcols.org\/backup\/it\/sejour-printemps-porticcio-2024\/#4-opuscolo>Opuscolo<\/a><\/li><li><a href=https:\/\/centcols.org\/backup\/it\/sejour-printemps-porticcio-2024\/#5-non-c%C3%A8-solo-la-bicicletta-nella-vita>Non c&#8217;\u00e8 solo la bicicletta nella vita<\/a><\/li><\/ul><\/div><\/div><\/div>\n\n\n<p>Officine ciclistiche<\/p>\n\n\n\n<h2 class=\"wp-block-heading\" id=\"0-porticcio-e-i-suoi-dintorni\">Porticcio e i suoi dintorni<\/h2>\n\n\n\n<p><strong>Il<\/strong>\u00a0<strong>Golfo d&#8217;Ajaccio <\/strong>\u00e8 il pi\u00f9 grande dei 4 grandi golfi della costa occidentale della Corsica. La sua sponda settentrionale ospita l&#8217;area urbana di Ajaccio e si estende fino alle famose isole Sanguinarie, che chiudono il golfo a nord. La costa meridionale \u00e8 molto pi\u00f9 lunga, con diverse punte sormontate da torri genovesi che delimitano insenature secondarie. Capu di Muru chiude il golfo a sud.<\/p>\n\n\n<p><div class=\"leaflet-map WPLeafletMap\" style=\"height:600px; width:100%;\"><\/div><script>\nwindow.WPLeafletMapPlugin = window.WPLeafletMapPlugin || [];\nwindow.WPLeafletMapPlugin.push(function WPLeafletMapShortcode() {\/*<script>*\/\nvar baseUrl = atob('aHR0cHM6Ly97c30udGlsZS5vcGVuc3RyZWV0bWFwLm9yZy97en0ve3h9L3t5fS5wbmc=');\nvar base = (!baseUrl && window.MQ) ?\n    window.MQ.mapLayer() : L.tileLayer(baseUrl,\n        L.Util.extend({}, {\n            detectRetina: 0,\n        },\n        {\"subdomains\":\"abc\",\"noWrap\":false,\"maxZoom\":18}        )\n    );\n    var options = L.Util.extend({}, {\n        layers: [base],\n        attributionControl: false\n    },\n    {\"zoomControl\":true,\"scrollWheelZoom\":true,\"doubleClickZoom\":false,\"fitBounds\":false,\"minZoom\":0,\"maxZoom\":18,\"maxBounds\":null,\"attribution\":\"<a href=\\\"http:\\\/\\\/leafletjs.com\\\">Leaflet<\\\/a>; \\u00a9 <a href=\\\"http:\\\/\\\/www.openstreetmap.org\\\/copyright\\\">OpenStreetMap<\\\/a> contributors\"},\n    {});\nwindow.WPLeafletMapPlugin.createMap(options).setView([41.895,8.807],12);});<\/script><br \/>\n<script>\nwindow.WPLeafletMapPlugin = window.WPLeafletMapPlugin || [];\nwindow.WPLeafletMapPlugin.push(function WPLeafletMarkerShortcode() {\/*<script>*\/\nvar map = window.WPLeafletMapPlugin.getCurrentMap();\nvar group = window.WPLeafletMapPlugin.getCurrentGroup();\nvar marker_options = window.WPLeafletMapPlugin.getIconOptions({\"iconUrl\":\"\\\/res\\\/lib\\\/leaflet\\\/images\\\/hotel.png\",\"iconSize\":\"24,72\",\"popupAnchor\":\"0,-32\"});\nvar marker = L.marker(\n    [41.895,8.807],\n    marker_options\n);\nvar is_image = map.is_image_map;\nif (marker_options.draggable) {\n    marker.on('dragend', function () {\n        var latlng = this.getLatLng();\n        var lat = latlng.lat;\n        var lng = latlng.lng;\n        if (is_image) {\n            console.log('leaflet-marker y=' + lat + ' x=' + lng);\n        } else {\n            console.log('leaflet-marker lat=' + lat + ' lng=' + lng);\n        }\n    });\n}\nmarker.addTo( group );\nmarker.bindPopup(window.WPLeafletMapPlugin.unescape('Marina Viva'));window.WPLeafletMapPlugin.markers.push( marker );\n        });<\/script><\/p>\n\n\n\n<p>Mentre Ajaccio occupa da sola la sponda settentrionale del Golfo, la sponda meridionale \u00e8 divisa tra 4 comuni. Infatti, sono le frazioni a trovarsi sulla costa, mentre i capoluoghi ancestrali si trovano in montagna, un tempo al riparo dalle incursioni saracene e dai miasmi delle paludi costiere. Porticcio ne \u00e8 un esempio lampante: il borgo supera di gran lunga il paese di Grosseto Prugna (distante 25 km di strada) in termini di popolazione e di superficie edificata.<\/p>\n\n\n<div class=\"wp-block-image\">\n<figure data-wp-context=\"{&quot;uploadedSrc&quot;:&quot;https:\\\/\\\/centcols.org\\\/backup\\\/wp-content\\\/uploads\\\/2023\\\/10\\\/le-golfe-dAjaccio-depuis-Boca-dArinella.png&quot;,&quot;figureClassNames&quot;:&quot;aligncenter size-full&quot;,&quot;figureStyles&quot;:null,&quot;imgClassNames&quot;:&quot;wp-image-77283&quot;,&quot;imgStyles&quot;:null,&quot;targetWidth&quot;:504,&quot;targetHeight&quot;:609,&quot;scaleAttr&quot;:false,&quot;ariaLabel&quot;:&quot;Ingrandisci l\\u2019immagine&quot;,&quot;alt&quot;:&quot;&quot;}\" data-wp-interactive=\"core\/image\" class=\"aligncenter size-full wp-lightbox-container\"><img loading=\"lazy\" decoding=\"async\" width=\"504\" height=\"609\" data-wp-init=\"callbacks.setButtonStyles\" data-wp-on--click=\"actions.showLightbox\" data-wp-on--load=\"callbacks.setButtonStyles\" data-wp-on-window--resize=\"callbacks.setButtonStyles\" src=\"https:\/\/centcols.org\/backup\/wp-content\/uploads\/2023\/10\/le-golfe-dAjaccio-depuis-Boca-dArinella.png\" alt=\"\" class=\"wp-image-77283\" srcset=\"https:\/\/centcols.org\/backup\/wp-content\/uploads\/2023\/10\/le-golfe-dAjaccio-depuis-Boca-dArinella.png 504w, https:\/\/centcols.org\/backup\/wp-content\/uploads\/2023\/10\/le-golfe-dAjaccio-depuis-Boca-dArinella-414x500.png 414w\" sizes=\"(max-width: 504px) 100vw, 504px\" \/><button\n\t\t\tclass=\"lightbox-trigger\"\n\t\t\ttype=\"button\"\n\t\t\taria-haspopup=\"dialog\"\n\t\t\taria-label=\"Ingrandisci l\u2019immagine\"\n\t\t\tdata-wp-init=\"callbacks.initTriggerButton\"\n\t\t\tdata-wp-on--click=\"actions.showLightbox\"\n\t\t\tdata-wp-style--right=\"context.imageButtonRight\"\n\t\t\tdata-wp-style--top=\"context.imageButtonTop\"\n\t\t>\n\t\t\t<svg xmlns=\"http:\/\/www.w3.org\/2000\/svg\" width=\"12\" height=\"12\" fill=\"none\" viewBox=\"0 0 12 12\">\n\t\t\t\t<path fill=\"#fff\" d=\"M2 0a2 2 0 0 0-2 2v2h1.5V2a.5.5 0 0 1 .5-.5h2V0H2Zm2 10.5H2a.5.5 0 0 1-.5-.5V8H0v2a2 2 0 0 0 2 2h2v-1.5ZM8 12v-1.5h2a.5.5 0 0 0 .5-.5V8H12v2a2 2 0 0 1-2 2H8Zm2-12a2 2 0 0 1 2 2v2h-1.5V2a.5.5 0 0 0-.5-.5H8V0h2Z\" \/>\n\t\t\t<\/svg>\n\t\t<\/button><\/figure><\/div>\n\n\n<p>Trasporto marittimo<\/p>\n\n\n\n<p>Il porto di sbarco preferito per arrivare a Porticcio \u00e8, ovviamente, Ajaccio. Ma anche il porto di Propriano, a 50 km da Porticcio, \u00e8 un&#8217;opzione.<\/p>\n\n\n\n<p>Ci sono due scelte per il porto d&#8217;imbarco:<\/p>\n\n\n\n<p>&#8211; quello della compagnia, in base ai servizi e al prezzo<\/p>\n\n\n\n<p>&#8211; il porto d&#8217;imbarco, a seconda della provenienza<\/p>\n\n\n\n<p>La <a href=\"https:\/\/www.lameridionale.fr\/fr\" target=\"_blank\" rel=\"noreferrer noopener\"><strong>Compagnie Meridionale<\/strong><\/a> e <a href=\"https:\/\/www.corsicalinea.com\" target=\"_blank\" rel=\"noreferrer noopener\"><strong>Corsica Linea<\/strong><\/a> partono da Marsiglia.<\/p>\n\n\n\n<p>La <a href=\"https:\/\/www.corsica-ferries.fr\" target=\"_blank\" rel=\"noreferrer noopener\"><strong>Corsica Ferries<\/strong><\/a> a Toulon e Nice come porti di partenza<\/p>\n\n\n\n<p>Abbiamo ottenuto una riduzione del prezzo del trasporto dalla Compagnie M\u00e9ridionale. Sia per l&#8217;andata che per il ritorno, la nave lascia generalmente la banchina alle 19:00 a Marsiglia e ad Ajaccio per raggiungere il porto di sbarco verso le 07:00 del mattino successivo.<\/p>\n\n\n\n<h2 class=\"wp-block-heading\" id=\"1-i-circuiti\">I circuiti<\/h2>\n\n\n\n<p>I percorsi del primo soggiorno del 2010 non sono stati ripetuti sistematicamente, ma quelli del 2024 si sovrapporranno inevitabilmente ad essi.<\/p>\n\n\n\n<p>Dal 2010, molti passi sono stati aggiunti al catalogo dei passi in Francia, o lo saranno nel prossimo futuro, grazie al costante lavoro del GT-FR.<\/p>\n\n\n\n<p>Un avvertimento. La Corsica non \u00e8 una terra di mountain bike, a causa dell&#8217;assenza di lunghe piste interconnesse, e i sentieri sono generalmente ripidi, sassosi e spesso invasi da una vegetazione aggressiva. Tuttavia, sono previste 9 percorsi MTB (4 riconosciuti ad oggi e 4 in progetto) che possono essere definite brevi e con una pendenza adatta al ciclista anziano. La scala di valutazione varia da piacevole per molte di esse a altamente sgradevole per almeno un percorso.<\/p>\n\n\n\n<p class=\"has-text-align-center\"><a href=\"https:\/\/centcols.org\/backup\/wp-content\/uploads\/2024\/01\/situation-parcours-VTT.pdf\" target=\"_blank\" rel=\"noreferrer noopener\">Localizzazione dei percorsi MTB<\/a><\/p>\n\n\n\n<div class=\"wp-block-columns is-layout-flex wp-container-core-columns-is-layout-1 wp-block-columns-is-layout-flex\">\n<div class=\"wp-block-column is-layout-flow wp-block-column-is-layout-flow\">\n<p><a href=\"https:\/\/www.openrunner.com\/route-details\/16902642\" target=\"_blank\" rel=\"noreferrer noopener\">V1 Autour de Punta di Lisa<\/a><\/p>\n\n\n\n<p><a href=\"https:\/\/www.openrunner.com\/route-details\/16601227\" target=\"_blank\" rel=\"noreferrer noopener\">V2 La cr\u00eate de San Sisto<\/a><\/p>\n\n\n\n<p><a href=\"https:\/\/www.openrunner.com\/route-details\/18000069\" target=\"_blank\" rel=\"noreferrer noopener\">V3 La for\u00eat de Vero<\/a><\/p>\n<\/div>\n\n\n\n<div class=\"wp-block-column is-layout-flow wp-block-column-is-layout-flow\">\n<p><a href=\"https:\/\/www.openrunner.com\/route-details\/16962072\" target=\"_blank\" rel=\"noreferrer noopener\">V4 Sarra d\u2019Aramina<\/a><\/p>\n\n\n\n<p><a href=\"https:\/\/www.openrunner.com\/route-details\/16998445\" target=\"_blank\" rel=\"noreferrer noopener\">V5 Tolla<\/a><\/p>\n\n\n\n<p><a href=\"https:\/\/www.openrunner.com\/route-details\/17874223\" target=\"_blank\" rel=\"noreferrer noopener\">V6 La cr\u00eate de Punta d\u2019Urghjavari<\/a><\/p>\n<\/div>\n\n\n\n<div class=\"wp-block-column is-layout-flow wp-block-column-is-layout-flow\">\n<p><a href=\"https:\/\/www.openrunner.com\/route-details\/17878910\" target=\"_blank\" rel=\"noreferrer noopener\">V7 Bocca d\u2019Aghja di Bastiani<\/a><\/p>\n\n\n\n<p><a href=\"https:\/\/www.openrunner.com\/route-details\/16631826\" target=\"_blank\" rel=\"noreferrer noopener\">V8a Coti-Chiavari court<\/a><\/p>\n\n\n\n<p><a href=\"https:\/\/www.openrunner.com\/route-details\/16923439\" target=\"_blank\" rel=\"noreferrer noopener\">V8b Coti-Chiavari long<\/a><\/p>\n<\/div>\n<\/div>\n\n\n\n<div class=\"wp-block-stackable-divider stk-block-divider stk-block stk-b8ae9bc\" data-block-id=\"b8ae9bc\"><hr class=\"stk-block-divider__hr\"\/><\/div>\n\n\n\n<p class=\"has-text-align-center\"><a href=\"https:\/\/centcols.org\/backup\/wp-content\/uploads\/2024\/01\/situation-parcours-routiers-1.pdf\" target=\"_blank\" rel=\"noreferrer noopener\">Localizzazione dei percorsi stradali<\/a><\/p>\n\n\n\n<p>Ma sono 11 i percorsi stradali offerti per questo soggiorno. Le strade piccole, tranquille e bucoliche sono state privilegiate rispetto a quelle trafficate (queste ultime, generalmente percorse in discesa). Si attraversano molti villaggi e le magnifiche viste sulla costa o sulle montagne della Corsica punteggiano la giornata di viaggio. I passi stradali dell&#8217;isola sono numerosi e possono essere raggiunti in bicicletta dal centro di accoglienza o con un ragionevole avvicinamento in auto. Vale la pena notare che la stessa citt\u00e0 di Ajaccio pu\u00f2 essere raggiunta solo attraverso una serie di passi. \u00c8 possibile utilizzare una bici Gravel per raggiungere alcuni dei passi vicini alla strada.<\/p>\n\n\n\n<div class=\"wp-block-columns is-layout-flex wp-container-core-columns-is-layout-2 wp-block-columns-is-layout-flex\">\n<div class=\"wp-block-column is-layout-flow wp-block-column-is-layout-flow\">\n<p><a href=\"https:\/\/www.openrunner.com\/route-details\/16261302\" target=\"_blank\" rel=\"noreferrer noopener\">R1 Le Balcon du Golfe d\u2019Ajaccio<\/a><\/p>\n\n\n\n<p><a href=\"https:\/\/www.openrunner.com\/route-details\/17720702\" target=\"_blank\" rel=\"noreferrer noopener\">R2 L\u2019Ornano<\/a><\/p>\n\n\n\n<p><a href=\"https:\/\/www.openrunner.com\/route-details\/16908107\" target=\"_blank\" rel=\"noreferrer noopener\">R3 La vall\u00e9e du Prunelli<\/a><\/p>\n\n\n\n<p><a href=\"https:\/\/www.openrunner.com\/route-details\/17726185\" target=\"_blank\" rel=\"noreferrer noopener\">R4 La basse vall\u00e9e de la Gravona<\/a><\/p>\n\n\n\n<p><a href=\"https:\/\/www.openrunner.com\/route-details\/17725835\" target=\"_blank\" rel=\"noreferrer noopener\">G2 L\u2019Ornano gravel<\/a><\/p>\n<\/div>\n\n\n\n<div class=\"wp-block-column is-layout-flow wp-block-column-is-layout-flow\">\n<p><a href=\"https:\/\/www.openrunner.com\/route-details\/17009490\" target=\"_blank\" rel=\"noreferrer noopener\">R5a le Col de la Vaccia court<\/a><\/p>\n\n\n\n<p><a href=\"https:\/\/www.openrunner.com\/route-details\/17009380\" target=\"_blank\" rel=\"noreferrer noopener\">R5b le Col de la Vaccia long<\/a><\/p>\n\n\n\n<p><a href=\"https:\/\/www.openrunner.com\/route-details\/16912993\" target=\"_blank\" rel=\"noreferrer noopener\">R6 Bocca di Sarzoggio et di Tartavellu<\/a><\/p>\n\n\n\n<p><a href=\"https:\/\/www.openrunner.com\/route-details\/16261707\" target=\"_blank\" rel=\"noreferrer noopener\">R7 Bocca di Scalella et Col de Vizzavona<\/a><\/p>\n<\/div>\n\n\n\n<div class=\"wp-block-column is-layout-flow wp-block-column-is-layout-flow\">\n<p><a href=\"https:\/\/www.openrunner.com\/route-details\/16927525\" target=\"_blank\" rel=\"noreferrer noopener\">R8 Col de San Bastiani<\/a><\/p>\n\n\n\n<p><a href=\"https:\/\/www.openrunner.com\/route-details\/16261785\" target=\"_blank\" rel=\"noreferrer noopener\">R9 Le Cruzini<\/a><\/p>\n\n\n\n<p><a href=\"https:\/\/www.openrunner.com\/route-details\/16975870\" target=\"_blank\" rel=\"noreferrer noopener\">R10 Piana et Porto<\/a><\/p>\n\n\n\n<p><a href=\"https:\/\/www.openrunner.com\/route-details\/17719795\" target=\"_blank\" rel=\"noreferrer noopener\">R11 Col de Verde et Col de Sorba<\/a><\/p>\n<\/div>\n<\/div>\n\n\n\n<h2 class=\"wp-block-heading\" id=\"2-alloggio\">Alloggio<\/h2>\n\n\n\n<p>Soggiorneremo all&#8217;hotel Club Marina Viva. Il resort si trova all&#8217;estremit\u00e0 del Golfo di Ajaccio, separato dal Mediterraneo da una stretta striscia di sabbia dorata dominata dalla torre genovese di Capitello. Il centro \u00e8 immerso in un&#8217;area boschiva con pini, eucalipti, mimose e palme.<\/p>\n\n\n\n<p>Marina Viva dista 13 km dal porto di Ajaccio su strada. Quanto dura il viaggio? Varia a seconda dell&#8217;ora del giorno!<br>Un bus navetta fa la spola tra Porticcio e Ajaccio pi\u00f9 volte al giorno. Il molo dista meno di 1 km da Marina Viva.<\/p>\n\n\n\n<figure class=\"wp-block-gallery has-nested-images columns-2 is-cropped wp-block-gallery-1 is-layout-flex wp-block-gallery-is-layout-flex\">\n<figure class=\"wp-block-image size-large\"><a href=\"https:\/\/centcols.org\/backup\/wp-content\/uploads\/2024\/02\/restaurant-hotel-Club-Marina-Viva.jpg\"><img loading=\"lazy\" decoding=\"async\" width=\"1200\" height=\"800\" data-id=\"79789\" src=\"https:\/\/centcols.org\/backup\/wp-content\/uploads\/2024\/02\/restaurant-hotel-Club-Marina-Viva.jpg\" alt=\"\" class=\"wp-image-79789\" srcset=\"https:\/\/centcols.org\/backup\/wp-content\/uploads\/2024\/02\/restaurant-hotel-Club-Marina-Viva.jpg 1200w, https:\/\/centcols.org\/backup\/wp-content\/uploads\/2024\/02\/restaurant-hotel-Club-Marina-Viva-500x333.jpg 500w, https:\/\/centcols.org\/backup\/wp-content\/uploads\/2024\/02\/restaurant-hotel-Club-Marina-Viva-768x512.jpg 768w, https:\/\/centcols.org\/backup\/wp-content\/uploads\/2024\/02\/restaurant-hotel-Club-Marina-Viva-600x400.jpg 600w\" sizes=\"(max-width: 1200px) 100vw, 1200px\" \/><\/a><figcaption class=\"wp-element-caption\">restaurant\u00a9Club Marina Viva<\/figcaption><\/figure>\n\n\n\n<figure class=\"wp-block-image size-large\"><a href=\"https:\/\/centcols.org\/backup\/wp-content\/uploads\/2024\/02\/chambre-hotel-Club-Marina-Viva.jpg\"><img loading=\"lazy\" decoding=\"async\" width=\"1200\" height=\"800\" data-id=\"79777\" src=\"https:\/\/centcols.org\/backup\/wp-content\/uploads\/2024\/02\/chambre-hotel-Club-Marina-Viva.jpg\" alt=\"\" class=\"wp-image-79777\" srcset=\"https:\/\/centcols.org\/backup\/wp-content\/uploads\/2024\/02\/chambre-hotel-Club-Marina-Viva.jpg 1200w, https:\/\/centcols.org\/backup\/wp-content\/uploads\/2024\/02\/chambre-hotel-Club-Marina-Viva-500x333.jpg 500w, https:\/\/centcols.org\/backup\/wp-content\/uploads\/2024\/02\/chambre-hotel-Club-Marina-Viva-768x512.jpg 768w, https:\/\/centcols.org\/backup\/wp-content\/uploads\/2024\/02\/chambre-hotel-Club-Marina-Viva-600x400.jpg 600w\" sizes=\"(max-width: 1200px) 100vw, 1200px\" \/><\/a><figcaption class=\"wp-element-caption\">chambre\u00a9Club Marina Viva<\/figcaption><\/figure>\n\n\n\n<figure class=\"wp-block-image size-large\"><a href=\"https:\/\/centcols.org\/backup\/wp-content\/uploads\/2024\/02\/hotel-Club-Marina-Viva.jpg\"><img loading=\"lazy\" decoding=\"async\" width=\"1200\" height=\"800\" data-id=\"79783\" src=\"https:\/\/centcols.org\/backup\/wp-content\/uploads\/2024\/02\/hotel-Club-Marina-Viva.jpg\" alt=\"\" class=\"wp-image-79783\" srcset=\"https:\/\/centcols.org\/backup\/wp-content\/uploads\/2024\/02\/hotel-Club-Marina-Viva.jpg 1200w, https:\/\/centcols.org\/backup\/wp-content\/uploads\/2024\/02\/hotel-Club-Marina-Viva-500x333.jpg 500w, https:\/\/centcols.org\/backup\/wp-content\/uploads\/2024\/02\/hotel-Club-Marina-Viva-768x512.jpg 768w, https:\/\/centcols.org\/backup\/wp-content\/uploads\/2024\/02\/hotel-Club-Marina-Viva-600x400.jpg 600w\" sizes=\"(max-width: 1200px) 100vw, 1200px\" \/><\/a><figcaption class=\"wp-element-caption\">h\u00f4tel\u00a9Club Marina Viva<\/figcaption><\/figure>\n<\/figure>\n\n\n\n<div class=\"wp-block-columns is-layout-flex wp-container-core-columns-is-layout-3 wp-block-columns-is-layout-flex\">\n<div class=\"wp-block-column is-layout-flow wp-block-column-is-layout-flow\" style=\"flex-basis:50%\">\n<p>&nbsp;<a href=\"https:\/\/www.marinaviva.fr\/\" target=\"_blank\" rel=\"noreferrer noopener\">H\u00f4tel Club Marina Viva<\/a> , D55,&nbsp;&nbsp;20166 PORTICCIO. Tel : +33 4 95 25 25 58.<\/p>\n\n\n\n<p>indirizzo mail : <a href=\"mailto:hotel@marinaviva.fr\">hotel@marinaviva.fr<\/a><\/p>\n\n\n\n<p>Per chi desidera andare in camping, ci sono due campeggi nelle vicinanze.<\/p>\n\n\n\n<p><strong><a href=\"https:\/\/www.porticcio-camping.fr\/\" target=\"_blank\" rel=\"noreferrer noopener\">Camping B\u00e9nista<\/a>,<\/strong> Boulevard Marie &#8211; Jeanne Bozzi, 20166 PORTICCIO. Tel : +33 9 74 56 40 23<\/p>\n\n\n\n<p><a href=\"http:\/\/camping-prunelli.com\/\" target=\"_blank\" rel=\"noreferrer noopener\"><strong>Camping <\/strong><strong>Prunelli<\/strong><\/a>, r\u00e9sidence du Prunelli 1, 20166 CAURO. Tel : +33 4 95 25 19 23<\/p>\n\n\n\n<p>&nbsp;<\/p>\n<\/div>\n\n\n\n<div class=\"wp-block-column has-very-light-gray-background-color has-background is-layout-flow wp-block-column-is-layout-flow\" style=\"flex-basis:50%\">\n<div class=\"wp-block-group\"><div class=\"wp-block-group__inner-container is-layout-constrained wp-block-group-is-layout-constrained\">\n<h2 class=\"wp-block-heading has-text-align-center\" id=\"note-du-conseil-d-administration\">Nota del Consiglio d\u2019amministrazione<\/h2>\n\n\n\n<p>Se il vostro alloggio \u00e8 organizzato altrove rispetto al villaggio turistico, vorremmo comunque sapere della vostra partecipazione al soggiorno, per 3 motivi:<\/p>\n<\/div><\/div>\n\n\n\n<ol>\n<li>Per poter dimensionare correttamente gli eventi comuni (sessioni informative, feste di benvenuto e di addio).<\/li>\n\n\n\n<li>Per potervi dividere in pi\u00f9 gruppi lungo i percorsi e migliorare la sicurezza di tutti.<\/li>\n\n\n\n<li>Per facilitare agli organizzatori la gestione di eventuali imprevisti.<\/li>\n<\/ol>\n<\/div>\n<\/div>\n\n\n\n<h2 class=\"wp-block-heading\" id=\"3-iscrizioni\">Iscrizioni<\/h2>\n\n\n\n<p>Per iscriversi, scaricare il modulo di iscrizione in formato PDF dal link sottostante e seguire le istruzioni ivi contenute. Il termine ultimo per la ricezione delle iscrizioni \u00e8 il 15 febbraio 2024.<br>Scarica il modulo di iscrizione:<\/p>\n\n\n\n<p>Qui \u00e8 possibile sfogliare l&#8217;opuscolo che verr\u00e0 distribuito durante il soggiorno e che, oltre ai messaggi di benvenuto, contiene informazioni sulla regione e su come raggiungerla, consigli di sicurezza e descrizioni dettagliate delle escursioni.<\/p>\n\n\n\n<p>T\u00e9l\u00e9charger le bulletin \/ download the booking form \/ scarica il modulo<\/p>\n\n\n\n<div class=\"wp-block-columns is-layout-flex wp-container-core-columns-is-layout-4 wp-block-columns-is-layout-flex\">\n<div class=\"wp-block-column is-layout-flow wp-block-column-is-layout-flow\">\n<p><a href=\"https:\/\/centcols.org\/backup\/wp-content\/uploads\/2023\/10\/Bulletin-dinscription.pdf\" target=\"_blank\" rel=\"noreferrer noopener\">Bulletin d\u2019Inscription Porticcio<\/a><\/p>\n\n\n\n<p><a href=\"https:\/\/centcols.org\/backup\/wp-content\/uploads\/2023\/11\/booking-form-Porticcio-in-English.pdf\" target=\"_blank\" rel=\"noreferrer noopener\">Booking form Porticcio<\/a><\/p>\n\n\n\n<p><a href=\"https:\/\/centcols.org\/backup\/wp-content\/uploads\/2023\/10\/Bulletin-dinscription_IT.pdf\">Modulo d\u2019iscrizione Porticcio<\/a><\/p>\n<\/div>\n\n\n\n<div class=\"wp-block-column is-layout-flow wp-block-column-is-layout-flow\">\n<p><a href=\"https:\/\/centcols.org\/backup\/wp-content\/uploads\/2021\/06\/Gritchen_Covid19_Gritchen_FR.pdf\" target=\"_blank\" rel=\"noreferrer noopener\">Gritchen copertura  Covid 19<\/a><\/p>\n\n\n\n<p><a href=\"https:\/\/centcols.org\/backup\/wp-content\/uploads\/2021\/06\/CGA-Residence-de-tourisme-Cent-cols.pdf\" target=\"_blank\" rel=\"noreferrer noopener\">Condizioni generali assicurazione Gritchen<\/a><\/p>\n<\/div>\n<\/div>\n\n\n\n<h2 class=\"wp-block-heading\" id=\"4-opuscolo\">Opuscolo<\/h2>\n\n\n\n<p><strong><a href=\"https:\/\/centcols.org\/backup\/wp-content\/uploads\/2024\/02\/livret-corse-2024-02-10.pdf\" title=\"\">Qui<\/a><\/strong> \u00e8 possibile sfogliare l&#8217;opuscolo che verr\u00e0 distribuito all&#8217;inizio del soggiorno e che, oltre ai messaggi di benvenuto, contiene informazioni sulla regione e su come raggiungerla, informazioni sulla sicurezza e una descrizione dettagliata dei percorsi.<\/p>\n\n\n\n<p>In questa versione digitale, \u00e8 possibile visualizzare i passi su una cartina e vedere le loro foto cliccando sul codice di ciascun passo (alle pagine 12,13,14,15 e 49,50,51 del programma provvisorio per strada e mountain bike).<\/p>\n\n\n<div class=\"wp-block-image\">\n<figure class=\"aligncenter size-medium\"><a href=\"https:\/\/centcols.org\/backup\/wp-content\/uploads\/2024\/02\/livret-corse-2024-02-10.pdf\" target=\"_blank\" rel=\"noreferrer noopener\"><img loading=\"lazy\" decoding=\"async\" width=\"353\" height=\"500\" src=\"https:\/\/centcols.org\/backup\/wp-content\/uploads\/2024\/02\/livret-corse-353x500.jpg\" alt=\"\" class=\"wp-image-79800\" srcset=\"https:\/\/centcols.org\/backup\/wp-content\/uploads\/2024\/02\/livret-corse-353x500.jpg 353w, https:\/\/centcols.org\/backup\/wp-content\/uploads\/2024\/02\/livret-corse-847x1200.jpg 847w, https:\/\/centcols.org\/backup\/wp-content\/uploads\/2024\/02\/livret-corse-768x1088.jpg 768w, https:\/\/centcols.org\/backup\/wp-content\/uploads\/2024\/02\/livret-corse-600x850.jpg 600w, https:\/\/centcols.org\/backup\/wp-content\/uploads\/2024\/02\/livret-corse.jpg 875w\" sizes=\"(max-width: 353px) 100vw, 353px\" \/><\/a><\/figure><\/div>\n\n\n<h2 class=\"wp-block-heading\" id=\"5-non-c%C3%A8-solo-la-bicicletta-nella-vita\">Non c&#8217;\u00e8 solo la bicicletta nella vita<\/h2>\n\n\n\n<p>I non ciclisti e i ciclisti intermittenti possono approfittare del loro soggiorno per visitare il patrimonio edilizio e naturale di questa parte della Corsica.<\/p>\n\n\n\n<p><strong>Arrivare ad Ajaccio<\/strong><\/p>\n\n\n\n<p>Esiste un servizio navetta tra il porto di Ajaccio e Porticcio.<\/p>\n\n\n\n<p>Porticcio: molo all&#8217;estremit\u00e0 meridionale della spiaggia, a circa 1 km da Marina Viva.<\/p>\n\n\n\n<p>Ajaccio: porto vecchio, molto vicino al centro citt\u00e0.<\/p>\n\n\n\n<p><a href=\"https:\/\/www.ca-ajaccien.corsica\/muvistrada\/\" target=\"_blank\" rel=\"noreferrer noopener\">Orari e trasporti nel comune d&#8217;Ajaccio<\/a><\/p>\n\n\n\n<p><strong>Cosa vedere a Ajaccio e dintorni<\/strong><\/p>\n\n\n\n<p>Alcuni buoni indirizzi :<\/p>\n\n\n\n<p>&#8211; <a href=\"https:\/\/www.ajaccio-tourisme.com\/decouvrir\/visites-et-patrimoine\/\" target=\"_blank\" rel=\"noreferrer noopener\">ufficio del turismo d&#8217;Ajaccio<\/a><\/p>\n\n\n\n<p>&#8211; <a href=\"https:\/\/generationvoyage.fr\/visiter-ajaccio-faire-voir\/\" target=\"_blank\" rel=\"noreferrer noopener\">le 10 cose imperdibili da fare ad Ajaccio<\/a><\/p>\n\n\n\n<p>&#8211; <a href=\"https:\/\/www.voyagetips.com\/que-faire-a-ajaccio\/\" target=\"_blank\" rel=\"noreferrer noopener\">cosa fare ad&nbsp; Ajaccio<\/a><\/p>\n\n\n\n<p>&#8211; il Mus\u00e9e Fesch, secondo solo al Louvre per quanto riguarda i dipinti italiani<\/p>\n\n\n\n<p>&#8211; la Maison Bonaparte, la casa natale di Napoleone 1\u00b0<\/p>\n\n\n\n<p>&#8211; le piazze principali della citt\u00e0 e Napoleone 1\u00b0, Le Casone, Place Diamant, Place Foch<\/p>\n\n\n\n<p>&#8211; il sito di Parata e le isole Sanguinarie in autobus o in barca.<\/p>\n\n\n\n<p>&#8211; Passeggiate da facili a pi\u00f9 difficili :<\/p>\n\n\n\n<div class=\"wp-block-stackable-icon-list stk-block-icon-list stk-block stk-6d1a2cf\" data-block-id=\"6d1a2cf\"><svg style=\"display:none\"><defs><g id=\"stk-icon-list__icon-svg-def-6d1a2cf\"><svg xmlns=\"http:\/\/www.w3.org\/2000\/svg\" viewBox=\"0 0 190 190\"><polygon points=\"173.8,28.4 60.4,141.8 15.7,97.2 5.1,107.8 60.4,163 184.4,39 173.8,28.4\"\/><\/svg><\/g><\/defs><\/svg><ul class=\"stk-block-icon-list__ul stk-block-icon-list--column\">\n<li class=\"wp-block-stackable-icon-list-item stk-block-icon-list-item stk-block stk-6aae5de\" data-block-id=\"6aae5de\"><div class=\"stk-block-icon-list-item__content\"><span class=\"stk--svg-wrapper\"><div class=\"stk--inner-svg\"><svg aria-hidden=\"true\" width=\"32\" height=\"32\"><use xlink:href=\"#stk-icon-list__icon-svg-def-6d1a2cf\"><\/use><\/svg><\/div><\/span><span class=\"stk-block-icon-list-item__text\"><a href=\"https:\/\/www.openrunner.com\/route-details\/17794519\" target=\"_blank\" rel=\"noreferrer noopener\">RP 1 La Parata<\/a>&nbsp;:<\/span><\/div><\/li>\n\n\n\n<li class=\"wp-block-stackable-icon-list-item stk-block-icon-list-item stk-block stk-ce3ff69\" data-block-id=\"ce3ff69\"><div class=\"stk-block-icon-list-item__content\"><span class=\"stk--svg-wrapper\"><div class=\"stk--inner-svg\"><svg aria-hidden=\"true\" width=\"32\" height=\"32\"><use xlink:href=\"#stk-icon-list__icon-svg-def-6d1a2cf\"><\/use><\/svg><\/div><\/span><span class=\"stk-block-icon-list-item__text\"><a href=\"https:\/\/www.openrunner.com\/route-details\/17865887\" target=\"_blank\" rel=\"noreferrer noopener\">RP 2 le sentier des cr\u00eates<\/a>&nbsp;:<\/span><\/div><\/li>\n\n\n\n<li class=\"wp-block-stackable-icon-list-item stk-block-icon-list-item stk-block stk-918fbd7\" data-block-id=\"918fbd7\"><div class=\"stk-block-icon-list-item__content\"><span class=\"stk--svg-wrapper\"><div class=\"stk--inner-svg\"><svg aria-hidden=\"true\" width=\"32\" height=\"32\"><use xlink:href=\"#stk-icon-list__icon-svg-def-6d1a2cf\"><\/use><\/svg><\/div><\/span><span class=\"stk-block-icon-list-item__text\"><a href=\"https:\/\/www.openrunner.com\/route-details\/17864976\" target=\"_blank\" rel=\"noreferrer noopener\">RP 3 le belv\u00e9d\u00e8re des cr\u00eates<\/a><\/span><\/div><\/li>\n\n\n\n<li class=\"wp-block-stackable-icon-list-item stk-block-icon-list-item stk-block stk-03be8a4\" data-block-id=\"03be8a4\"><div class=\"stk-block-icon-list-item__content\"><span class=\"stk--svg-wrapper\"><div class=\"stk--inner-svg\"><svg aria-hidden=\"true\" width=\"32\" height=\"32\"><use xlink:href=\"#stk-icon-list__icon-svg-def-6d1a2cf\"><\/use><\/svg><\/div><\/span><span class=\"stk-block-icon-list-item__text\"><a href=\"https:\/\/www.openrunner.com\/route-details\/17794580\" target=\"_blank\" rel=\"noreferrer noopener\">RP 4 La Tour de Frassu par le Mare a Mare Centre<\/a><\/span><\/div><\/li>\n\n\n\n<li class=\"wp-block-stackable-icon-list-item stk-block-icon-list-item stk-block stk-0370dd2\" data-block-id=\"0370dd2\"><div class=\"stk-block-icon-list-item__content\"><span class=\"stk--svg-wrapper\"><div class=\"stk--inner-svg\"><svg aria-hidden=\"true\" width=\"32\" height=\"32\"><use xlink:href=\"#stk-icon-list__icon-svg-def-6d1a2cf\"><\/use><\/svg><\/div><\/span><span class=\"stk-block-icon-list-item__text\"><a href=\"https:\/\/www.openrunner.com\/route-details\/17794674\" target=\"_blank\" rel=\"noreferrer noopener\">RP 5 Le p\u00e9nitencier de Chiavari<\/a><\/span><\/div><\/li>\n\n\n\n<li class=\"wp-block-stackable-icon-list-item stk-block-icon-list-item stk-block stk-96faec6\" data-block-id=\"96faec6\"><div class=\"stk-block-icon-list-item__content\"><span class=\"stk--svg-wrapper\"><div class=\"stk--inner-svg\"><svg aria-hidden=\"true\" width=\"32\" height=\"32\"><use xlink:href=\"#stk-icon-list__icon-svg-def-6d1a2cf\"><\/use><\/svg><\/div><\/span><span class=\"stk-block-icon-list-item__text\"><a href=\"https:\/\/www.openrunner.com\/route-details\/17794693\" target=\"_blank\" rel=\"noreferrer noopener\">RP 6 La tourde Capu di Muru et a Madonella<\/a><\/span><\/div><\/li>\n\n\n\n<li class=\"wp-block-stackable-icon-list-item stk-block-icon-list-item stk-block stk-3ba9f28\" data-block-id=\"3ba9f28\"><div class=\"stk-block-icon-list-item__content\"><span class=\"stk--svg-wrapper\"><div class=\"stk--inner-svg\"><svg aria-hidden=\"true\" width=\"32\" height=\"32\"><use xlink:href=\"#stk-icon-list__icon-svg-def-6d1a2cf\"><\/use><\/svg><\/div><\/span><span class=\"stk-block-icon-list-item__text\"><a href=\"https:\/\/www.openrunner.com\/route-details\/17794736\" target=\"_blank\" rel=\"noreferrer noopener\">RP 7 L\u2019Aragnascu<\/a><\/span><\/div><\/li>\n\n\n\n<li class=\"wp-block-stackable-icon-list-item stk-block-icon-list-item stk-block stk-302b6ee\" data-block-id=\"302b6ee\"><div class=\"stk-block-icon-list-item__content\"><span class=\"stk--svg-wrapper\"><div class=\"stk--inner-svg\"><svg aria-hidden=\"true\" width=\"32\" height=\"32\"><use xlink:href=\"#stk-icon-list__icon-svg-def-6d1a2cf\"><\/use><\/svg><\/div><\/span><span class=\"stk-block-icon-list-item__text\"><a href=\"https:\/\/www.openrunner.com\/route-details\/17794746\" target=\"_blank\" rel=\"noreferrer noopener\">RP 8 Le Rocher des Gozzi<\/a><\/span><\/div><\/li>\n<\/ul><\/div>\n\n\n\n<p>&#8211; visite varie<\/p>\n\n\n\n<p>\u2022 ll <a href=\"\/\/www.acupulatta.com\/\" target=\"_blank\" rel=\"noreferrer noopener\">parc A Cupulatta<\/a>, parco unico in Europa per le tartarughe<\/p>\n\n\n\n<p>\u2022 <a href=\"\/\/www.corsicapam.com\/presentation.html\" target=\"_blank\" rel=\"noreferrer noopener\">distilleria di oli essenziali Corsica-Pam<\/a><\/p>\n\n\n\n<p>\u2022 <a href=\"\/\/www.mandriolu.com\/\" target=\"_blank\" rel=\"noreferrer noopener\">distilleria di oli essenziali Mandriolu<\/a><\/p>\n\n\n\n<p>\u2022 <a href=\"\/\/www.visit-corsica.com\/Mon-sejour\/Artisans-d-art\/Tous-les-artisans-d-art\/CECCALDI-ARTISAN-COUTELIER\" target=\"_blank\" rel=\"noreferrer noopener\">coltellerie corse<\/a><\/p>\n\n\n\n<p>&#8211; insoliti :<\/p>\n\n\n\n<p>\u2022 <a href=\"\/\/www.bouger-voyager.com\/bains-de-guitera\/\" target=\"_blank\" rel=\"noreferrer noopener\">les bains de Guitera<\/a>, bagni rustici, accesso libero, acque sulfuree e curativa a 42\u00b0<\/p>\n\n\n\n<p>\u2022 <a href=\"https:\/\/www.visit-corsica.com\/Mon-sejour\/Activites-Loisirs\/Toutes-les-activites\/LES-BAINS-DE-CALDANE\" target=\"_blank\" rel=\"noreferrer noopener\">bains naturels de Caldane<\/a>, bagni 38\u00b0, acqua leggermente sulfurea, ristorazione<\/p>\n\n\n\n<p>\u2022&nbsp;<a href=\"https:\/\/www.celavuprunelli.corsica\/fr\/activite\/le-petit-train-du-maquis\/\" target=\"_blank\" rel=\"noreferrer noopener\">le petit train du maquis<\/a>&nbsp;: visita guidata del maquis in trenino o a piedi<\/p>\n","protected":false},"excerpt":{"rendered":"<p>Le s\u00e9jour d\u2019\u00e9t\u00e9 2024 se d\u00e9roulera du 29 juin au 06 juillet 2024 dans le d\u00e9partement de l\u2019Ard\u00e8che. Il a \u00e9t\u00e9 pr\u00e9par\u00e9 par une petite \u00e9quipe\u00a0 : Corinne Dameron, Roland Dameron et Bernard Pommel. Situ\u00e9 dans la r\u00e9gion Auvergne-Rh\u00f4ne-Alpes, nich\u00e9 au coeur des paysages pittoresques de l\u2019Ard\u00e8che m\u00e9ridionale, Vog\u00fce s\u2019est construit \u00e0 l\u2019abri des vents, au pied d\u2019une falaise de cinquante m\u00e8tres de haut, le long de la rivi\u00e8re Ard\u00e8che.<\/p>\n","protected":false},"author":69,"featured_media":77287,"comment_status":"closed","ping_status":"closed","sticky":false,"template":"","format":"standard","meta":{"_acf_changed":false,"ub_ctt_via":"","_monsterinsights_skip_tracking":false,"_monsterinsights_sitenote_active":false,"_monsterinsights_sitenote_note":"","_monsterinsights_sitenote_category":0,"footnotes":""},"categories":[263],"tags":[],"acf":[],"featured_image_urls":{"full":["https:\/\/centcols.org\/backup\/wp-content\/uploads\/2023\/10\/le-golfe-dAjaccio-depuis-Boca-dArinella.png",504,609,false],"thumbnail":["https:\/\/centcols.org\/backup\/wp-content\/uploads\/2023\/10\/le-golfe-dAjaccio-depuis-Boca-dArinella-300x300.png",300,300,true],"medium":["https:\/\/centcols.org\/backup\/wp-content\/uploads\/2023\/10\/le-golfe-dAjaccio-depuis-Boca-dArinella-414x500.png",414,500,true],"medium_large":["https:\/\/centcols.org\/backup\/wp-content\/uploads\/2023\/10\/le-golfe-dAjaccio-depuis-Boca-dArinella.png",504,609,false],"large":["https:\/\/centcols.org\/backup\/wp-content\/uploads\/2023\/10\/le-golfe-dAjaccio-depuis-Boca-dArinella.png",504,609,false],"1536x1536":["https:\/\/centcols.org\/backup\/wp-content\/uploads\/2023\/10\/le-golfe-dAjaccio-depuis-Boca-dArinella.png",504,609,false],"2048x2048":["https:\/\/centcols.org\/backup\/wp-content\/uploads\/2023\/10\/le-golfe-dAjaccio-depuis-Boca-dArinella.png",504,609,false],"woocommerce_thumbnail":["https:\/\/centcols.org\/backup\/wp-content\/uploads\/2023\/10\/le-golfe-dAjaccio-depuis-Boca-dArinella-300x300.png",300,300,true],"woocommerce_single":["https:\/\/centcols.org\/backup\/wp-content\/uploads\/2023\/10\/le-golfe-dAjaccio-depuis-Boca-dArinella.png",504,609,false],"woocommerce_gallery_thumbnail":["https:\/\/centcols.org\/backup\/wp-content\/uploads\/2023\/10\/le-golfe-dAjaccio-depuis-Boca-dArinella-100x100.png",100,100,true]},"post_excerpt_stackable":"<p>Le s\u00e9jour d\u2019\u00e9t\u00e9 2024 se d\u00e9roulera du 29 juin au 06 juillet 2024 dans le d\u00e9partement de l\u2019Ard\u00e8che. Il a \u00e9t\u00e9 pr\u00e9par\u00e9 par une petite \u00e9quipe\u00a0 : Corinne Dameron, Roland Dameron et Bernard Pommel. Situ\u00e9 dans la r\u00e9gion Auvergne-Rh\u00f4ne-Alpes, nich\u00e9 au coeur des paysages pittoresques de l\u2019Ard\u00e8che m\u00e9ridionale, Vog\u00fce s\u2019est construit \u00e0 l\u2019abri des vents, au pied d\u2019une falaise de cinquante m\u00e8tres de haut, le long de la rivi\u00e8re Ard\u00e8che.<\/p>\n","category_list":"<a href=\"https:\/\/centcols.org\/backup\/it\/categorie\/sejours-it\/\" rel=\"category tag\">Soggiorni<\/a>","author_info":{"display_name":"Enrico Alberini","author_link":"https:\/\/centcols.org\/backup\/it\/author\/5065\/"},"comments_num":"0 commenti","featured_image_urls_v2":{"full":["https:\/\/centcols.org\/backup\/wp-content\/uploads\/2023\/10\/le-golfe-dAjaccio-depuis-Boca-dArinella.png",504,609,false],"thumbnail":["https:\/\/centcols.org\/backup\/wp-content\/uploads\/2023\/10\/le-golfe-dAjaccio-depuis-Boca-dArinella-300x300.png",300,300,true],"medium":["https:\/\/centcols.org\/backup\/wp-content\/uploads\/2023\/10\/le-golfe-dAjaccio-depuis-Boca-dArinella-414x500.png",414,500,true],"medium_large":["https:\/\/centcols.org\/backup\/wp-content\/uploads\/2023\/10\/le-golfe-dAjaccio-depuis-Boca-dArinella.png",504,609,false],"large":["https:\/\/centcols.org\/backup\/wp-content\/uploads\/2023\/10\/le-golfe-dAjaccio-depuis-Boca-dArinella.png",504,609,false],"1536x1536":["https:\/\/centcols.org\/backup\/wp-content\/uploads\/2023\/10\/le-golfe-dAjaccio-depuis-Boca-dArinella.png",504,609,false],"2048x2048":["https:\/\/centcols.org\/backup\/wp-content\/uploads\/2023\/10\/le-golfe-dAjaccio-depuis-Boca-dArinella.png",504,609,false],"woocommerce_thumbnail":["https:\/\/centcols.org\/backup\/wp-content\/uploads\/2023\/10\/le-golfe-dAjaccio-depuis-Boca-dArinella-300x300.png",300,300,true],"woocommerce_single":["https:\/\/centcols.org\/backup\/wp-content\/uploads\/2023\/10\/le-golfe-dAjaccio-depuis-Boca-dArinella.png",504,609,false],"woocommerce_gallery_thumbnail":["https:\/\/centcols.org\/backup\/wp-content\/uploads\/2023\/10\/le-golfe-dAjaccio-depuis-Boca-dArinella-100x100.png",100,100,true]},"post_excerpt_stackable_v2":"<p>Le s\u00e9jour d\u2019\u00e9t\u00e9 2024 se d\u00e9roulera du 29 juin au 06 juillet 2024 dans le d\u00e9partement de l\u2019Ard\u00e8che. Il a \u00e9t\u00e9 pr\u00e9par\u00e9 par une petite \u00e9quipe\u00a0 : Corinne Dameron, Roland Dameron et Bernard Pommel. Situ\u00e9 dans la r\u00e9gion Auvergne-Rh\u00f4ne-Alpes, nich\u00e9 au coeur des paysages pittoresques de l\u2019Ard\u00e8che m\u00e9ridionale, Vog\u00fce s\u2019est construit \u00e0 l\u2019abri des vents, au pied d\u2019une falaise de cinquante m\u00e8tres de haut, le long de la rivi\u00e8re Ard\u00e8che.<\/p>\n","category_list_v2":"<a href=\"https:\/\/centcols.org\/backup\/it\/categorie\/sejours-it\/\" rel=\"category tag\">Soggiorni<\/a>","author_info_v2":{"name":"Enrico Alberini","url":"https:\/\/centcols.org\/backup\/it\/author\/5065\/"},"comments_num_v2":"0 commenti","featured_image_src":"https:\/\/centcols.org\/backup\/wp-content\/uploads\/2023\/10\/le-golfe-dAjaccio-depuis-Boca-dArinella.png","_links":{"self":[{"href":"https:\/\/centcols.org\/backup\/it\/wp-json\/wp\/v2\/posts\/79797"}],"collection":[{"href":"https:\/\/centcols.org\/backup\/it\/wp-json\/wp\/v2\/posts"}],"about":[{"href":"https:\/\/centcols.org\/backup\/it\/wp-json\/wp\/v2\/types\/post"}],"author":[{"embeddable":true,"href":"https:\/\/centcols.org\/backup\/it\/wp-json\/wp\/v2\/users\/69"}],"replies":[{"embeddable":true,"href":"https:\/\/centcols.org\/backup\/it\/wp-json\/wp\/v2\/comments?post=79797"}],"version-history":[{"count":0,"href":"https:\/\/centcols.org\/backup\/it\/wp-json\/wp\/v2\/posts\/79797\/revisions"}],"wp:featuredmedia":[{"embeddable":true,"href":"https:\/\/centcols.org\/backup\/it\/wp-json\/wp\/v2\/media\/77287"}],"wp:attachment":[{"href":"https:\/\/centcols.org\/backup\/it\/wp-json\/wp\/v2\/media?parent=79797"}],"wp:term":[{"taxonomy":"category","embeddable":true,"href":"https:\/\/centcols.org\/backup\/it\/wp-json\/wp\/v2\/categories?post=79797"},{"taxonomy":"post_tag","embeddable":true,"href":"https:\/\/centcols.org\/backup\/it\/wp-json\/wp\/v2\/tags?post=79797"}],"curies":[{"name":"wp","href":"https:\/\/api.w.org\/{rel}","templated":true}]}}