{"id":80647,"date":"2024-04-16T20:13:56","date_gmt":"2024-04-16T18:13:56","guid":{"rendered":"https:\/\/centcols.org\/backup\/jean-perdoux\/"},"modified":"2024-05-03T18:34:31","modified_gmt":"2024-05-03T16:34:31","slug":"jean-perdoux","status":"publish","type":"post","link":"https:\/\/centcols.org\/backup\/it\/jean-perdoux\/","title":{"rendered":"Jean Perdoux"},"content":{"rendered":"\n<p>Jean Perdoux, presidente fondatore del Club des Cent Cols, \u00e8 morto il 13 marzo all&#8217;et\u00e0 di 87 anni. Una lunga pagina della storia del Club des Cent Cols \u00e8 stata voltata. Abbiamo perso la nostra guida, ma non le sue idee.<\/p>\n\n\n\n<figure class=\"wp-block-image size-large\"><img loading=\"lazy\" decoding=\"async\" width=\"1200\" height=\"1200\" src=\"https:\/\/centcols.org\/backup\/wp-content\/uploads\/2024\/04\/jeanperdoux-galibier-1-1200x1200.jpg\" alt=\"\" class=\"wp-image-80521\" srcset=\"https:\/\/centcols.org\/backup\/wp-content\/uploads\/2024\/04\/jeanperdoux-galibier-1-1200x1200.jpg 1200w, https:\/\/centcols.org\/backup\/wp-content\/uploads\/2024\/04\/jeanperdoux-galibier-1-500x500.jpg 500w, https:\/\/centcols.org\/backup\/wp-content\/uploads\/2024\/04\/jeanperdoux-galibier-1-300x300.jpg 300w, https:\/\/centcols.org\/backup\/wp-content\/uploads\/2024\/04\/jeanperdoux-galibier-1-768x768.jpg 768w, https:\/\/centcols.org\/backup\/wp-content\/uploads\/2024\/04\/jeanperdoux-galibier-1-600x600.jpg 600w, https:\/\/centcols.org\/backup\/wp-content\/uploads\/2024\/04\/jeanperdoux-galibier-1-100x100.jpg 100w, https:\/\/centcols.org\/backup\/wp-content\/uploads\/2024\/04\/jeanperdoux-galibier-1.jpg 1431w\" sizes=\"(max-width: 1200px) 100vw, 1200px\" \/><\/figure>\n\n\n\n<figure class=\"wp-block-image size-full\"><img loading=\"lazy\" decoding=\"async\" width=\"1200\" height=\"675\" src=\"https:\/\/centcols.org\/backup\/wp-content\/uploads\/2024\/04\/plannicolas.jpg\" alt=\"\" class=\"wp-image-80515\" srcset=\"https:\/\/centcols.org\/backup\/wp-content\/uploads\/2024\/04\/plannicolas.jpg 1200w, https:\/\/centcols.org\/backup\/wp-content\/uploads\/2024\/04\/plannicolas-500x281.jpg 500w, https:\/\/centcols.org\/backup\/wp-content\/uploads\/2024\/04\/plannicolas-768x432.jpg 768w, https:\/\/centcols.org\/backup\/wp-content\/uploads\/2024\/04\/plannicolas-600x338.jpg 600w\" sizes=\"(max-width: 1200px) 100vw, 1200px\" \/><figcaption class=\"wp-element-caption\">3 presidenti al Collet du Plan Nicolas durante la scalata del Col du Galibier per l&#8217;80\u00b0 compleanno di Henri Dusseau nel 2013. \u00a9Foto G\u00e9rard Galland<\/figcaption><\/figure>\n\n\n\n<div class=\"wp-block-columns is-layout-flex wp-container-core-columns-is-layout-1 wp-block-columns-is-layout-flex\">\n<div class=\"wp-block-column is-layout-flow wp-block-column-is-layout-flow\">\n<h2 class=\"wp-block-heading\">Incipit dell&#8217;\u00e9ditoriale del Presidente sulla prossima rivista<\/h2>\n\n\n\n<p>Una triste notizia: Jean Perdoux non \u00e8 pi\u00f9 con noi<\/p>\n\n\n\n<p>Jean Perdoux, presidente fondatore del Club des Cent Cols, \u00e8 morto il 13 marzo all&#8217;et\u00e0 di 87 anni. Si chiude cos\u00ec un lungo capitolo della storia del Club des Cent Cols. Abbiamo perso la nostra guida, ma non le sue idee.<\/p>\n\n\n\n<p>Chi era Jean? Jean Perdoux era una persona straordinaria che ha fatto cose straordinarie.&nbsp; Senza di lui, il Club des Cent Cols non sarebbe mai esistito, non ci saremmo mai incontrati. Dobbiamo quindi ringraziare la nostra fortuna che Jean abbia creato questa associazione, che ci permette di praticare il nostro sport, il ciclismo, in modo appassionato. Jean ci ha dato uno scopo e degli obiettivi.&nbsp; Jean \u00e8 stato anche responsabile della costruzione della pista ciclabile intorno al lago di Annecy.&nbsp; Questa pista ha una lunga storia ed \u00e8 stata completata solo nel 2022. Jean ci ha raccontato la storia del lago di Annecy e della pista ciclabile durante la sosta a Le Bon Wagon durante il giro del lago la domenica mattina del 6 novembre 2022, il giorno dopo l&#8217;Assemblea generale del 50\u00b0 anniversario del Club. Naturalmente, Jean ha fatto molte altre cose nella sua vita per aiutare gli altri, la FFCT e la sua comunit\u00e0 locale. Jean era un uomo generoso.<\/p>\n\n\n\n<p>Jean sar\u00e0 sempre nei nostri ricordi e lo ricorderemo ogni volta che attraverseremo un passo di montagna.&nbsp; Un ottimo modo per ricordare Jean \u00e8 che molti ciclisti completino il Challenge &#8220;Les Cent Cols de Jean Perdoux&#8221;, per la quale bisogna valicare i primi cento passi scalati dal presidente fondatore del Club.<\/p>\n\n\n\n<p>Il Consiglio direttivo del Club ha deciso di intitolare a Jean il tradizionale raduno internazionale, che a partire dal prossimo incontro si chiamer\u00e0 &#8220;Rassemblement International Annuel Jean Perdoux&#8221;. Siete tutti invitati a partecipare domenica 30 giugno 2024 dalle ore 11.00 nel comune di Juvinas, nel dipartimento dell&#8217;Ard\u00e8che, vicino al Col de Juvinas, FR-07-0718.<\/p>\n\n\n\n<p>Enrico Alberini<br>Presidente del Club des Cent Cols<\/p>\n\n\n\n<h2 class=\"wp-block-heading\">Ecco alcune delle testimonianze raccolte dopo la sua morte :<\/h2>\n\n\n\n<blockquote class=\"wp-block-quote is-layout-flow wp-block-quote-is-layout-flow\">\n<p>Emozioni e ricordi alla notizia della morte di Jean Perdoux.<br>Emozione per aver perso l&#8217;uomo che ha avuto la brillante idea della nostra Confr\u00e8rie, che continua a riunire gli appassionati di mountain bike a pi\u00f9 di 50 anni dalla sua creazione.<br>I ricordi delle tante riunioni in cui Jean evocava nei suoi discorsi i valori dello sforzo, dell&#8217;aiuto reciproco, dell&#8217;amicizia e della semplicit\u00e0 che gli stavano tanto a cuore. Ricordi anche delle riunioni generali a cui ha sempre partecipato, di persona o inviando un messaggio.<br>Le mie condoglianze a Tanou, ai figli e a tutta la famiglia. Claude B\u00e9nistrand CC 0284 e Presidente Onorario<\/p>\n\n\n\n<p>La notizia della morte di Jean-Perdoux \u00e8 davvero molto triste!<br>\u00c8 stato il padre fondatore della nostra grande confraternita e un ex membro del consiglio della FFCT. Oltre ai passi di montagna, era molto appassionato di vecchie cartoline, in particolare di quelle umoristiche sul tema del ciclismo che pubblico di tanto in tanto sulla mia pagina Facebook, come gli piaceva raccontare\u2026<br>Addio, caro Jean!<br>Le mie condoglianze alla sua famiglia. Jean-Marc Lef\u00e8vre CC3331<\/p>\n\n\n\n<p>Ho ricevuto l&#8217;informazione da molte persone perch\u00e9 Jean era conosciuto e riconosciuto da molto tempo per tutto quello che ha dato al cicloturismo, alla 100 cols, ma anche alla federazione e al dipartimento dell&#8217;Alta Savoia e a tutti coloro con cui ha lavorato.<br>Non potr\u00f2 venire ad Annecy marted\u00ec per il funerale, ma la Federazione sar\u00e0 rappresentata.<br>Cordiali saluti Martine Cano Presidente della Federazione ciclistica francese<\/p>\n\n\n\n<p>Buona sera a tutti voi,<br>Bei ricordi\u2026 la visita ad Annecy per il 40\u00b0 anniversario della CCC (2012), l&#8217;incontro a Luitel nel 2022, la scalata del Galibier (e la foto al Collet de Plan Nicolas nel 2013) per l&#8217;80\u00b0 compleanno di Henri Dusseau. Le mie condoglianze alla sua famiglia e ai suoi amici\u2026<br>E amicizia a tutti, impossibile dimenticare Jean \u2026 dichiarando un passaggio. G\u00e9rard GALLAND CCC 933<\/p>\n\n\n\n<p>Cari Cencolisti,<br>Come tutti i membri, sono rattristato da questa notizia. Non vedremo pi\u00f9 tutti i presidenti presenti davanti a noi, come ad Annecy.<br>Non conoscevo Jean, gli ho solo espresso la mia gratitudine in occasione dell&#8217;assemblea del cinquantenario.<br>Condoglianze alla sua famiglia. VAILLOUD christian CC 5215<\/p>\n\n\n\n<p>Un pensiero per questo momento<br>Grazie di cuore a Jean per il successo e lo sviluppo di questo club\u2026 per il quale non avrei conosciuto n\u00e9 potuto scoprire le nostre belle montagne\u2026 Fran\u00e7oise Valluche<\/p>\n\n\n\n<p>Salve,<br>Non conoscevo personalmente Jean Perdoux, ma come tutti hanno sottolineato, 50 anni fa \u00e8 stato l&#8217;ideatore di un progetto che ancora oggi affascina molti amanti della montagna.<br>Non parteciper\u00f2 al funerale di Jean Perdoux.<br>Il mio pensiero va alla sua famiglia.<br>I miei pensieri sono rivolti alla sua famiglia. Jean-Luc Matte<\/p>\n\n\n\n<p>L&#8217;et\u00e0 e la disabilit\u00e0 non ci permettono pi\u00f9 di percorrere lunghe distanze, ma saremo sempre grati a Jean Perdoux per aver fondato questo club che amiamo e per averci permesso di scoprire le montagne sotto una luce diversa, con passi di ogni tipo dove la ricompensa per lo sforzo valeva la pena di andare oltre noi stessi. Grazie a lui, avremo sempre un pensiero amichevole per lui quando ricorderemo le nostre escursioni ai passi. Maryl\u00e8ne e Claude DUPONT<\/p>\n\n\n\n<p>\u00c8 davvero una brutta notizia, perch\u00e9 abbiamo perso un grande creatore e appassionato di natura.<br>Saluto la memoria di un fondatore che ci ha permesso di condividere la sua passione. La scoperta e la ricerca di passaggi ci ha permesso di superare noi stessi e di fare conoscenze meravigliose all&#8217;interno di questo immenso club.<br>Penso che da lass\u00f9 continuer\u00e0 a vegliare su questa magnifica organizzazione che \u00e8 la 100 cols.<br>Sincere condoglianze alla sua famiglia. Edouard Escribano cc 6741<\/p>\n\n\n\n<p>Buona sera<br>Il mio pensiero va a Jean Perdoux, il fondatore del Club des Cent Cols.<br>Sono entrato nel club nel 1994, 30 anni fa, lui lo ha creato nel 1972.<br>So quanto gli devo, \u2026 Grazie.<br>Porgo le mie condoglianze a tutti i suoi familiari, amici e cari. Yves Blache, cent cols n\u00b03876.<\/p>\n\n\n\n<p>La morte di Jean Perdoux, con cui avevamo un rapporto speciale, \u00e8 una notizia molto triste. Chantal ha contattato Tanou, la moglie di Jean, per comunicarle il nostro dolore e augurarle il meglio per i giorni a venire. Purtroppo non potremo partecipare al funerale, perch\u00e9 Chantal dovr\u00e0 occuparsi di sua madre, che ha 102 anni.<br>Auguri di cuore. Alain Gillodes<\/p>\n\n\n\n<p>Signor Presidente, la prego di trasmettere le mie condoglianze alla famiglia. La sua creazione, il Cent Cols, un&#8217;idea semplice e geniale, continuer\u00e0 a vivere e ogni passaggio sar\u00e0 un modo per rendergli omaggio.<br>Cordiali saluti J-P LESCOUEZEC<\/p>\n\n\n\n<p>Naturalmente, ho appreso con grande tristezza la notizia della morte di Jean.<br>Lo conoscevo come presidente dei cicloturisti di CHAMBERY quando avevo 15 anni e all&#8217;epoca avevo fatto qualche gita con lui.<br>e mi ha trasmesso molte delle sue conoscenze.<br>Jean era un collega di mio padre, Gilbert, nell&#8217;azienda Bourgey et Montreuil a Chamb\u00e9ry e poi ad Annecy.<br>Ho avuto il piacere di incontrarlo in occasione dell&#8217;Assemblea generale del cinquantenario ad Annecy.<br>Non potr\u00f2 partecipare alla cerimonia di marted\u00ec, ma penser\u00f2 a lui e a tutti i membri del CCC. Pierre Barrucand N\u00b0 3926 nato il 1\u00b0 ottobre 1949.<\/p>\n<\/blockquote>\n\n\n\n<h2 class=\"wp-block-heading\">Discorso di R\u00e9gis Paraz in occasione delle esquie<\/h2>\n\n\n\n<p>Non ho alcun mandato ufficiale per intervenire a nome del Club des Cent Cols, ma \u00e8 come amico ed ex presidente del club che vorrei rendergli omaggio e offrire alla sua famiglia il mio sostegno in questo momento doloroso.<\/p>\n\n\n\n<p>Abbiamo instaurato un rapporto pi\u00f9 personale nel 2011, quando ci siamo incontrati per preparare le celebrazioni del quarantesimo anniversario del Club des Cent Cols nel 2012.<\/p>\n\n\n\n<p>Sono entrato a far parte del Club des Cent Cols nel 1991 e la prima volta che ho visto Jean \u00e8 stato al Col du Luitel, durante i festeggiamenti per il ventesimo anniversario del Club des Cent Cols, che aveva fondato nel 1972. Il Col du Luitel era il centesimo passo diverso che Jean aveva scalato nella sua carriera di cicloturista e fu l\u00ec che ebbe l&#8217;idea di riunire tutti i ciclisti che amavano andare in montagna e scalare i passi.<\/p>\n\n\n\n<p>Nonostante il tempo uggioso, l&#8217;11 luglio 1992 c&#8217;era una grande folla per festeggiare questo evento, a riprova del fatto che la sua idea era un tesoro di intelligenza e di creativit\u00e0 che ha risuonato con molti \u201caficionados\u201d.<\/p>\n\n\n\n<p>Socio anonimo e inesperto, ho scoperto attraverso il discorso che ha tenuto quel giorno le sue profonde convinzioni, la sua filosofia e il suo impegno nel cicloturismo. In occasione di altri raduni e assemblee generali, ha espresso sempre le stesse convinzioni.<\/p>\n\n\n\n<p>Le regole del gioco che aveva stabilito riflettevano il suo gusto per la fatica e la sua fiducia nell&#8217;uomo; erano semplici e basate sulla fiducia, e tutti dichiaravano di aver attraversato i passi con la sola forza dei muscoli.<\/p>\n\n\n\n<p>Jean era un umanista con un forte impegno per la condivisione. Se voleva riunire le persone intorno alla sua passione per il cicloturismo e la montagna, era anche per difendere valori come l&#8217;amicizia, la lealt\u00e0, la convivialit\u00e0 e l&#8217;aiuto reciproco.<\/p>\n\n\n\n<p>Questa idea di condivisione si rifletteva nei suoi raduni; istituzionalizz\u00f2 la condivisione di pane, vino e formaggio.<\/p>\n\n\n\n<p>La sua idea di riunire le persone fece un ulteriore passo avanti promuovendo l&#8217;internazionalizzazione del Club. La sua idea ha superato i confini e ha attirato ciclisti da molti Paesi e da tutti i continenti.<\/p>\n\n\n\n<p>Una forza unificante che ha ispirato pi\u00f9 di 8.000 uomini e donne, guidati dalla sua potente idea.<\/p>\n\n\n\n<p>Uomo impegnato, sostenne la causa del cicloturismo come direttore della FFCT nei primi anni Settanta. Qui conobbe Jacques Faizant, membro del Consiglio di amministrazione, che fu uno dei primi membri del Club des Cent Cols e forn\u00ec gratuitamente alcuni suoi disegni per illustrare la rivista annuale. Nel 1975 ha fondato il Comit\u00e9 D\u00e9partemental de Cyclotourisme de Haute-Savoie. Ciclista eclettico, contribu\u00ec anche alla promozione del ciclismo urbano come presidente del Club des Villes Cyclables. \u00c8 stato il motore della magnifica pista ciclabile lungo le rive del lago di Annecy.<\/p>\n\n\n\n<p>Durante il mio impegno nel Club des Cent Cols, mi sono impegnato a mantenere lo spirito di tolleranza e i valori a cui era tanto legato. Ho trovato in lui una fonte di sostegno, di consigli e di parole gentili, sia alle riunioni del Club sia a casa sua, dove Tanou preparava il pranzo annuale.<\/p>\n\n\n\n<p>Una lunga pagina della storia del Club des Cent Cols \u00e8 stata appena voltata. Anche il Club \u00e8 in lutto. Condividiamo il profondo dolore della famiglia per la perdita di Jean, fondatore e anima del club. La sua passione, la sua dedizione e la sua visione hanno lasciato un segno in tutti noi. Nonostante la crudele assenza di Jean, il Club des Cent Cols continuer\u00e0 il suo cammino, portando con s\u00e9 la preziosa <\/p>\n\n\n\n<p>eredit\u00e0 che ci ha lasciato. Ogni salita, ogni chilometro percorso sar\u00e0 un vibrante tributo alla sua memoria. Jean rimarr\u00e0 per sempre impresso nei nostri cuori e sulle cime che amava conquistare.<br>Le mie pi\u00f9 sincere condoglianze<\/p>\n\n\n\n<h2 class=\"wp-block-heading\"> Bernard Pommel ha concluso il suo rapporto sui passi attraversati da Napoleone come segue<\/h2>\n\n\n\n<p>\u00ab Napol\u00e9on : epilogo \u00bb<\/p>\n\n\n\n<p>Era l&#8217;autunno del 1820. Napoleone, che languiva a Sant&#8217;Elena, decise di passare il tempo contando i passi che aveva attraversato. Il suo conteggio si avvicinava e addirittura superava di poco il centinaio. \u201cBene\u201d, si disse, \u201cdopo aver creato la Legione d&#8217;Onore, potrei creare un club per chi ha scalato 100 passi\u2026 Lo chiamerei \u2018Legione dei Cento Passi\u2019 o qualcosa del genere\u2026 La regola sarebbe: per entrare nel club, bisogna aver scalato almeno cento passi diversi\u2026\u201d.<br>Ma come? Con quali mezzi di trasporto? Bisognava contare allo stesso modo quelle fatte a piedi, a cavallo o con un veicolo trainato da cavalli?<br>Napoleone ci pens\u00f2 per qualche istante, non trov\u00f2 una soluzione e abbandon\u00f2 l&#8217;idea.<\/p>\n\n\n\n<p>150 anni dopo, vicino a Luitel, un certo Jean Perdoux\u2026<\/p>\n\n\n\n<p><a href=\"https:\/\/centcols.org\/backup\/historique\/historique_du_ccc.htm\" target=\"_blank\" rel=\"noreferrer noopener\">https:\/\/centcols.org\/backup\/historique\/historique_du_ccc.htm<\/a><\/p>\n\n\n\n<p><\/p>\n<\/div>\n<\/div>\n","protected":false},"excerpt":{"rendered":"<p>Jean Perdoux, pr\u00e9sident fondateur du Club des Cent Cols est d\u00e9c\u00e9d\u00e9 le 13 mars \u00e0 l\u2019\u00e2ge de 87 ans. C\u2019est une longue page de l\u2019histoire du Club des Cent Cols qui se tourne. Nous avons perdu notre guide, pas ses id\u00e9es.<\/p>\n","protected":false},"author":17,"featured_media":80525,"comment_status":"closed","ping_status":"closed","sticky":false,"template":"","format":"standard","meta":{"_acf_changed":false,"ub_ctt_via":"","_monsterinsights_skip_tracking":false,"_monsterinsights_sitenote_active":false,"_monsterinsights_sitenote_note":"","_monsterinsights_sitenote_category":0,"footnotes":""},"categories":[631],"tags":[],"acf":[],"featured_image_urls":{"full":["https:\/\/centcols.org\/backup\/wp-content\/uploads\/2024\/04\/jeanperdoux-galibier-1.jpg",1431,1431,false],"thumbnail":["https:\/\/centcols.org\/backup\/wp-content\/uploads\/2024\/04\/jeanperdoux-galibier-1-300x300.jpg",300,300,true],"medium":["https:\/\/centcols.org\/backup\/wp-content\/uploads\/2024\/04\/jeanperdoux-galibier-1-500x500.jpg",500,500,true],"medium_large":["https:\/\/centcols.org\/backup\/wp-content\/uploads\/2024\/04\/jeanperdoux-galibier-1-768x768.jpg",768,768,true],"large":["https:\/\/centcols.org\/backup\/wp-content\/uploads\/2024\/04\/jeanperdoux-galibier-1-1200x1200.jpg",1200,1200,true],"1536x1536":["https:\/\/centcols.org\/backup\/wp-content\/uploads\/2024\/04\/jeanperdoux-galibier-1.jpg",1431,1431,false],"2048x2048":["https:\/\/centcols.org\/backup\/wp-content\/uploads\/2024\/04\/jeanperdoux-galibier-1.jpg",1431,1431,false],"woocommerce_thumbnail":["https:\/\/centcols.org\/backup\/wp-content\/uploads\/2024\/04\/jeanperdoux-galibier-1-300x300.jpg",300,300,true],"woocommerce_single":["https:\/\/centcols.org\/backup\/wp-content\/uploads\/2024\/04\/jeanperdoux-galibier-1-600x600.jpg",600,600,true],"woocommerce_gallery_thumbnail":["https:\/\/centcols.org\/backup\/wp-content\/uploads\/2024\/04\/jeanperdoux-galibier-1-100x100.jpg",100,100,true]},"post_excerpt_stackable":"<p>Jean Perdoux, pr\u00e9sident fondateur du Club des Cent Cols est d\u00e9c\u00e9d\u00e9 le 13 mars \u00e0 l\u2019\u00e2ge de 87 ans. C\u2019est une longue page de l\u2019histoire du Club des Cent Cols qui se tourne. Nous avons perdu notre guide, pas ses id\u00e9es.<\/p>\n","category_list":"<a href=\"https:\/\/centcols.org\/backup\/it\/categorie\/carnet-noir-it\/\" rel=\"category tag\">Ci hanno lasciato<\/a>","author_info":{"display_name":"R\u00e9gis Paraz","author_link":"https:\/\/centcols.org\/backup\/it\/author\/3225\/"},"comments_num":"0 commenti","featured_image_urls_v2":{"full":["https:\/\/centcols.org\/backup\/wp-content\/uploads\/2024\/04\/jeanperdoux-galibier-1.jpg",1431,1431,false],"thumbnail":["https:\/\/centcols.org\/backup\/wp-content\/uploads\/2024\/04\/jeanperdoux-galibier-1-300x300.jpg",300,300,true],"medium":["https:\/\/centcols.org\/backup\/wp-content\/uploads\/2024\/04\/jeanperdoux-galibier-1-500x500.jpg",500,500,true],"medium_large":["https:\/\/centcols.org\/backup\/wp-content\/uploads\/2024\/04\/jeanperdoux-galibier-1-768x768.jpg",768,768,true],"large":["https:\/\/centcols.org\/backup\/wp-content\/uploads\/2024\/04\/jeanperdoux-galibier-1-1200x1200.jpg",1200,1200,true],"1536x1536":["https:\/\/centcols.org\/backup\/wp-content\/uploads\/2024\/04\/jeanperdoux-galibier-1.jpg",1431,1431,false],"2048x2048":["https:\/\/centcols.org\/backup\/wp-content\/uploads\/2024\/04\/jeanperdoux-galibier-1.jpg",1431,1431,false],"woocommerce_thumbnail":["https:\/\/centcols.org\/backup\/wp-content\/uploads\/2024\/04\/jeanperdoux-galibier-1-300x300.jpg",300,300,true],"woocommerce_single":["https:\/\/centcols.org\/backup\/wp-content\/uploads\/2024\/04\/jeanperdoux-galibier-1-600x600.jpg",600,600,true],"woocommerce_gallery_thumbnail":["https:\/\/centcols.org\/backup\/wp-content\/uploads\/2024\/04\/jeanperdoux-galibier-1-100x100.jpg",100,100,true]},"post_excerpt_stackable_v2":"<p>Jean Perdoux, pr\u00e9sident fondateur du Club des Cent Cols est d\u00e9c\u00e9d\u00e9 le 13 mars \u00e0 l\u2019\u00e2ge de 87 ans. C\u2019est une longue page de l\u2019histoire du Club des Cent Cols qui se tourne. Nous avons perdu notre guide, pas ses id\u00e9es.<\/p>\n","category_list_v2":"<a href=\"https:\/\/centcols.org\/backup\/it\/categorie\/carnet-noir-it\/\" rel=\"category tag\">Ci hanno lasciato<\/a>","author_info_v2":{"name":"R\u00e9gis Paraz","url":"https:\/\/centcols.org\/backup\/it\/author\/3225\/"},"comments_num_v2":"0 commenti","featured_image_src":"https:\/\/centcols.org\/backup\/wp-content\/uploads\/2024\/04\/jeanperdoux-galibier-1.jpg","_links":{"self":[{"href":"https:\/\/centcols.org\/backup\/it\/wp-json\/wp\/v2\/posts\/80647"}],"collection":[{"href":"https:\/\/centcols.org\/backup\/it\/wp-json\/wp\/v2\/posts"}],"about":[{"href":"https:\/\/centcols.org\/backup\/it\/wp-json\/wp\/v2\/types\/post"}],"author":[{"embeddable":true,"href":"https:\/\/centcols.org\/backup\/it\/wp-json\/wp\/v2\/users\/17"}],"replies":[{"embeddable":true,"href":"https:\/\/centcols.org\/backup\/it\/wp-json\/wp\/v2\/comments?post=80647"}],"version-history":[{"count":0,"href":"https:\/\/centcols.org\/backup\/it\/wp-json\/wp\/v2\/posts\/80647\/revisions"}],"wp:featuredmedia":[{"embeddable":true,"href":"https:\/\/centcols.org\/backup\/it\/wp-json\/wp\/v2\/media\/80525"}],"wp:attachment":[{"href":"https:\/\/centcols.org\/backup\/it\/wp-json\/wp\/v2\/media?parent=80647"}],"wp:term":[{"taxonomy":"category","embeddable":true,"href":"https:\/\/centcols.org\/backup\/it\/wp-json\/wp\/v2\/categories?post=80647"},{"taxonomy":"post_tag","embeddable":true,"href":"https:\/\/centcols.org\/backup\/it\/wp-json\/wp\/v2\/tags?post=80647"}],"curies":[{"name":"wp","href":"https:\/\/api.w.org\/{rel}","templated":true}]}}