{"id":80712,"date":"2024-05-08T11:48:15","date_gmt":"2024-05-08T09:48:15","guid":{"rendered":"https:\/\/centcols.org\/backup\/?p=80712"},"modified":"2024-05-08T11:48:15","modified_gmt":"2024-05-08T09:48:15","slug":"sejour-automne-2024","status":"publish","type":"post","link":"https:\/\/centcols.org\/backup\/it\/sejour-automne-2024\/","title":{"rendered":"S\u00e9jour d\u2019automne et Assembl\u00e9e G\u00e9n\u00e9rale \u00e0 Bugeat (Corr\u00e8ze), 27 au 29 septembre 2024"},"content":{"rendered":"\n<p><em>Ont contribu\u00e9 \u00e0 cette page de pr\u00e9sentation du s\u00e9jour Enrico Alberini, Jean Luc Matte, Christophe Badonnel et les responsables informatiques.<\/em><\/p>\n\n\n\n<p>Le s\u00e9jour d\u2019automne 2024 se d\u00e9roulera du 27 au 29 septembre 2024 dans le d\u00e9partement de Corr\u00e8ze. Il a \u00e9t\u00e9 pr\u00e9par\u00e9 par Armelle et Michel Pfeiffer.<\/p>\n\n\n\n<p>Nous s\u00e9journerons dans le village vacances \u201cEspace 1000 Sources\u201d.<\/p>\n\n\n<div class=\"wp-block-ub-table-of-contents-block ub_table-of-contents\" data-showtext=\"show\" data-hidetext=\"hide\" data-scrolltype=\"auto\" id=\"ub_table-of-contents-ccfedd50-6498-402e-b8f5-e9312379c715\" data-initiallyhideonmobile=\"false\"\n                    data-initiallyshow=\"true\"><div class=\"ub_table-of-contents-header-container\"><div class=\"ub_table-of-contents-header\">\n                    <div class=\"ub_table-of-contents-title\">Sommaire<\/div><\/div><\/div><div class=\"ub_table-of-contents-extra-container\"><div class=\"ub_table-of-contents-container ub_table-of-contents-3-column \"><ul><li><a href=https:\/\/centcols.org\/backup\/it\/sejour-automne-2024\/#0-pr%C3%A9sentation-de-la-r%C3%A9gion>Pr\u00e9sentation de la r\u00e9gion<\/a><\/li><li><a href=https:\/\/centcols.org\/backup\/it\/sejour-automne-2024\/#3-circuits>Circuits<\/a><\/li><li><a href=https:\/\/centcols.org\/backup\/it\/sejour-automne-2024\/#4-h%C3%A9bergement>H\u00e9bergement<\/a><\/li><li><a href=https:\/\/centcols.org\/backup\/it\/sejour-automne-2024\/#5-inscriptions>Inscriptions<\/a><ul><li><a href=https:\/\/centcols.org\/backup\/it\/sejour-automne-2024\/#6-bulletin-d%E2%80%99inscription-bugeat-en-fran%C3%A7ais->Bulletin d\u2019Inscription Bugeat en fran\u00e7ais<\/a><\/li><li><a href=https:\/\/centcols.org\/backup\/it\/sejour-automne-2024\/#7-booking-form-bugeat-in-english->Booking form Bugeat in English<\/a><\/li><li><a href=https:\/\/centcols.org\/backup\/it\/sejour-automne-2024\/#8-modulo-d%E2%80%99iscrizione-bugeat-in-italiano->Modulo d\u2019iscrizione Bugeat in italiano<\/a><\/li><\/ul><\/li><li><a href=https:\/\/centcols.org\/backup\/it\/sejour-automne-2024\/#9-autres-activit%C3%A9s-ou-visites>Autres activit\u00e9s ou visites<\/a><\/li><\/ul><\/div><\/div><\/div>\n\n\n<p><strong><u>V\u00e9locistes<\/u><\/strong><\/p>\n\n\n\n<h2 class=\"wp-block-heading\" id=\"0-pr%C3%A9sentation-de-la-r%C3%A9gion\">Pr\u00e9sentation de la r\u00e9gion<\/h2>\n\n\n\n<p>Si on consid\u00e8re le phare de Nividic au large de l\u2019\u00eele de Sein comme \u00e9tant le point le plus occidental de la France m\u00e9tropolitaine, la Marine de Bravone en Corse comme le plus oriental, la fronti\u00e8re Franco-Belge \u00e0 Bray-Dunes le plus septentrional et le Capu di u Beccu aux \u00eeles Lavezzi le plus m\u00e9ridional, vous \u00eates \u00e0 un poil pr\u00e8s pile au point moyen&nbsp;! Franchement il fallait le faire&nbsp;!<\/p>\n\n\n\n<p>Bienvenue donc au Centre Sportif Alain Mimoun. Et oui, non content d\u2019avoir remport\u00e9 le marathon des Jeux Olympiques de Melbourne le 1<sup>er<\/sup> D\u00e9cembre 1956 \u00e0 35 ans en 2 heures 25, il a lanc\u00e9 en 1960 le centre d\u2019entrainement sportif de Bugeat qui sert r\u00e9guli\u00e8rement au niveau national pour la pr\u00e9paration de sportifs de nombreuses disciplines&nbsp;: rugby, athl\u00e9tisme, boxe\u2026\u2026. Bugeat, au coeur du plateau de Millevaches, est une commune rurale de 763 habitants dans le d\u00e9partement de la Corr\u00e8ze. Situ\u00e9e \u00e0 l\u2019\u00e9picentre des trois d\u00e9partements de la r\u00e9gion Limousin, r\u00e9gion autrefois \u00ab&nbsp;autonome&nbsp;\u00bb avant d\u2019\u00eatre \u00ab&nbsp;annex\u00e9e&nbsp;\u00bb \u00e0 la grande r\u00e9gion Nouvelle Aquitaine<\/p>\n\n\n<p><div class=\"leaflet-map WPLeafletMap\" style=\"height:600px; width:100%;\"><\/div><script>\nwindow.WPLeafletMapPlugin = window.WPLeafletMapPlugin || [];\nwindow.WPLeafletMapPlugin.push(function WPLeafletMapShortcode() {\/*<script>*\/\nvar baseUrl = atob('aHR0cHM6Ly97c30udGlsZS5vcGVuc3RyZWV0bWFwLm9yZy97en0ve3h9L3t5fS5wbmc=');\nvar base = (!baseUrl && window.MQ) ?\n    window.MQ.mapLayer() : L.tileLayer(baseUrl,\n        L.Util.extend({}, {\n            detectRetina: 0,\n        },\n        {\"subdomains\":\"abc\",\"noWrap\":false,\"maxZoom\":18}        )\n    );\n    var options = L.Util.extend({}, {\n        layers: [base],\n        attributionControl: false\n    },\n    {\"zoomControl\":true,\"scrollWheelZoom\":true,\"doubleClickZoom\":false,\"fitBounds\":false,\"minZoom\":0,\"maxZoom\":18,\"maxBounds\":null,\"attribution\":\"<a href=\\\"http:\\\/\\\/leafletjs.com\\\">Leaflet<\\\/a>; \\u00a9 <a href=\\\"http:\\\/\\\/www.openstreetmap.org\\\/copyright\\\">OpenStreetMap<\\\/a> contributors\"},\n    {});\nwindow.WPLeafletMapPlugin.createMap(options).setView([45.603,1.931],12);});<\/script><br \/>\n<script>\nwindow.WPLeafletMapPlugin = window.WPLeafletMapPlugin || [];\nwindow.WPLeafletMapPlugin.push(function WPLeafletMarkerShortcode() {\/*<script>*\/\nvar map = window.WPLeafletMapPlugin.getCurrentMap();\nvar group = window.WPLeafletMapPlugin.getCurrentGroup();\nvar marker_options = window.WPLeafletMapPlugin.getIconOptions({\"iconUrl\":\"\\\/res\\\/lib\\\/leaflet\\\/images\\\/hotel.png\",\"iconSize\":\"24,72\",\"popupAnchor\":\"0,-32\"});\nvar marker = L.marker(\n    [45.603,1.931],\n    marker_options\n);\nvar is_image = map.is_image_map;\nif (marker_options.draggable) {\n    marker.on('dragend', function () {\n        var latlng = this.getLatLng();\n        var lat = latlng.lat;\n        var lng = latlng.lng;\n        if (is_image) {\n            console.log('leaflet-marker y=' + lat + ' x=' + lng);\n        } else {\n            console.log('leaflet-marker lat=' + lat + ' lng=' + lng);\n        }\n    });\n}\nmarker.addTo( group );\nmarker.bindPopup(window.WPLeafletMapPlugin.unescape('Espace 1000 Sources'));window.WPLeafletMapPlugin.markers.push( marker );\n        });<\/script><\/p>\n\n\n\n<p>Plateau de Millevaches, Espace 1000 Sources, quel rapport&nbsp;?<\/p>\n\n\n\n<p>Et bien, s\u2019il y a certainement plus de mille vaches sur le plateau, ce n\u2019est pas ce qui explique son nom mais plut\u00f4t le fait qu\u2019il regorge de sources \u00ab&nbsp;vacca&nbsp;\u00bb en patois local, d\u2019origine celtique \u00ab&nbsp;bac&nbsp;\u00bb, \u00ab&nbsp;batz&nbsp;\u00bb qui ont donn\u00e9 \u00ab&nbsp;bacha&nbsp;\u00bb \u00ab&nbsp;bachole&nbsp;\u00bb \u00ab&nbsp;vacca&nbsp;\u00bb\u2026\u2026.<\/p>\n\n\n\n<h5 class=\"wp-block-heading\" id=\"1-ch%C3%A2teau-d%E2%80%99eau-de-la-france-c%E2%80%99est-sur-ce-plateau-granitique-et-dans-un-p%C3%A9rim%C3%A8tre-assez-restreint-que-prennent-leurs-source-la-vienne-la-v%C3%A9z%C3%A8re-et-la-corr%C3%A8ze-la-vienne-bordant-%C3%A0-civaux-la-centrale-nucl%C3%A9aire-le-chauvinisme-local-ne-tarit-pas-sur-le-fait-qu%E2%80%99il-faut-millevaches-pour-nourrir-civaux\">Ch\u00e2teau d\u2019eau de la France, c\u2019est sur ce plateau granitique et dans un p\u00e9rim\u00e8tre assez restreint, que prennent leurs source la Vienne, la V\u00e9z\u00e8re et la Corr\u00e8ze (La Vienne bordant \u00e0 Civaux la centrale nucl\u00e9aire, le chauvinisme local ne tarit pas sur le fait qu\u2019il faut Millevaches pour nourrir Civaux!!).<\/h5>\n\n\n\n<h5 class=\"wp-block-heading\" id=\"2-son-point-culminant-se-situe-au-mont-bessou-%C3%A0-977-m-d%E2%80%99altitude-port%C3%A9-%C3%A0-1000-m-par-une-tour-d%E2%80%99observation-%C3%A0-son-sommet-\">Son point culminant se situe au mont Bessou \u00e0 977 m d\u2019altitude (port\u00e9 \u00e0 1000 m par une tour d\u2019observation \u00e0 son sommet !).<\/h5>\n\n\n\n<p>Son climat froid et humide ne favorise pas vraiment l\u2019acc\u00e9l\u00e9ration de la d\u00e9mographie puisque il y a seulement 18 habitants au km\u00b2 avec m\u00eame un taux inf\u00e9rieur \u00e0 3 habitants au km\u00b2 dans certaines communes. L\u2019exode des populations aujourd\u2019hui stabilis\u00e9 a connu des moments difficiles, particuli\u00e8rement au 19 \u00e8me si\u00e8cle, p\u00e9riode pendant laquelle, pour subvenir aux besoins du foyer, les hommes quittaient la ferme mis\u00e9rable au d\u00e9but du printemps pour ne revenir qu\u2019\u00e0 la fin de l\u2019automne pour rejoindre Paris Lyon ou Bordeaux et construire les nouveaux quartiers haussmanniens.<\/p>\n\n\n\n<p>Peu peupl\u00e9, ce territoire b\u00e9n\u00e9ficie encore, mais pour combien de temps, d\u2019une nature \u00ab&nbsp;tr\u00e8s nature&nbsp;\u00bb. Majoritairement couvert par les landes, essentiellement de bruy\u00e8res, les feuillus sont \u00e0 la base de la couverture foresti\u00e8re initiale, le h\u00eatre dominant largement. Ch\u00e2teau d\u2019eau de la France il faut noter que les rivi\u00e8res d\u00e9butent dans des tourbi\u00e8res, espaces prot\u00e9g\u00e9s dans lesquels on trouve des esp\u00e8ces end\u00e9miques telle la drosera, plante carnivore. (Attention o\u00f9 vous mettez les pieds!) Depuis un si\u00e8cle environ et l\u2019abandon de terres cultiv\u00e9es suite aux d\u00e9parts de population, on a assist\u00e9 \u00e0 un reboisement important en r\u00e9sineux (croissance rapide) qui a modifi\u00e9 consid\u00e9rablement le paysage et conduit aujourd\u2019hui \u00e0 des coupes importantes (les arbres \u00e9tant \u00e0 maturit\u00e9) qui alimentent plusieurs secteurs \u00e9conomiques pr\u00e9sents dans une relative proximit\u00e9&nbsp;: le papier, les panneaux de bois, les pellets, les plaquettes engendrant par la m\u00eame occasion des coupes de feuillus dont les plus beaux f\u00fbts rejoindront la Chine pour nous revenir sous forme de parquet \u2026..<\/p>\n\n\n\n<p>Occup\u00e9 d\u00e8s le pal\u00e9olithique, de nombreux tumulus t\u00e9moignent de l\u2019activit\u00e9 humaine (Tarnac, Sornac, Millevaches, Bugeat..). La pr\u00e9sence romaine est bien marqu\u00e9e&nbsp;: vestiges des Cars (villa aristocratique), mausol\u00e9es et voies reliant entre autre Lyon \u00e0 Bordeaux.<\/p>\n\n\n\n<p>La p\u00e9riode moyen-ageuse en dehors de la mise en place des espaces g\u00e9r\u00e9s par les religieux ou les militaires n\u2019est pas tr\u00e8s marqu\u00e9e et il faut attendre le milieu du 19 \u00e8me si\u00e8cle pour noter une \u00ab&nbsp;initiative locale&nbsp;\u00bb \u00e0 travers le d\u00e9veloppement de la profession de n\u00e9gociant en vins. En effet, des agriculteurs locaux ont acquis des vins, y compris prestigieux, dans les ch\u00e2teaux autour de Bordeaux et sont all\u00e9s les vendre en Normandie, dans le Nord et jusqu\u2019en Belgique, ramenant au bout de quelques ann\u00e9es des fortunes respectables. Ils ont&nbsp; acquis des domaines viticoles dans la r\u00e9gion bordelaise et ont fait le renom et la \u00ab&nbsp;fortune&nbsp;\u00bb de la petite ville de Meymac, baptis\u00e9e Meymac pr\u00e8s Bordeaux.<\/p>\n\n\n\n<figure class=\"wp-block-gallery has-nested-images columns-2 is-cropped wp-block-gallery-1 is-layout-flex wp-block-gallery-is-layout-flex\">\n<figure class=\"wp-block-image size-medium\"><a href=\"https:\/\/centcols.org\/backup\/wp-content\/uploads\/2024\/05\/Le-pont-de-Senoueix-500x333.jpg\"><img loading=\"lazy\" decoding=\"async\" width=\"500\" height=\"333\" data-id=\"80738\" src=\"https:\/\/centcols.org\/backup\/wp-content\/uploads\/2024\/05\/Le-pont-de-Senoueix-500x333.jpg\" alt=\"\" class=\"wp-image-80738\" srcset=\"https:\/\/centcols.org\/backup\/wp-content\/uploads\/2024\/05\/Le-pont-de-Senoueix-500x333.jpg 500w, https:\/\/centcols.org\/backup\/wp-content\/uploads\/2024\/05\/Le-pont-de-Senoueix-768x512.jpg 768w, https:\/\/centcols.org\/backup\/wp-content\/uploads\/2024\/05\/Le-pont-de-Senoueix-600x400.jpg 600w, https:\/\/centcols.org\/backup\/wp-content\/uploads\/2024\/05\/Le-pont-de-Senoueix.jpg 1200w\" sizes=\"(max-width: 500px) 100vw, 500px\" \/><\/a><figcaption class=\"wp-element-caption\">Le pont de Senoueix \u00a9Jean Claude Vergne<\/figcaption><\/figure>\n\n\n\n<figure class=\"wp-block-image size-medium\"><a href=\"https:\/\/centcols.org\/backup\/wp-content\/uploads\/2024\/05\/Le-col-de-Lestards-en-automne-500x333.jpg\"><img loading=\"lazy\" decoding=\"async\" width=\"500\" height=\"333\" data-id=\"80732\" src=\"https:\/\/centcols.org\/backup\/wp-content\/uploads\/2024\/05\/Le-col-de-Lestards-en-automne-500x333.jpg\" alt=\"\" class=\"wp-image-80732\" srcset=\"https:\/\/centcols.org\/backup\/wp-content\/uploads\/2024\/05\/Le-col-de-Lestards-en-automne-500x333.jpg 500w, https:\/\/centcols.org\/backup\/wp-content\/uploads\/2024\/05\/Le-col-de-Lestards-en-automne-768x512.jpg 768w, https:\/\/centcols.org\/backup\/wp-content\/uploads\/2024\/05\/Le-col-de-Lestards-en-automne-600x400.jpg 600w, https:\/\/centcols.org\/backup\/wp-content\/uploads\/2024\/05\/Le-col-de-Lestards-en-automne.jpg 1200w\" sizes=\"(max-width: 500px) 100vw, 500px\" \/><\/a><figcaption class=\"wp-element-caption\">Le col de Lestards \u00a9Jean Claude Vergne<\/figcaption><\/figure>\n\n\n\n<figure class=\"wp-block-image size-medium\"><a href=\"https:\/\/centcols.org\/backup\/wp-content\/uploads\/2024\/05\/Lac-de-Viam-500x186.jpg\"><img loading=\"lazy\" decoding=\"async\" width=\"500\" height=\"186\" data-id=\"80726\" src=\"https:\/\/centcols.org\/backup\/wp-content\/uploads\/2024\/05\/Lac-de-Viam-500x186.jpg\" alt=\"\" class=\"wp-image-80726\" srcset=\"https:\/\/centcols.org\/backup\/wp-content\/uploads\/2024\/05\/Lac-de-Viam-500x186.jpg 500w, https:\/\/centcols.org\/backup\/wp-content\/uploads\/2024\/05\/Lac-de-Viam-1200x447.jpg 1200w, https:\/\/centcols.org\/backup\/wp-content\/uploads\/2024\/05\/Lac-de-Viam-768x286.jpg 768w, https:\/\/centcols.org\/backup\/wp-content\/uploads\/2024\/05\/Lac-de-Viam-1536x572.jpg 1536w, https:\/\/centcols.org\/backup\/wp-content\/uploads\/2024\/05\/Lac-de-Viam-2048x763.jpg 2048w, https:\/\/centcols.org\/backup\/wp-content\/uploads\/2024\/05\/Lac-de-Viam-600x223.jpg 600w\" sizes=\"(max-width: 500px) 100vw, 500px\" \/><\/a><figcaption class=\"wp-element-caption\">Lac de Viam \u00a9Jean Claude Vergne<\/figcaption><\/figure>\n<\/figure>\n\n\n\n<p>Bon s\u00e9jour en Corr\u00e8ze&nbsp;!<\/p>\n\n\n\n<h2 class=\"wp-block-heading\" id=\"3-circuits\">Circuits<\/h2>\n\n\n\n<p>Et si on parlait un peu \u00ab&nbsp;v\u00e9lo&nbsp;\u00bb&nbsp;!!<\/p>\n\n\n\n<p>Dans le coin, si le nombre de cols n\u2019est pas important, la montagne est bien pr\u00e9sente et il faut quand m\u00eame compter 1500 \u00e0 1700 m de d\u00e9nivel\u00e9 aux 100 kms.<\/p>\n\n\n\n<p>Si la Bretagne a g\u00e9n\u00e9r\u00e9 un certain nombre de champions cyclistes, le Limousin n\u2019est pas en reste&nbsp;: Raymond Poulidor, Luc Leblanc, Andr\u00e9 Dufraisse\u2026&#8230; Je vous rassure, on n\u2019oublie pas les autres\u2026..<\/p>\n\n\n\n<p>Pour en revenir aux cols, 14 seulement en Corr\u00e8ze, 4 en Haute Vienne et 3 en Creuse, et \u00e0 y bien regarder, entre tous ces Puys il doit bien y en avoir d\u2019autres qui se cachent non&nbsp;?<\/p>\n\n\n\n<p>Pour le moment contentons-nous de l\u2019existant. Pendant votre court s\u00e9jour, vous pourrez en \u00ab&nbsp;attraper&nbsp;\u00bb 5 en 2 parcours, les autres se trouvant plus au sud du d\u00e9partement.<\/p>\n\n\n\n<p>Le samedi matin, avant l\u2019AG, au coeur du massif des Mon\u00e9di\u00e8res, 3 cols routiers s\u2019offrent \u00e0 vous sur un parcours traditionnellement cycliste puisqu\u2019il reprend une partie du circuit du Bol d\u2019Or des Mon\u00e9di\u00e8res, crit\u00e9rium d\u2019apr\u00e8s tour lanc\u00e9 par Jean S\u00e9gurel \u00e0 l\u2019\u00e9poque du \u00ab&nbsp;v\u00e9lo-accord\u00e9on&nbsp;\u00bb et une partie de la 12 \u00e8me \u00e9tape du Tour 2020 Chauvigny- Sarran avec la c\u00e9l\u00e8bre et non moins \u00ab&nbsp;s\u00e9v\u00e8re&nbsp;\u00bb cote du Suc au May.<\/p>\n\n\n\n<p>Le lendemain, 2 autres cols vous attendent sur le plateau, ils vous permettront de d\u00e9couvrir d\u2019un peu plus pr\u00e8s la tranquillit\u00e9 des routes corr\u00e9ziennes, d\u2019admirer les grandes perspectives vers les massifs du Sancy et du Cantal et d\u2019appr\u00e9cier le calme et la qui\u00e9tude des grands espaces.<\/p>\n\n\n\n<h2 class=\"wp-block-heading\" id=\"4-h%C3%A9bergement\">H\u00e9bergement<\/h2>\n\n\n\n<p>Situ\u00e9 \u00e0 Bugeat, au coeur du Parc Naturel R\u00e9gionale de Millevaches, le centre sportif &#8220;Espace 1000 Sources Corr\u00e8ze&#8221; est un v\u00e9ritable complexe haut de gamme pouvant accueillir jusqu&#8217;\u00e0 200 personnes dans des conditions exceptionnelles.<\/p>\n\n\n\n<p>Site privil\u00e9gi\u00e9 par son emplacement g\u00e9ographique et son accessibilit\u00e9, il est un centre international, labellis\u00e9 centre de pr\u00e9paration pour les JO Paris 2024.<\/p>\n\n\n<div class=\"wp-block-image\">\n<figure class=\"aligncenter size-full\"><img loading=\"lazy\" decoding=\"async\" width=\"680\" height=\"453\" src=\"https:\/\/centcols.org\/backup\/wp-content\/uploads\/2024\/05\/espace-1000-sources.jpg\" alt=\"\" class=\"wp-image-80744\" srcset=\"https:\/\/centcols.org\/backup\/wp-content\/uploads\/2024\/05\/espace-1000-sources.jpg 680w, https:\/\/centcols.org\/backup\/wp-content\/uploads\/2024\/05\/espace-1000-sources-500x333.jpg 500w, https:\/\/centcols.org\/backup\/wp-content\/uploads\/2024\/05\/espace-1000-sources-600x400.jpg 600w\" sizes=\"(max-width: 680px) 100vw, 680px\" \/><figcaption class=\"wp-element-caption\">espace 1000 sources<\/figcaption><\/figure><\/div>\n\n\n<div class=\"wp-block-columns is-layout-flex wp-container-core-columns-is-layout-1 wp-block-columns-is-layout-flex\">\n<div class=\"wp-block-column is-layout-flow wp-block-column-is-layout-flow\" style=\"flex-basis:50%\">\n<p>Espace 1000 Sources<br>11 rue de la Ganette<br>19170 Bugeat<br><\/p>\n\n\n\n<p>Le stationnement des camping cars sera autoris\u00e9 sur le village de vacances.<\/p>\n<\/div>\n\n\n\n<div class=\"wp-block-column has-very-light-gray-background-color has-background is-layout-flow wp-block-column-is-layout-flow\" style=\"flex-basis:50%\">\n<div class=\"wp-block-group\"><div class=\"wp-block-group__inner-container is-layout-constrained wp-block-group-is-layout-constrained\">\n<h2 class=\"wp-block-heading has-text-align-center\" id=\"note-du-conseil-d-administration\">Nota del Consiglio d\u2019amministrazione<\/h2>\n\n\n\n<p>Se il vostro alloggio \u00e8 organizzato altrove rispetto al villaggio turistico, vorremmo comunque sapere della vostra partecipazione al soggiorno, per 3 motivi:<\/p>\n<\/div><\/div>\n\n\n\n<ol>\n<li>Per poter dimensionare correttamente gli eventi comuni (sessioni informative, feste di benvenuto e di addio).<\/li>\n\n\n\n<li>Per potervi dividere in pi\u00f9 gruppi lungo i percorsi e migliorare la sicurezza di tutti.<\/li>\n\n\n\n<li>Per facilitare agli organizzatori la gestione di eventuali imprevisti.<\/li>\n<\/ol>\n<\/div>\n<\/div>\n\n\n\n<div style=\"height:100px\" aria-hidden=\"true\" class=\"wp-block-spacer\"><\/div>\n\n\n\n<h2 class=\"wp-block-heading\" id=\"5-inscriptions\">Inscriptions<\/h2>\n\n\n<div class=\"wp-block-ub-expand ub-expand \" id=\"ub-expand-f3a83df3-8eba-453b-913a-f9ee9252f3a1\">\n<div class=\"ub-expand-portion ub-expand-partial\" id=\"ub-expand-portion-7d47fd3b-53c3-4d23-b747-8b55034f8e96\">\n\n<p>Pour vous inscrire, t\u00e9l\u00e9chargez le bulletin d\u2019inscription PDF avec le lien ci-dessous. Attention, le bulletin d\u2019inscription comprend deux pages : l\u2019inscription proprement dite (veillez \u00e0 bien remplir toutes les rubriques qui vous concernent et \u00e0 signer au bas de la page), et les conditions particuli\u00e8res que vous voudrez bien signer \u00e9galement. Si vous envisagez de vous faire accompagner par votre compagnon\/compagne  veillez bien \u00e0 l\u2019inscrire auparavant comme membre associ\u00e9 aupr\u00e8s de votre D\u00e9l\u00e9gu\u00e9 Territorial ou National et n\u2019oubliez pas de &#8230;<\/p>\n\n<a class=\"ub-expand-toggle-button\" role=\"button\" aria-expanded=\"false\" aria-controls=\"ub-expand-full-72cc75ab-31c1-4143-8d5b-26e04c607a30\" tabindex=\"0\">Lire la suite<\/a><\/div>\n\n<div class=\"ub-expand-portion ub-expand-full ub-hide\" id=\"ub-expand-portion-54e28b8d-6e5c-4194-8398-a4c6c5a797e3\">\n\n<p>mettre son N\u00b0 de membre associ\u00e9 dans la case pr\u00e9vue.<\/p>\n\n\n\n<p>Les s\u00e9jours n\u2019\u00e9tant accessibles, pour des raisons l\u00e9gales, qu\u2019aux seuls membres du Club, veillez \u00e0 \u00eatre \u00e0 jour de cotisation avant d\u2019envoyer votre bulletin d\u2019inscription<\/p>\n\n\n\n<p>Vous pouvez r\u00e9gler le montant de l\u2019inscription par ch\u00e8que ou par virement sur le compte du Club. Compte tenu des frais suppl\u00e9mentaires factur\u00e9s par l\u2019organisme qui le g\u00e8re, nous ne prenons pas de paiement par PayPal. L\u2019affectation des membres se fait dans l\u2019ordre d\u2019envoi du ch\u00e8que ou d\u2019\u00e9mission du virement. Pour le premier, c\u2019est le cachet de la Poste qui fait foi, pour le second, veillez \u00e0 nous envoyer une copie de l\u2019ordre de virement. Si le s\u00e9jour est complet, une liste d\u2019attente est mise en place, elle fonctionne avec les m\u00eames r\u00e8gles de priorit\u00e9 d\u2019affectation que les inscriptions directes. Trombinoscope<strong> :<\/strong> Si vous n\u2019avez pas encore fourni votre photo pour le trombinoscope et souhaitez y figurer, pensez \u00e0 cocher la case correspondante et \u00e0 nous faire parvenir par mail une photo au format JPG. Des informations compl\u00e9mentaires seront diffus\u00e9es ult\u00e9rieurement sur le site que vous pouvez consulter r\u00e9guli\u00e8rement. A chaque fois, le responsable des s\u00e9jours met un petit mail sur la liste de diffusion. Si vous souhaitez recevoir ces mails, nous vous invitons \u00e0 vous inscrire sur la liste de diffusion, si vous ne l\u2019avez pas encore fait. Si vous avez des questions n\u2019h\u00e9sitez pas \u00e0 appeler le responsable du s\u00e9jour : +33 6 78 87 33 67.<\/p>\n\n<a class=\"ub-expand-toggle-button\" role=\"button\" aria-expanded=\"false\" aria-controls=\"ub-expand-full-72cc75ab-31c1-4143-8d5b-26e04c607a30\" tabindex=\"0\">Afficher moins<\/a><\/div>\n<\/div>\n\n\n<p>T\u00e9l\u00e9charger le bulletin \/ download the booking form \/ scarica il modulo<\/p>\n\n\n\n<h4 class=\"wp-block-heading\" id=\"6-bulletin-d%E2%80%99inscription-bugeat-en-fran%C3%A7ais-\"><strong>Bulletin d\u2019Inscription Bugeat en fran\u00e7ais<\/strong><\/h4>\n\n\n\n<h4 class=\"wp-block-heading\" id=\"7-booking-form-bugeat-in-english-\"><strong>Booking form Bugeat in English<\/strong><\/h4>\n\n\n\n<h4 class=\"wp-block-heading\" id=\"8-modulo-d%E2%80%99iscrizione-bugeat-in-italiano-\"><strong>Modulo d\u2019iscrizione Bugeat in italiano<\/strong><\/h4>\n\n\n\n<p><a href=\"https:\/\/centcols.org\/backup\/wp-content\/uploads\/2021\/06\/CGA-Residence-de-tourisme-Cent-cols.pdf\" target=\"_blank\" rel=\"noreferrer noopener\">Conditions g\u00e9n\u00e9rales assurance Gritchen<\/a><\/p>\n\n\n\n<p><a href=\"https:\/\/centcols.org\/backup\/wp-content\/uploads\/2021\/06\/Gritchen_Covid19_Gritchen_FR.pdf\" target=\"_blank\" rel=\"noreferrer noopener\">Gritchen couverture Covid 19<\/a><\/p>\n\n\n\n<p><strong>La date limite de r\u00e9ception des inscriptions a \u00e9t\u00e9 fix\u00e9e au &nbsp;12\/08\/2024<\/strong><\/p>\n\n\n\n<h2 class=\"wp-block-heading\" id=\"9-autres-activit%C3%A9s-ou-visites\">Autres activit\u00e9s ou visites<\/h2>\n\n\n\n<p>Pour les accompagnants, la visite et la d\u00e9couverte des sites remarquables autour de Bugeat pourra s\u2019effectuer de fa\u00e7on \u00ab&nbsp;ponctuelle&nbsp;\u00bb, mais aussi pour ceux qui le souhaitent sous forme de \u00ab&nbsp;g\u00e9ocatching&nbsp;\u00bb avec une application sp\u00e9cifique&nbsp;: Terra Aventura qui propose des parcours p\u00e9destres de quelques kilom\u00e8tres et&nbsp; un \u00ab&nbsp;road trip&nbsp;\u00bb de 76 kms sur le plateau.<\/p>\n\n\n\n<p>Deux parcours p\u00e9destres seront propos\u00e9s le samedi matin et dimanche matin au d\u00e9part de P\u00e9rols sur V\u00e9z\u00e8re, encadr\u00e9e par Armelle.<\/p>\n","protected":false},"excerpt":{"rendered":"<p>Le s\u00e9jour d\u2019\u00e9t\u00e9 2024 se d\u00e9roulera du 29 juin au 06 juillet 2024 dans le d\u00e9partement de l\u2019Ard\u00e8che. Il a \u00e9t\u00e9 pr\u00e9par\u00e9 par une petite \u00e9quipe\u00a0 : Corinne Dameron, Roland Dameron et Bernard Pommel. Situ\u00e9 dans la r\u00e9gion Auvergne-Rh\u00f4ne-Alpes, nich\u00e9 au coeur des paysages pittoresques de l\u2019Ard\u00e8che m\u00e9ridionale, Vog\u00fce s\u2019est construit \u00e0 l\u2019abri des vents, au pied d\u2019une falaise de cinquante m\u00e8tres de haut, le long de la rivi\u00e8re Ard\u00e8che.<\/p>\n","protected":false},"author":75,"featured_media":80736,"comment_status":"closed","ping_status":"closed","sticky":false,"template":"","format":"standard","meta":{"_acf_changed":false,"ub_ctt_via":"","_monsterinsights_skip_tracking":false,"_monsterinsights_sitenote_active":false,"_monsterinsights_sitenote_note":"","_monsterinsights_sitenote_category":0,"footnotes":""},"categories":[263],"tags":[],"acf":[],"featured_image_urls":{"full":["https:\/\/centcols.org\/backup\/wp-content\/uploads\/2024\/05\/Le-col-de-Lestards-en-automne.jpg",1200,800,false],"thumbnail":["https:\/\/centcols.org\/backup\/wp-content\/uploads\/2024\/05\/Le-col-de-Lestards-en-automne-300x300.jpg",300,300,true],"medium":["https:\/\/centcols.org\/backup\/wp-content\/uploads\/2024\/05\/Le-col-de-Lestards-en-automne-500x333.jpg",500,333,true],"medium_large":["https:\/\/centcols.org\/backup\/wp-content\/uploads\/2024\/05\/Le-col-de-Lestards-en-automne-768x512.jpg",768,512,true],"large":["https:\/\/centcols.org\/backup\/wp-content\/uploads\/2024\/05\/Le-col-de-Lestards-en-automne.jpg",1200,800,false],"1536x1536":["https:\/\/centcols.org\/backup\/wp-content\/uploads\/2024\/05\/Le-col-de-Lestards-en-automne.jpg",1200,800,false],"2048x2048":["https:\/\/centcols.org\/backup\/wp-content\/uploads\/2024\/05\/Le-col-de-Lestards-en-automne.jpg",1200,800,false],"woocommerce_thumbnail":["https:\/\/centcols.org\/backup\/wp-content\/uploads\/2024\/05\/Le-col-de-Lestards-en-automne-300x300.jpg",300,300,true],"woocommerce_single":["https:\/\/centcols.org\/backup\/wp-content\/uploads\/2024\/05\/Le-col-de-Lestards-en-automne-600x400.jpg",600,400,true],"woocommerce_gallery_thumbnail":["https:\/\/centcols.org\/backup\/wp-content\/uploads\/2024\/05\/Le-col-de-Lestards-en-automne-100x100.jpg",100,100,true]},"post_excerpt_stackable":"<p>Le s\u00e9jour d\u2019\u00e9t\u00e9 2024 se d\u00e9roulera du 29 juin au 06 juillet 2024 dans le d\u00e9partement de l\u2019Ard\u00e8che. Il a \u00e9t\u00e9 pr\u00e9par\u00e9 par une petite \u00e9quipe\u00a0 : Corinne Dameron, Roland Dameron et Bernard Pommel. Situ\u00e9 dans la r\u00e9gion Auvergne-Rh\u00f4ne-Alpes, nich\u00e9 au coeur des paysages pittoresques de l\u2019Ard\u00e8che m\u00e9ridionale, Vog\u00fce s\u2019est construit \u00e0 l\u2019abri des vents, au pied d\u2019une falaise de cinquante m\u00e8tres de haut, le long de la rivi\u00e8re Ard\u00e8che.<\/p>\n","category_list":"<a href=\"https:\/\/centcols.org\/backup\/it\/categorie\/sejours-it\/\" rel=\"category tag\">Soggiorni<\/a>","author_info":{"display_name":"Christophe Badonnel","author_link":"https:\/\/centcols.org\/backup\/it\/author\/5799\/"},"comments_num":"0 commenti","featured_image_urls_v2":{"full":["https:\/\/centcols.org\/backup\/wp-content\/uploads\/2024\/05\/Le-col-de-Lestards-en-automne.jpg",1200,800,false],"thumbnail":["https:\/\/centcols.org\/backup\/wp-content\/uploads\/2024\/05\/Le-col-de-Lestards-en-automne-300x300.jpg",300,300,true],"medium":["https:\/\/centcols.org\/backup\/wp-content\/uploads\/2024\/05\/Le-col-de-Lestards-en-automne-500x333.jpg",500,333,true],"medium_large":["https:\/\/centcols.org\/backup\/wp-content\/uploads\/2024\/05\/Le-col-de-Lestards-en-automne-768x512.jpg",768,512,true],"large":["https:\/\/centcols.org\/backup\/wp-content\/uploads\/2024\/05\/Le-col-de-Lestards-en-automne.jpg",1200,800,false],"1536x1536":["https:\/\/centcols.org\/backup\/wp-content\/uploads\/2024\/05\/Le-col-de-Lestards-en-automne.jpg",1200,800,false],"2048x2048":["https:\/\/centcols.org\/backup\/wp-content\/uploads\/2024\/05\/Le-col-de-Lestards-en-automne.jpg",1200,800,false],"woocommerce_thumbnail":["https:\/\/centcols.org\/backup\/wp-content\/uploads\/2024\/05\/Le-col-de-Lestards-en-automne-300x300.jpg",300,300,true],"woocommerce_single":["https:\/\/centcols.org\/backup\/wp-content\/uploads\/2024\/05\/Le-col-de-Lestards-en-automne-600x400.jpg",600,400,true],"woocommerce_gallery_thumbnail":["https:\/\/centcols.org\/backup\/wp-content\/uploads\/2024\/05\/Le-col-de-Lestards-en-automne-100x100.jpg",100,100,true]},"post_excerpt_stackable_v2":"<p>Le s\u00e9jour d\u2019\u00e9t\u00e9 2024 se d\u00e9roulera du 29 juin au 06 juillet 2024 dans le d\u00e9partement de l\u2019Ard\u00e8che. Il a \u00e9t\u00e9 pr\u00e9par\u00e9 par une petite \u00e9quipe\u00a0 : Corinne Dameron, Roland Dameron et Bernard Pommel. Situ\u00e9 dans la r\u00e9gion Auvergne-Rh\u00f4ne-Alpes, nich\u00e9 au coeur des paysages pittoresques de l\u2019Ard\u00e8che m\u00e9ridionale, Vog\u00fce s\u2019est construit \u00e0 l\u2019abri des vents, au pied d\u2019une falaise de cinquante m\u00e8tres de haut, le long de la rivi\u00e8re Ard\u00e8che.<\/p>\n","category_list_v2":"<a href=\"https:\/\/centcols.org\/backup\/it\/categorie\/sejours-it\/\" rel=\"category tag\">Soggiorni<\/a>","author_info_v2":{"name":"Christophe Badonnel","url":"https:\/\/centcols.org\/backup\/it\/author\/5799\/"},"comments_num_v2":"0 commenti","featured_image_src":"https:\/\/centcols.org\/backup\/wp-content\/uploads\/2024\/05\/Le-col-de-Lestards-en-automne.jpg","_links":{"self":[{"href":"https:\/\/centcols.org\/backup\/it\/wp-json\/wp\/v2\/posts\/80712"}],"collection":[{"href":"https:\/\/centcols.org\/backup\/it\/wp-json\/wp\/v2\/posts"}],"about":[{"href":"https:\/\/centcols.org\/backup\/it\/wp-json\/wp\/v2\/types\/post"}],"author":[{"embeddable":true,"href":"https:\/\/centcols.org\/backup\/it\/wp-json\/wp\/v2\/users\/75"}],"replies":[{"embeddable":true,"href":"https:\/\/centcols.org\/backup\/it\/wp-json\/wp\/v2\/comments?post=80712"}],"version-history":[{"count":0,"href":"https:\/\/centcols.org\/backup\/it\/wp-json\/wp\/v2\/posts\/80712\/revisions"}],"wp:featuredmedia":[{"embeddable":true,"href":"https:\/\/centcols.org\/backup\/it\/wp-json\/wp\/v2\/media\/80736"}],"wp:attachment":[{"href":"https:\/\/centcols.org\/backup\/it\/wp-json\/wp\/v2\/media?parent=80712"}],"wp:term":[{"taxonomy":"category","embeddable":true,"href":"https:\/\/centcols.org\/backup\/it\/wp-json\/wp\/v2\/categories?post=80712"},{"taxonomy":"post_tag","embeddable":true,"href":"https:\/\/centcols.org\/backup\/it\/wp-json\/wp\/v2\/tags?post=80712"}],"curies":[{"name":"wp","href":"https:\/\/api.w.org\/{rel}","templated":true}]}}