{"id":10592,"date":"2015-04-24T09:11:28","date_gmt":"2015-04-24T07:11:28","guid":{"rendered":"http:\/\/centcols.org\/backup\/?p=10592"},"modified":"2015-09-30T09:55:51","modified_gmt":"2015-09-30T07:55:51","slug":"22eme-concentration-regionale-des-cents-cols-en-pyrenees-jumelee-avec-lordre-des-cols-durs-au-col-de-montsegur-fr-09-1059","status":"publish","type":"post","link":"https:\/\/centcols.org\/backup\/22eme-concentration-regionale-des-cents-cols-en-pyrenees-jumelee-avec-lordre-des-cols-durs-au-col-de-montsegur-fr-09-1059\/","title":{"rendered":"Concentration r\u00e9gionale des Cents Cols en Pyr\u00e9n\u00e9es jumel\u00e9e avec l&#8217;Ordre des Cols Durs au col de Monts\u00e9gur (FR-09-1059) le 4 octobre 2015"},"content":{"rendered":"<h4 style=\"text-align: center;\">Plut\u00f4t qu&#8217;un lieu de passage, une Concentration doit \u00eatre un lieu de rencontre.<\/h4>\n<p>Alain Gillodes<\/p>\n<p>&nbsp;<\/p>\n<p><span style=\"font-family: Verdana;\">C&#8217;est au Col de Monts\u00e9gur (FR-09-1059), situ\u00e9 en Ari\u00e8ge, que les deux Confr\u00e9ries Club des Cent Cols et Ordre des Cols Durs vous accueilleront ce Dimanche 4 octobre de 10 h \u00e0 13 h pour vous offrir le sandwich et le verre de l&#8217;amiti\u00e9.<br \/>\n<\/span><\/p>\n<div id='gallery-1' class='gallery galleryid-10592 gallery-columns-1 gallery-size-thumbnail'><dl class='gallery-item'>\n\t\t\t<dt class='gallery-icon landscape'>\n\t\t\t\t<a href='https:\/\/centcols.org\/backup\/wp-content\/uploads\/2015\/04\/Col-de-Monts\u00e9gur.jpg'><img loading=\"lazy\" decoding=\"async\" width=\"300\" height=\"300\" src=\"https:\/\/centcols.org\/backup\/wp-content\/uploads\/2015\/04\/Col-de-Monts\u00e9gur-300x300.jpg\" class=\"attachment-thumbnail size-thumbnail\" alt=\"\" aria-describedby=\"gallery-1-22183\" srcset=\"https:\/\/centcols.org\/backup\/wp-content\/uploads\/2015\/04\/Col-de-Monts\u00e9gur-300x300.jpg 300w, https:\/\/centcols.org\/backup\/wp-content\/uploads\/2015\/04\/Col-de-Monts\u00e9gur-100x100.jpg 100w\" sizes=\"(max-width: 300px) 100vw, 300px\" \/><\/a>\n\t\t\t<\/dt>\n\t\t\t\t<dd class='wp-caption-text gallery-caption' id='gallery-1-22183'>\n\t\t\t\tLe col de Monts\u00e9gur au pied du pog sur lequel a \u00e9t\u00e9 construit le ch\u00e2teau.\n\t\t\t\t<\/dd><\/dl><br style=\"clear: both\" \/>\n\t\t<\/div>\n\n<h2>Un peu d&#8217;histoire:<\/h2>\n<p>Il y a 770 ans, le 16 mars 1244, s\u2019achevait le si\u00e8ge de Monts\u00e9gur.<\/p>\n<p>Le si\u00e8ge du ch\u00e2teau avait d\u00e9but\u00e9 dix mois plus t\u00f4t, en mai 1243, sous le commandement de Hughes des Arcis, alors s\u00e9n\u00e9chal de Carcassonne. Monts\u00e9gur \u00e9tait alors un centre cathare important, \u00e9tant le refuge pour des centaines de \u2018Parfaits\u2019, les Bons Hommes et les Bonnes Dames cathares.<\/p>\n<p>C\u2019est de Monts\u00e9gur que partirent les hommes qui, le 28 mai 1242, tu\u00e8rent \u00e0 Avignonnet, en Lauragais, les inquisiteurs qui s\u2019y trouvaient. L\u2019\u00c9glise de Rome d\u00e9cida alors de faire tomber Monts\u00e9gur.<\/p>\n<p>Le 1er mars, voyant que leur situation \u00e9tait sans espoir, les assi\u00e9g\u00e9s commenc\u00e8rent les pourparlers. Raimond de P\u00e9reille demanda et obtint de Hughes des Arcis les conditions suivantes :<\/p>\n<p>La forteresse se rendra au bout de quinze jours.<br \/>\nLe pardon sera accord\u00e9 \u00e0 tous les d\u00e9fenseurs, y compris ceux qui ont particip\u00e9 au massacre d\u2019Avignonnet.<br \/>\nLa vie sauve sera accord\u00e9e \u00e0 tous les autres habitants du ch\u00e2teau \u00e0 condition qu&#8217;ils abjurent leur foi cathare.<br \/>\nceux qui refuseront d\u2019abjurer leur foi seront br\u00fbl\u00e9s.<\/p>\n<p>Le 16 mars 1244, plus de 200 cathares p\u00e9rirent sur le b\u00fbcher. Les deux semaines de r\u00e9pit demand\u00e9es par les cathares suscitent encore bien des interrogations, qui renvoient sans cesse au Tr\u00e9sor des cathares.<\/p>\n<p>(Extrait de blog.myheritage.fr)<\/p>\n<p>&nbsp;<\/p>\n<div id='gallery-2' class='gallery galleryid-10592 gallery-columns-2 gallery-size-thumbnail'><dl class='gallery-item'>\n\t\t\t<dt class='gallery-icon landscape'>\n\t\t\t\t<a href='https:\/\/centcols.org\/backup\/wp-content\/uploads\/2015\/04\/Monts\u00e9gur03.jpg'><img loading=\"lazy\" decoding=\"async\" width=\"300\" height=\"300\" src=\"https:\/\/centcols.org\/backup\/wp-content\/uploads\/2015\/04\/Monts\u00e9gur03-300x300.jpg\" class=\"attachment-thumbnail size-thumbnail\" alt=\"\" aria-describedby=\"gallery-2-22185\" srcset=\"https:\/\/centcols.org\/backup\/wp-content\/uploads\/2015\/04\/Monts\u00e9gur03-300x300.jpg 300w, https:\/\/centcols.org\/backup\/wp-content\/uploads\/2015\/04\/Monts\u00e9gur03-100x100.jpg 100w\" sizes=\"(max-width: 300px) 100vw, 300px\" \/><\/a>\n\t\t\t<\/dt>\n\t\t\t\t<dd class='wp-caption-text gallery-caption' id='gallery-2-22185'>\n\t\t\t\tSurvol (photo blog.myheritage)\n\t\t\t\t<\/dd><\/dl><dl class='gallery-item'>\n\t\t\t<dt class='gallery-icon landscape'>\n\t\t\t\t<a href='https:\/\/centcols.org\/backup\/wp-content\/uploads\/2015\/04\/Monts\u00e9gur02.jpg'><img loading=\"lazy\" decoding=\"async\" width=\"300\" height=\"300\" src=\"https:\/\/centcols.org\/backup\/wp-content\/uploads\/2015\/04\/Monts\u00e9gur02-300x300.jpg\" class=\"attachment-thumbnail size-thumbnail\" alt=\"\" aria-describedby=\"gallery-2-22184\" srcset=\"https:\/\/centcols.org\/backup\/wp-content\/uploads\/2015\/04\/Monts\u00e9gur02-300x300.jpg 300w, https:\/\/centcols.org\/backup\/wp-content\/uploads\/2015\/04\/Monts\u00e9gur02-100x100.jpg 100w\" sizes=\"(max-width: 300px) 100vw, 300px\" \/><\/a>\n\t\t\t<\/dt>\n\t\t\t\t<dd class='wp-caption-text gallery-caption' id='gallery-2-22184'>\n\t\t\t\tint\u00e9rieur (photo tour sud) du ch\u00e2teau.\n\t\t\t\t<\/dd><\/dl><br style=\"clear: both\" \/>\n\t\t<\/div>\n\n<h2>Circuit propos\u00e9 :<\/h2>\n<p>V\u00e9lo de route: \u00e0 l&#8217;occasion de cette journ\u00e9e, qui nous l&#8217;esp\u00e9rons sera ensoleill\u00e9e aucune obligation quant au choix de l&#8217;itin\u00e9raire, l&#8217;essentiel \u00e9tant de se retrouver entre amis passionn\u00e9s de montagne.<\/p>\n<p>D\u00e9part de St Paul de Jarrat \u00e0 8h30 (parking derri\u00e8re \u00e9glise) &#8211; D117 &#8211; Celles &#8211; D209 &#8211; Freychenet &#8211; D209 &#8211; COL DE LA LAUZE (09-0948) &#8211; COL DU FOUR (09-0884) &#8211; Montferrier &#8211; D9 &#8211; COL DE MONTSEGUR (09-1059) &#8211; Montferrier &#8211; D9 &#8211; Villeneuve d&#8217;Olmes &#8211; D509 &#8211; La Paillasse &#8211; D117 &#8211; Nalzen &#8211; Celles &#8211; St Paul de Jarrat.<\/p>\n<p>(\u00e0 effectuer dans un sens ou dans l&#8217;autre suivant la m\u00e9t\u00e9o)<\/p>\n<p>(variante possible pour le retour : m\u00eame itin\u00e9raire qu&#8217;\u00e0 l&#8217;aller)<\/p>\n<p><a href=\"http:\/\/www.openrunner.com\/index.php?id=5310588\" target=\"_blank\">http:\/\/www.openrunner.com\/index.php?id=5310588<\/a><\/p>\n","protected":false},"excerpt":{"rendered":"<p>Plut\u00f4t qu&#8217;un lieu de passage, une Concentration doit \u00eatre un lieu de rencontre. Alain Gillodes &nbsp; C&#8217;est au Col de Monts\u00e9gur (FR-09-1059), situ\u00e9 en Ari\u00e8ge, que les deux Confr\u00e9ries Club des Cent Cols et Ordre des Cols Durs vous accueilleront ce Dimanche 4 octobre de 10 h \u00e0 13 h pour vous offrir le sandwich [&hellip;]<\/p>\n","protected":false},"author":17,"featured_media":0,"comment_status":"closed","ping_status":"closed","sticky":false,"template":"","format":"standard","meta":{"_acf_changed":false,"ub_ctt_via":"","_monsterinsights_skip_tracking":false,"_monsterinsights_sitenote_active":false,"_monsterinsights_sitenote_note":"","_monsterinsights_sitenote_category":0,"footnotes":""},"categories":[13],"tags":[],"acf":[],"featured_image_urls":{"full":"","thumbnail":"","medium":"","medium_large":"","large":"","1536x1536":"","2048x2048":"","woocommerce_thumbnail":"","woocommerce_single":"","woocommerce_gallery_thumbnail":""},"post_excerpt_stackable":"<p>Plut\u00f4t qu&#8217;un lieu de passage, une Concentration doit \u00eatre un lieu de rencontre. Alain Gillodes &nbsp; C&#8217;est au Col de Monts\u00e9gur (FR-09-1059), situ\u00e9 en Ari\u00e8ge, que les deux Confr\u00e9ries Club des Cent Cols et Ordre des Cols Durs vous accueilleront ce Dimanche 4 octobre de 10 h \u00e0 13 h pour vous offrir le sandwich et le verre de l&#8217;amiti\u00e9. Le col de Monts\u00e9gur au pied du pog sur lequel a \u00e9t\u00e9 construit le ch\u00e2teau. Un peu d&#8217;histoire: Il y a 770 ans, le 16 mars 1244, s\u2019achevait le si\u00e8ge de Monts\u00e9gur. Le si\u00e8ge du ch\u00e2teau avait d\u00e9but\u00e9 dix mois\u2026<\/p>\n","category_list":"<a href=\"https:\/\/centcols.org\/backup\/categorie\/rassemblements\/rassemblements-2015\/\" rel=\"category tag\">Les rassemblements de 2015<\/a>","author_info":{"display_name":"R\u00e9gis Paraz","author_link":"https:\/\/centcols.org\/backup\/author\/3225\/"},"comments_num":"0 commentaire","featured_image_urls_v2":{"full":"","thumbnail":"","medium":"","medium_large":"","large":"","1536x1536":"","2048x2048":"","woocommerce_thumbnail":"","woocommerce_single":"","woocommerce_gallery_thumbnail":""},"post_excerpt_stackable_v2":"<p>Plut\u00f4t qu&#8217;un lieu de passage, une Concentration doit \u00eatre un lieu de rencontre. Alain Gillodes &nbsp; C&#8217;est au Col de Monts\u00e9gur (FR-09-1059), situ\u00e9 en Ari\u00e8ge, que les deux Confr\u00e9ries Club des Cent Cols et Ordre des Cols Durs vous accueilleront ce Dimanche 4 octobre de 10 h \u00e0 13 h pour vous offrir le sandwich et le verre de l&#8217;amiti\u00e9. Le col de Monts\u00e9gur au pied du pog sur lequel a \u00e9t\u00e9 construit le ch\u00e2teau. Un peu d&#8217;histoire: Il y a 770 ans, le 16 mars 1244, s\u2019achevait le si\u00e8ge de Monts\u00e9gur. Le si\u00e8ge du ch\u00e2teau avait d\u00e9but\u00e9 dix mois\u2026<\/p>\n","category_list_v2":"<a href=\"https:\/\/centcols.org\/backup\/categorie\/rassemblements\/rassemblements-2015\/\" rel=\"category tag\">Les rassemblements de 2015<\/a>","author_info_v2":{"name":"R\u00e9gis Paraz","url":"https:\/\/centcols.org\/backup\/author\/3225\/"},"comments_num_v2":"0 commentaire","featured_image_src":null,"_links":{"self":[{"href":"https:\/\/centcols.org\/backup\/wp-json\/wp\/v2\/posts\/10592"}],"collection":[{"href":"https:\/\/centcols.org\/backup\/wp-json\/wp\/v2\/posts"}],"about":[{"href":"https:\/\/centcols.org\/backup\/wp-json\/wp\/v2\/types\/post"}],"author":[{"embeddable":true,"href":"https:\/\/centcols.org\/backup\/wp-json\/wp\/v2\/users\/17"}],"replies":[{"embeddable":true,"href":"https:\/\/centcols.org\/backup\/wp-json\/wp\/v2\/comments?post=10592"}],"version-history":[{"count":0,"href":"https:\/\/centcols.org\/backup\/wp-json\/wp\/v2\/posts\/10592\/revisions"}],"wp:attachment":[{"href":"https:\/\/centcols.org\/backup\/wp-json\/wp\/v2\/media?parent=10592"}],"wp:term":[{"taxonomy":"category","embeddable":true,"href":"https:\/\/centcols.org\/backup\/wp-json\/wp\/v2\/categories?post=10592"},{"taxonomy":"post_tag","embeddable":true,"href":"https:\/\/centcols.org\/backup\/wp-json\/wp\/v2\/tags?post=10592"}],"curies":[{"name":"wp","href":"https:\/\/api.w.org\/{rel}","templated":true}]}}