{"id":10617,"date":"2015-04-24T09:17:03","date_gmt":"2015-04-24T07:17:03","guid":{"rendered":"http:\/\/centcols.org\/backup\/?p=10617"},"modified":"2015-09-03T18:35:48","modified_gmt":"2015-09-03T16:35:48","slug":"sortie-vtt-cent-cols-suisses-a-chateau-doex","status":"publish","type":"post","link":"https:\/\/centcols.org\/backup\/sortie-vtt-cent-cols-suisses-a-chateau-doex\/","title":{"rendered":"Sortie VTT Cent Cols suisses \u00e0 Ch\u00e2teau d&#8217;Oex le 5 septembre 2015"},"content":{"rendered":"<h2><span style=\"color: #ff0000;\">Sortie annul\u00e9e pour raisons m\u00e9t\u00e9o<\/span><\/h2>\n<p>&nbsp;<\/p>\n<p>Rendez-vous au parking Les Riaux<br \/>\n8h30 pour le caf\u00e9, d\u00e9part \u00e0 9h00.<br \/>\nParcours de 40 km, 1300 m de d\u00e9nivellation.<\/p>\n<p>La Forcla 1209 m, col de la Forcla 1662 m et Pertet \u00e0 Bovets 1840 m.<\/p>\n<p><img loading=\"lazy\" decoding=\"async\" class=\"alignnone size-full wp-image-10741\" src=\"https:\/\/centcols.org\/backup\/wp-content\/uploads\/2015\/04\/ChateauOex.jpg\" alt=\"ChateauOex\" width=\"833\" height=\"444\" \/><\/p>\n<h2>Contact<\/h2>\n<p>Pierre Mai, route du Signal 22. 1165 Allaman.<\/p>\n<p>T\u00e9l : (0041) 021 807 34 17<\/p>\n<p>Natel : 0041 76 498 58 73<\/p>\n<p>Email : <a href=\"mai&#108;t&#111;:&#112;m&#97;&#105;&#64;&#98;&#108;uewi&#110;.&#99;h\">&#112;m&#97;i&#64;b&#108;&#117;&#101;win&#46;&#99;h<\/a><\/p>\n","protected":false},"excerpt":{"rendered":"<p>Sortie annul\u00e9e pour raisons m\u00e9t\u00e9o &nbsp; Rendez-vous au parking Les Riaux 8h30 pour le caf\u00e9, d\u00e9part \u00e0 9h00. Parcours de 40 km, 1300 m de d\u00e9nivellation. La Forcla 1209 m, col de la Forcla 1662 m et Pertet \u00e0 Bovets 1840 m. Contact Pierre Mai, route du Signal 22. 1165 Allaman. T\u00e9l : (0041) 021 [&hellip;]<\/p>\n","protected":false},"author":2001,"featured_media":0,"comment_status":"closed","ping_status":"closed","sticky":false,"template":"","format":"standard","meta":{"_acf_changed":false,"ub_ctt_via":"","_monsterinsights_skip_tracking":false,"_monsterinsights_sitenote_active":false,"_monsterinsights_sitenote_note":"","_monsterinsights_sitenote_category":0,"footnotes":""},"categories":[13],"tags":[],"acf":[],"featured_image_urls":{"full":"","thumbnail":"","medium":"","medium_large":"","large":"","1536x1536":"","2048x2048":"","woocommerce_thumbnail":"","woocommerce_single":"","woocommerce_gallery_thumbnail":""},"post_excerpt_stackable":"<p>Sortie annul\u00e9e pour raisons m\u00e9t\u00e9o &nbsp; Rendez-vous au parking Les Riaux 8h30 pour le caf\u00e9, d\u00e9part \u00e0 9h00. Parcours de 40 km, 1300 m de d\u00e9nivellation. La Forcla 1209 m, col de la Forcla 1662 m et Pertet \u00e0 Bovets 1840 m. Contact Pierre Mai, route du Signal 22. 1165 Allaman. T\u00e9l : (0041) 021 807 34 17 Natel : 0041 76 498 58 73 Email : pmai&#64;&#98;l&#117;ewi&#110;.ch<\/p>\n","category_list":"<a href=\"https:\/\/centcols.org\/backup\/categorie\/rassemblements\/rassemblements-2015\/\" rel=\"category tag\">Les rassemblements de 2015<\/a>","author_info":{"display_name":"Webmestre","author_link":"https:\/\/centcols.org\/backup\/author\/webmestre\/"},"comments_num":"0 commentaire","featured_image_urls_v2":{"full":"","thumbnail":"","medium":"","medium_large":"","large":"","1536x1536":"","2048x2048":"","woocommerce_thumbnail":"","woocommerce_single":"","woocommerce_gallery_thumbnail":""},"post_excerpt_stackable_v2":"<p>Sortie annul\u00e9e pour raisons m\u00e9t\u00e9o &nbsp; Rendez-vous au parking Les Riaux 8h30 pour le caf\u00e9, d\u00e9part \u00e0 9h00. Parcours de 40 km, 1300 m de d\u00e9nivellation. La Forcla 1209 m, col de la Forcla 1662 m et Pertet \u00e0 Bovets 1840 m. Contact Pierre Mai, route du Signal 22. 1165 Allaman. T\u00e9l : (0041) 021 807 34 17 Natel : 0041 76 498 58 73 Email : &#112;&#109;&#97;i&#64;&#98;&#108;uewin.&#99;&#104;<\/p>\n","category_list_v2":"<a href=\"https:\/\/centcols.org\/backup\/categorie\/rassemblements\/rassemblements-2015\/\" rel=\"category tag\">Les rassemblements de 2015<\/a>","author_info_v2":{"name":"Webmestre","url":"https:\/\/centcols.org\/backup\/author\/webmestre\/"},"comments_num_v2":"0 commentaire","featured_image_src":null,"_links":{"self":[{"href":"https:\/\/centcols.org\/backup\/wp-json\/wp\/v2\/posts\/10617"}],"collection":[{"href":"https:\/\/centcols.org\/backup\/wp-json\/wp\/v2\/posts"}],"about":[{"href":"https:\/\/centcols.org\/backup\/wp-json\/wp\/v2\/types\/post"}],"author":[{"embeddable":true,"href":"https:\/\/centcols.org\/backup\/wp-json\/wp\/v2\/users\/2001"}],"replies":[{"embeddable":true,"href":"https:\/\/centcols.org\/backup\/wp-json\/wp\/v2\/comments?post=10617"}],"version-history":[{"count":0,"href":"https:\/\/centcols.org\/backup\/wp-json\/wp\/v2\/posts\/10617\/revisions"}],"wp:attachment":[{"href":"https:\/\/centcols.org\/backup\/wp-json\/wp\/v2\/media?parent=10617"}],"wp:term":[{"taxonomy":"category","embeddable":true,"href":"https:\/\/centcols.org\/backup\/wp-json\/wp\/v2\/categories?post=10617"},{"taxonomy":"post_tag","embeddable":true,"href":"https:\/\/centcols.org\/backup\/wp-json\/wp\/v2\/tags?post=10617"}],"curies":[{"name":"wp","href":"https:\/\/api.w.org\/{rel}","templated":true}]}}