{"id":10916,"date":"2015-04-24T09:25:06","date_gmt":"2015-04-24T07:25:06","guid":{"rendered":"http:\/\/centcols.org\/backup\/?p=10916"},"modified":"2015-06-11T18:10:03","modified_gmt":"2015-06-11T16:10:03","slug":"77eme-semaine-federale-internationale-de-cyclotourisme-a-albi-81","status":"publish","type":"post","link":"https:\/\/centcols.org\/backup\/77eme-semaine-federale-internationale-de-cyclotourisme-a-albi-81\/","title":{"rendered":"77e Semaine f\u00e9d\u00e9rale internationale de cyclotourisme \u00e0 Albi (Tarn)"},"content":{"rendered":"<p>Voir les infos sur la manifestation sur <a href=\"http:\/\/ffct.org\/randonner-a-velo\/ou-quand-pratiquer\/evenements\/77e-semaine-federale-de-cyclotourisme-du-02-au-09-aout-2015\/\" target=\"_blank\">le site de la F\u00e9d\u00e9ration Fran\u00e7aise de Cyclotourisme<\/a><\/p>\n","protected":false},"excerpt":{"rendered":"<p>Voir les infos sur la manifestation sur le site de la F\u00e9d\u00e9ration Fran\u00e7aise de Cyclotourisme<\/p>\n","protected":false},"author":2001,"featured_media":0,"comment_status":"closed","ping_status":"closed","sticky":false,"template":"","format":"standard","meta":{"_acf_changed":false,"ub_ctt_via":"","_monsterinsights_skip_tracking":false,"_monsterinsights_sitenote_active":false,"_monsterinsights_sitenote_note":"","_monsterinsights_sitenote_category":0,"footnotes":""},"categories":[1],"tags":[],"acf":[],"featured_image_urls":{"full":"","thumbnail":"","medium":"","medium_large":"","large":"","1536x1536":"","2048x2048":"","woocommerce_thumbnail":"","woocommerce_single":"","woocommerce_gallery_thumbnail":""},"post_excerpt_stackable":"<p>Voir les infos sur la manifestation sur le site de la F\u00e9d\u00e9ration Fran\u00e7aise de Cyclotourisme<\/p>\n","category_list":"<a href=\"https:\/\/centcols.org\/backup\/categorie\/non-classifiee\/\" rel=\"category tag\">Non classifi\u00e9(e)<\/a>","author_info":{"display_name":"Webmestre","author_link":"https:\/\/centcols.org\/backup\/author\/webmestre\/"},"comments_num":"0 commentaire","featured_image_urls_v2":{"full":"","thumbnail":"","medium":"","medium_large":"","large":"","1536x1536":"","2048x2048":"","woocommerce_thumbnail":"","woocommerce_single":"","woocommerce_gallery_thumbnail":""},"post_excerpt_stackable_v2":"<p>Voir les infos sur la manifestation sur le site de la F\u00e9d\u00e9ration Fran\u00e7aise de Cyclotourisme<\/p>\n","category_list_v2":"<a href=\"https:\/\/centcols.org\/backup\/categorie\/non-classifiee\/\" rel=\"category tag\">Non classifi\u00e9(e)<\/a>","author_info_v2":{"name":"Webmestre","url":"https:\/\/centcols.org\/backup\/author\/webmestre\/"},"comments_num_v2":"0 commentaire","featured_image_src":null,"_links":{"self":[{"href":"https:\/\/centcols.org\/backup\/wp-json\/wp\/v2\/posts\/10916"}],"collection":[{"href":"https:\/\/centcols.org\/backup\/wp-json\/wp\/v2\/posts"}],"about":[{"href":"https:\/\/centcols.org\/backup\/wp-json\/wp\/v2\/types\/post"}],"author":[{"embeddable":true,"href":"https:\/\/centcols.org\/backup\/wp-json\/wp\/v2\/users\/2001"}],"replies":[{"embeddable":true,"href":"https:\/\/centcols.org\/backup\/wp-json\/wp\/v2\/comments?post=10916"}],"version-history":[{"count":0,"href":"https:\/\/centcols.org\/backup\/wp-json\/wp\/v2\/posts\/10916\/revisions"}],"wp:attachment":[{"href":"https:\/\/centcols.org\/backup\/wp-json\/wp\/v2\/media?parent=10916"}],"wp:term":[{"taxonomy":"category","embeddable":true,"href":"https:\/\/centcols.org\/backup\/wp-json\/wp\/v2\/categories?post=10916"},{"taxonomy":"post_tag","embeddable":true,"href":"https:\/\/centcols.org\/backup\/wp-json\/wp\/v2\/tags?post=10916"}],"curies":[{"name":"wp","href":"https:\/\/api.w.org\/{rel}","templated":true}]}}