{"id":11132,"date":"2015-04-06T09:28:08","date_gmt":"2015-04-06T07:28:08","guid":{"rendered":"http:\/\/centcols.org\/backup\/?p=11132"},"modified":"2015-07-29T18:17:25","modified_gmt":"2015-07-29T16:17:25","slug":"sortie-2000-cent-cols-suisses","status":"publish","type":"post","link":"https:\/\/centcols.org\/backup\/sortie-2000-cent-cols-suisses\/","title":{"rendered":"Sortie  +2000 Cent Cols suisses le 1er ao\u00fbt 2015 Annul\u00e9e (m\u00e9t\u00e9o d\u00e9favorable)"},"content":{"rendered":"<h2><span style=\"color: #ff0000;\">Sortie annul\u00e9e pour raisons m\u00e9t\u00e9o<\/span><\/h2>\n<h2>Sortie VTT au d\u00e9part de La Barboleusaz.<\/h2>\n<p>Rendez-vous au parking du centre du village.<br \/>\n8h30 pour le caf\u00e9, d\u00e9part \u00e0 9h00.<br \/>\nParcours de 30 km, 1100 m de d\u00e9nivellation.<\/p>\n<p>Pas de Cheville CH-VD-2038a,\u00a0 col des Essets CH-VD-2029,\u00a0 col de Poreyrette\u00a0 CH-VD-2044b<\/p>\n<p><img loading=\"lazy\" decoding=\"async\" class=\"alignnone size-full wp-image-11271\" src=\"https:\/\/centcols.org\/backup\/wp-content\/uploads\/2015\/04\/barboleusaz2.jpg\" alt=\"barboleusaz2\" width=\"567\" height=\"570\" \/><\/p>\n<h3>Contact<\/h3>\n<p>Pierre Mai, route du Signal 22. 1165 Allaman.<\/p>\n<p>T\u00e9l : (0041) 021 807 34 17<\/p>\n<p>Natel : 0041 76 498 58 73<\/p>\n<p>Email : <a href=\"ma&#105;&#108;to:p&#109;a&#105;&#64;&#98;l&#117;e&#119;i&#110;&#46;&#99;&#104;\">p&#109;&#97;i&#64;bluewi&#110;&#46;c&#104;<\/a><\/p>\n","protected":false},"excerpt":{"rendered":"<p>Sortie annul\u00e9e pour raisons m\u00e9t\u00e9o Sortie VTT au d\u00e9part de La Barboleusaz. Rendez-vous au parking du centre du village. 8h30 pour le caf\u00e9, d\u00e9part \u00e0 9h00. Parcours de 30 km, 1100 m de d\u00e9nivellation. Pas de Cheville CH-VD-2038a,\u00a0 col des Essets CH-VD-2029,\u00a0 col de Poreyrette\u00a0 CH-VD-2044b Contact Pierre Mai, route du Signal 22. 1165 Allaman. [&hellip;]<\/p>\n","protected":false},"author":17,"featured_media":0,"comment_status":"closed","ping_status":"closed","sticky":false,"template":"","format":"standard","meta":{"_acf_changed":false,"ub_ctt_via":"","_monsterinsights_skip_tracking":false,"_monsterinsights_sitenote_active":false,"_monsterinsights_sitenote_note":"","_monsterinsights_sitenote_category":0,"footnotes":""},"categories":[13],"tags":[],"acf":[],"featured_image_urls":{"full":"","thumbnail":"","medium":"","medium_large":"","large":"","1536x1536":"","2048x2048":"","woocommerce_thumbnail":"","woocommerce_single":"","woocommerce_gallery_thumbnail":""},"post_excerpt_stackable":"<p>Sortie annul\u00e9e pour raisons m\u00e9t\u00e9o Sortie VTT au d\u00e9part de La Barboleusaz. Rendez-vous au parking du centre du village. 8h30 pour le caf\u00e9, d\u00e9part \u00e0 9h00. Parcours de 30 km, 1100 m de d\u00e9nivellation. Pas de Cheville CH-VD-2038a,\u00a0 col des Essets CH-VD-2029,\u00a0 col de Poreyrette\u00a0 CH-VD-2044b Contact Pierre Mai, route du Signal 22. 1165 Allaman. T\u00e9l : (0041) 021 807 34 17 Natel : 0041 76 498 58 73 Email : pm&#97;&#105;&#64;bl&#117;e&#119;in&#46;c&#104;<\/p>\n","category_list":"<a href=\"https:\/\/centcols.org\/backup\/categorie\/rassemblements\/rassemblements-2015\/\" rel=\"category tag\">Les rassemblements de 2015<\/a>","author_info":{"display_name":"R\u00e9gis Paraz","author_link":"https:\/\/centcols.org\/backup\/author\/3225\/"},"comments_num":"0 commentaire","featured_image_urls_v2":{"full":"","thumbnail":"","medium":"","medium_large":"","large":"","1536x1536":"","2048x2048":"","woocommerce_thumbnail":"","woocommerce_single":"","woocommerce_gallery_thumbnail":""},"post_excerpt_stackable_v2":"<p>Sortie annul\u00e9e pour raisons m\u00e9t\u00e9o Sortie VTT au d\u00e9part de La Barboleusaz. Rendez-vous au parking du centre du village. 8h30 pour le caf\u00e9, d\u00e9part \u00e0 9h00. Parcours de 30 km, 1100 m de d\u00e9nivellation. Pas de Cheville CH-VD-2038a,\u00a0 col des Essets CH-VD-2029,\u00a0 col de Poreyrette\u00a0 CH-VD-2044b Contact Pierre Mai, route du Signal 22. 1165 Allaman. T\u00e9l : (0041) 021 807 34 17 Natel : 0041 76 498 58 73 Email : pm&#97;&#105;&#64;&#98;l&#117;&#101;&#119;&#105;&#110;&#46;&#99;h<\/p>\n","category_list_v2":"<a href=\"https:\/\/centcols.org\/backup\/categorie\/rassemblements\/rassemblements-2015\/\" rel=\"category tag\">Les rassemblements de 2015<\/a>","author_info_v2":{"name":"R\u00e9gis Paraz","url":"https:\/\/centcols.org\/backup\/author\/3225\/"},"comments_num_v2":"0 commentaire","featured_image_src":null,"_links":{"self":[{"href":"https:\/\/centcols.org\/backup\/wp-json\/wp\/v2\/posts\/11132"}],"collection":[{"href":"https:\/\/centcols.org\/backup\/wp-json\/wp\/v2\/posts"}],"about":[{"href":"https:\/\/centcols.org\/backup\/wp-json\/wp\/v2\/types\/post"}],"author":[{"embeddable":true,"href":"https:\/\/centcols.org\/backup\/wp-json\/wp\/v2\/users\/17"}],"replies":[{"embeddable":true,"href":"https:\/\/centcols.org\/backup\/wp-json\/wp\/v2\/comments?post=11132"}],"version-history":[{"count":0,"href":"https:\/\/centcols.org\/backup\/wp-json\/wp\/v2\/posts\/11132\/revisions"}],"wp:attachment":[{"href":"https:\/\/centcols.org\/backup\/wp-json\/wp\/v2\/media?parent=11132"}],"wp:term":[{"taxonomy":"category","embeddable":true,"href":"https:\/\/centcols.org\/backup\/wp-json\/wp\/v2\/categories?post=11132"},{"taxonomy":"post_tag","embeddable":true,"href":"https:\/\/centcols.org\/backup\/wp-json\/wp\/v2\/tags?post=11132"}],"curies":[{"name":"wp","href":"https:\/\/api.w.org\/{rel}","templated":true}]}}