{"id":11355,"date":"2015-04-03T09:34:37","date_gmt":"2015-04-03T07:34:37","guid":{"rendered":"http:\/\/centcols.org\/backup\/?p=11355"},"modified":"2015-06-11T18:08:14","modified_gmt":"2015-06-11T16:08:14","slug":"sortie-suisses-2015-saint-imier","status":"publish","type":"post","link":"https:\/\/centcols.org\/backup\/sortie-suisses-2015-saint-imier\/","title":{"rendered":"Sortie v\u00e9lo de route Cent Cols suisses \u00e0 Saint-Imier le 6 juin 2015"},"content":{"rendered":"<p style=\"text-align: justify;\"><a href=\"#ancre1\">Voir le compte-rendu<\/a><\/p>\n<p style=\"text-align: justify;\"><a href=\"https:\/\/plus.google.com\/photos\/112975235870474647202\/albums\/6158050968517628673?banner=pwa\" target=\"_blank\">Voir les photos<\/a><\/p>\n<p style=\"text-align: justify;\">Rendez-vous au terrain de football.<br \/>\n8h30 pour le caf\u00e9, d\u00e9part \u00e0 9h00.<\/p>\n<p style=\"text-align: justify;\">Parcours B de 55 km,\u00a0 1200 m de d\u00e9nivellation.<\/p>\n<p style=\"text-align: justify;\">Parcours C 40 km, 900 m de d\u00e9nivellation.<br \/>\nCol de Pierre Pertuis, col de la Tanne, col du Mont Crosin.<\/p>\n<p style=\"text-align: justify;\"><img loading=\"lazy\" decoding=\"async\" class=\"alignnone size-full wp-image-11356\" src=\"https:\/\/centcols.org\/backup\/wp-content\/uploads\/2015\/04\/St-Imier.jpg\" alt=\"St-Imier\" width=\"773\" height=\"521\" \/><\/p>\n<h3 style=\"text-align: justify;\">Contact<\/h3>\n<p style=\"text-align: justify;\">Pierre Mai, route du Signal 22. 1165 Allaman.<\/p>\n<p style=\"text-align: justify;\">T\u00e9l : (0041) 021 807 34 17<\/p>\n<p style=\"text-align: justify;\">Natel : 0041 76 498 58 73<\/p>\n<p style=\"text-align: justify;\">Email : <a href=\"mai&#108;to:p&#109;&#97;i&#64;&#98;l&#117;&#101;w&#105;&#110;.&#99;&#104;\">pm&#97;i&#64;bluewin&#46;&#99;h<\/a><\/p>\n<h2 style=\"text-align: justify;\"><a name=\"ancre1\"><\/a>\u00a0Compte-rendu<\/h2>\n<p style=\"text-align: justify;\">Soleil, chaleur, tout \u00e9tait r\u00e9uni \u00e0 St-Imier dans le Jura Bernois pour faire de ce rendez-vous \u00ab\u00a0route\u00a0\u00bb une r\u00e9ussite.<\/p>\n<p style=\"text-align: justify;\">25 participants des deux clubs (et Nathalie bien s\u00fbr\u2026 qui a fait le d\u00e9placement depuis la France) se sont retrouv\u00e9s au parking du terrain de football \u00e0 8h30 pour le caf\u00e9.<\/p>\n<p style=\"text-align: justify;\">A 9 heures deux groupes se sont form\u00e9s\u00a0: emmen\u00e9 par Christian le groupe *C* a parcouru 56 km (850 m de d\u00e9nivel\u00e9) avec au programme les cols de Pierre Pertuis, col de la Tanne (un petit arr\u00eat Coca \u00e0 Bellelay) et le col du Mont Crosin pour terminer. Le groupe *B* emmen\u00e9 par votre serviteur sur le m\u00eame parcours avec une petite rallonge (68 km, 1100 m de d\u00e9nivel\u00e9) par Saignel\u00e9gier et une vitesse un peu plus \u00e9lev\u00e9e.<\/p>\n<p style=\"text-align: justify;\">Au retour pain et fromage offerts par le Club Cyclotouriste de la Riviera nous ont permis de passer encore un moment tr\u00e8s convivial autour de la table. Merci \u00e0 Jean-Jacques et Jean-Yves pour les bouteilles de Clairette.<\/p>\n<p style=\"text-align: justify;\">Salutations sportives<\/p>\n<p style=\"text-align: justify;\">Votre DT<\/p>\n<p style=\"text-align: justify;\">Pierre Mai<\/p>\n","protected":false},"excerpt":{"rendered":"<p>Voir le compte-rendu Voir les photos Rendez-vous au terrain de football. 8h30 pour le caf\u00e9, d\u00e9part \u00e0 9h00. Parcours B de 55 km,\u00a0 1200 m de d\u00e9nivellation. Parcours C 40 km, 900 m de d\u00e9nivellation. Col de Pierre Pertuis, col de la Tanne, col du Mont Crosin. Contact Pierre Mai, route du Signal 22. 1165 [&hellip;]<\/p>\n","protected":false},"author":2001,"featured_media":0,"comment_status":"closed","ping_status":"closed","sticky":false,"template":"","format":"standard","meta":{"_acf_changed":false,"ub_ctt_via":"","_monsterinsights_skip_tracking":false,"_monsterinsights_sitenote_active":false,"_monsterinsights_sitenote_note":"","_monsterinsights_sitenote_category":0,"footnotes":""},"categories":[13],"tags":[],"acf":[],"featured_image_urls":{"full":"","thumbnail":"","medium":"","medium_large":"","large":"","1536x1536":"","2048x2048":"","woocommerce_thumbnail":"","woocommerce_single":"","woocommerce_gallery_thumbnail":""},"post_excerpt_stackable":"<p>Voir le compte-rendu Voir les photos Rendez-vous au terrain de football. 8h30 pour le caf\u00e9, d\u00e9part \u00e0 9h00. Parcours B de 55 km,\u00a0 1200 m de d\u00e9nivellation. Parcours C 40 km, 900 m de d\u00e9nivellation. Col de Pierre Pertuis, col de la Tanne, col du Mont Crosin. Contact Pierre Mai, route du Signal 22. 1165 Allaman. T\u00e9l : (0041) 021 807 34 17 Natel : 0041 76 498 58 73 Email : pm&#97;&#105;&#64;b&#108;ue&#119;&#105;&#110;.ch \u00a0Compte-rendu Soleil, chaleur, tout \u00e9tait r\u00e9uni \u00e0 St-Imier dans le Jura Bernois pour faire de ce rendez-vous \u00ab\u00a0route\u00a0\u00bb une r\u00e9ussite. 25 participants des deux clubs (et Nathalie\u2026<\/p>\n","category_list":"<a href=\"https:\/\/centcols.org\/backup\/categorie\/rassemblements\/rassemblements-2015\/\" rel=\"category tag\">Les rassemblements de 2015<\/a>","author_info":{"display_name":"Webmestre","author_link":"https:\/\/centcols.org\/backup\/author\/webmestre\/"},"comments_num":"0 commentaire","featured_image_urls_v2":{"full":"","thumbnail":"","medium":"","medium_large":"","large":"","1536x1536":"","2048x2048":"","woocommerce_thumbnail":"","woocommerce_single":"","woocommerce_gallery_thumbnail":""},"post_excerpt_stackable_v2":"<p>Voir le compte-rendu Voir les photos Rendez-vous au terrain de football. 8h30 pour le caf\u00e9, d\u00e9part \u00e0 9h00. Parcours B de 55 km,\u00a0 1200 m de d\u00e9nivellation. Parcours C 40 km, 900 m de d\u00e9nivellation. Col de Pierre Pertuis, col de la Tanne, col du Mont Crosin. Contact Pierre Mai, route du Signal 22. 1165 Allaman. T\u00e9l : (0041) 021 807 34 17 Natel : 0041 76 498 58 73 Email : p&#109;a&#105;&#64;&#98;&#108;&#117;ewin.ch \u00a0Compte-rendu Soleil, chaleur, tout \u00e9tait r\u00e9uni \u00e0 St-Imier dans le Jura Bernois pour faire de ce rendez-vous \u00ab\u00a0route\u00a0\u00bb une r\u00e9ussite. 25 participants des deux clubs (et Nathalie\u2026<\/p>\n","category_list_v2":"<a href=\"https:\/\/centcols.org\/backup\/categorie\/rassemblements\/rassemblements-2015\/\" rel=\"category tag\">Les rassemblements de 2015<\/a>","author_info_v2":{"name":"Webmestre","url":"https:\/\/centcols.org\/backup\/author\/webmestre\/"},"comments_num_v2":"0 commentaire","featured_image_src":null,"_links":{"self":[{"href":"https:\/\/centcols.org\/backup\/wp-json\/wp\/v2\/posts\/11355"}],"collection":[{"href":"https:\/\/centcols.org\/backup\/wp-json\/wp\/v2\/posts"}],"about":[{"href":"https:\/\/centcols.org\/backup\/wp-json\/wp\/v2\/types\/post"}],"author":[{"embeddable":true,"href":"https:\/\/centcols.org\/backup\/wp-json\/wp\/v2\/users\/2001"}],"replies":[{"embeddable":true,"href":"https:\/\/centcols.org\/backup\/wp-json\/wp\/v2\/comments?post=11355"}],"version-history":[{"count":0,"href":"https:\/\/centcols.org\/backup\/wp-json\/wp\/v2\/posts\/11355\/revisions"}],"wp:attachment":[{"href":"https:\/\/centcols.org\/backup\/wp-json\/wp\/v2\/media?parent=11355"}],"wp:term":[{"taxonomy":"category","embeddable":true,"href":"https:\/\/centcols.org\/backup\/wp-json\/wp\/v2\/categories?post=11355"},{"taxonomy":"post_tag","embeddable":true,"href":"https:\/\/centcols.org\/backup\/wp-json\/wp\/v2\/tags?post=11355"}],"curies":[{"name":"wp","href":"https:\/\/api.w.org\/{rel}","templated":true}]}}