{"id":1181,"date":"2015-04-15T15:40:57","date_gmt":"2015-04-15T13:40:57","guid":{"rendered":"http:\/\/centcols.org\/backup\/?p=1181"},"modified":"2015-10-03T16:36:18","modified_gmt":"2015-10-03T14:36:18","slug":"assemblee-generale-des-cc-suisses-a-allaman","status":"publish","type":"post","link":"https:\/\/centcols.org\/backup\/assemblee-generale-des-cc-suisses-a-allaman\/","title":{"rendered":"Assembl\u00e9e G\u00e9n\u00e9rale 2010 des CC suisses \u00e0 Allaman"},"content":{"rendered":"<h2>Pr\u00e9sentation<\/h2>\n<p style=\"text-align: justify;\">Samedi 7 novembre 2010 \u00e0 la petite salle d\u2019Allaman a eu lieu la 6<sup>e<\/sup> assembl\u00e9e des CC de Suisse.<br \/>\n21 membres pr\u00e9sents, 10 excus\u00e9s.<\/p>\n<p style=\"text-align: justify;\">Rendez-vous \u00e0 11 h 00 autour d\u2019un petit stand de catalogues, v\u00eatements et cartes puis d\u00e9but de l\u2019assembl\u00e9e \u00e0 12 h\u00a015 par une r\u00e9trospective de l\u2019ann\u00e9e \u00e9coul\u00e9e suivie de la pr\u00e9paration de 2010.<br \/>\nTout en buvant l\u2019ap\u00e9ro nous avons pu d\u00e9couvrir un diaporama de 20 minutes sur les nombreuses sorties de cette ann\u00e9e.<br \/>\nA 14 h 00 nous nous sommes d\u00e9plac\u00e9s au caveau de G\u00e9rard Vontobel vigneron du village pour le repas, au menu filets de perche du lac accompagn\u00e9 de pommes de terre, d\u2019excellents vins, d\u2019un petit dessert, caf\u00e9 et les biscuits d\u2019anis de Joseph Charri\u00e8re.<\/p>\n<p style=\"text-align: justify;\">Merci \u00e0 tous pour votre pr\u00e9sence et votre bonne humeur lors de ce rendez-vous.<br \/>\nA l\u2019ann\u00e9e prochaine.<br \/>\nVotre DT<br \/>\nPierre Mai<\/p>\n<h2 style=\"text-align: justify;\">Les photos<\/h2>\n","protected":false},"excerpt":{"rendered":"<p>Pr\u00e9sentation Samedi 7 novembre 2010 \u00e0 la petite salle d\u2019Allaman a eu lieu la 6e assembl\u00e9e des CC de Suisse. 21 membres pr\u00e9sents, 10 excus\u00e9s. Rendez-vous \u00e0 11 h 00 autour d\u2019un petit stand de catalogues, v\u00eatements et cartes puis d\u00e9but de l\u2019assembl\u00e9e \u00e0 12 h\u00a015 par une r\u00e9trospective de l\u2019ann\u00e9e \u00e9coul\u00e9e suivie de la [&hellip;]<\/p>\n","protected":false},"author":2001,"featured_media":0,"comment_status":"closed","ping_status":"closed","sticky":false,"template":"","format":"standard","meta":{"_acf_changed":false,"ub_ctt_via":"","_monsterinsights_skip_tracking":false,"_monsterinsights_sitenote_active":false,"_monsterinsights_sitenote_note":"","_monsterinsights_sitenote_category":0,"footnotes":""},"categories":[14],"tags":[],"acf":[],"featured_image_urls":{"full":"","thumbnail":"","medium":"","medium_large":"","large":"","1536x1536":"","2048x2048":"","woocommerce_thumbnail":"","woocommerce_single":"","woocommerce_gallery_thumbnail":""},"post_excerpt_stackable":"<p>Pr\u00e9sentation Samedi 7 novembre 2010 \u00e0 la petite salle d\u2019Allaman a eu lieu la 6e assembl\u00e9e des CC de Suisse. 21 membres pr\u00e9sents, 10 excus\u00e9s. Rendez-vous \u00e0 11 h 00 autour d\u2019un petit stand de catalogues, v\u00eatements et cartes puis d\u00e9but de l\u2019assembl\u00e9e \u00e0 12 h\u00a015 par une r\u00e9trospective de l\u2019ann\u00e9e \u00e9coul\u00e9e suivie de la pr\u00e9paration de 2010. Tout en buvant l\u2019ap\u00e9ro nous avons pu d\u00e9couvrir un diaporama de 20 minutes sur les nombreuses sorties de cette ann\u00e9e. A 14 h 00 nous nous sommes d\u00e9plac\u00e9s au caveau de G\u00e9rard Vontobel vigneron du village pour le repas, au menu filets\u2026<\/p>\n","category_list":"<a href=\"https:\/\/centcols.org\/backup\/categorie\/assemblees-generales\/\" rel=\"category tag\">Assembl\u00e9es g\u00e9n\u00e9rales<\/a>","author_info":{"display_name":"Webmestre","author_link":"https:\/\/centcols.org\/backup\/author\/webmestre\/"},"comments_num":"0 commentaire","featured_image_urls_v2":{"full":"","thumbnail":"","medium":"","medium_large":"","large":"","1536x1536":"","2048x2048":"","woocommerce_thumbnail":"","woocommerce_single":"","woocommerce_gallery_thumbnail":""},"post_excerpt_stackable_v2":"<p>Pr\u00e9sentation Samedi 7 novembre 2010 \u00e0 la petite salle d\u2019Allaman a eu lieu la 6e assembl\u00e9e des CC de Suisse. 21 membres pr\u00e9sents, 10 excus\u00e9s. Rendez-vous \u00e0 11 h 00 autour d\u2019un petit stand de catalogues, v\u00eatements et cartes puis d\u00e9but de l\u2019assembl\u00e9e \u00e0 12 h\u00a015 par une r\u00e9trospective de l\u2019ann\u00e9e \u00e9coul\u00e9e suivie de la pr\u00e9paration de 2010. Tout en buvant l\u2019ap\u00e9ro nous avons pu d\u00e9couvrir un diaporama de 20 minutes sur les nombreuses sorties de cette ann\u00e9e. A 14 h 00 nous nous sommes d\u00e9plac\u00e9s au caveau de G\u00e9rard Vontobel vigneron du village pour le repas, au menu filets\u2026<\/p>\n","category_list_v2":"<a href=\"https:\/\/centcols.org\/backup\/categorie\/assemblees-generales\/\" rel=\"category tag\">Assembl\u00e9es g\u00e9n\u00e9rales<\/a>","author_info_v2":{"name":"Webmestre","url":"https:\/\/centcols.org\/backup\/author\/webmestre\/"},"comments_num_v2":"0 commentaire","featured_image_src":null,"_links":{"self":[{"href":"https:\/\/centcols.org\/backup\/wp-json\/wp\/v2\/posts\/1181"}],"collection":[{"href":"https:\/\/centcols.org\/backup\/wp-json\/wp\/v2\/posts"}],"about":[{"href":"https:\/\/centcols.org\/backup\/wp-json\/wp\/v2\/types\/post"}],"author":[{"embeddable":true,"href":"https:\/\/centcols.org\/backup\/wp-json\/wp\/v2\/users\/2001"}],"replies":[{"embeddable":true,"href":"https:\/\/centcols.org\/backup\/wp-json\/wp\/v2\/comments?post=1181"}],"version-history":[{"count":0,"href":"https:\/\/centcols.org\/backup\/wp-json\/wp\/v2\/posts\/1181\/revisions"}],"wp:attachment":[{"href":"https:\/\/centcols.org\/backup\/wp-json\/wp\/v2\/media?parent=1181"}],"wp:term":[{"taxonomy":"category","embeddable":true,"href":"https:\/\/centcols.org\/backup\/wp-json\/wp\/v2\/categories?post=1181"},{"taxonomy":"post_tag","embeddable":true,"href":"https:\/\/centcols.org\/backup\/wp-json\/wp\/v2\/tags?post=1181"}],"curies":[{"name":"wp","href":"https:\/\/api.w.org\/{rel}","templated":true}]}}