{"id":11983,"date":"2015-04-01T10:00:28","date_gmt":"2015-04-01T08:00:28","guid":{"rendered":"http:\/\/centcols.org\/backup\/?p=11983"},"modified":"2015-06-09T11:20:41","modified_gmt":"2015-06-09T09:20:41","slug":"sortie-suisses-2015-barboleusaz","status":"publish","type":"post","link":"https:\/\/centcols.org\/backup\/sortie-suisses-2015-barboleusaz\/","title":{"rendered":"Sortie VTT Cent Cols suisses \u00e0 La Barboleusaz le 9 mai 2015"},"content":{"rendered":"<h2><span style=\"color: #ff0000;\">sortie annul\u00e9e pour raisons m\u00e9t\u00e9o<\/span><\/h2>\n<p><strong>Samedi 9 mai 2015<\/strong><\/p>\n<p>Rendez-vous au parking du centre du village.<br \/>\n8h30 pour le caf\u00e9, d\u00e9part \u00e0 9h00.<\/p>\n<p>Parcours de 22 km, 800 m de d\u00e9nivellation. Pas de la Larze CH-VD-1800<\/p>\n<p><img loading=\"lazy\" decoding=\"async\" class=\"alignnone size-full wp-image-12024\" src=\"https:\/\/centcols.org\/backup\/wp-content\/uploads\/2015\/04\/barboleusaz.jpg\" alt=\"barboleusaz\" width=\"569\" height=\"570\" srcset=\"https:\/\/centcols.org\/backup\/wp-content\/uploads\/2015\/04\/barboleusaz.jpg 569w, https:\/\/centcols.org\/backup\/wp-content\/uploads\/2015\/04\/barboleusaz-300x300.jpg 300w, https:\/\/centcols.org\/backup\/wp-content\/uploads\/2015\/04\/barboleusaz-100x100.jpg 100w, https:\/\/centcols.org\/backup\/wp-content\/uploads\/2015\/04\/barboleusaz-500x500.jpg 500w\" sizes=\"(max-width: 569px) 100vw, 569px\" \/><\/p>\n<h3>Contact<\/h3>\n<p>Pierre Mai, route du Signal 22. 1165 Allaman.<\/p>\n<p>T\u00e9l : (0041) 21 807 34 17<\/p>\n<p>Natel : 0041 76 498 58 73<\/p>\n<p>Email : <a href=\"&#109;&#97;&#105;&#108;&#116;o:&#112;mai&#64;blu&#101;w&#105;&#110;.&#99;&#104;\">&#112;m&#97;&#105;&#64;&#98;&#108;u&#101;&#119;in&#46;c&#104;<\/a><\/p>\n<h2>Compte-rendu<\/h2>\n<p>Soleil, chaleur, tout \u00e9tait r\u00e9unis \u00e0 St-Imier dans le Jura Bernois pour faire de ce rendez-vous \u00ab\u00a0route\u00a0\u00bb une r\u00e9ussite.<\/p>\n<p>25 participants des deux clubs (et Nathalie bien s\u00fbr\u2026 qui a fait le d\u00e9placement depuis la France) se sont retrouv\u00e9s au parking du terrain de football \u00e0 8h30 pour le caf\u00e9.<\/p>\n<p>A 9 heures deux groupes se sont form\u00e9s\u00a0: emmen\u00e9 par Christian le groupe *C* a parcouru 56 km (850 m de d\u00e9nivel\u00e9) avec au programme les cols de Pierre Pertuis, col de la Tanne (un petit arr\u00eat Coca \u00e0 Bellelay) et le col du Mont Crosin pour terminer. Le groupe *B* emmen\u00e9 par votre serviteur sur le m\u00eame parcours avec une petite rallonge (68 km, 1100 m de d\u00e9nivel\u00e9) par Saignel\u00e9gier et une vitesse un peu plus \u00e9lev\u00e9e.<\/p>\n<p>Au retour pain et fromage offert par le Club Cyclotouriste de la Riviera nous ont permis de passer encore un moment tr\u00e8s convivial autour de la table. Merci \u00e0 Jean-Jacques et Jean-Yves pour les bouteilles de Clairette.<\/p>\n<p>Salutations sportives<\/p>\n<p>Votre DT<\/p>\n<p>Pierre Mai<\/p>\n","protected":false},"excerpt":{"rendered":"<p>sortie annul\u00e9e pour raisons m\u00e9t\u00e9o Samedi 9 mai 2015 Rendez-vous au parking du centre du village. 8h30 pour le caf\u00e9, d\u00e9part \u00e0 9h00. Parcours de 22 km, 800 m de d\u00e9nivellation. Pas de la Larze CH-VD-1800 Contact Pierre Mai, route du Signal 22. 1165 Allaman. T\u00e9l : (0041) 21 807 34 17 Natel : 0041 [&hellip;]<\/p>\n","protected":false},"author":2001,"featured_media":0,"comment_status":"closed","ping_status":"closed","sticky":false,"template":"","format":"standard","meta":{"_acf_changed":false,"ub_ctt_via":"","_monsterinsights_skip_tracking":false,"_monsterinsights_sitenote_active":false,"_monsterinsights_sitenote_note":"","_monsterinsights_sitenote_category":0,"footnotes":""},"categories":[13],"tags":[],"acf":[],"featured_image_urls":{"full":"","thumbnail":"","medium":"","medium_large":"","large":"","1536x1536":"","2048x2048":"","woocommerce_thumbnail":"","woocommerce_single":"","woocommerce_gallery_thumbnail":""},"post_excerpt_stackable":"<p>sortie annul\u00e9e pour raisons m\u00e9t\u00e9o Samedi 9 mai 2015 Rendez-vous au parking du centre du village. 8h30 pour le caf\u00e9, d\u00e9part \u00e0 9h00. Parcours de 22 km, 800 m de d\u00e9nivellation. Pas de la Larze CH-VD-1800 Contact Pierre Mai, route du Signal 22. 1165 Allaman. T\u00e9l : (0041) 21 807 34 17 Natel : 0041 76 498 58 73 Email : p&#109;&#97;&#105;&#64;&#98;&#108;ue&#119;&#105;&#110;&#46;c&#104; Compte-rendu Soleil, chaleur, tout \u00e9tait r\u00e9unis \u00e0 St-Imier dans le Jura Bernois pour faire de ce rendez-vous \u00ab\u00a0route\u00a0\u00bb une r\u00e9ussite. 25 participants des deux clubs (et Nathalie bien s\u00fbr\u2026 qui a fait le d\u00e9placement depuis la France) se\u2026<\/p>\n","category_list":"<a href=\"https:\/\/centcols.org\/backup\/categorie\/rassemblements\/rassemblements-2015\/\" rel=\"category tag\">Les rassemblements de 2015<\/a>","author_info":{"display_name":"Webmestre","author_link":"https:\/\/centcols.org\/backup\/author\/webmestre\/"},"comments_num":"0 commentaire","featured_image_urls_v2":{"full":"","thumbnail":"","medium":"","medium_large":"","large":"","1536x1536":"","2048x2048":"","woocommerce_thumbnail":"","woocommerce_single":"","woocommerce_gallery_thumbnail":""},"post_excerpt_stackable_v2":"<p>sortie annul\u00e9e pour raisons m\u00e9t\u00e9o Samedi 9 mai 2015 Rendez-vous au parking du centre du village. 8h30 pour le caf\u00e9, d\u00e9part \u00e0 9h00. Parcours de 22 km, 800 m de d\u00e9nivellation. Pas de la Larze CH-VD-1800 Contact Pierre Mai, route du Signal 22. 1165 Allaman. T\u00e9l : (0041) 21 807 34 17 Natel : 0041 76 498 58 73 Email : &#112;&#109;&#97;i&#64;&#98;&#108;ue&#119;&#105;&#110;&#46;ch Compte-rendu Soleil, chaleur, tout \u00e9tait r\u00e9unis \u00e0 St-Imier dans le Jura Bernois pour faire de ce rendez-vous \u00ab\u00a0route\u00a0\u00bb une r\u00e9ussite. 25 participants des deux clubs (et Nathalie bien s\u00fbr\u2026 qui a fait le d\u00e9placement depuis la France) se\u2026<\/p>\n","category_list_v2":"<a href=\"https:\/\/centcols.org\/backup\/categorie\/rassemblements\/rassemblements-2015\/\" rel=\"category tag\">Les rassemblements de 2015<\/a>","author_info_v2":{"name":"Webmestre","url":"https:\/\/centcols.org\/backup\/author\/webmestre\/"},"comments_num_v2":"0 commentaire","featured_image_src":null,"_links":{"self":[{"href":"https:\/\/centcols.org\/backup\/wp-json\/wp\/v2\/posts\/11983"}],"collection":[{"href":"https:\/\/centcols.org\/backup\/wp-json\/wp\/v2\/posts"}],"about":[{"href":"https:\/\/centcols.org\/backup\/wp-json\/wp\/v2\/types\/post"}],"author":[{"embeddable":true,"href":"https:\/\/centcols.org\/backup\/wp-json\/wp\/v2\/users\/2001"}],"replies":[{"embeddable":true,"href":"https:\/\/centcols.org\/backup\/wp-json\/wp\/v2\/comments?post=11983"}],"version-history":[{"count":0,"href":"https:\/\/centcols.org\/backup\/wp-json\/wp\/v2\/posts\/11983\/revisions"}],"wp:attachment":[{"href":"https:\/\/centcols.org\/backup\/wp-json\/wp\/v2\/media?parent=11983"}],"wp:term":[{"taxonomy":"category","embeddable":true,"href":"https:\/\/centcols.org\/backup\/wp-json\/wp\/v2\/categories?post=11983"},{"taxonomy":"post_tag","embeddable":true,"href":"https:\/\/centcols.org\/backup\/wp-json\/wp\/v2\/tags?post=11983"}],"curies":[{"name":"wp","href":"https:\/\/api.w.org\/{rel}","templated":true}]}}