{"id":12042,"date":"2015-04-24T10:03:11","date_gmt":"2015-04-24T08:03:11","guid":{"rendered":"http:\/\/centcols.org\/backup\/?p=12042"},"modified":"2015-06-11T18:09:27","modified_gmt":"2015-06-11T16:09:27","slug":"paques-en-provence-souvenir-velocio-a-lurs-04","status":"publish","type":"post","link":"https:\/\/centcols.org\/backup\/paques-en-provence-souvenir-velocio-a-lurs-04\/","title":{"rendered":"P\u00e2ques-en-Provence &#8211; Souvenir Velocio \u00e0 Lurs (04)"},"content":{"rendered":"<p>Voir les d\u00e9tails de la manifestation sur le <a href=\"http:\/\/ffct.org\/randonner-a-velo\/ou-quand-pratiquer\/evenements\/concentration-nationale-paques-en-provence-4-5-et-6-avril\/\" target=\"_blank\">site de la F\u00e9d\u00e9ration Fran\u00e7aise de Cyclotourisme<\/a><\/p>\n","protected":false},"excerpt":{"rendered":"<p>Voir les d\u00e9tails de la manifestation sur le site de la F\u00e9d\u00e9ration Fran\u00e7aise de Cyclotourisme<\/p>\n","protected":false},"author":2001,"featured_media":0,"comment_status":"closed","ping_status":"closed","sticky":false,"template":"","format":"standard","meta":{"_acf_changed":false,"ub_ctt_via":"","_monsterinsights_skip_tracking":false,"_monsterinsights_sitenote_active":false,"_monsterinsights_sitenote_note":"","_monsterinsights_sitenote_category":0,"footnotes":""},"categories":[1],"tags":[],"acf":[],"featured_image_urls":{"full":"","thumbnail":"","medium":"","medium_large":"","large":"","1536x1536":"","2048x2048":"","woocommerce_thumbnail":"","woocommerce_single":"","woocommerce_gallery_thumbnail":""},"post_excerpt_stackable":"<p>Voir les d\u00e9tails de la manifestation sur le site de la F\u00e9d\u00e9ration Fran\u00e7aise de Cyclotourisme<\/p>\n","category_list":"<a href=\"https:\/\/centcols.org\/backup\/categorie\/non-classifiee\/\" rel=\"category tag\">Non classifi\u00e9(e)<\/a>","author_info":{"display_name":"Webmestre","author_link":"https:\/\/centcols.org\/backup\/author\/webmestre\/"},"comments_num":"0 commentaire","featured_image_urls_v2":{"full":"","thumbnail":"","medium":"","medium_large":"","large":"","1536x1536":"","2048x2048":"","woocommerce_thumbnail":"","woocommerce_single":"","woocommerce_gallery_thumbnail":""},"post_excerpt_stackable_v2":"<p>Voir les d\u00e9tails de la manifestation sur le site de la F\u00e9d\u00e9ration Fran\u00e7aise de Cyclotourisme<\/p>\n","category_list_v2":"<a href=\"https:\/\/centcols.org\/backup\/categorie\/non-classifiee\/\" rel=\"category tag\">Non classifi\u00e9(e)<\/a>","author_info_v2":{"name":"Webmestre","url":"https:\/\/centcols.org\/backup\/author\/webmestre\/"},"comments_num_v2":"0 commentaire","featured_image_src":null,"_links":{"self":[{"href":"https:\/\/centcols.org\/backup\/wp-json\/wp\/v2\/posts\/12042"}],"collection":[{"href":"https:\/\/centcols.org\/backup\/wp-json\/wp\/v2\/posts"}],"about":[{"href":"https:\/\/centcols.org\/backup\/wp-json\/wp\/v2\/types\/post"}],"author":[{"embeddable":true,"href":"https:\/\/centcols.org\/backup\/wp-json\/wp\/v2\/users\/2001"}],"replies":[{"embeddable":true,"href":"https:\/\/centcols.org\/backup\/wp-json\/wp\/v2\/comments?post=12042"}],"version-history":[{"count":0,"href":"https:\/\/centcols.org\/backup\/wp-json\/wp\/v2\/posts\/12042\/revisions"}],"wp:attachment":[{"href":"https:\/\/centcols.org\/backup\/wp-json\/wp\/v2\/media?parent=12042"}],"wp:term":[{"taxonomy":"category","embeddable":true,"href":"https:\/\/centcols.org\/backup\/wp-json\/wp\/v2\/categories?post=12042"},{"taxonomy":"post_tag","embeddable":true,"href":"https:\/\/centcols.org\/backup\/wp-json\/wp\/v2\/tags?post=12042"}],"curies":[{"name":"wp","href":"https:\/\/api.w.org\/{rel}","templated":true}]}}