{"id":1210,"date":"2015-04-15T16:25:33","date_gmt":"2015-04-15T14:25:33","guid":{"rendered":"http:\/\/centcols.org\/backup\/?p=1210"},"modified":"2015-06-10T20:39:44","modified_gmt":"2015-06-10T18:39:44","slug":"assemblee-des-cent-cols-suisses-a-allaman","status":"publish","type":"post","link":"https:\/\/centcols.org\/backup\/assemblee-des-cent-cols-suisses-a-allaman\/","title":{"rendered":"Assembl\u00e9e des Cent Cols Suisses \u00e0 Allaman (canton de Vaud)"},"content":{"rendered":"<h2>L&#8217;assembl\u00e9e<\/h2>\n<p style=\"text-align: justify;\">Samedi 13 novembre 2010 \u00e0 la petite salle d\u2019Allaman a eu lieu la 7<sup>e<\/sup> assembl\u00e9e des CC de Suisse.<\/p>\n<p style=\"text-align: justify;\">27 membres pr\u00e9sents, 3 futurs membres, 3 accompagnants. (11 excus\u00e9s).<\/p>\n<p style=\"text-align: justify;\">Rendez-vous \u00e0 11 h 00 autour d\u2019un petit stand de catalogues, v\u00eatements et d\u2019album photos puis d\u00e9but de l\u2019assembl\u00e9e \u00e0 12 h\u00a000\u00a0pr\u00e9cises. Une r\u00e9trospective de l\u2019ann\u00e9e \u00e9coul\u00e9e, pr\u00e9paration des rendez-vous 2011, distribution des dipl\u00f4mes, un petit quizz et enfin un diaporama de 20 minutes sur les nombreuses sorties de cette ann\u00e9es.<\/p>\n<p style=\"text-align: justify;\">A 13 h 00 l\u2019ap\u00e9ro pr\u00e9par\u00e9 par Catherine suivi du repas \u00e0 14 h 00 au caveau de G\u00e9rard Vontobel vigneron du village, au menu filets de perche du lac accompagn\u00e9 de pommes de terre, de vins d\u2019Allaman, d\u2019un petit dessert (Tiramisu), caf\u00e9 et les biscuits d\u2019anis de Joseph Charri\u00e8re.<\/p>\n<p style=\"text-align: justify;\">Merci \u00e0 tous pour votre pr\u00e9sence et votre bonne humeur lors de ce sympathique rendez-vous.<\/p>\n<p style=\"text-align: justify;\">A l\u2019ann\u00e9e prochaine.<\/p>\n<p style=\"text-align: justify;\">Votre DT<br \/>\nPierre Mai<\/p>\n<h2>Les photos<\/h2>\n","protected":false},"excerpt":{"rendered":"<p>L&#8217;assembl\u00e9e Samedi 13 novembre 2010 \u00e0 la petite salle d\u2019Allaman a eu lieu la 7e assembl\u00e9e des CC de Suisse. 27 membres pr\u00e9sents, 3 futurs membres, 3 accompagnants. (11 excus\u00e9s). Rendez-vous \u00e0 11 h 00 autour d\u2019un petit stand de catalogues, v\u00eatements et d\u2019album photos puis d\u00e9but de l\u2019assembl\u00e9e \u00e0 12 h\u00a000\u00a0pr\u00e9cises. Une r\u00e9trospective de [&hellip;]<\/p>\n","protected":false},"author":2001,"featured_media":0,"comment_status":"closed","ping_status":"closed","sticky":false,"template":"","format":"standard","meta":{"_acf_changed":false,"ub_ctt_via":"","_monsterinsights_skip_tracking":false,"_monsterinsights_sitenote_active":false,"_monsterinsights_sitenote_note":"","_monsterinsights_sitenote_category":0,"footnotes":""},"categories":[14],"tags":[],"acf":[],"featured_image_urls":{"full":"","thumbnail":"","medium":"","medium_large":"","large":"","1536x1536":"","2048x2048":"","woocommerce_thumbnail":"","woocommerce_single":"","woocommerce_gallery_thumbnail":""},"post_excerpt_stackable":"<p>L&#8217;assembl\u00e9e Samedi 13 novembre 2010 \u00e0 la petite salle d\u2019Allaman a eu lieu la 7e assembl\u00e9e des CC de Suisse. 27 membres pr\u00e9sents, 3 futurs membres, 3 accompagnants. (11 excus\u00e9s). Rendez-vous \u00e0 11 h 00 autour d\u2019un petit stand de catalogues, v\u00eatements et d\u2019album photos puis d\u00e9but de l\u2019assembl\u00e9e \u00e0 12 h\u00a000\u00a0pr\u00e9cises. Une r\u00e9trospective de l\u2019ann\u00e9e \u00e9coul\u00e9e, pr\u00e9paration des rendez-vous 2011, distribution des dipl\u00f4mes, un petit quizz et enfin un diaporama de 20 minutes sur les nombreuses sorties de cette ann\u00e9es. A 13 h 00 l\u2019ap\u00e9ro pr\u00e9par\u00e9 par Catherine suivi du repas \u00e0 14 h 00 au caveau de G\u00e9rard\u2026<\/p>\n","category_list":"<a href=\"https:\/\/centcols.org\/backup\/categorie\/assemblees-generales\/\" rel=\"category tag\">Assembl\u00e9es g\u00e9n\u00e9rales<\/a>","author_info":{"display_name":"Webmestre","author_link":"https:\/\/centcols.org\/backup\/author\/webmestre\/"},"comments_num":"0 commentaire","featured_image_urls_v2":{"full":"","thumbnail":"","medium":"","medium_large":"","large":"","1536x1536":"","2048x2048":"","woocommerce_thumbnail":"","woocommerce_single":"","woocommerce_gallery_thumbnail":""},"post_excerpt_stackable_v2":"<p>L&#8217;assembl\u00e9e Samedi 13 novembre 2010 \u00e0 la petite salle d\u2019Allaman a eu lieu la 7e assembl\u00e9e des CC de Suisse. 27 membres pr\u00e9sents, 3 futurs membres, 3 accompagnants. (11 excus\u00e9s). Rendez-vous \u00e0 11 h 00 autour d\u2019un petit stand de catalogues, v\u00eatements et d\u2019album photos puis d\u00e9but de l\u2019assembl\u00e9e \u00e0 12 h\u00a000\u00a0pr\u00e9cises. Une r\u00e9trospective de l\u2019ann\u00e9e \u00e9coul\u00e9e, pr\u00e9paration des rendez-vous 2011, distribution des dipl\u00f4mes, un petit quizz et enfin un diaporama de 20 minutes sur les nombreuses sorties de cette ann\u00e9es. A 13 h 00 l\u2019ap\u00e9ro pr\u00e9par\u00e9 par Catherine suivi du repas \u00e0 14 h 00 au caveau de G\u00e9rard\u2026<\/p>\n","category_list_v2":"<a href=\"https:\/\/centcols.org\/backup\/categorie\/assemblees-generales\/\" rel=\"category tag\">Assembl\u00e9es g\u00e9n\u00e9rales<\/a>","author_info_v2":{"name":"Webmestre","url":"https:\/\/centcols.org\/backup\/author\/webmestre\/"},"comments_num_v2":"0 commentaire","featured_image_src":null,"_links":{"self":[{"href":"https:\/\/centcols.org\/backup\/wp-json\/wp\/v2\/posts\/1210"}],"collection":[{"href":"https:\/\/centcols.org\/backup\/wp-json\/wp\/v2\/posts"}],"about":[{"href":"https:\/\/centcols.org\/backup\/wp-json\/wp\/v2\/types\/post"}],"author":[{"embeddable":true,"href":"https:\/\/centcols.org\/backup\/wp-json\/wp\/v2\/users\/2001"}],"replies":[{"embeddable":true,"href":"https:\/\/centcols.org\/backup\/wp-json\/wp\/v2\/comments?post=1210"}],"version-history":[{"count":0,"href":"https:\/\/centcols.org\/backup\/wp-json\/wp\/v2\/posts\/1210\/revisions"}],"wp:attachment":[{"href":"https:\/\/centcols.org\/backup\/wp-json\/wp\/v2\/media?parent=1210"}],"wp:term":[{"taxonomy":"category","embeddable":true,"href":"https:\/\/centcols.org\/backup\/wp-json\/wp\/v2\/categories?post=1210"},{"taxonomy":"post_tag","embeddable":true,"href":"https:\/\/centcols.org\/backup\/wp-json\/wp\/v2\/tags?post=1210"}],"curies":[{"name":"wp","href":"https:\/\/api.w.org\/{rel}","templated":true}]}}