{"id":19881,"date":"2015-04-29T09:25:52","date_gmt":"2015-04-29T07:25:52","guid":{"rendered":"http:\/\/centcols.org\/backup\/?p=19881"},"modified":"2015-04-29T09:33:31","modified_gmt":"2015-04-29T07:33:31","slug":"reunion-des-cent-cols-de-suisse-a-vevey-28-fevrier-2014","status":"publish","type":"post","link":"https:\/\/centcols.org\/backup\/reunion-des-cent-cols-de-suisse-a-vevey-28-fevrier-2014\/","title":{"rendered":"R\u00e9union des Cent Cols de Suisse \u00e0 Vevey &#8211; 28 f\u00e9vrier 2014"},"content":{"rendered":"<h2>Compte rendu<\/h2>\n<p>8h30, Nicole et Jean-Pierre nous ont apport\u00e9 le caf\u00e9 et la Cuchaule sur le parking des bains. Le soleil est bien pr\u00e9sent et la temp\u00e9rature d\u00e9j\u00e0 agr\u00e9able.<br \/>\nD\u00e9part \u00e0 9 heures d\u2019une petite d\u00e9l\u00e9gation de 6 membres pour ce parcours de 36 km avec deux cols. Apr\u00e8s 6 km d\u2019\u00e9chauffement sur une jolie petite route la pente augmente s\u00e9rieusement pour atteindre les 13 \u00e0 15 %. Deux virages avant le sommet du col des Hauts-Cr\u00eats nous nous arr\u00eatons devant un panneau p\u00e9destre et surprise nous y voyons inscrit &#8220;Col des Jognins&#8221;.<\/p>\n<p>Un nouveau col \u00e0 2 km, ni une ni deux tout le monde et d\u2019accord pour aller voir \u00e7a de plus pr\u00eat. Apr\u00e8s deux km de poussage sur un sentier, nous atteignons le col. Pour ne pas revenir en arri\u00e8re nous d\u00e9cidons de descendre par le c\u00f4t\u00e9 ouest pour arriver \u00e0 Charmey et de remonter ensuite au Passage du Jeu de Quille. Le parcours a donc \u00e9t\u00e9 rallong\u00e9 de 10 km mais avec un col de plus. De retour \u00e0 16 heure \u00e0 Charmey pour d\u00e9guster une bi\u00e8re (non deux) avant de rentrer chez nous.<\/p>\n<p>A bient\u00f4t pour de nouvelles d\u00e9couvertes.<\/p>\n<p>Pierre<\/p>\n","protected":false},"excerpt":{"rendered":"<p>Compte rendu 8h30, Nicole et Jean-Pierre nous ont apport\u00e9 le caf\u00e9 et la Cuchaule sur le parking des bains. Le soleil est bien pr\u00e9sent et la temp\u00e9rature d\u00e9j\u00e0 agr\u00e9able. D\u00e9part \u00e0 9 heures d\u2019une petite d\u00e9l\u00e9gation de 6 membres pour ce parcours de 36 km avec deux cols. Apr\u00e8s 6 km d\u2019\u00e9chauffement sur une jolie [&hellip;]<\/p>\n","protected":false},"author":2001,"featured_media":0,"comment_status":"closed","ping_status":"closed","sticky":false,"template":"","format":"standard","meta":{"_acf_changed":false,"ub_ctt_via":"","_monsterinsights_skip_tracking":false,"_monsterinsights_sitenote_active":false,"_monsterinsights_sitenote_note":"","_monsterinsights_sitenote_category":0,"footnotes":""},"categories":[38],"tags":[],"acf":[],"featured_image_urls":{"full":"","thumbnail":"","medium":"","medium_large":"","large":"","1536x1536":"","2048x2048":"","woocommerce_thumbnail":"","woocommerce_single":"","woocommerce_gallery_thumbnail":""},"post_excerpt_stackable":"<p>Compte rendu 8h30, Nicole et Jean-Pierre nous ont apport\u00e9 le caf\u00e9 et la Cuchaule sur le parking des bains. Le soleil est bien pr\u00e9sent et la temp\u00e9rature d\u00e9j\u00e0 agr\u00e9able. D\u00e9part \u00e0 9 heures d\u2019une petite d\u00e9l\u00e9gation de 6 membres pour ce parcours de 36 km avec deux cols. Apr\u00e8s 6 km d\u2019\u00e9chauffement sur une jolie petite route la pente augmente s\u00e9rieusement pour atteindre les 13 \u00e0 15 %. Deux virages avant le sommet du col des Hauts-Cr\u00eats nous nous arr\u00eatons devant un panneau p\u00e9destre et surprise nous y voyons inscrit &#8220;Col des Jognins&#8221;. Un nouveau col \u00e0 2 km, ni\u2026<\/p>\n","category_list":"<a href=\"https:\/\/centcols.org\/backup\/categorie\/albums-photos\/\" rel=\"category tag\">Albums photos<\/a>","author_info":{"display_name":"Webmestre","author_link":"https:\/\/centcols.org\/backup\/author\/webmestre\/"},"comments_num":"0 commentaire","featured_image_urls_v2":{"full":"","thumbnail":"","medium":"","medium_large":"","large":"","1536x1536":"","2048x2048":"","woocommerce_thumbnail":"","woocommerce_single":"","woocommerce_gallery_thumbnail":""},"post_excerpt_stackable_v2":"<p>Compte rendu 8h30, Nicole et Jean-Pierre nous ont apport\u00e9 le caf\u00e9 et la Cuchaule sur le parking des bains. Le soleil est bien pr\u00e9sent et la temp\u00e9rature d\u00e9j\u00e0 agr\u00e9able. D\u00e9part \u00e0 9 heures d\u2019une petite d\u00e9l\u00e9gation de 6 membres pour ce parcours de 36 km avec deux cols. Apr\u00e8s 6 km d\u2019\u00e9chauffement sur une jolie petite route la pente augmente s\u00e9rieusement pour atteindre les 13 \u00e0 15 %. Deux virages avant le sommet du col des Hauts-Cr\u00eats nous nous arr\u00eatons devant un panneau p\u00e9destre et surprise nous y voyons inscrit &#8220;Col des Jognins&#8221;. Un nouveau col \u00e0 2 km, ni\u2026<\/p>\n","category_list_v2":"<a href=\"https:\/\/centcols.org\/backup\/categorie\/albums-photos\/\" rel=\"category tag\">Albums photos<\/a>","author_info_v2":{"name":"Webmestre","url":"https:\/\/centcols.org\/backup\/author\/webmestre\/"},"comments_num_v2":"0 commentaire","featured_image_src":null,"_links":{"self":[{"href":"https:\/\/centcols.org\/backup\/wp-json\/wp\/v2\/posts\/19881"}],"collection":[{"href":"https:\/\/centcols.org\/backup\/wp-json\/wp\/v2\/posts"}],"about":[{"href":"https:\/\/centcols.org\/backup\/wp-json\/wp\/v2\/types\/post"}],"author":[{"embeddable":true,"href":"https:\/\/centcols.org\/backup\/wp-json\/wp\/v2\/users\/2001"}],"replies":[{"embeddable":true,"href":"https:\/\/centcols.org\/backup\/wp-json\/wp\/v2\/comments?post=19881"}],"version-history":[{"count":0,"href":"https:\/\/centcols.org\/backup\/wp-json\/wp\/v2\/posts\/19881\/revisions"}],"wp:attachment":[{"href":"https:\/\/centcols.org\/backup\/wp-json\/wp\/v2\/media?parent=19881"}],"wp:term":[{"taxonomy":"category","embeddable":true,"href":"https:\/\/centcols.org\/backup\/wp-json\/wp\/v2\/categories?post=19881"},{"taxonomy":"post_tag","embeddable":true,"href":"https:\/\/centcols.org\/backup\/wp-json\/wp\/v2\/tags?post=19881"}],"curies":[{"name":"wp","href":"https:\/\/api.w.org\/{rel}","templated":true}]}}