{"id":20760,"date":"2015-05-07T09:55:00","date_gmt":"2015-05-07T07:55:00","guid":{"rendered":"http:\/\/centcols.org\/backup\/?p=20760"},"modified":"2023-01-23T18:44:17","modified_gmt":"2023-01-23T17:44:17","slug":"cent-cols-en-drome","status":"publish","type":"post","link":"https:\/\/centcols.org\/backup\/cent-cols-en-drome\/","title":{"rendered":"Cent cols en Dr\u00f4me"},"content":{"rendered":"<h2>Pr\u00e9sentation<\/h2>\n<p>Circuit de 1 230 km se d\u00e9veloppant \u00e0 99% dans le d\u00e9partement de la Dr\u00f4me et comprenant 107 cols (dont deux seulement ne sont pas rev\u00eatus), 6 cols en option et environ 25000 m de d\u00e9nivel\u00e9.<\/p>\n<p>Cette randonn\u00e9e a \u00e9t\u00e9 trac\u00e9e par Michel Marcelot de la Confr\u00e9rie des Cent Cols.<\/p>\n<h3>Parcours<\/h3>\n<p><iframe loading=\"lazy\" src=\"\/rando_perm\/carto\/mbtrp.php?rp=dro\" width=\"800\" height=\"600\"><\/iframe><\/p>\n<p><a href=\"\/rando_perm\/inscription.php?rando=dro\" target=\"_blank\" rel=\"noopener noreferrer\">Bulletin d&#8217;inscription<\/a><\/p>\n<p><a class=\"iframe-fancybox\" href=\"https:\/\/centcols.org\/backup\/rando_perm\/drome\/commentaires.htm\" target=\"_blank\" rel=\"noopener noreferrer\">Additifs, corrections et commentaires des participants<\/a><\/p>\n<h2>Th\u00e8me<\/h2>\n<p>Le Club des Cent Cols, fond\u00e9 en 1972, affili\u00e9 \u00e0 la <a href=\"http:\/\/ffct.org\/\" target=\"_blank\" rel=\"noopener noreferrer\">F\u00e9d\u00e9ration Fran\u00e7aise de Cyclotourisme<\/a> sous le N\u00b06384, vous propose cette randonn\u00e9e permanente bas\u00e9e sur un th\u00e8me simple : \u00ab Cent cols \u00bb.<\/p>\n<p>Cent cols, soit pour vous permettre d&#8217;int\u00e9grer la Confr\u00e9rie des Cent Cols, soit pour vous permettre de progresser dans le \u00ab tableau d&#8217;honneur \u00bb de la Confr\u00e9rie, de toute fa\u00e7on pour vous faire d\u00e9couvrir ou red\u00e9couvrir le d\u00e9partement de la Dr\u00f4me si riche en sites naturels ou historiques.<\/p>\n<h2>Contr\u00f4les<\/h2>\n<p>Sept contr\u00f4les sont obligatoires; ils seront effectu\u00e9s en des points de parcours choisis par le randonneur lui-m\u00eame, un contr\u00f4le \u00e9tant effectu\u00e9 dans chaque section (les num\u00e9ros de section sont \u00e0 reporter sur la carte de route).<\/p>\n<ol>\n<li>Mont\u00e9limar &#8211; Vesc<\/li>\n<li>Vesc &#8211; R\u00e9muzat<\/li>\n<li>R\u00e9muzat &#8211; S\u00e9deron<\/li>\n<li>S\u00e9deron &#8211; R\u00e9muzat<\/li>\n<li>R\u00e9muzat &#8211; Ch\u00e2tillon-en-Diois<\/li>\n<li>Ch\u00e2tillon-en-Diois &#8211; Die<\/li>\n<li>Die &#8211; L\u00e9oncel<\/li>\n<li>L\u00e9oncel &#8211; Mont\u00e9limar<\/li>\n<\/ol>\n<p><strong>NB : La randonn\u00e9e peut \u00eatre faite sous forme de 5 boucles :<\/strong><\/p>\n<ul>\n<li>Mont\u00e9limar, Grignan, Dieulefit, Mont\u00e9limar<\/li>\n<li>Dieulefit, Nyons, R\u00e9muzat, Dieulefit<\/li>\n<li>R\u00e9muzat, Buis-les-Baronnies, S\u00e9deron, R\u00e9muzat<\/li>\n<li>Dieulefit, Saillans, Ch\u00e2tillon-en-D., Clelles, Luc-en-D., R\u00e9muzat, Dieulefit<\/li>\n<li>Crest, Die, La Chapelle-en-Vercors, St-Jean-en-Royans, Beaufort-sur-Gervanne, Crest<\/li>\n<\/ul>\n<h2>Principaux cols<\/h2>\n<ul>\n<li>Col de Rousset<\/li>\n<li>Col de la Machine<\/li>\n<li>Col de Pennes<\/li>\n<li>Col de Grimone<\/li>\n<li>Col de Men\u00e9e<\/li>\n<li>Col de Soubeyrand<\/li>\n<li>Col de Perty<\/li>\n<li>Col de Macu\u00e8gne<\/li>\n<li>Col de la Chaudi\u00e8re<\/li>\n<li>Col de Tourniol<\/li>\n<li>Col de Bacchus<\/li>\n<li>Col des Limouches etc&#8230;<\/li>\n<\/ul>\n<h2>Sites BCN et BPF sur le parcours<\/h2>\n<ul>\n<li>Grignan<\/li>\n<li>Montbrun-les-Bains (\u00e0 1km)<\/li>\n<li>Brantes (Vaucluse)<\/li>\n<li>La Motte Chalan\u00e7on<\/li>\n<li>Col de Rousset<\/li>\n<li>Col de la Machine<\/li>\n<\/ul>\n<h2>R\u00e8gle du jeu des randonn\u00e9es permanentes<\/h2>\n<p>Tout participant \u00e0 cette randonn\u00e9e permanente s&#8217;engage \u00e0 respecter<a class=\"iframe-fancybox\" href=\"https:\/\/centcols.org\/backup\/rdj-randonnees-permanentes\/\"> la r\u00e8gle du jeu<\/a> la r\u00e9gissant.<\/p>\n<h2>Pour plus d&#8217;information<\/h2>\n<h3>S&#8217;adresser au responsable des randonn\u00e9es permanentes<\/h3>\n<p>Jean-Marc CLEMENT<br \/>\n10 rue de Normandie<br \/>\n31120 Portet sur Garonne<br \/>\nFRANCE<\/p>\n<p>T\u00e9l : +33 (0)5 61 76 30 12<br \/>\nE-mail : <a href=\"mai&#108;&#116;o&#58;&#114;an&#100;os&#64;cen&#116;&#99;&#111;l&#115;.&#110;&#101;t \">ra&#110;&#100;os&#64;&#99;&#101;n&#116;col&#115;.&#110;e&#116; <\/a><\/p>\n<h6><strong>Attention : Veuillez envoyer vos cartes de route \u00e0 homologuer ainsi que vos cartes postales et vos r\u00e9cits de voyage uniquement au responsable actuel, quoi que vous trouviez comme ancienne information (donc ne pas \u00e9crire \u00e0 Roger Colombo, Bernard Pommel, Jean-Marc Lef\u00e8vre ou Roland Grimaud \u2020).<\/strong><\/h6>\n","protected":false},"excerpt":{"rendered":"<p>Pr\u00e9sentation Circuit de 1 230 km se d\u00e9veloppant \u00e0 99% dans le d\u00e9partement de la Dr\u00f4me et comprenant 107 cols (dont deux seulement ne sont pas rev\u00eatus), 6 cols en option et environ 25000 m de d\u00e9nivel\u00e9. Cette randonn\u00e9e a \u00e9t\u00e9 trac\u00e9e par Michel Marcelot de la Confr\u00e9rie des Cent Cols. Parcours Bulletin d&#8217;inscription Additifs, [&hellip;]<\/p>\n","protected":false},"author":17,"featured_media":0,"comment_status":"closed","ping_status":"closed","sticky":false,"template":"","format":"standard","meta":{"_acf_changed":false,"ub_ctt_via":"","_monsterinsights_skip_tracking":false,"_monsterinsights_sitenote_active":false,"_monsterinsights_sitenote_note":"","_monsterinsights_sitenote_category":0,"footnotes":""},"categories":[39],"tags":[],"acf":[],"featured_image_urls":{"full":"","thumbnail":"","medium":"","medium_large":"","large":"","1536x1536":"","2048x2048":"","woocommerce_thumbnail":"","woocommerce_single":"","woocommerce_gallery_thumbnail":""},"post_excerpt_stackable":"<p>Pr\u00e9sentation Circuit de 1 230 km se d\u00e9veloppant \u00e0 99% dans le d\u00e9partement de la Dr\u00f4me et comprenant 107 cols (dont deux seulement ne sont pas rev\u00eatus), 6 cols en option et environ 25000 m de d\u00e9nivel\u00e9. Cette randonn\u00e9e a \u00e9t\u00e9 trac\u00e9e par Michel Marcelot de la Confr\u00e9rie des Cent Cols. Parcours Bulletin d&#8217;inscription Additifs, corrections et commentaires des participants Th\u00e8me Le Club des Cent Cols, fond\u00e9 en 1972, affili\u00e9 \u00e0 la F\u00e9d\u00e9ration Fran\u00e7aise de Cyclotourisme sous le N\u00b06384, vous propose cette randonn\u00e9e permanente bas\u00e9e sur un th\u00e8me simple : \u00ab Cent cols \u00bb. Cent cols, soit pour vous permettre\u2026<\/p>\n","category_list":"<a href=\"https:\/\/centcols.org\/backup\/categorie\/randonnees-permanentes\/\" rel=\"category tag\">Randonn\u00e9es permanentes<\/a>","author_info":{"display_name":"R\u00e9gis Paraz","author_link":"https:\/\/centcols.org\/backup\/author\/3225\/"},"comments_num":"0 commentaire","featured_image_urls_v2":{"full":"","thumbnail":"","medium":"","medium_large":"","large":"","1536x1536":"","2048x2048":"","woocommerce_thumbnail":"","woocommerce_single":"","woocommerce_gallery_thumbnail":""},"post_excerpt_stackable_v2":"<p>Pr\u00e9sentation Circuit de 1 230 km se d\u00e9veloppant \u00e0 99% dans le d\u00e9partement de la Dr\u00f4me et comprenant 107 cols (dont deux seulement ne sont pas rev\u00eatus), 6 cols en option et environ 25000 m de d\u00e9nivel\u00e9. Cette randonn\u00e9e a \u00e9t\u00e9 trac\u00e9e par Michel Marcelot de la Confr\u00e9rie des Cent Cols. Parcours Bulletin d&#8217;inscription Additifs, corrections et commentaires des participants Th\u00e8me Le Club des Cent Cols, fond\u00e9 en 1972, affili\u00e9 \u00e0 la F\u00e9d\u00e9ration Fran\u00e7aise de Cyclotourisme sous le N\u00b06384, vous propose cette randonn\u00e9e permanente bas\u00e9e sur un th\u00e8me simple : \u00ab Cent cols \u00bb. Cent cols, soit pour vous permettre\u2026<\/p>\n","category_list_v2":"<a href=\"https:\/\/centcols.org\/backup\/categorie\/randonnees-permanentes\/\" rel=\"category tag\">Randonn\u00e9es permanentes<\/a>","author_info_v2":{"name":"R\u00e9gis Paraz","url":"https:\/\/centcols.org\/backup\/author\/3225\/"},"comments_num_v2":"0 commentaire","featured_image_src":null,"_links":{"self":[{"href":"https:\/\/centcols.org\/backup\/wp-json\/wp\/v2\/posts\/20760"}],"collection":[{"href":"https:\/\/centcols.org\/backup\/wp-json\/wp\/v2\/posts"}],"about":[{"href":"https:\/\/centcols.org\/backup\/wp-json\/wp\/v2\/types\/post"}],"author":[{"embeddable":true,"href":"https:\/\/centcols.org\/backup\/wp-json\/wp\/v2\/users\/17"}],"replies":[{"embeddable":true,"href":"https:\/\/centcols.org\/backup\/wp-json\/wp\/v2\/comments?post=20760"}],"version-history":[{"count":0,"href":"https:\/\/centcols.org\/backup\/wp-json\/wp\/v2\/posts\/20760\/revisions"}],"wp:attachment":[{"href":"https:\/\/centcols.org\/backup\/wp-json\/wp\/v2\/media?parent=20760"}],"wp:term":[{"taxonomy":"category","embeddable":true,"href":"https:\/\/centcols.org\/backup\/wp-json\/wp\/v2\/categories?post=20760"},{"taxonomy":"post_tag","embeddable":true,"href":"https:\/\/centcols.org\/backup\/wp-json\/wp\/v2\/tags?post=20760"}],"curies":[{"name":"wp","href":"https:\/\/api.w.org\/{rel}","templated":true}]}}