{"id":20768,"date":"2015-05-07T10:09:12","date_gmt":"2015-05-07T08:09:12","guid":{"rendered":"http:\/\/centcols.org\/backup\/?p=20768"},"modified":"2021-05-26T20:07:42","modified_gmt":"2021-05-26T18:07:42","slug":"rp-schwarzwald","status":"publish","type":"post","link":"https:\/\/centcols.org\/backup\/rp-schwarzwald\/","title":{"rendered":"Cent cols en For\u00eat-Noire (VTT)"},"content":{"rendered":"<h2>Pr\u00e9sentation<\/h2>\n<p>Parcours VTT de 470 km entre Pforzheim et Bad S\u00e4ckingen, en For\u00eat-Noire (Allemagne), pour une d\u00e9nivell\u00e9e d&#8217;au moins 13 000 m et comprenant 100 cols.<br \/>\nTrac\u00e9 par Ludger Vorberg (Cent Cols n\u00b0 4898).<\/p>\n<p><a href=\"\/rando_perm\/inscription.php?rando=fnv\" rel=\"noopener noreferrer\">Bulletin d&#8217;inscription<\/a><\/p>\n<h2>Parcours<\/h2>\n<p><iframe loading=\"lazy\" src=\"\/rando_perm\/carto\/mbtrp.php?rp=fnv\" width=\"800\" height=\"600\"><\/iframe><\/p>\n<p>Des fichiers de g\u00e9olocalisation (GPX ou KMZ) sont mis \u00e0 disposition des inscrits.<\/p>\n<p><a class=\"iframe-fancybox\" href=\"\/rando_perm\/foret\/profil.htm\" target=\"_blank\" rel=\"noopener noreferrer\">Profil<\/a><\/p>\n<h2>Th\u00e8me<\/h2>\n<p>Le Club des Cent Cols, fond\u00e9 en 1972, affili\u00e9 \u00e0 la <a href=\"http:\/\/www.ffct.org\/\" target=\"_blank\" rel=\"noopener noreferrer\">F\u00e9d\u00e9ration Fran\u00e7aise de Cyclotourisme<\/a> sous le N\u00b06384, vous propose cette randonn\u00e9e permanente bas\u00e9e sur un th\u00e8me simple : &#8221; Cent cols &#8220;.<\/p>\n<p>Cent cols, soit pour vous permettre d&#8217;int\u00e9grer la Confr\u00e9rie du Club des Cent Cols, soit pour vous permettre de progresser dans le &#8220;Tableau d&#8217;Honneur&#8221; de la Confr\u00e9rie, de toute fa\u00e7on pour vous faire d\u00e9couvrir ou red\u00e9couvrir la For\u00eat-Noire et les plaisirs du VTT en moyenne montagne.<\/p>\n<p>Cent cols qui vous permettront de r\u00e9aliser une randonn\u00e9e VTT exigeante et de partir \u00e0 la d\u00e9couverte de la For\u00eat-Noire depuis Pforzheim au nord jusqu&#8217;\u00e0 Bad S\u00e4ckingen sur la fronti\u00e8re suisse. La d\u00e9couverte de paysages et de villages de charme, de lacs (Titisee, Feldsee) et de sommets (Kandel, Feldberg) de renom.<\/p>\n<h2>Contr\u00f4les<\/h2>\n<p>Dix contr\u00f4les sont obligatoires; ils seront effectu\u00e9s en des points de parcours choisis par le randonneur lui-m\u00eame, un contr\u00f4le \u00e9tant effectu\u00e9 dans chaque section (les num\u00e9ros de section sont \u00e0 reporter sur la carte de route). Chaque section comprend une dizaine de cols.<\/p>\n<ol>\n<li>Pforzheim &#8211; Buchwaldh\u00f6he<\/li>\n<li>Buchwaldh\u00f6he &#8211; St. Romaner H\u00f6he<\/li>\n<li>St. Romaner H\u00f6he &#8211; Auf der Grub<\/li>\n<li>Auf der Grub &#8211; Gr\u00fcndleh\u00f6he<\/li>\n<li>Gr\u00fcndleh\u00f6he &#8211; Haseneck<\/li>\n<li>Haseneck- Gummeneck<\/li>\n<li>Gummeneck &#8211; F\u00fcrsatzh\u00f6he<\/li>\n<li>F\u00fcrsatzh\u00f6he &#8211; Winkeleck<\/li>\n<li>Winkeleck &#8211; Passh\u00f6he Rotes Kreuz<\/li>\n<li>Passh\u00f6he Rotes Kreuz &#8211; Bad S\u00e4ckingen<\/li>\n<\/ol>\n<h2>Principaux cols<\/h2>\n<ul>\n<li>Schwarzmisssattel<\/li>\n<li>Seebensattel<\/li>\n<li>Happachsattel<\/li>\n<li>Passh\u00f6he Fohrenb\u00fchl<\/li>\n<li>Wei\u00dfenbacher H\u00f6he<\/li>\n<li>Kandelpass<\/li>\n<li>Hohwarth\u00f6he<\/li>\n<li>Feldbergpass<\/li>\n<li>Gr\u00fcblesattel<\/li>\n<li>Bl\u00f6\u00dflingsattel<\/li>\n<li>Wei\u00dfenbachsattel<\/li>\n<li>St. Ant\u00f6nipass<\/li>\n<\/ul>\n<h2>R\u00e8gle du jeu des randonn\u00e9es permanentes<\/h2>\n<p>Tout participant \u00e0 cette randonn\u00e9e permanente s&#8217;engage \u00e0 respecter la <a href=\"https:\/\/centcols.org\/backup\/rdj-randonnees-permanentes\/\">r\u00e8gle du jeu<\/a> la r\u00e9gissant.<\/p>\n<h2>Pour plus d&#8217;information<\/h2>\n<h3>S&#8217;adresser au Responsable des randonn\u00e9es permanentes<\/h3>\n<p>Jean-Marc CLEMENT<br \/>\n10 rue de Normandie<br \/>\n31120 Portet sur Garonne<br \/>\nFRANCE<\/p>\n<p>T\u00e9l : +33 (0)5 61 76 30 12<br \/>\nE-mail : <a href=\"&#109;a&#105;l&#116;o&#58;&#114;a&#110;d&#111;s&#64;&#99;&#101;&#110;&#116;&#99;o&#108;&#115;&#46;&#110;&#101;&#116; \">&#114;&#97;&#110;&#100;&#111;&#115;&#64;c&#101;&#110;t&#99;&#111;&#108;&#115;&#46;&#110;&#101;t&#32;<\/a><\/p>\n<h6><strong>Attention : Veuillez envoyer vos cartes de route \u00e0 homologuer ainsi que vos cartes postales et vos r\u00e9cits de voyage uniquement au responsable actuel, quoi que vous trouviez comme ancienne information (donc ne pas \u00e9crire \u00e0 Roger Colombo, Bernard Pommel, Jean-Marc Lef\u00e8vre ou Roland Grimaud \u2020).<\/strong><\/h6>\n","protected":false},"excerpt":{"rendered":"<p>Pr\u00e9sentation Parcours VTT de 470 km entre Pforzheim et Bad S\u00e4ckingen, en For\u00eat-Noire (Allemagne), pour une d\u00e9nivell\u00e9e d&#8217;au moins 13 000 m et comprenant 100 cols. Trac\u00e9 par Ludger Vorberg (Cent Cols n\u00b0 4898). Bulletin d&#8217;inscription Parcours Des fichiers de g\u00e9olocalisation (GPX ou KMZ) sont mis \u00e0 disposition des inscrits. Profil Th\u00e8me Le Club des [&hellip;]<\/p>\n","protected":false},"author":17,"featured_media":0,"comment_status":"closed","ping_status":"closed","sticky":false,"template":"","format":"standard","meta":{"_acf_changed":false,"ub_ctt_via":"","_monsterinsights_skip_tracking":false,"_monsterinsights_sitenote_active":false,"_monsterinsights_sitenote_note":"","_monsterinsights_sitenote_category":0,"footnotes":""},"categories":[39],"tags":[],"acf":[],"featured_image_urls":{"full":"","thumbnail":"","medium":"","medium_large":"","large":"","1536x1536":"","2048x2048":"","woocommerce_thumbnail":"","woocommerce_single":"","woocommerce_gallery_thumbnail":""},"post_excerpt_stackable":"<p>Pr\u00e9sentation Parcours VTT de 470 km entre Pforzheim et Bad S\u00e4ckingen, en For\u00eat-Noire (Allemagne), pour une d\u00e9nivell\u00e9e d&#8217;au moins 13 000 m et comprenant 100 cols. Trac\u00e9 par Ludger Vorberg (Cent Cols n\u00b0 4898). Bulletin d&#8217;inscription Parcours Des fichiers de g\u00e9olocalisation (GPX ou KMZ) sont mis \u00e0 disposition des inscrits. Profil Th\u00e8me Le Club des Cent Cols, fond\u00e9 en 1972, affili\u00e9 \u00e0 la F\u00e9d\u00e9ration Fran\u00e7aise de Cyclotourisme sous le N\u00b06384, vous propose cette randonn\u00e9e permanente bas\u00e9e sur un th\u00e8me simple : &#8221; Cent cols &#8220;. Cent cols, soit pour vous permettre d&#8217;int\u00e9grer la Confr\u00e9rie du Club des Cent Cols, soit\u2026<\/p>\n","category_list":"<a href=\"https:\/\/centcols.org\/backup\/categorie\/randonnees-permanentes\/\" rel=\"category tag\">Randonn\u00e9es permanentes<\/a>","author_info":{"display_name":"R\u00e9gis Paraz","author_link":"https:\/\/centcols.org\/backup\/author\/3225\/"},"comments_num":"0 commentaire","featured_image_urls_v2":{"full":"","thumbnail":"","medium":"","medium_large":"","large":"","1536x1536":"","2048x2048":"","woocommerce_thumbnail":"","woocommerce_single":"","woocommerce_gallery_thumbnail":""},"post_excerpt_stackable_v2":"<p>Pr\u00e9sentation Parcours VTT de 470 km entre Pforzheim et Bad S\u00e4ckingen, en For\u00eat-Noire (Allemagne), pour une d\u00e9nivell\u00e9e d&#8217;au moins 13 000 m et comprenant 100 cols. Trac\u00e9 par Ludger Vorberg (Cent Cols n\u00b0 4898). Bulletin d&#8217;inscription Parcours Des fichiers de g\u00e9olocalisation (GPX ou KMZ) sont mis \u00e0 disposition des inscrits. Profil Th\u00e8me Le Club des Cent Cols, fond\u00e9 en 1972, affili\u00e9 \u00e0 la F\u00e9d\u00e9ration Fran\u00e7aise de Cyclotourisme sous le N\u00b06384, vous propose cette randonn\u00e9e permanente bas\u00e9e sur un th\u00e8me simple : &#8221; Cent cols &#8220;. Cent cols, soit pour vous permettre d&#8217;int\u00e9grer la Confr\u00e9rie du Club des Cent Cols, soit\u2026<\/p>\n","category_list_v2":"<a href=\"https:\/\/centcols.org\/backup\/categorie\/randonnees-permanentes\/\" rel=\"category tag\">Randonn\u00e9es permanentes<\/a>","author_info_v2":{"name":"R\u00e9gis Paraz","url":"https:\/\/centcols.org\/backup\/author\/3225\/"},"comments_num_v2":"0 commentaire","featured_image_src":null,"_links":{"self":[{"href":"https:\/\/centcols.org\/backup\/wp-json\/wp\/v2\/posts\/20768"}],"collection":[{"href":"https:\/\/centcols.org\/backup\/wp-json\/wp\/v2\/posts"}],"about":[{"href":"https:\/\/centcols.org\/backup\/wp-json\/wp\/v2\/types\/post"}],"author":[{"embeddable":true,"href":"https:\/\/centcols.org\/backup\/wp-json\/wp\/v2\/users\/17"}],"replies":[{"embeddable":true,"href":"https:\/\/centcols.org\/backup\/wp-json\/wp\/v2\/comments?post=20768"}],"version-history":[{"count":0,"href":"https:\/\/centcols.org\/backup\/wp-json\/wp\/v2\/posts\/20768\/revisions"}],"wp:attachment":[{"href":"https:\/\/centcols.org\/backup\/wp-json\/wp\/v2\/media?parent=20768"}],"wp:term":[{"taxonomy":"category","embeddable":true,"href":"https:\/\/centcols.org\/backup\/wp-json\/wp\/v2\/categories?post=20768"},{"taxonomy":"post_tag","embeddable":true,"href":"https:\/\/centcols.org\/backup\/wp-json\/wp\/v2\/tags?post=20768"}],"curies":[{"name":"wp","href":"https:\/\/api.w.org\/{rel}","templated":true}]}}