{"id":20778,"date":"2015-05-07T11:11:41","date_gmt":"2015-05-07T09:11:41","guid":{"rendered":"http:\/\/centcols.org\/backup\/?p=20778"},"modified":"2015-05-07T11:14:27","modified_gmt":"2015-05-07T09:14:27","slug":"12-au-16-aout-2008-concentration-internationale-du-club-des-cent-cols-a-areches-73","status":"publish","type":"post","link":"https:\/\/centcols.org\/backup\/12-au-16-aout-2008-concentration-internationale-du-club-des-cent-cols-a-areches-73\/","title":{"rendered":"12 au 16 ao\u00fbt 2008 : Concentration internationale du Club des Cent Cols \u00e0 Ar\u00eaches (73)"},"content":{"rendered":"<h2>Allocution au col du Joly, samedi 16 ao\u00fbt 2008<\/h2>\n<hr \/>\n<p>Tout le monde sont l\u00e0 ? Adieu \u00e0 tous ! Bonjour et bienvenue en pays de Savoie.<br \/>\nBonjour \u00e0 nos amis francophones de Suisse, Belgique et Luxembourg.<br \/>\nGood morning to our english friends.<br \/>\nGuten Tag und Willkommen an unsere deutsche Freunde.<br \/>\nGoeden dag en welkom aan onze vlaamse vrienden.<br \/>\nBuon giorno e benvenuto a nostre amigi d\u2019Italia.<\/p>\n<p>Je tiens \u00e0 saluer aussi deux confr\u00e8res tch\u00e8ques, qui ont repris la route d\u00e8s aujourd\u2019hui : ils ont particip\u00e9 au s\u00e9jour d\u2019Ar\u00eaches et leur pr\u00e9sence illustre l\u2019audience internationale croissante de notre confr\u00e9rie.<\/p>\n<p>Comme je le disais l\u2019an dernier au Laouzas, c\u2019est une tr\u00e8s grande joie de se retrouver pour notre concentration annuelle, traditionnellement fix\u00e9e au 15 ao\u00fbt. Les hasards du calendrier nous l\u2019ont fait d\u00e9caler cette ann\u00e9e au 16, et nous avons \u00e9t\u00e9 bien inspir\u00e9s vu la m\u00e9t\u00e9o qui r\u00e9gnait hier sur nos montagnes. Et nous b\u00e9n\u00e9ficions du coup de blanc qui est pass\u00e9 sur tous les sommets \u00e0 partir de 2200 m d\u2019altitude.<\/p>\n<p>Le col du Joly, large trou\u00e9e qui met en communication le Val Montjoie et la vall\u00e9e sup\u00e9rieure d\u2019Hauteluce, la vall\u00e9e du Dorinet, est un site tout \u00e0 fait remarquable. Je vous convie en premier lieu \u00e0 admirer le ciel tel qu\u2019il se pr\u00e9sente \u00e0 vos yeux en d\u00e9bouchant au col. A chaque col on peut associer un morceau de ciel qui s\u2019enfonce comme un coin dans l\u2019\u00e9chancrure d\u2019un col en V, ou qui remplit d\u2019azur la coupe que forme l\u2019arrondi de la d\u00e9pression du col. En vous rem\u00e9morant vos ascensions, ou en revoyant des photos, vous trouverez toujours un bout de ciel dont l\u2019image est associ\u00e9e \u00e0 celle du col, avec des infinit\u00e9s de nuance selon le temps et la saison. Finalement notre club pourrait \u00eatre aussi le Club des Cent Ciels !<\/p>\n<p>Admirez ensuite le paysage, marqu\u00e9 par la pr\u00e9sence imposante du Mont Blanc dont le D\u00f4me principal appara\u00eet comme une forteresse blanche avec ses douves de glace et ses remparts rocheux naturels. Plus pr\u00e8s de nous l\u2019Aiguille Croche et l\u2019Aiguille de Roselette. Une particularit\u00e9 g\u00e9ologique int\u00e9ressante est la pr\u00e9sence d\u2019affleurements de gypse au sud du col, o\u00f9 se sont creus\u00e9s des entonnoirs de dissolution qui abritent de petits lacs, tels le lac de Roselette.<\/p>\n<p>Malgr\u00e9 son altitude respectable, 1989 m, malgr\u00e9 sa d\u00e9nivel\u00e9e et sa pente ardue, avec de forts pourcentages qui font de vous des grimpeurs \u00ab chevronn\u00e9s \u00bb, ce col du Joly n\u2019a jamais eu l\u2019honneur du Tour de France, et demeure \u00e0 l\u2019\u00e9cart des grandes organisations m\u00e9diatiques. Cependant nous ne sommes pas les premiers \u00e0 y organiser une manifestation cycliste : dans le pass\u00e9, le fameux raid Lyon Chamonix Lyon a franchi ce col, par le versant des Contamines Montjoie, l\u2019\u00e9preuve se faisait alors d\u2019une seule traite, et ni la distance, ni les passages muletiers ne rebutaient les cyclos \u00e0 l\u2019\u00e9poque. Avec des ambitions sportives bien plus modestes, notre concentration renoue avec une tradition ancienne de la grimp\u00e9e \u00e0 v\u00e9lo du col du Joly.<\/p>\n<p>Une autre tradition tr\u00e8s ancienne en montagne, commune \u00e0 de nombreux pays, consiste \u00e0 \u00e9riger au sommet des cols de petites pyramides de pierre. On les appelle cairn en France, c\u2019est un mot de racine ga\u00e9lique, emprunt\u00e9 aux Ecossais. Les Allemands parlent de Kar. On les retrouve sur d\u2019autres continents, des Andes \u00e0 l\u2019Himalaya, sous des noms divers : au Tibet par exemple il s\u2019agit de chorten. Les Catalans de la province de Tarragone les nomment \u00ab montjoia \u00bb. Cette racine latine se retrouve dans un mot de vieux fran\u00e7ais, mont joie, qui a \u00e9t\u00e9 utilis\u00e9 dans ce sens. L\u2019\u00e9tymologie g\u00e9n\u00e9ralement admise du nom \u00ab Montjoie \u00bb, associ\u00e9 \u00e0 celui des Contamines depuis 1949 seulement, est Mons Jovis, Mont de Jupiter. Mais le rapprochement avec les montjoies n\u2019est pas \u00e0 \u00e9carter, car nous sommes ici sur le trac\u00e9 d\u2019une ancienne voie, dite romaine, reliant la vall\u00e9e de Chamonix \u00e0 l\u2019Italie, o\u00f9 passait le commerce du sel, et sur l\u2019actuel trac\u00e9 du GR qui fait le tour du Mont Blanc on retrouve des cairn au col de la Fen\u00eatre ou au col du Bonhomme par exemple.<\/p>\n<p>Voila pourquoi, dans la foul\u00e9e de notre rencontre au col du Joly, o\u00f9 nous vous avons remis un souvenir local sous la forme d\u2019un Opinel, grav\u00e9 avec le logo des Cent Cols, qui vous permettra de trancher le pain et la tomme de Beaufort, et afin de ne pas couper l\u2019amiti\u00e9 entre nous, nous vous avons demand\u00e9 une contribution en vous proposant de participer \u00e0 l\u2019\u00e9dification d\u2019un petit cairn, \u00e0 la jonction de la route goudronn\u00e9e et des divers chemins qui arrivent au col. Pour l\u2019heure, ce cairn est celui du Club des Cent Cols. Qu\u2019en adviendra-t-il ? C\u2019est une construction \u00e9minemment pr\u00e9caire, peut-\u00eatre les pierres retourneront-elles \u00e0 la montagne d\u2019o\u00f9 elles viennent. Peut-\u00eatre aussi d\u2019autres randonneurs ajouteront-ils leur pierre \u00e0 celles que nous avons pos\u00e9es, confortant ainsi ce cairn qui deviendra celui du col du Joly. En tout cas sa destin\u00e9e va nous \u00e9chapper \u00e0 partir de tant\u00f4t.<\/p>\n<p>Le cairn marque le passage du col, il sert de guide ou de rep\u00e8re en cas de brouillard, il peut avoir une connotation religieuse de protection, notamment sur les chemins de p\u00e8lerinage, et souvent le grimpeur ou le randonneur signe son passage en ajoutant sa propre pierre \u00e0 l\u2019\u00e9difice. A la r\u00e9flexion, en accomplissant ce geste, le randonneur est \u00e0 son tour marqu\u00e9 par le franchissement du col : c\u2019est un moment privil\u00e9gi\u00e9 o\u00f9 on revient en pens\u00e9e sur les lieux travers\u00e9s pour arriver au col, et o\u00f9 on se projette sur ceux que l\u2019on va d\u00e9couvrir sur l\u2019autre versant. Celui qui pose sa pierre sur un cairn ne peut s\u2019emp\u00eacher de penser \u00e0 tous ceux qui pr\u00e9c\u00e9demment ont fait le m\u00eame geste au m\u00eame lieu : il se cr\u00e9e un lien subtil, comme une cha\u00eene invisible, entre ces acteurs qui ne se connaissent pas.<\/p>\n<p>C\u2019est pourquoi ceux qui comme nous franchissent des cols plus que de raison \u00e9prouvent le besoin de se conna\u00eetre et de se rencontrer. La cr\u00e9ation de notre Club a r\u00e9pondu \u00e0 ce besoin, par diff\u00e9rents moyens d\u2019action, dont la concentration internationale du 15 ao\u00fbt n\u2019est pas le moindre. Cela fait 36 ans que notre Confr\u00e9rie existe, sur un g\u00e2teau d\u2019anniversaire cela ferait 36 chandelles \u00e0 souffler ! c\u2019est avec un tr\u00e8s grand plaisir que nous accueillons Jean Perdoux, fondateur du Club, gr\u00e2ce \u00e0 qui nous sommes l\u00e0 aujourd\u2019hui. Avant de lui laisser la parole, je vous donne rendez-vous \u00e0 l\u2019\u00e9t\u00e9 2009, quelque part dans les Pyr\u00e9n\u00e9es, avec une possible incursion en territoire espagnol, rien n\u2019est encore finalis\u00e9 \u00e0 ce jour, la r\u00e9flexion et les recherches sont encore en cours.<\/p>\n<p>Merci \u00e0 tous de votre pr\u00e9sence et de votre attention. A toi, Jean.<\/p>\n<p>Claude B\u00e9nistrand<\/p>\n<p>Pr\u00e9sident du Club des Cent Cols.<\/p>\n","protected":false},"excerpt":{"rendered":"<p>Allocution au col du Joly, samedi 16 ao\u00fbt 2008 Tout le monde sont l\u00e0 ? Adieu \u00e0 tous ! Bonjour et bienvenue en pays de Savoie. Bonjour \u00e0 nos amis francophones de Suisse, Belgique et Luxembourg. Good morning to our english friends. Guten Tag und Willkommen an unsere deutsche Freunde. Goeden dag en welkom aan [&hellip;]<\/p>\n","protected":false},"author":2001,"featured_media":0,"comment_status":"closed","ping_status":"closed","sticky":false,"template":"","format":"standard","meta":{"_acf_changed":false,"ub_ctt_via":"","_monsterinsights_skip_tracking":false,"_monsterinsights_sitenote_active":false,"_monsterinsights_sitenote_note":"","_monsterinsights_sitenote_category":0,"footnotes":""},"categories":[42],"tags":[],"acf":[],"featured_image_urls":{"full":"","thumbnail":"","medium":"","medium_large":"","large":"","1536x1536":"","2048x2048":"","woocommerce_thumbnail":"","woocommerce_single":"","woocommerce_gallery_thumbnail":""},"post_excerpt_stackable":"<p>Allocution au col du Joly, samedi 16 ao\u00fbt 2008 Tout le monde sont l\u00e0 ? Adieu \u00e0 tous ! Bonjour et bienvenue en pays de Savoie. Bonjour \u00e0 nos amis francophones de Suisse, Belgique et Luxembourg. Good morning to our english friends. Guten Tag und Willkommen an unsere deutsche Freunde. Goeden dag en welkom aan onze vlaamse vrienden. Buon giorno e benvenuto a nostre amigi d\u2019Italia. Je tiens \u00e0 saluer aussi deux confr\u00e8res tch\u00e8ques, qui ont repris la route d\u00e8s aujourd\u2019hui : ils ont particip\u00e9 au s\u00e9jour d\u2019Ar\u00eaches et leur pr\u00e9sence illustre l\u2019audience internationale croissante de notre confr\u00e9rie. Comme je\u2026<\/p>\n","category_list":"<a href=\"https:\/\/centcols.org\/backup\/categorie\/rassemblements\/rassemblements-2008\/\" rel=\"category tag\">Les rassemblements de 2008<\/a>","author_info":{"display_name":"Webmestre","author_link":"https:\/\/centcols.org\/backup\/author\/webmestre\/"},"comments_num":"0 commentaire","featured_image_urls_v2":{"full":"","thumbnail":"","medium":"","medium_large":"","large":"","1536x1536":"","2048x2048":"","woocommerce_thumbnail":"","woocommerce_single":"","woocommerce_gallery_thumbnail":""},"post_excerpt_stackable_v2":"<p>Allocution au col du Joly, samedi 16 ao\u00fbt 2008 Tout le monde sont l\u00e0 ? Adieu \u00e0 tous ! Bonjour et bienvenue en pays de Savoie. Bonjour \u00e0 nos amis francophones de Suisse, Belgique et Luxembourg. Good morning to our english friends. Guten Tag und Willkommen an unsere deutsche Freunde. Goeden dag en welkom aan onze vlaamse vrienden. Buon giorno e benvenuto a nostre amigi d\u2019Italia. Je tiens \u00e0 saluer aussi deux confr\u00e8res tch\u00e8ques, qui ont repris la route d\u00e8s aujourd\u2019hui : ils ont particip\u00e9 au s\u00e9jour d\u2019Ar\u00eaches et leur pr\u00e9sence illustre l\u2019audience internationale croissante de notre confr\u00e9rie. Comme je\u2026<\/p>\n","category_list_v2":"<a href=\"https:\/\/centcols.org\/backup\/categorie\/rassemblements\/rassemblements-2008\/\" rel=\"category tag\">Les rassemblements de 2008<\/a>","author_info_v2":{"name":"Webmestre","url":"https:\/\/centcols.org\/backup\/author\/webmestre\/"},"comments_num_v2":"0 commentaire","featured_image_src":null,"_links":{"self":[{"href":"https:\/\/centcols.org\/backup\/wp-json\/wp\/v2\/posts\/20778"}],"collection":[{"href":"https:\/\/centcols.org\/backup\/wp-json\/wp\/v2\/posts"}],"about":[{"href":"https:\/\/centcols.org\/backup\/wp-json\/wp\/v2\/types\/post"}],"author":[{"embeddable":true,"href":"https:\/\/centcols.org\/backup\/wp-json\/wp\/v2\/users\/2001"}],"replies":[{"embeddable":true,"href":"https:\/\/centcols.org\/backup\/wp-json\/wp\/v2\/comments?post=20778"}],"version-history":[{"count":0,"href":"https:\/\/centcols.org\/backup\/wp-json\/wp\/v2\/posts\/20778\/revisions"}],"wp:attachment":[{"href":"https:\/\/centcols.org\/backup\/wp-json\/wp\/v2\/media?parent=20778"}],"wp:term":[{"taxonomy":"category","embeddable":true,"href":"https:\/\/centcols.org\/backup\/wp-json\/wp\/v2\/categories?post=20778"},{"taxonomy":"post_tag","embeddable":true,"href":"https:\/\/centcols.org\/backup\/wp-json\/wp\/v2\/tags?post=20778"}],"curies":[{"name":"wp","href":"https:\/\/api.w.org\/{rel}","templated":true}]}}