{"id":20781,"date":"2015-05-07T11:15:31","date_gmt":"2015-05-07T09:15:31","guid":{"rendered":"http:\/\/centcols.org\/backup\/?p=20781"},"modified":"2015-05-07T11:20:03","modified_gmt":"2015-05-07T09:20:03","slug":"concentration-cent-cols-et-cols-durs-au-col-de-la-salette-le-7-octobre-2007","status":"publish","type":"post","link":"https:\/\/centcols.org\/backup\/concentration-cent-cols-et-cols-durs-au-col-de-la-salette-le-7-octobre-2007\/","title":{"rendered":"Concentration Cent Cols et Cols Durs au col de la Salette le 7 octobre 2007"},"content":{"rendered":"<hr \/>\n<p><span style=\"font-size: small;\">Les deux confr\u00e9ries &#8220;Cent Cols&#8221; et &#8220;Cols Durs&#8221; avaient cette ann\u00e9e d\u00e9laiss\u00e9 les Pyr\u00e9n\u00e9es pour la Montagne Noire et choisi le Col de Salettes comme lieu de leur concentration commune. Ce col, situ\u00e9 en limite du Parc Naturel R\u00e9gional du Haut Languedoc, \u00e0 la fronti\u00e8re Aude-H\u00e9rault et Tarn, s\u00e9pare la profonde vall\u00e9e de l&#8217;Argent-Double de celle du Thor\u00e9. Malgr\u00e9 la grisaille de cette p\u00e2le journ\u00e9e automnale, quelques 140 cyclos venus de tous horizons, qui \u00e0 VTT , qui \u00e0 v\u00e9lo de route, ont r\u00e9pondu pr\u00e9sents \u00e0 ce traditionnel rendez-vous de fin de saison.<\/span><\/p>\n<p><span style=\"font-size: small;\">Encore une concentration tr\u00e8s r\u00e9ussie, plac\u00e9e sous le signe de l&#8217;amiti\u00e9 et de la convivialit\u00e9. Et \u00e0 l&#8217;an prochain au Col de Mortis dans les Hautes-Pyr\u00e9n\u00e9es.\u00a0<\/span><\/p>\n<p><span style=\"font-size: small;\">Alain Gillodes<\/span><\/p>\n","protected":false},"excerpt":{"rendered":"<p>Les deux confr\u00e9ries &#8220;Cent Cols&#8221; et &#8220;Cols Durs&#8221; avaient cette ann\u00e9e d\u00e9laiss\u00e9 les Pyr\u00e9n\u00e9es pour la Montagne Noire et choisi le Col de Salettes comme lieu de leur concentration commune. Ce col, situ\u00e9 en limite du Parc Naturel R\u00e9gional du Haut Languedoc, \u00e0 la fronti\u00e8re Aude-H\u00e9rault et Tarn, s\u00e9pare la profonde vall\u00e9e de l&#8217;Argent-Double de [&hellip;]<\/p>\n","protected":false},"author":2001,"featured_media":0,"comment_status":"closed","ping_status":"closed","sticky":false,"template":"","format":"standard","meta":{"_acf_changed":false,"ub_ctt_via":"","_monsterinsights_skip_tracking":false,"_monsterinsights_sitenote_active":false,"_monsterinsights_sitenote_note":"","_monsterinsights_sitenote_category":0,"footnotes":""},"categories":[43],"tags":[],"acf":[],"featured_image_urls":{"full":"","thumbnail":"","medium":"","medium_large":"","large":"","1536x1536":"","2048x2048":"","woocommerce_thumbnail":"","woocommerce_single":"","woocommerce_gallery_thumbnail":""},"post_excerpt_stackable":"<p>Les deux confr\u00e9ries &#8220;Cent Cols&#8221; et &#8220;Cols Durs&#8221; avaient cette ann\u00e9e d\u00e9laiss\u00e9 les Pyr\u00e9n\u00e9es pour la Montagne Noire et choisi le Col de Salettes comme lieu de leur concentration commune. Ce col, situ\u00e9 en limite du Parc Naturel R\u00e9gional du Haut Languedoc, \u00e0 la fronti\u00e8re Aude-H\u00e9rault et Tarn, s\u00e9pare la profonde vall\u00e9e de l&#8217;Argent-Double de celle du Thor\u00e9. Malgr\u00e9 la grisaille de cette p\u00e2le journ\u00e9e automnale, quelques 140 cyclos venus de tous horizons, qui \u00e0 VTT , qui \u00e0 v\u00e9lo de route, ont r\u00e9pondu pr\u00e9sents \u00e0 ce traditionnel rendez-vous de fin de saison. Encore une concentration tr\u00e8s r\u00e9ussie, plac\u00e9e sous\u2026<\/p>\n","category_list":"<a href=\"https:\/\/centcols.org\/backup\/categorie\/rassemblements\/rassemblements-2007\/\" rel=\"category tag\">Les rassemblements de 2007<\/a>","author_info":{"display_name":"Webmestre","author_link":"https:\/\/centcols.org\/backup\/author\/webmestre\/"},"comments_num":"0 commentaire","featured_image_urls_v2":{"full":"","thumbnail":"","medium":"","medium_large":"","large":"","1536x1536":"","2048x2048":"","woocommerce_thumbnail":"","woocommerce_single":"","woocommerce_gallery_thumbnail":""},"post_excerpt_stackable_v2":"<p>Les deux confr\u00e9ries &#8220;Cent Cols&#8221; et &#8220;Cols Durs&#8221; avaient cette ann\u00e9e d\u00e9laiss\u00e9 les Pyr\u00e9n\u00e9es pour la Montagne Noire et choisi le Col de Salettes comme lieu de leur concentration commune. Ce col, situ\u00e9 en limite du Parc Naturel R\u00e9gional du Haut Languedoc, \u00e0 la fronti\u00e8re Aude-H\u00e9rault et Tarn, s\u00e9pare la profonde vall\u00e9e de l&#8217;Argent-Double de celle du Thor\u00e9. Malgr\u00e9 la grisaille de cette p\u00e2le journ\u00e9e automnale, quelques 140 cyclos venus de tous horizons, qui \u00e0 VTT , qui \u00e0 v\u00e9lo de route, ont r\u00e9pondu pr\u00e9sents \u00e0 ce traditionnel rendez-vous de fin de saison. Encore une concentration tr\u00e8s r\u00e9ussie, plac\u00e9e sous\u2026<\/p>\n","category_list_v2":"<a href=\"https:\/\/centcols.org\/backup\/categorie\/rassemblements\/rassemblements-2007\/\" rel=\"category tag\">Les rassemblements de 2007<\/a>","author_info_v2":{"name":"Webmestre","url":"https:\/\/centcols.org\/backup\/author\/webmestre\/"},"comments_num_v2":"0 commentaire","featured_image_src":null,"_links":{"self":[{"href":"https:\/\/centcols.org\/backup\/wp-json\/wp\/v2\/posts\/20781"}],"collection":[{"href":"https:\/\/centcols.org\/backup\/wp-json\/wp\/v2\/posts"}],"about":[{"href":"https:\/\/centcols.org\/backup\/wp-json\/wp\/v2\/types\/post"}],"author":[{"embeddable":true,"href":"https:\/\/centcols.org\/backup\/wp-json\/wp\/v2\/users\/2001"}],"replies":[{"embeddable":true,"href":"https:\/\/centcols.org\/backup\/wp-json\/wp\/v2\/comments?post=20781"}],"version-history":[{"count":0,"href":"https:\/\/centcols.org\/backup\/wp-json\/wp\/v2\/posts\/20781\/revisions"}],"wp:attachment":[{"href":"https:\/\/centcols.org\/backup\/wp-json\/wp\/v2\/media?parent=20781"}],"wp:term":[{"taxonomy":"category","embeddable":true,"href":"https:\/\/centcols.org\/backup\/wp-json\/wp\/v2\/categories?post=20781"},{"taxonomy":"post_tag","embeddable":true,"href":"https:\/\/centcols.org\/backup\/wp-json\/wp\/v2\/tags?post=20781"}],"curies":[{"name":"wp","href":"https:\/\/api.w.org\/{rel}","templated":true}]}}