{"id":20783,"date":"2015-05-07T11:22:28","date_gmt":"2015-05-07T09:22:28","guid":{"rendered":"http:\/\/centcols.org\/backup\/?p=20783"},"modified":"2015-05-07T11:24:03","modified_gmt":"2015-05-07T09:24:03","slug":"concentration-suisse-aux-avants-dimanche-26-aout-2007","status":"publish","type":"post","link":"https:\/\/centcols.org\/backup\/concentration-suisse-aux-avants-dimanche-26-aout-2007\/","title":{"rendered":"Concentration Suisse aux Avants dimanche 26 ao\u00fbt 2007"},"content":{"rendered":"<h3>Dimanche 26 ao\u00fbt 2007<\/h3>\n<p>8h30, Les Avants, les premiers participants arrivent et sont accueillis avec le caf\u00e9.<\/p>\n<p>A 9h00, d\u00e9part des 16 membres du CCC et 8 membres du CCR jusqu\u2019au col de Sonloup ou s\u2019effectue la s\u00e9paration des routiers qui vont faire entre 40 et 60 km suivant les groupes et des v\u00e9t\u00e9tistes qui eux en ferons 26 avec 3 ou 4 cols suivant la forme de chacun. Excellente ambiance sur ces chemins pr\u00e9alpins ou nous avons pris le temps d\u2019admirer le paysage et prendre de nombreuses photos. Une chute (sans graviter) une crevaison et c\u2019est la descente rapide sur Les Avants ou nous attends l\u2019Ap\u00e9ritif suivi d\u2019un sympathique pique-nique pris en commun.<\/p>\n<p>Un grand merci \u00e0 tous pour votre convivialit\u00e9 et votre bonne humeur.<\/p>\n<p>Les plus jeunes participants avaient 9 et 12 ans et le plus \u00e2g\u00e9 76 ans.<\/p>\n<hr \/>\n<h3>Liste des Pr\u00e9sences CCC<\/h3>\n<p><strong>Les Suisse :<\/strong><\/p>\n<p>Evelyne Temler, Catherine Mai, Christine Morard, Bernard Besson, Jean-Daniel Biderbost, Jacques Bezzola, Michel Boni, Christian Binggeli, Joseph Charri\u00e9re, Arthur Ruchti, Patrick Schleppi, Robin Mai et Pierre Mai.<\/p>\n<p><strong>Les Fran\u00e7ais :<\/strong><\/p>\n<p>Nicole Millet, G\u00e9rard Fillion-Robin et R\u00e9gis Paraz.<\/p>\n<hr \/>\n<h3>Liste des Pr\u00e9sences CCR<\/h3>\n<p>Rosalba et Claude Logean, Mireille Hemendinger, Rose-Marie et Maxime R\u00e9gidor, Jean-Yves, Simon et Robin Morard, Jean-Claude Marclay, Antoine Bezzola et Nicole, Jean-Jacques Monod, Christophe Pical.<\/p>\n","protected":false},"excerpt":{"rendered":"<p>Dimanche 26 ao\u00fbt 2007 8h30, Les Avants, les premiers participants arrivent et sont accueillis avec le caf\u00e9. A 9h00, d\u00e9part des 16 membres du CCC et 8 membres du CCR jusqu\u2019au col de Sonloup ou s\u2019effectue la s\u00e9paration des routiers qui vont faire entre 40 et 60 km suivant les groupes et des v\u00e9t\u00e9tistes qui [&hellip;]<\/p>\n","protected":false},"author":2001,"featured_media":0,"comment_status":"closed","ping_status":"closed","sticky":false,"template":"","format":"standard","meta":{"_acf_changed":false,"ub_ctt_via":"","_monsterinsights_skip_tracking":false,"_monsterinsights_sitenote_active":false,"_monsterinsights_sitenote_note":"","_monsterinsights_sitenote_category":0,"footnotes":""},"categories":[43],"tags":[],"acf":[],"featured_image_urls":{"full":"","thumbnail":"","medium":"","medium_large":"","large":"","1536x1536":"","2048x2048":"","woocommerce_thumbnail":"","woocommerce_single":"","woocommerce_gallery_thumbnail":""},"post_excerpt_stackable":"<p>Dimanche 26 ao\u00fbt 2007 8h30, Les Avants, les premiers participants arrivent et sont accueillis avec le caf\u00e9. A 9h00, d\u00e9part des 16 membres du CCC et 8 membres du CCR jusqu\u2019au col de Sonloup ou s\u2019effectue la s\u00e9paration des routiers qui vont faire entre 40 et 60 km suivant les groupes et des v\u00e9t\u00e9tistes qui eux en ferons 26 avec 3 ou 4 cols suivant la forme de chacun. Excellente ambiance sur ces chemins pr\u00e9alpins ou nous avons pris le temps d\u2019admirer le paysage et prendre de nombreuses photos. Une chute (sans graviter) une crevaison et c\u2019est la descente rapide\u2026<\/p>\n","category_list":"<a href=\"https:\/\/centcols.org\/backup\/categorie\/rassemblements\/rassemblements-2007\/\" rel=\"category tag\">Les rassemblements de 2007<\/a>","author_info":{"display_name":"Webmestre","author_link":"https:\/\/centcols.org\/backup\/author\/webmestre\/"},"comments_num":"0 commentaire","featured_image_urls_v2":{"full":"","thumbnail":"","medium":"","medium_large":"","large":"","1536x1536":"","2048x2048":"","woocommerce_thumbnail":"","woocommerce_single":"","woocommerce_gallery_thumbnail":""},"post_excerpt_stackable_v2":"<p>Dimanche 26 ao\u00fbt 2007 8h30, Les Avants, les premiers participants arrivent et sont accueillis avec le caf\u00e9. A 9h00, d\u00e9part des 16 membres du CCC et 8 membres du CCR jusqu\u2019au col de Sonloup ou s\u2019effectue la s\u00e9paration des routiers qui vont faire entre 40 et 60 km suivant les groupes et des v\u00e9t\u00e9tistes qui eux en ferons 26 avec 3 ou 4 cols suivant la forme de chacun. Excellente ambiance sur ces chemins pr\u00e9alpins ou nous avons pris le temps d\u2019admirer le paysage et prendre de nombreuses photos. Une chute (sans graviter) une crevaison et c\u2019est la descente rapide\u2026<\/p>\n","category_list_v2":"<a href=\"https:\/\/centcols.org\/backup\/categorie\/rassemblements\/rassemblements-2007\/\" rel=\"category tag\">Les rassemblements de 2007<\/a>","author_info_v2":{"name":"Webmestre","url":"https:\/\/centcols.org\/backup\/author\/webmestre\/"},"comments_num_v2":"0 commentaire","featured_image_src":null,"_links":{"self":[{"href":"https:\/\/centcols.org\/backup\/wp-json\/wp\/v2\/posts\/20783"}],"collection":[{"href":"https:\/\/centcols.org\/backup\/wp-json\/wp\/v2\/posts"}],"about":[{"href":"https:\/\/centcols.org\/backup\/wp-json\/wp\/v2\/types\/post"}],"author":[{"embeddable":true,"href":"https:\/\/centcols.org\/backup\/wp-json\/wp\/v2\/users\/2001"}],"replies":[{"embeddable":true,"href":"https:\/\/centcols.org\/backup\/wp-json\/wp\/v2\/comments?post=20783"}],"version-history":[{"count":0,"href":"https:\/\/centcols.org\/backup\/wp-json\/wp\/v2\/posts\/20783\/revisions"}],"wp:attachment":[{"href":"https:\/\/centcols.org\/backup\/wp-json\/wp\/v2\/media?parent=20783"}],"wp:term":[{"taxonomy":"category","embeddable":true,"href":"https:\/\/centcols.org\/backup\/wp-json\/wp\/v2\/categories?post=20783"},{"taxonomy":"post_tag","embeddable":true,"href":"https:\/\/centcols.org\/backup\/wp-json\/wp\/v2\/tags?post=20783"}],"curies":[{"name":"wp","href":"https:\/\/api.w.org\/{rel}","templated":true}]}}