{"id":20787,"date":"2015-05-07T11:39:04","date_gmt":"2015-05-07T09:39:04","guid":{"rendered":"http:\/\/centcols.org\/backup\/?p=20787"},"modified":"2022-12-12T11:21:27","modified_gmt":"2022-12-12T10:21:27","slug":"15-16-et-17-aout-2004-concentration-internationale-du-club-des-cent-cols-a-briancon","status":"publish","type":"post","link":"https:\/\/centcols.org\/backup\/15-16-et-17-aout-2004-concentration-internationale-du-club-des-cent-cols-a-briancon\/","title":{"rendered":"15, 16 et 17 ao\u00fbt 2004 : Rassemblement internationale du Club des Cent Cols \u00e0 Brian\u00e7on"},"content":{"rendered":"<h2>Discours du pr\u00e9sident Claude B\u00e9nistrand le 15 ao\u00fbt 2004 au col de l&#8217;\u00c9chelle<\/h2>\n<blockquote><p>Bonjour et bienvenue \u00e0 tous\u00a0! Buon giorno, benvenuto a tutti, e complimenti per la vittoria di Bettini ! Guten Tag und seien Sie alle willkommen\u00a0! Goedendag en welkom aan onze Vlaamse en Nederlandse vrienden !<\/p>\n<p>Je vais continuer \u00e0 m\u2019exprimer en fran\u00e7ais, avant de passer la parole \u00e0 Luigi Spina qui s\u2019adressera en italien aux Cento Colli. Je dois remercier notre D\u00e9l\u00e9gu\u00e9 national pour l\u2019Italie, Gianni Solenni, il nous a fait le plaisir de venir en d\u00e9but de matin\u00e9e, malgr\u00e9 ses obligations professionnelles qui ne lui ont pas permis de rester, un gros travail l\u2019attend en ce 15 ao\u00fbt, sommet de la saison touristique.<\/p>\n<p>Nous sommes tr\u00e8s heureux de vous voir aussi nombreux, c\u2019est la premi\u00e8re fois que la concentration annuelle se tient sur un col franco-italien, et la participation n\u2019a jamais \u00e9t\u00e9 aussi forte\u00a0! merci \u00e0 tous d\u2019avoir r\u00e9pondu \u00e0 notre appel\u00a0et \u00e0 ce rendez-vous de l\u2019amiti\u00e9 entre Cent Cols ! Merci et f\u00e9licitations\u00a0: vous connaissez le proverbe qui dit que c\u2019est au pied du mur qu\u2019on voit le ma\u00e7on, eh bien gr\u00e2ce \u00e0 vous, la Confr\u00e9rie est aujourd\u2019hui en haut de l\u2019\u00c9chelle\u00a0!<\/p>\n<p>Ce col de l\u2019\u00c9chelle pr\u00e9sente plusieurs particularit\u00e9s, physiques, g\u00e9ographiques et historiques sur lesquelles je vais vous dire quelques mots.<\/p>\n<p>C\u2019est tout d\u2019abord le col le plus bas sur les 250 km de fronti\u00e8re depuis le col du Petit St-Bernard jusqu\u2019au col de Tende. Cette remarque am\u00e8ne \u00e0 se demander pourquoi il n\u2019a pas \u00e9t\u00e9 davantage fr\u00e9quent\u00e9, alors que de C\u00e9sar \u00e0 Napol\u00e9on les passages pr\u00e9f\u00e9rentiels ont \u00e9t\u00e9 les cols du Montgen\u00e8vre et du Montcenis pourtant plus \u00e9lev\u00e9s. La r\u00e9ponse tient au profil de col, qui constitue une sorte d\u2019accident g\u00e9ologique\u00a0: la pente naturelle du terrain c\u00f4t\u00e9 pi\u00e9montais est de l\u2019ordre de 90%, ce qui en fait un passage particuli\u00e8rement difficile, dont le franchissement tenait presque de l\u2019escalade, d\u2019o\u00f9 le nom de col de l\u2019\u00c9chelle (Passo della Scala). Sur les profils Dollin, vous remarquerez que la pente de la route au-dessus du Pian de Colle \u00e9tait encore en 1903 comprise entre 25 et 30%\u00a0ce qui restait peu adapt\u00e9 pour les voyageurs. Le trac\u00e9 de la route actuelle, avec ses lacets spectaculaires qui ram\u00e8nent la pente dans une norme raisonnable ne date que de 1964, elle n\u2019est goudronn\u00e9e c\u00f4t\u00e9 italien que depuis 3 ou 4 ans, nombreux sont les Cent Cols \u00e0 avoir franchi ce versant sur la route en terre battue.<\/p>\n<p>Du point de vue hydrologique, ce col occupe une position remarquable\u00a0: il s\u00e9pare en effet le ruisseau de la Vall\u00e9e Etroite, qui se jette dans la Dora Riparia, elle m\u00eame affluent du P\u00f4 d\u2019une part, et la tr\u00e8s belle vall\u00e9e de la Clar\u00e9e, qui rejoint la Durance en amont de Brian\u00e7on, laquelle traverse la Provence jusqu\u2019\u00e0 la vall\u00e9e du Rh\u00f4ne. Nous sommes donc sur la ligne de partage des eaux Adriatique M\u00e9diterran\u00e9e, une notion \u00e0 laquelle les membres de la Confr\u00e9rie accordent souvent une attention particuli\u00e8re.<\/p>\n<p>Pour autant cette limite naturelle n\u2019a pas toujours \u00e9t\u00e9 le passage de la fronti\u00e8re entre \u00c9tats, elle ne l\u2019est d\u2019ailleurs plus aujourd\u2019hui, o\u00f9 la borne fronti\u00e8re est au Pian de Colle. Nous sommes ici sur la commune de N\u00e9vache, qui faisait partie de l\u2019Escarton de Brian\u00e7on. L\u2019histoire des Escartons m\u00e9rite qu\u2019on s\u2019y attarde, c\u2019est un terme qui \u00e9quivaut peu ou prou au canton, dans le sens fort du mot tel que l\u2019emploient nos voisins helv\u00e9tiques. Il correspondait \u00e0 une forme d\u2019organisation particuli\u00e8re des communes de ces vall\u00e9es de montagne, qui avaient pour habitude de mettre en commun des hommes et des moyens pour r\u00e9aliser des t\u00e2ches vitales telles que la construction de digues et de ponts, l\u2019entretien des voies pour l\u2019exploitation de la for\u00eat, etc. Au nombre de 5, les Escartons de Brian\u00e7on, du Queyras, d\u2019Oulx, de Valcluson et de Ch\u00e2teau Dauphin faisaient partie des \u00c9tats du Dauphin\u00e9. Le commerce d\u2019un Escarton \u00e0 l\u2019autre \u00e9tait tr\u00e8s actif, marchandise et animaux circulant \u00e0 travers les 21 cols recens\u00e9s sur leurs territoires. En 1343 les Escartons ont rachet\u00e9 leur libert\u00e9 au Dauphin, et obtenu la signature d\u2019une Charte qui garantissait \u00e0 leurs habitants la qualit\u00e9 de \u00ab\u00a0Francs-bourgeois\u00a0\u00bb\u00a0: les privil\u00e8ges f\u00e9odaux ont disparu, les Escartons pouvaient lever leurs imp\u00f4ts, rendre leur justice et organiser leur enseignement, ils ont m\u00eame atteint un degr\u00e9 \u00e9lev\u00e9 d\u2019instruction que les paysans du royaume de France pouvaient leur envier. Il n\u2019y avait gu\u00e8re que la d\u00e9fense qui restait l\u2019apanage du Dauphin, puis du Roi de France. La Conf\u00e9d\u00e9ration des Escartons a v\u00e9cu et prosp\u00e9r\u00e9 ainsi pendant plus de quatre si\u00e8cles\u00a0 On aurait pu imaginer que ce r\u00e9gime se maintienne jusqu\u2019\u00e0 nous, \u00e0 l\u2019image de la Conf\u00e9d\u00e9ration Helv\u00e9tique ou de la Principaut\u00e9 d\u2019Andorre par exemple. Deux \u00e9v\u00e8nements vont pr\u00e9cipiter sa chute\u00a0: le trait\u00e9 d\u2019Utrecht d\u2019abord en 1713 par lequel Louis XIV c\u00e8de les Escartons d\u2019Oulx, de Valcluson et de Ch\u00e2teau Dauphin au Duc de Savoie, et puis la r\u00e9volution fran\u00e7aise de 1789 qui ne laissera d\u2019autre choix aux Escartons de Brian\u00e7on et du Queyras que celui d\u2019int\u00e9grer le d\u00e9partement des Hautes Alpes et de se rattacher \u00e0 la pr\u00e9fecture de Gap.<\/p>\n<p>D\u2019autres \u00e9v\u00e8nements historiques marqueront encore ce territoire\u00a0: les divers \u00e9pisodes napol\u00e9oniens, l\u2019unification de l\u2019Italie en 1860, les 2 guerres mondiales, et en dernier lieu le trait\u00e9 de Paris en 1947, par lequel l\u2019Italie c\u00e9da au titre des dommages de guerre la Vall\u00e9e \u00c9troite et le Mont Chaberton, fixant ainsi le trac\u00e9 de la fronti\u00e8re tel que nous le connaissons aujourd\u2019hui.<\/p>\n<p>Au del\u00e0 de l\u2019histoire officielle, je voudrais vous parler de l\u2019histoire d\u2019une famille particuli\u00e8re originaire de M\u00e9l\u00e9zet\u00a0: la famille Roude, qui illustre ce qu\u2019a pu \u00eatre la vie dans ce pays de montagne. M\u00e9l\u00e9zet est cette bourgade proche de Bardonn\u00e8che qui est connue pour avoir donn\u00e9 de nombreux artistes\u00a0: peintres, tailleurs, sculpteurs, au point qu\u2019on parle de \u00ab\u00a0l\u2019\u00c9cole de M\u00e9l\u00e9zet\u00a0\u00bb Il y eut des Roude parmi ces artistes, et ce nom appara\u00eet encore sur des sculptures des \u00e9glises de Bardonn\u00e8che. Les familles \u00e9taient \u00e0 l\u2019\u00e9poque fort nombreuses\u00a0: 10 enfants, voire 20 enfants. Il \u00e9tait difficile de nourrir toutes ces bouches, et certains devaient s\u2019expatrier\u00a0: une partie de la famille est all\u00e9e chercher fortune en Argentine, et leurs descendants ont \u00e9tabli une correspondance avec leurs lointains cousins. D\u2019autres allaient louer leur force de travail l\u2019\u00e9t\u00e9 \u00e0 la saison des foins\u00a0: passant par le col de la Vall\u00e9e \u00c9troite ou le col des Rochilles pour rejoindre la Maurienne ils allaient faner en Savoie, et faisaient le chemin inverse avant l\u2019hiver. L\u2019un d\u2019entre eux s\u2019est \u00e9tabli dans un petit village de Haute-Savoie, o\u00f9 il a fond\u00e9 une famille\u00a0: il se trouve que son arri\u00e8re petite fille est aujourd\u2019hui aux Cent Cols. Je vais demander \u00e0 Nicole Roude de me rejoindre.<\/p>\n<p>Nicole (Poty), tu me pardonneras de r\u00e9v\u00e9ler ton nom de jeune fille, en hommage au travail que tu r\u00e9alises et au d\u00e9vouement merveilleux dont tu fais preuve \u00e0 l\u2019\u00e9gard de notre Confr\u00e9rie, je te remets au nom de tous ce souvenir, il s\u2019agit d\u2019une petite sculpture en bois peinte, typique de la vall\u00e9e de Bardonnechia, qui r\u00e9pond au nom de \u00ab\u00a0Salva Casa\u00a0\u00bb, et qui est cens\u00e9e \u00e9loigner les mauvais g\u00e9nies de ta maison, quand tu la suspendras au-dessus de ta porte. Merci encore \u00e0 toi Nicole et je donne maintenant la parole \u00e0 Luigi Spina.<\/p><\/blockquote>\n<hr \/>\n<h2>Discorso del 15 agosto 2004 al Colle della Scala<\/h2>\n<blockquote><p>Cari amici Cento Colli, sono onorato di dare io stesso il benvenuto a tutti in rappresentanza dei Centocollisti italiani, poich\u00e9 il nostro delegato per l\u2019Italia Gianni Solenni ha dovuto anticipare la sua partenza dal raduno di oggi.<\/p>\n<p>La presenza cos\u00ec numerosa alla festa di oggi \u00e8 motivo di grande gioia, e ci fornisce lo stimolo per aumentare ancora il numero degli aderenti italiani, sia dei nuovi soci sia di quelli che sono ritornati al Club dopo un periodo di allontanamento.<\/p>\n<p>In effetti abbiamo scelto di vivere in pieno la vita del club, anche nella convinzione che sia importante rispettare la regola dei Cento Colli, cartello o carta geografica, perch\u00e9 il rispetto delle regole, in generale, offre l\u2019opportunit\u00e0 di vivere pi\u00f9 facilmente, e questo \u00e8 importante in un periodo come questo, pieno di angosce e difficolt\u00e0 per un mondo sempre pi\u00f9 difficile e imprevedibile.<\/p>\n<p>Lo sport che noi pratichiamo, la bicicletta, non ho bisogno di dirlo qui, \u00e8 un esercizio faticoso, che ha bisogno di stimoli e richiede sempre valide motivazioni. Il Club dei Cento Colli d\u00e0 queste motivazioni, per ogni livello di ciclista e per ogni et\u00e0, perch\u00e9 anche quando il fisico non pu\u00f2 essere allenato a gareggiare ci sono sempre nuove mete da raggiungere e nuovi colli da aggiungere alla nostra collezione.<\/p>\n<p>Il Club dei Cento Colli sta dentro la nostra vita, e ci d\u00e0 gioia, in tutti i momenti della nostra attivit\u00e0, non solo al momento di inviare la lista annuale dei colli scalati. E\u2019 vero infatti che ogni volta che dobbiamo fare delle scelte, sia per la meta di un giorno, sia per una vacanza, o anche solo davanti a un qualsiasi bivio stradale, cerchiamo di indirizzare la nostra decisione verso un percorso e dei luoghi che ci consentano di scalare nuovi colli o di ritornare su percorsi che ci hanno lasciato un buon ricordo, e magari abbiamo saltato un colle vicino a quelli gi\u00e0 fatti.<\/p>\n<p>Grazie a tutti e soprattutto buone pedalate in questi giorni di raduno!<\/p>\n<p><strong>Luigi Spina<\/strong><\/p>\n<p>&nbsp;<\/p><\/blockquote>\n","protected":false},"excerpt":{"rendered":"<p>Discours du pr\u00e9sident Claude B\u00e9nistrand le 15 ao\u00fbt 2004 au col de l&#8217;\u00c9chelle Bonjour et bienvenue \u00e0 tous\u00a0! Buon giorno, benvenuto a tutti, e complimenti per la vittoria di Bettini ! Guten Tag und seien Sie alle willkommen\u00a0! Goedendag en welkom aan onze Vlaamse en Nederlandse vrienden ! Je vais continuer \u00e0 m\u2019exprimer en fran\u00e7ais, [&hellip;]<\/p>\n","protected":false},"author":2001,"featured_media":0,"comment_status":"closed","ping_status":"closed","sticky":false,"template":"","format":"standard","meta":{"_acf_changed":false,"ub_ctt_via":"","_monsterinsights_skip_tracking":false,"_monsterinsights_sitenote_active":false,"_monsterinsights_sitenote_note":"","_monsterinsights_sitenote_category":0,"footnotes":""},"categories":[46],"tags":[],"acf":[],"featured_image_urls":{"full":"","thumbnail":"","medium":"","medium_large":"","large":"","1536x1536":"","2048x2048":"","woocommerce_thumbnail":"","woocommerce_single":"","woocommerce_gallery_thumbnail":""},"post_excerpt_stackable":"<p>Discours du pr\u00e9sident Claude B\u00e9nistrand le 15 ao\u00fbt 2004 au col de l&#8217;\u00c9chelle Bonjour et bienvenue \u00e0 tous\u00a0! Buon giorno, benvenuto a tutti, e complimenti per la vittoria di Bettini ! Guten Tag und seien Sie alle willkommen\u00a0! Goedendag en welkom aan onze Vlaamse en Nederlandse vrienden ! Je vais continuer \u00e0 m\u2019exprimer en fran\u00e7ais, avant de passer la parole \u00e0 Luigi Spina qui s\u2019adressera en italien aux Cento Colli. Je dois remercier notre D\u00e9l\u00e9gu\u00e9 national pour l\u2019Italie, Gianni Solenni, il nous a fait le plaisir de venir en d\u00e9but de matin\u00e9e, malgr\u00e9 ses obligations professionnelles qui ne lui ont\u2026<\/p>\n","category_list":"<a href=\"https:\/\/centcols.org\/backup\/categorie\/rassemblements\/rassemblements-2004\/\" rel=\"category tag\">Les rassemblements de 2004<\/a>","author_info":{"display_name":"Webmestre","author_link":"https:\/\/centcols.org\/backup\/author\/webmestre\/"},"comments_num":"0 commentaire","featured_image_urls_v2":{"full":"","thumbnail":"","medium":"","medium_large":"","large":"","1536x1536":"","2048x2048":"","woocommerce_thumbnail":"","woocommerce_single":"","woocommerce_gallery_thumbnail":""},"post_excerpt_stackable_v2":"<p>Discours du pr\u00e9sident Claude B\u00e9nistrand le 15 ao\u00fbt 2004 au col de l&#8217;\u00c9chelle Bonjour et bienvenue \u00e0 tous\u00a0! Buon giorno, benvenuto a tutti, e complimenti per la vittoria di Bettini ! Guten Tag und seien Sie alle willkommen\u00a0! Goedendag en welkom aan onze Vlaamse en Nederlandse vrienden ! Je vais continuer \u00e0 m\u2019exprimer en fran\u00e7ais, avant de passer la parole \u00e0 Luigi Spina qui s\u2019adressera en italien aux Cento Colli. Je dois remercier notre D\u00e9l\u00e9gu\u00e9 national pour l\u2019Italie, Gianni Solenni, il nous a fait le plaisir de venir en d\u00e9but de matin\u00e9e, malgr\u00e9 ses obligations professionnelles qui ne lui ont\u2026<\/p>\n","category_list_v2":"<a href=\"https:\/\/centcols.org\/backup\/categorie\/rassemblements\/rassemblements-2004\/\" rel=\"category tag\">Les rassemblements de 2004<\/a>","author_info_v2":{"name":"Webmestre","url":"https:\/\/centcols.org\/backup\/author\/webmestre\/"},"comments_num_v2":"0 commentaire","featured_image_src":null,"_links":{"self":[{"href":"https:\/\/centcols.org\/backup\/wp-json\/wp\/v2\/posts\/20787"}],"collection":[{"href":"https:\/\/centcols.org\/backup\/wp-json\/wp\/v2\/posts"}],"about":[{"href":"https:\/\/centcols.org\/backup\/wp-json\/wp\/v2\/types\/post"}],"author":[{"embeddable":true,"href":"https:\/\/centcols.org\/backup\/wp-json\/wp\/v2\/users\/2001"}],"replies":[{"embeddable":true,"href":"https:\/\/centcols.org\/backup\/wp-json\/wp\/v2\/comments?post=20787"}],"version-history":[{"count":0,"href":"https:\/\/centcols.org\/backup\/wp-json\/wp\/v2\/posts\/20787\/revisions"}],"wp:attachment":[{"href":"https:\/\/centcols.org\/backup\/wp-json\/wp\/v2\/media?parent=20787"}],"wp:term":[{"taxonomy":"category","embeddable":true,"href":"https:\/\/centcols.org\/backup\/wp-json\/wp\/v2\/categories?post=20787"},{"taxonomy":"post_tag","embeddable":true,"href":"https:\/\/centcols.org\/backup\/wp-json\/wp\/v2\/tags?post=20787"}],"curies":[{"name":"wp","href":"https:\/\/api.w.org\/{rel}","templated":true}]}}