{"id":20788,"date":"2015-05-07T11:41:08","date_gmt":"2015-05-07T09:41:08","guid":{"rendered":"http:\/\/centcols.org\/backup\/?p=20788"},"modified":"2015-05-07T11:41:35","modified_gmt":"2015-05-07T09:41:35","slug":"12-13-14-et-15-aout-2001-sejour-cent-cols-a-vesc-dans-la-drome","status":"publish","type":"post","link":"https:\/\/centcols.org\/backup\/12-13-14-et-15-aout-2001-sejour-cent-cols-a-vesc-dans-la-drome\/","title":{"rendered":"15 ao\u00fbt 2002 : Concentration nationale au Col de la Forclaz de Montmin"},"content":{"rendered":"<h2>Compte rendu de la 30\u00e8me Concentration nationale du Club des Cent Cols<\/h2>\n<p>C&#8217;est sous un soleil radieux que 200 membres du Club des Cent Cols se sont retrouv\u00e9s en ce jeudi 15 ao\u00fbt 2002 au Col de la Forclaz de Montmin, surplombant la rive orientale du lac d&#8217;Annecy. Quasiment toutes les r\u00e9gions de France \u00e9taient repr\u00e9sent\u00e9es, ainsi que de nombreux pays europ\u00e9ens : Italie, Suisse, Belgique, Pays-Bas, Luxembourg, et l&#8217;Am\u00e9rique du Nord en la personne de Larry Palmer, champion olympique am\u00e9ricain de hockey, et de la Canadienne Anne Crossey.<\/p>\n<p>Apr\u00e8s avoir escalad\u00e9 les pentes irr\u00e9guli\u00e8res et exigeantes du col de la Forclaz, les plus matinaux ayant ajout\u00e9 le col de l&#8217;Aulp sur le flanc de la Tournette, tous ont pu go\u00fbter \u00e0 la saveur du reblochon fermier, et au vin de Savoie, tout en devisant avec des amis retrouv\u00e9s et en liant connaissance avec d&#8217;autres Confr\u00e8res.<\/p>\n<p>C&#8217;est \u00e0 Jean Perdoux, fondateur du Club et organisateur de cette concentration que revient la primeur des discours. Apr\u00e8s avoir remerci\u00e9 les invit\u00e9s : Mme le Maire de Montmin, Robert de Rudder, Pr\u00e9sident de la Ligue Rh\u00f4ne-Alpes, Alain Lejeune, Pr\u00e9sident du Comit\u00e9 D\u00e9partemental FFCT de la Haute-Savoie, et Monique Giroud, Pr\u00e9sidente de la FUBICY et elle-m\u00eame Cent Cols, il salue la pr\u00e9sence de l&#8217;Ann\u00e9cien Jacques Massein et du Chamb\u00e9rien Claude Roche, tous deux d\u00e9j\u00e0 l\u00e0 \u00e0 la 1\u00e8re concentration au col de la Forclaz. Puis il \u00e9voque le souvenir de Marcel Bioud qui avait franchi ce jour-l\u00e0 son 842\u00e8me col, ouvrant ainsi la voie aux chasseurs de cols les plus cap\u00e9s d&#8217;aujourd&#8217;hui : Michel Verhaeghe, Marc Liaudon ou Nicole Poty ainsi qu&#8217;\u00e0 Xavier Sauteron dont le 1000\u00e8me col est atteint ce jour m\u00eame au col de la Forclaz. Il rappelle sa volont\u00e9 de rassembler les cyclos amoureux de la nature et de la montagne autour d&#8217;une m\u00eame pratique : l&#8217;escalade des cols \u00e0 v\u00e9lo. Reprenant la devise du col du Brenner, il souhaite que les cols, qui divisent les eaux et s\u00e9parent les pays, puissent unir les membres des Cent Cols , et exprime sa confiance dans la nouvelle \u00e9quipe dirigeante et en son Pr\u00e9sident Claude B\u00e9nistrand, \u00e0 qui il passe la parole non sans lui avoir fix\u00e9 rendez-vous dans 30 ans !<\/p>\n<p>Le Pr\u00e9sident Claude B\u00e9nistrand se r\u00e9jouit du succ\u00e8s de cette concentration, d&#8217;abord parce qu&#8217;il est symboliquement important de se retrouver \u00e0 v\u00e9lo en haut d&#8217;un col, et que c&#8217;est l&#8217;occasion de lier connaissance et de parler un langage commun. Il insiste sur la richesse de ces rencontres qui font que l&#8217;ensemble des membres de la Confr\u00e9rie forment le groupe de sp\u00e9cialistes ayant la meilleure connaissance des cols. Il \u00e9voque \u00e0 ce sujet la tenue d&#8217;un colloque \u00e0 l&#8217;Universit\u00e9 de Savoie \u00e0 Chamb\u00e9ry, sur le th\u00e8me de la travers\u00e9e des montagnes, organis\u00e9 en octobre 2002 dans le cadre de l&#8217;ann\u00e9e internationale de la montagne.<br \/>\nApr\u00e8s avoir salu\u00e9 \u00e0 son tour Robert Chauvot, auteur du 1er catalogue des cols de France, il pr\u00e9sente le tout r\u00e9cent catalogue des cols de Suisse et du Liechtenstein, fruit des recherches du Groupe de Travail Suisse dirig\u00e9 par Pierre Mai qu&#8217;il remercie. Il pr\u00e9sente les membres du nouveau CA : Bernard Vieillard, Ren\u00e9 Poty, Michel Mathieu et Michel de Br\u00e9bisson , et expose son objectif d&#8217;\u00e9diter un catalogue des cols des pays de l&#8217;arc alpin et de la cha\u00eene pyr\u00e9n\u00e9enne. A plus long terme, il s&#8217;agira de b\u00e2tir le catalogue des cols du plus grand nombre de pays possible, en s&#8217;appuyant notamment sur la documentation et sur les listes de cols envoy\u00e9es par les cyclos-voyageurs. Il rappelle que les D\u00e9l\u00e9gu\u00e9s territoriaux &#8211; sont pr\u00e9sents : Germain Geenens, Didier R\u00e9mond, Alain Braud, Jean-Pierre Adam et Alain Gillodes- auront pour mission d&#8217;exploiter dans ce sens les listes de cols qu&#8217;ils recevront en fin d&#8217;ann\u00e9e.<\/p>\n<p>Claude B\u00e9nistrand rend alors hommage \u00e0 Jean Perdoux, fondateur de la Confr\u00e9rie, en le remerciant chaleureusement pour le c\u00f4t\u00e9 pr\u00e9curseur de cette id\u00e9e de cr\u00e9er le Club des Cent Cols, et pour avoir su la faire vivre pendant 3 d\u00e9cennies en s&#8217;entourant d&#8217;amis \u00e0 la fois comp\u00e9tents et passionn\u00e9s, et en s&#8217;appuyant sur des valeurs fortes que sont la simplicit\u00e9, l&#8217;amiti\u00e9, l&#8217;authenticit\u00e9. Il associe \u00e0 ses remerciements Henri Dusseau, le \u00ab G\u00e9n\u00e9ral Secr\u00e9taire \u00bb, pour son travail formidable et sa pr\u00e9sence de tous les instants et \u00e0 tous les niveaux, tant pour r\u00e9pondre aux demandes des membres des Cent Cols que pour d\u00e9fendre les int\u00e9r\u00eats du Club.<\/p>\n<p>Robert de Rudder, au nom de la Ligue Rh\u00f4ne-Alpes FFCT \u00e9voque les difficult\u00e9s des organisateurs de manifestations cyclotouristes sur route \u00e0 obtenir les autorisations administratives n\u00e9cessaires, et les restrictions de plus en plus fr\u00e9quentes au niveau de la pratique du VTT dans les Parcs naturels et dans les Sites prot\u00e9g\u00e9s. Il souhaite que les Cent Cols qui ont une pratique plus individuelle restent attentifs \u00e0 ces menaces qui planent sur nos &#8220;terrains de jeux&#8221;.<\/p>\n<p>Alain Lejeune, au nom du Codep de la Haute-Savoie, \u00e9voque \u00e0 son tour la pratique du v\u00e9lo en ville et Madame le Maire de Montmin, qui avoue ne pas savoir faire de v\u00e9lo, dit son admiration de nous voir monter ce col de la Forclaz, o\u00f9 elle se souvient avoir vu l&#8217;un des fr\u00e8res Bobet poser pied \u00e0 terre et nous incite \u00e0 la prudence et au port du casque.<\/p>\n<p>La Concentration se termine par la remise par Ren\u00e9 Poty, Secr\u00e9taire G\u00e9n\u00e9ral, d&#8217;un dipl\u00f4me et d&#8217;une m\u00e9daille Cent Cols \u00e0 celui qui est d\u00e9sormais le plus jeune membre de la Confr\u00e9rie : Olivier Rosenfelder, 10 ans et 140 cols, qui nous vient d&#8217;Haguenau.<\/p>\n<p>Jean Perdoux et Henri Dusseau re\u00e7oivent alors des mains de leurs successeurs Claude B\u00e9nistrand et Ren\u00e9 Poty une lave de Volvic \u00e9maill\u00e9e aux couleurs des Cent Cols et mill\u00e9sim\u00e9e pour le 30\u00e8me anniversaire de la Confr\u00e9rie. Les applaudissements nourris de l&#8217;assistance et les nombreuses photos prises par les participants concluent cet hommage simple et sinc\u00e8re \u00e0 nos deux grands dirigeants.<\/p>\n<p>85 convives se sont ensuite retrouv\u00e9s \u00e0 l&#8217;espace du lac \u00e0 Anglon-Talloires pour prolonger autour d&#8217;une table les conversations entam\u00e9es au col de la Forclaz.<\/p>\n<p>Rendez-vous est pris pour le 15 ao\u00fbt 2003 dans le Cantal, au col de la Mol\u00e8de, la concentration sera suivie d&#8217;un mini-s\u00e9jour dans la station du Super-Lioran, avec des propositions de circuits routiers et muletiers.<\/p>\n","protected":false},"excerpt":{"rendered":"<p>Compte rendu de la 30\u00e8me Concentration nationale du Club des Cent Cols C&#8217;est sous un soleil radieux que 200 membres du Club des Cent Cols se sont retrouv\u00e9s en ce jeudi 15 ao\u00fbt 2002 au Col de la Forclaz de Montmin, surplombant la rive orientale du lac d&#8217;Annecy. Quasiment toutes les r\u00e9gions de France \u00e9taient [&hellip;]<\/p>\n","protected":false},"author":2001,"featured_media":0,"comment_status":"closed","ping_status":"closed","sticky":false,"template":"","format":"standard","meta":{"_acf_changed":false,"ub_ctt_via":"","_monsterinsights_skip_tracking":false,"_monsterinsights_sitenote_active":false,"_monsterinsights_sitenote_note":"","_monsterinsights_sitenote_category":0,"footnotes":""},"categories":[48],"tags":[],"acf":[],"featured_image_urls":{"full":"","thumbnail":"","medium":"","medium_large":"","large":"","1536x1536":"","2048x2048":"","woocommerce_thumbnail":"","woocommerce_single":"","woocommerce_gallery_thumbnail":""},"post_excerpt_stackable":"<p>Compte rendu de la 30\u00e8me Concentration nationale du Club des Cent Cols C&#8217;est sous un soleil radieux que 200 membres du Club des Cent Cols se sont retrouv\u00e9s en ce jeudi 15 ao\u00fbt 2002 au Col de la Forclaz de Montmin, surplombant la rive orientale du lac d&#8217;Annecy. Quasiment toutes les r\u00e9gions de France \u00e9taient repr\u00e9sent\u00e9es, ainsi que de nombreux pays europ\u00e9ens : Italie, Suisse, Belgique, Pays-Bas, Luxembourg, et l&#8217;Am\u00e9rique du Nord en la personne de Larry Palmer, champion olympique am\u00e9ricain de hockey, et de la Canadienne Anne Crossey. Apr\u00e8s avoir escalad\u00e9 les pentes irr\u00e9guli\u00e8res et exigeantes du col de\u2026<\/p>\n","category_list":"<a href=\"https:\/\/centcols.org\/backup\/categorie\/rassemblements\/rassemblements-2002\/\" rel=\"category tag\">Les rassemblements de 2002<\/a>","author_info":{"display_name":"Webmestre","author_link":"https:\/\/centcols.org\/backup\/author\/webmestre\/"},"comments_num":"0 commentaire","featured_image_urls_v2":{"full":"","thumbnail":"","medium":"","medium_large":"","large":"","1536x1536":"","2048x2048":"","woocommerce_thumbnail":"","woocommerce_single":"","woocommerce_gallery_thumbnail":""},"post_excerpt_stackable_v2":"<p>Compte rendu de la 30\u00e8me Concentration nationale du Club des Cent Cols C&#8217;est sous un soleil radieux que 200 membres du Club des Cent Cols se sont retrouv\u00e9s en ce jeudi 15 ao\u00fbt 2002 au Col de la Forclaz de Montmin, surplombant la rive orientale du lac d&#8217;Annecy. Quasiment toutes les r\u00e9gions de France \u00e9taient repr\u00e9sent\u00e9es, ainsi que de nombreux pays europ\u00e9ens : Italie, Suisse, Belgique, Pays-Bas, Luxembourg, et l&#8217;Am\u00e9rique du Nord en la personne de Larry Palmer, champion olympique am\u00e9ricain de hockey, et de la Canadienne Anne Crossey. Apr\u00e8s avoir escalad\u00e9 les pentes irr\u00e9guli\u00e8res et exigeantes du col de\u2026<\/p>\n","category_list_v2":"<a href=\"https:\/\/centcols.org\/backup\/categorie\/rassemblements\/rassemblements-2002\/\" rel=\"category tag\">Les rassemblements de 2002<\/a>","author_info_v2":{"name":"Webmestre","url":"https:\/\/centcols.org\/backup\/author\/webmestre\/"},"comments_num_v2":"0 commentaire","featured_image_src":null,"_links":{"self":[{"href":"https:\/\/centcols.org\/backup\/wp-json\/wp\/v2\/posts\/20788"}],"collection":[{"href":"https:\/\/centcols.org\/backup\/wp-json\/wp\/v2\/posts"}],"about":[{"href":"https:\/\/centcols.org\/backup\/wp-json\/wp\/v2\/types\/post"}],"author":[{"embeddable":true,"href":"https:\/\/centcols.org\/backup\/wp-json\/wp\/v2\/users\/2001"}],"replies":[{"embeddable":true,"href":"https:\/\/centcols.org\/backup\/wp-json\/wp\/v2\/comments?post=20788"}],"version-history":[{"count":0,"href":"https:\/\/centcols.org\/backup\/wp-json\/wp\/v2\/posts\/20788\/revisions"}],"wp:attachment":[{"href":"https:\/\/centcols.org\/backup\/wp-json\/wp\/v2\/media?parent=20788"}],"wp:term":[{"taxonomy":"category","embeddable":true,"href":"https:\/\/centcols.org\/backup\/wp-json\/wp\/v2\/categories?post=20788"},{"taxonomy":"post_tag","embeddable":true,"href":"https:\/\/centcols.org\/backup\/wp-json\/wp\/v2\/tags?post=20788"}],"curies":[{"name":"wp","href":"https:\/\/api.w.org\/{rel}","templated":true}]}}