{"id":20894,"date":"2017-07-05T20:00:52","date_gmt":"2017-07-05T18:00:52","guid":{"rendered":"http:\/\/centcols.org\/backup\/?p=20894"},"modified":"2023-11-25T15:01:59","modified_gmt":"2023-11-25T14:01:59","slug":"cent-cols-routiers-dans-le-massif-des-vosges","status":"publish","type":"post","link":"https:\/\/centcols.org\/backup\/cent-cols-routiers-dans-le-massif-des-vosges\/","title":{"rendered":"Cent cols routiers dans le massif des Vosges"},"content":{"rendered":"<h2 style=\"text-align: justify;\">Pr\u00e9sentation<\/h2>\n<p style=\"text-align: justify;\">Parcours de 840 km pour un d\u00e9nivel\u00e9 d&#8217;environ 18 000 m comprenant 100 cols tous routiers, trac\u00e9 par Alain Brault (Cent Cols N\u00b03693)<\/p>\n<p style=\"text-align: justify;\"><a class=\"fancybox\" href=\"\/rando_perm\/vosges\/CARTE.jpg\" rel=\"noopener noreferrer\">Parcours<\/a><\/p>\n<p><iframe loading=\"lazy\" src=\"\/rando_perm\/carto\/mbtrp.php?rp=vos\" width=\"800\" height=\"600\"><\/iframe><\/p>\n<p style=\"text-align: justify;\"><a class=\"fancybox\" href=\"\/wp-content\/uploads\/2015\/06\/Vosges-profil.png\" rel=\"noopener noreferrer\">Profil<\/a><\/p>\n<p style=\"text-align: justify;\"><a href=\"\/rando_perm\/inscription.php?rando=vos\" target=\"_blank\" rel=\"noopener noreferrer\">Bulletin d&#8217;inscription<\/a><\/p>\n<h2 style=\"text-align: justify;\">Th\u00e8me<\/h2>\n<p style=\"text-align: justify;\">Le Club des Cent Cols, fond\u00e9 en 1972, affili\u00e9 \u00e0 la\u00a0<a href=\"http:\/\/www.ffct.org\/\">F\u00e9d\u00e9ration Fran\u00e7aise de Cyclotourisme<\/a>\u00a0sous le N\u00b06384, vous propose cette Randonn\u00e9e Permanente bas\u00e9e sur un th\u00e8me simple : \u00ab Cent cols \u00bb. Cent cols, soit pour vous permettre d&#8217;int\u00e9grer la Confr\u00e9rie du Club des Cent Cols, soit pour vous permettre de progresser dans le \u00ab Tableau d&#8217;Honneur \u00bb de la Confr\u00e9rie.<\/p>\n<p style=\"text-align: justify;\">De Wissembourg \u00e0 la fronti\u00e8re allemande \u00e0 Cernay proche de Mulhouse, des Vosges gr\u00e9seuses au nord aux Vosges cristallines au sud, en dix tron\u00e7ons d&#8217;une longueur moyenne de 80 km, il s&#8217;\u00e9tend sur 3 r\u00e9gions (Alsace, Lorraine et Franche-Comt\u00e9) en empruntant les routes de 6 d\u00e9partements (Bas-Rhin, Haut-Rhin, Moselle, Vosges, Haute-Sa\u00f4ne et Territoire de Belfort).<\/p>\n<h2 style=\"text-align: justify;\">Contr\u00f4les<\/h2>\n<p style=\"text-align: justify;\">Les dix contr\u00f4les seront effectu\u00e9s en des points de parcours choisis par le randonneur lui-m\u00eame, un contr\u00f4le \u00e9tant effectu\u00e9 dans chaque section.<\/p>\n<ol style=\"text-align: justify;\">\n<li>Wissembourg &#8211; Niederbronn<\/li>\n<li>Niederbronn &#8211; Saverne<\/li>\n<li>Saverne &#8211; Schirmeck<\/li>\n<li>Schirmeck &#8211; Saint-Di\u00e9-des-Vosges<\/li>\n<li>Saint-Di\u00e9-des-Vosges &#8211; Sainte-Marie-aux-Mines<\/li>\n<li>Sainte-Marie-aux-Mines &#8211; G\u00e9rardmer<\/li>\n<li>G\u00e9rardmer &#8211; Le Thillot<\/li>\n<li>Le Thillot &#8211; Oderen<\/li>\n<li>Oderen &#8211; Oderen<\/li>\n<li>Oderen &#8211; Cernay<\/li>\n<\/ol>\n<h2 style=\"text-align: justify;\">Principaux cols<\/h2>\n<ul style=\"text-align: justify;\">\n<li>Col du Pottaschkopf<\/li>\n<li>Col de Saverne<\/li>\n<li>Col du Champ du Feu<\/li>\n<li>Col du Donon<\/li>\n<li>Col des Bagenelles<\/li>\n<li>Col du Bonhomme<\/li>\n<li>Col de la Schlucht<\/li>\n<li>Col du Mont Fourche<\/li>\n<li>Passage de V\u00e9s<\/li>\n<li>Col d&#8217;Oderen<\/li>\n<li>Col du ballon d&#8217;Alsace<\/li>\n<li>Col du Haag<\/li>\n<\/ul>\n<h2 style=\"text-align: justify;\">Sites BCN et BPF sur le parcours<\/h2>\n<ul style=\"text-align: justify;\">\n<li>Philippsbourg<\/li>\n<li>Obersteinbach<\/li>\n<li>Le Haut-Barr<\/li>\n<li>Le Lac Blanc<\/li>\n<li>Le Grand Ballon<\/li>\n<li>Col de la Schlucht<\/li>\n<li>G\u00e9rardmer, Eloyes<\/li>\n<li>Val d&#8217;Ajol<\/li>\n<li>Ballon d&#8217;Alsace<\/li>\n<\/ul>\n<h2 style=\"text-align: justify;\">R\u00e8gle du jeu des randonn\u00e9es permanentes<\/h2>\n<p style=\"text-align: justify;\">Tout participant \u00e0 cette randonn\u00e9e permanente s&#8217;engage \u00e0 respecter la <a class=\"iframe-fancybox\" href=\"\/rdj-randonnees-permanentes\/\">r\u00e8gle du jeu<\/a> la r\u00e9gissant.<\/p>\n<h2 style=\"text-align: justify;\">Pour plus d&#8217;information<\/h2>\n<h3 style=\"text-align: justify;\">S&#8217;adresser au responsable des randonn\u00e9es permanentes<\/h3>\n<p>Jean-Marc CLEMENT<br \/>10 rue de Normandie<br \/>31120 Portet sur Garonne<br \/>FRANCE<\/p>\n<p>T\u00e9l : +33 (0)5 61 76 30 12<br \/>E-mail : <a href=\"&#109;ail&#116;&#111;&#58;&#114;an&#100;&#111;s&#64;c&#101;&#110;tcols&#46;ne&#116;&#32;\">rando&#115;&#64;cent&#99;ol&#115;&#46;&#110;&#101;t <\/a><\/p>\n\n\n<p><strong>Attention : Veuillez envoyer vos cartes de route \u00e0 homologuer ainsi que vos cartes postales et vos r\u00e9cits de voyage uniquement au responsable actuel, quoi que vous trouviez comme ancienne information (donc ne pas \u00e9crire \u00e0 Roger Colombo, Bernard Pommel, Jean-Marc Lef\u00e8vre ou Roland Grimaud \u2020).<\/strong><\/p>\n","protected":false},"excerpt":{"rendered":"<p>Pr\u00e9sentation Parcours de 840 km pour un d\u00e9nivel\u00e9 d&#8217;environ 18 000 m comprenant 100 cols tous routiers, trac\u00e9 par Alain Brault (Cent Cols N\u00b03693) Parcours Profil Bulletin d&#8217;inscription Th\u00e8me Le Club des Cent Cols, fond\u00e9 en 1972, affili\u00e9 \u00e0 la\u00a0F\u00e9d\u00e9ration Fran\u00e7aise de Cyclotourisme\u00a0sous le N\u00b06384, vous propose cette Randonn\u00e9e Permanente bas\u00e9e sur un th\u00e8me simple [&hellip;]<\/p>\n","protected":false},"author":17,"featured_media":0,"comment_status":"closed","ping_status":"closed","sticky":false,"template":"","format":"standard","meta":{"_acf_changed":false,"ub_ctt_via":"","_monsterinsights_skip_tracking":false,"_monsterinsights_sitenote_active":false,"_monsterinsights_sitenote_note":"","_monsterinsights_sitenote_category":0,"footnotes":""},"categories":[39],"tags":[],"acf":[],"featured_image_urls":{"full":"","thumbnail":"","medium":"","medium_large":"","large":"","1536x1536":"","2048x2048":"","woocommerce_thumbnail":"","woocommerce_single":"","woocommerce_gallery_thumbnail":""},"post_excerpt_stackable":"<p>Pr\u00e9sentation Parcours de 840 km pour un d\u00e9nivel\u00e9 d&#8217;environ 18 000 m comprenant 100 cols tous routiers, trac\u00e9 par Alain Brault (Cent Cols N\u00b03693) Parcours Profil Bulletin d&#8217;inscription Th\u00e8me Le Club des Cent Cols, fond\u00e9 en 1972, affili\u00e9 \u00e0 la\u00a0F\u00e9d\u00e9ration Fran\u00e7aise de Cyclotourisme\u00a0sous le N\u00b06384, vous propose cette Randonn\u00e9e Permanente bas\u00e9e sur un th\u00e8me simple : \u00ab Cent cols \u00bb. Cent cols, soit pour vous permettre d&#8217;int\u00e9grer la Confr\u00e9rie du Club des Cent Cols, soit pour vous permettre de progresser dans le \u00ab Tableau d&#8217;Honneur \u00bb de la Confr\u00e9rie. De Wissembourg \u00e0 la fronti\u00e8re allemande \u00e0 Cernay proche de Mulhouse,\u2026<\/p>\n","category_list":"<a href=\"https:\/\/centcols.org\/backup\/categorie\/randonnees-permanentes\/\" rel=\"category tag\">Randonn\u00e9es permanentes<\/a>","author_info":{"display_name":"R\u00e9gis Paraz","author_link":"https:\/\/centcols.org\/backup\/author\/3225\/"},"comments_num":"0 commentaire","featured_image_urls_v2":{"full":"","thumbnail":"","medium":"","medium_large":"","large":"","1536x1536":"","2048x2048":"","woocommerce_thumbnail":"","woocommerce_single":"","woocommerce_gallery_thumbnail":""},"post_excerpt_stackable_v2":"<p>Pr\u00e9sentation Parcours de 840 km pour un d\u00e9nivel\u00e9 d&#8217;environ 18 000 m comprenant 100 cols tous routiers, trac\u00e9 par Alain Brault (Cent Cols N\u00b03693) Parcours Profil Bulletin d&#8217;inscription Th\u00e8me Le Club des Cent Cols, fond\u00e9 en 1972, affili\u00e9 \u00e0 la\u00a0F\u00e9d\u00e9ration Fran\u00e7aise de Cyclotourisme\u00a0sous le N\u00b06384, vous propose cette Randonn\u00e9e Permanente bas\u00e9e sur un th\u00e8me simple : \u00ab Cent cols \u00bb. Cent cols, soit pour vous permettre d&#8217;int\u00e9grer la Confr\u00e9rie du Club des Cent Cols, soit pour vous permettre de progresser dans le \u00ab Tableau d&#8217;Honneur \u00bb de la Confr\u00e9rie. De Wissembourg \u00e0 la fronti\u00e8re allemande \u00e0 Cernay proche de Mulhouse,\u2026<\/p>\n","category_list_v2":"<a href=\"https:\/\/centcols.org\/backup\/categorie\/randonnees-permanentes\/\" rel=\"category tag\">Randonn\u00e9es permanentes<\/a>","author_info_v2":{"name":"R\u00e9gis Paraz","url":"https:\/\/centcols.org\/backup\/author\/3225\/"},"comments_num_v2":"0 commentaire","featured_image_src":null,"_links":{"self":[{"href":"https:\/\/centcols.org\/backup\/wp-json\/wp\/v2\/posts\/20894"}],"collection":[{"href":"https:\/\/centcols.org\/backup\/wp-json\/wp\/v2\/posts"}],"about":[{"href":"https:\/\/centcols.org\/backup\/wp-json\/wp\/v2\/types\/post"}],"author":[{"embeddable":true,"href":"https:\/\/centcols.org\/backup\/wp-json\/wp\/v2\/users\/17"}],"replies":[{"embeddable":true,"href":"https:\/\/centcols.org\/backup\/wp-json\/wp\/v2\/comments?post=20894"}],"version-history":[{"count":0,"href":"https:\/\/centcols.org\/backup\/wp-json\/wp\/v2\/posts\/20894\/revisions"}],"wp:attachment":[{"href":"https:\/\/centcols.org\/backup\/wp-json\/wp\/v2\/media?parent=20894"}],"wp:term":[{"taxonomy":"category","embeddable":true,"href":"https:\/\/centcols.org\/backup\/wp-json\/wp\/v2\/categories?post=20894"},{"taxonomy":"post_tag","embeddable":true,"href":"https:\/\/centcols.org\/backup\/wp-json\/wp\/v2\/tags?post=20894"}],"curies":[{"name":"wp","href":"https:\/\/api.w.org\/{rel}","templated":true}]}}