{"id":20900,"date":"2015-06-10T19:25:08","date_gmt":"2015-06-10T17:25:08","guid":{"rendered":"http:\/\/centcols.org\/backup\/?p=20900"},"modified":"2023-08-19T08:36:46","modified_gmt":"2023-08-19T06:36:46","slug":"sejour-2015-villefort","status":"publish","type":"post","link":"https:\/\/centcols.org\/backup\/sejour-2015-villefort\/","title":{"rendered":"S\u00e9jour estival \u00e0 Villefort (Loz\u00e8re) du 22 au 30 ao\u00fbt 2015"},"content":{"rendered":"<h2>Albums Photos<\/h2>\n<p><a href=\"#album\">Cliquer pour voir les albums<\/a><\/p>\n<h2>Pr\u00e9sentation<\/h2>\n<p style=\"text-align: justify;\">Le s\u00e9jour d&#8217;\u00e9t\u00e9 2015 se d\u00e9roulera du 22 au 30 ao\u00fbt au \u00ab<a href=\"http:\/\/www.sedaries.com\/www.sedaries.com\/SEDARIES.htm\" target=\"_blank\" rel=\"noopener\">Mas des S\u00e9dari\u00e8s<\/a>\u00bb sur la commune de Villefort.<\/p>\n<p style=\"text-align: justify;\">La r\u00e9gion de Villefort est situ\u00e9e au sud du G\u00e9vaudan, \u00e0 quelques arpents du Gard et l\u2019Ard\u00e8che. Elle d\u00e9voile le visage de la C\u00e9venne loz\u00e9rienne. C\u2019est un enchev\u00eatrement de \u00ab\u00a0serres\u00a0\u00bb et de \u00ab\u00a0valats\u00a0\u00bb relativement tourment\u00e9\u00a0; une terre difficile et rugueuse. Apr\u00e8s des ann\u00e9es d\u2019exode rural, la population d\u2019aujourd\u2019hui s\u2019enrichit d\u2019apports ext\u00e9rieurs encourag\u00e9s par les technologies actuelles. Les ch\u00e2taigniers s\u00e9culaires sont toujours l\u00e0, t\u00e9moins d\u2019une \u00e9pop\u00e9e agraire d\u00e9sormais r\u00e9volue. Plus au sud, les filatures de soie et les vestiges des mines de charbon rappellent des p\u00e9riodes fastes o\u00f9 le travail nourrissait toutes les g\u00e9n\u00e9rations.<\/p>\n<p style=\"text-align: justify;\">La ligne de partage des eaux, sur le fa\u00eete du mont Loz\u00e8re divise les pr\u00e9cipitations\u00a0; le Tarn et le Lot s\u2019\u00e9coulent vers l\u2019ouest, alors que la C\u00e8ze et le Gardon iront rejoindre la M\u00e9diterran\u00e9e. Sur les hauts plateaux d\u2019altitude, d\u2019immenses chaos granitiques accordent une richesse paysag\u00e8re \u00e0 cette terre perdue dans le ciel. C\u2019est au printemps que les landes de gen\u00eats enflamment les pentes de cette montagne d\u00e9nud\u00e9e. Mais en fin d\u2019\u00e9t\u00e9, c\u2019est le mauve et le rose de la bruy\u00e8re qui raviront l\u2019\u0153il avide du cyclotouriste. Les bogues du ch\u00e2taignier (p\u00e9loux) seront bient\u00f4t \u00e0 leur maturit\u00e9, lestant ainsi lourdement les branches de cet arbre v\u00e9n\u00e9r\u00e9 depuis la nuit des temps, appel\u00e9 \u00ab\u00a0l\u2019arbre \u00e0 pain\u00a0\u00bb.<\/p>\n<p style=\"text-align: justify;\">C\u2019est un pays charg\u00e9 d\u2019histoire. Le chemin de R\u00e9gordane lui donna, d\u00e8s le moyen \u00e2ge, une importance non n\u00e9gligeable. Si aujourd\u2019hui le calme et la paix r\u00e8gnent dans les villages, les guerres de religion ont d\u00e9vast\u00e9 ce peuple. C\u2019est \u00e0 Pont-de-Montvert en 1702 que le conflit \u00e9clata avec l\u2019assassinat de l\u2019Abb\u00e9 du Chayla. Comme dans toute guerre civile, les d\u00e9g\u00e2ts occasionn\u00e9s et les pr\u00e9judices subits furent tr\u00e8s longs \u00e0 s\u2019estomper dans les m\u00e9moires. La tol\u00e9rance et la libert\u00e9 de conscience sont intimement li\u00e9es \u00e0 cette terre c\u00e9venole. L\u2019histoire se r\u00e9p\u00e9ta lors de la deuxi\u00e8me guerre mondiale. La r\u00e9sistance a re\u00e7u un \u00e9cho favorable d\u00e8s les premi\u00e8res heures du conflit. Elle s\u2019organisa au fil du temps pour devenir \u00ab\u00a0l\u2019arm\u00e9e des ombres\u00a0\u00bb. \u00ab\u00a0Un homme de trop\u00a0\u00bb, le roman de Jean-Pierre Chabrol port\u00e9 \u00e0 l\u2019\u00e9cran par Costa-Gavras, met en \u00e9vidence cette p\u00e9riode sombre de notre histoire. L\u2019\u00e9crivain du Pont-de-Rastel a su avec brio raviver la flamme du combat des huguenots avec \u00ab\u00a0les fous de Dieu\u00a0\u00bb et la lutte des mineurs de la basse C\u00e9venne avec \u00ab\u00a0la Gueuse\u00a0\u00bb. Romancier, conteur mais aussi homme de radio, Jean-Pierre Chabrol, avec tout son talent, a mis en lumi\u00e8re les C\u00e9vennes.<\/p>\n<p style=\"text-align: justify;\">Vous \u00eates donc convi\u00e9s \u00e0 venir les d\u00e9couvrir, \u00e0 la fin ao\u00fbt. La route sera belle, le chemin caillouteux, l\u2019accent chantant et le soleil g\u00e9n\u00e9reux\u2026 Bienvenue \u00e0 tous.<\/p>\n<p>Guy Camb\u00e9ss\u00e8des (CC 1420)<\/p>\n<div id='gallery-1' class='gallery galleryid-20900 gallery-columns-3 gallery-size-thumbnail'><dl class='gallery-item'>\n\t\t\t<dt class='gallery-icon landscape'>\n\t\t\t\t<img loading=\"lazy\" decoding=\"async\" width=\"240\" height=\"180\" src=\"https:\/\/centcols.org\/backup\/wp-content\/uploads\/2015\/06\/vialas-mini.jpg\" class=\"attachment-thumbnail size-thumbnail\" alt=\"\" \/>\n\t\t\t<\/dt><\/dl><dl class='gallery-item'>\n\t\t\t<dt class='gallery-icon portrait'>\n\t\t\t\t<img loading=\"lazy\" decoding=\"async\" width=\"200\" height=\"220\" src=\"https:\/\/centcols.org\/backup\/wp-content\/uploads\/2015\/06\/villefort.png\" class=\"attachment-thumbnail size-thumbnail\" alt=\"\" \/>\n\t\t\t<\/dt><\/dl><dl class='gallery-item'>\n\t\t\t<dt class='gallery-icon landscape'>\n\t\t\t\t<img loading=\"lazy\" decoding=\"async\" width=\"240\" height=\"180\" src=\"https:\/\/centcols.org\/backup\/wp-content\/uploads\/2015\/06\/cassini-mini.jpg\" class=\"attachment-thumbnail size-thumbnail\" alt=\"\" \/>\n\t\t\t<\/dt><\/dl><br style=\"clear: both\" \/>\n\t\t<\/div>\n\n<h2>Les circuits<\/h2>\n<p style=\"text-align: justify;\">Comme toujours les <a href=\"\/membres\/cctours\/tours.php?lieu=Villefort&amp;an=2015&amp;genre=R\">circuits routiers<\/a> exploiteront un rayon d\u2019action plus vaste que leurs homologues <a href=\"\/membres\/cctours\/tours.php?lieu=Villefort&amp;an=2015&amp;genre=V\">muletiers<\/a>. Le mont Loz\u00e8re et ses vall\u00e9es adjacentes seront au c\u0153ur de ce s\u00e9jour c\u00e9venol. Globalement nous \u00e9voluerons entre 500 et 800 m d\u2019altitude, seuls quelques cols sur le Boug\u00e8s, le mont Loz\u00e8re ou la montagne du Goulet d\u00e9passeront la barre des 1000 m.<\/p>\n<p style=\"text-align: justify;\">En grande majorit\u00e9 les itin\u00e9raires seront modulables et ce, afin que chacun puisse randonner \u00e0 sa guise. Volontairement, ils ont \u00e9t\u00e9 trac\u00e9s avec un kilom\u00e9trage raisonnable. Libre \u00e0 chacun de s\u2019offrir un suppl\u00e9ment, de visiter un site ou d\u2019aller pointer un BPF proches de l\u2019itin\u00e9raire.<\/p>\n<p style=\"text-align: justify;\">Les circuits VTT sont propos\u00e9s avec une d\u00e9nivel\u00e9e modeste, afin que chacun puisse profiter pleinement des paysages, et ainsi appr\u00e9cier cette contr\u00e9e m\u00e9ridionale. Outre les cols de moyenne altitude, ces circuits permettront une approche plus fine du mont Loz\u00e8re avec, notamment, un circuit complet autour du sommet de Finiels (1699 m). Le dernier jour, il y aura aussi l\u2019ascension du col de l\u2019Aigle, tout proche du pic Cassini (1680 m). Les violentes pr\u00e9cipitations de l\u2019automne dernier ont peut-\u00eatre d\u00e9grad\u00e9 chemins et pistes foresti\u00e8res\u00a0; c\u2019est un param\u00e8tre \u00e0 ne pas n\u00e9gliger\u2026<\/p>\n<p style=\"text-align: justify;\">Si vous pr\u00e9voyez d&#8217;explorer un peu plus la r\u00e9gion nous avons mis en ligne une <a href=\"https:\/\/centcols.org\/backup\/wp-content\/uploads\/2015\/06\/reglementation-cevennes.pdf\" target=\"_blank\" rel=\"noopener\">Liste des itin\u00e9raires ou tron\u00e7ons d&#8217;itin\u00e9raires interdits \u00e0 la pratique du v\u00e9lo dans les C\u00e9vennes<\/a><\/p>\n<h2>H\u00e9bergement<\/h2>\n<p style=\"text-align: justify;\">C\u2019est le centre de vacances \u00ab\u00a0Les S\u00e9dari\u00e8s\u00a0\u00bb situ\u00e9 sur les hauteurs de la ville qui nous accueillera. Positionn\u00e9 \u00e0 deux pas du collet de Villefort sur les flancs de la montagne, cet \u00e9tablissement permettra de rassembler la quasi-totalit\u00e9 des participants, avec une r\u00e9sidence h\u00f4teli\u00e8re de qualit\u00e9 qui offre tout le confort et un camping ombrag\u00e9 sur plusieurs terrasses, disposant de nombreux mobil-homes en location. Une piscine privative et une cr\u00eaperie compl\u00e8tent parfaitement cet \u00e9quipement de plein air.<\/p>\n<p style=\"text-align: justify;\">La commune poss\u00e8de \u00e9galement sur son territoire h\u00f4tels, chambres d\u2019h\u00f4tes, g\u00eetes et deux autres terrains de camping en bordure du lac.<\/p>\n<ul>\n<li style=\"text-align: justify;\">\u00a0Centre de Vacances \u00ab\u00a0Les S\u00e9dari\u00e8s\u00a0\u00bb &#8211; T\u00e9l\u00a0: 04 66 46 25 20 ou 06 52 36 91 49 Site\u00a0: <a href=\"http:\/\/www.sedaries.com\">www.sedaries.com<\/a><\/li>\n<li style=\"text-align: justify;\">\u00a0Office de Tourisme de Villefort\u00a0: t\u00e9l 04 66 46 87 30 \u2013 Site\u00a0: <a href=\"http:\/\/www.villefort-cevennes.com\">www.villefort-cevennes.com<\/a><\/li>\n<\/ul>\n<h2>Conseils utiles<\/h2>\n<p style=\"text-align: justify;\">Bien que ce s\u00e9jour se d\u00e9roule en \u00e9t\u00e9, il est recommand\u00e9 d\u2019avoir dans vos bagages des v\u00eatements et des \u00e9quipements chauds. De m\u00eame pour la maintenance du cycle (pneus, chambres \u00e0 air, etc\u2026) il est conseill\u00e9 de pr\u00e9voir le n\u00e9cessaire, car nous ne disposerons pas de magasin sp\u00e9cialis\u00e9 sur place.<\/p>\n<h2>Pour les \u00ab\u00a0after\u00a0\u00bb ou l\u2019apr\u00e8s-v\u00e9lo<\/h2>\n<p style=\"text-align: justify;\">Le lac artificiel sur la rivi\u00e8re l\u2019Altier sera un compl\u00e9ment id\u00e9al \u00e0 notre activit\u00e9 pour une baignade en fin d\u2019apr\u00e8s-midi, une balade sur ses rives ou tout simplement quelques instants de d\u00e9tente.<\/p>\n<p style=\"text-align: justify;\">Le village de la Garde-Gu\u00e9rin, \u00e0 quelques kilom\u00e8tres seulement, enchantera les amoureux de vieilles pierres. Les \u00e9glises de Concoules et de Saint-Andr\u00e9-Capc\u00e8ze d\u00e9voilent l\u2019art roman dans toute sa splendeur. Pour les amateurs de nature, le site du Mas de la Barque sera un point de d\u00e9part de randonn\u00e9e appr\u00e9ci\u00e9. Le march\u00e9 nocturne de Villefort, tous les lundis soir sera une occasion de d\u00e9couvrir la richesse des productions locales.<\/p>\n<h2 style=\"text-align: justify;\"><\/h2>\n","protected":false},"excerpt":{"rendered":"<p>Albums Photos Cliquer pour voir les albums Pr\u00e9sentation Le s\u00e9jour d&#8217;\u00e9t\u00e9 2015 se d\u00e9roulera du 22 au 30 ao\u00fbt au \u00abMas des S\u00e9dari\u00e8s\u00bb sur la commune de Villefort. La r\u00e9gion de Villefort est situ\u00e9e au sud du G\u00e9vaudan, \u00e0 quelques arpents du Gard et l\u2019Ard\u00e8che. Elle d\u00e9voile le visage de la C\u00e9venne loz\u00e9rienne. C\u2019est un [&hellip;]<\/p>\n","protected":false},"author":17,"featured_media":0,"comment_status":"closed","ping_status":"closed","sticky":false,"template":"","format":"standard","meta":{"_acf_changed":false,"ub_ctt_via":"","_monsterinsights_skip_tracking":false,"_monsterinsights_sitenote_active":false,"_monsterinsights_sitenote_note":"","_monsterinsights_sitenote_category":0,"footnotes":""},"categories":[35],"tags":[],"acf":[],"featured_image_urls":{"full":"","thumbnail":"","medium":"","medium_large":"","large":"","1536x1536":"","2048x2048":"","woocommerce_thumbnail":"","woocommerce_single":"","woocommerce_gallery_thumbnail":""},"post_excerpt_stackable":"<p>Albums Photos Cliquer pour voir les albums Pr\u00e9sentation Le s\u00e9jour d&#8217;\u00e9t\u00e9 2015 se d\u00e9roulera du 22 au 30 ao\u00fbt au \u00abMas des S\u00e9dari\u00e8s\u00bb sur la commune de Villefort. La r\u00e9gion de Villefort est situ\u00e9e au sud du G\u00e9vaudan, \u00e0 quelques arpents du Gard et l\u2019Ard\u00e8che. Elle d\u00e9voile le visage de la C\u00e9venne loz\u00e9rienne. C\u2019est un enchev\u00eatrement de \u00ab\u00a0serres\u00a0\u00bb et de \u00ab\u00a0valats\u00a0\u00bb relativement tourment\u00e9\u00a0; une terre difficile et rugueuse. Apr\u00e8s des ann\u00e9es d\u2019exode rural, la population d\u2019aujourd\u2019hui s\u2019enrichit d\u2019apports ext\u00e9rieurs encourag\u00e9s par les technologies actuelles. Les ch\u00e2taigniers s\u00e9culaires sont toujours l\u00e0, t\u00e9moins d\u2019une \u00e9pop\u00e9e agraire d\u00e9sormais r\u00e9volue. Plus au sud, les\u2026<\/p>\n","category_list":"<a href=\"https:\/\/centcols.org\/backup\/categorie\/sejours\/\" rel=\"category tag\">S\u00e9jours<\/a>","author_info":{"display_name":"R\u00e9gis Paraz","author_link":"https:\/\/centcols.org\/backup\/author\/3225\/"},"comments_num":"0 commentaire","featured_image_urls_v2":{"full":"","thumbnail":"","medium":"","medium_large":"","large":"","1536x1536":"","2048x2048":"","woocommerce_thumbnail":"","woocommerce_single":"","woocommerce_gallery_thumbnail":""},"post_excerpt_stackable_v2":"<p>Albums Photos Cliquer pour voir les albums Pr\u00e9sentation Le s\u00e9jour d&#8217;\u00e9t\u00e9 2015 se d\u00e9roulera du 22 au 30 ao\u00fbt au \u00abMas des S\u00e9dari\u00e8s\u00bb sur la commune de Villefort. La r\u00e9gion de Villefort est situ\u00e9e au sud du G\u00e9vaudan, \u00e0 quelques arpents du Gard et l\u2019Ard\u00e8che. Elle d\u00e9voile le visage de la C\u00e9venne loz\u00e9rienne. C\u2019est un enchev\u00eatrement de \u00ab\u00a0serres\u00a0\u00bb et de \u00ab\u00a0valats\u00a0\u00bb relativement tourment\u00e9\u00a0; une terre difficile et rugueuse. Apr\u00e8s des ann\u00e9es d\u2019exode rural, la population d\u2019aujourd\u2019hui s\u2019enrichit d\u2019apports ext\u00e9rieurs encourag\u00e9s par les technologies actuelles. Les ch\u00e2taigniers s\u00e9culaires sont toujours l\u00e0, t\u00e9moins d\u2019une \u00e9pop\u00e9e agraire d\u00e9sormais r\u00e9volue. Plus au sud, les\u2026<\/p>\n","category_list_v2":"<a href=\"https:\/\/centcols.org\/backup\/categorie\/sejours\/\" rel=\"category tag\">S\u00e9jours<\/a>","author_info_v2":{"name":"R\u00e9gis Paraz","url":"https:\/\/centcols.org\/backup\/author\/3225\/"},"comments_num_v2":"0 commentaire","featured_image_src":null,"_links":{"self":[{"href":"https:\/\/centcols.org\/backup\/wp-json\/wp\/v2\/posts\/20900"}],"collection":[{"href":"https:\/\/centcols.org\/backup\/wp-json\/wp\/v2\/posts"}],"about":[{"href":"https:\/\/centcols.org\/backup\/wp-json\/wp\/v2\/types\/post"}],"author":[{"embeddable":true,"href":"https:\/\/centcols.org\/backup\/wp-json\/wp\/v2\/users\/17"}],"replies":[{"embeddable":true,"href":"https:\/\/centcols.org\/backup\/wp-json\/wp\/v2\/comments?post=20900"}],"version-history":[{"count":0,"href":"https:\/\/centcols.org\/backup\/wp-json\/wp\/v2\/posts\/20900\/revisions"}],"wp:attachment":[{"href":"https:\/\/centcols.org\/backup\/wp-json\/wp\/v2\/media?parent=20900"}],"wp:term":[{"taxonomy":"category","embeddable":true,"href":"https:\/\/centcols.org\/backup\/wp-json\/wp\/v2\/categories?post=20900"},{"taxonomy":"post_tag","embeddable":true,"href":"https:\/\/centcols.org\/backup\/wp-json\/wp\/v2\/tags?post=20900"}],"curies":[{"name":"wp","href":"https:\/\/api.w.org\/{rel}","templated":true}]}}