{"id":21896,"date":"2015-04-22T16:16:14","date_gmt":"2015-04-22T14:16:14","guid":{"rendered":"http:\/\/centcols.org\/backup\/?p=21896"},"modified":"2015-10-13T00:14:43","modified_gmt":"2015-10-12T22:14:43","slug":"sejour-estival-areches","status":"publish","type":"post","link":"https:\/\/centcols.org\/backup\/sejour-estival-areches\/","title":{"rendered":"S\u00e9jour estival du Club des Cent Cols \u00e0 Ar\u00eaches (Savoie) du 12 au 16 ao\u00fbt 2008 et Concentration internationale du Club des Cent Cols au col du Joly"},"content":{"rendered":"<p><img loading=\"lazy\" decoding=\"async\" class=\"aligncenter wp-image-21899 size-full\" src=\"https:\/\/centcols.org\/backup\/wp-content\/uploads\/2015\/07\/areches-04.jpg\" alt=\"areches-04\" width=\"270\" height=\"480\" \/><\/p>\n<p style=\"text-align: justify;\">En 2008 la concentration internationale du Club des Cent Cols aura lieu le 16 ao\u00fbt au sommet du Col du Joly (73-1989) au c\u0153ur du massif du Beaufortain en Savoie. Cette concentration ponctuera un s\u00e9jour qui commencera le 12\/08 au soir. C&#8217;est la commune d&#8217;Ar\u00eaches-Beaufort et plus particuli\u00e8rement le Centre Azureva qui nous accueilleront. Chaque jour un circuit routier et un circuit VTT permettront la d\u00e9couverte de nombreux cols dans un cadre magnifique.<\/p>\n<div id='gallery-1' class='gallery galleryid-21896 gallery-columns-4 gallery-size-thumbnail'><dl class='gallery-item'>\n\t\t\t<dt class='gallery-icon landscape'>\n\t\t\t\t<a href='https:\/\/centcols.org\/backup\/wp-content\/uploads\/2015\/07\/areches-01.jpg'><img loading=\"lazy\" decoding=\"async\" width=\"300\" height=\"300\" src=\"https:\/\/centcols.org\/backup\/wp-content\/uploads\/2015\/07\/areches-01-300x300.jpg\" class=\"attachment-thumbnail size-thumbnail\" alt=\"\" aria-describedby=\"gallery-1-21908\" srcset=\"https:\/\/centcols.org\/backup\/wp-content\/uploads\/2015\/07\/areches-01-300x300.jpg 300w, https:\/\/centcols.org\/backup\/wp-content\/uploads\/2015\/07\/areches-01-100x100.jpg 100w\" sizes=\"(max-width: 300px) 100vw, 300px\" \/><\/a>\n\t\t\t<\/dt>\n\t\t\t\t<dd class='wp-caption-text gallery-caption' id='gallery-1-21908'>\n\t\t\t\th\u00e9bergement au centre Azureva d&#8217;Ar\u00eaches\n\t\t\t\t<\/dd><\/dl><dl class='gallery-item'>\n\t\t\t<dt class='gallery-icon portrait'>\n\t\t\t\t<a href='https:\/\/centcols.org\/backup\/wp-content\/uploads\/2015\/07\/areches-12.jpg'><img loading=\"lazy\" decoding=\"async\" width=\"270\" height=\"300\" src=\"https:\/\/centcols.org\/backup\/wp-content\/uploads\/2015\/07\/areches-12-270x300.jpg\" class=\"attachment-thumbnail size-thumbnail\" alt=\"\" \/><\/a>\n\t\t\t<\/dt><\/dl><dl class='gallery-item'>\n\t\t\t<dt class='gallery-icon portrait'>\n\t\t\t\t<a href='https:\/\/centcols.org\/backup\/wp-content\/uploads\/2015\/07\/areches-10.jpg'><img loading=\"lazy\" decoding=\"async\" width=\"270\" height=\"300\" src=\"https:\/\/centcols.org\/backup\/wp-content\/uploads\/2015\/07\/areches-10-270x300.jpg\" class=\"attachment-thumbnail size-thumbnail\" alt=\"\" \/><\/a>\n\t\t\t<\/dt><\/dl><dl class='gallery-item'>\n\t\t\t<dt class='gallery-icon landscape'>\n\t\t\t\t<a href='https:\/\/centcols.org\/backup\/wp-content\/uploads\/2015\/07\/areches-02.jpg'><img loading=\"lazy\" decoding=\"async\" width=\"300\" height=\"300\" src=\"https:\/\/centcols.org\/backup\/wp-content\/uploads\/2015\/07\/areches-02-300x300.jpg\" class=\"attachment-thumbnail size-thumbnail\" alt=\"\" aria-describedby=\"gallery-1-21897\" srcset=\"https:\/\/centcols.org\/backup\/wp-content\/uploads\/2015\/07\/areches-02-300x300.jpg 300w, https:\/\/centcols.org\/backup\/wp-content\/uploads\/2015\/07\/areches-02-100x100.jpg 100w\" sizes=\"(max-width: 300px) 100vw, 300px\" \/><\/a>\n\t\t\t<\/dt>\n\t\t\t\t<dd class='wp-caption-text gallery-caption' id='gallery-1-21897'>\n\t\t\t\th\u00e9bergement au centre Azureva d&#8217;Ar\u00eaches\n\t\t\t\t<\/dd><\/dl><br style=\"clear: both\" \/><dl class='gallery-item'>\n\t\t\t<dt class='gallery-icon landscape'>\n\t\t\t\t<a href='https:\/\/centcols.org\/backup\/wp-content\/uploads\/2015\/07\/areches-03.jpg'><img loading=\"lazy\" decoding=\"async\" width=\"300\" height=\"300\" src=\"https:\/\/centcols.org\/backup\/wp-content\/uploads\/2015\/07\/areches-03-300x300.jpg\" class=\"attachment-thumbnail size-thumbnail\" alt=\"\" aria-describedby=\"gallery-1-21898\" srcset=\"https:\/\/centcols.org\/backup\/wp-content\/uploads\/2015\/07\/areches-03-300x300.jpg 300w, https:\/\/centcols.org\/backup\/wp-content\/uploads\/2015\/07\/areches-03-100x100.jpg 100w\" sizes=\"(max-width: 300px) 100vw, 300px\" \/><\/a>\n\t\t\t<\/dt>\n\t\t\t\t<dd class='wp-caption-text gallery-caption' id='gallery-1-21898'>\n\t\t\t\tLe cadre du centre Azureva\n\t\t\t\t<\/dd><\/dl><dl class='gallery-item'>\n\t\t\t<dt class='gallery-icon landscape'>\n\t\t\t\t<a href='https:\/\/centcols.org\/backup\/wp-content\/uploads\/2015\/07\/areches-09.jpg'><img loading=\"lazy\" decoding=\"async\" width=\"300\" height=\"300\" src=\"https:\/\/centcols.org\/backup\/wp-content\/uploads\/2015\/07\/areches-09-300x300.jpg\" class=\"attachment-thumbnail size-thumbnail\" alt=\"\" aria-describedby=\"gallery-1-21904\" srcset=\"https:\/\/centcols.org\/backup\/wp-content\/uploads\/2015\/07\/areches-09-300x300.jpg 300w, https:\/\/centcols.org\/backup\/wp-content\/uploads\/2015\/07\/areches-09-100x100.jpg 100w\" sizes=\"(max-width: 300px) 100vw, 300px\" \/><\/a>\n\t\t\t<\/dt>\n\t\t\t\t<dd class='wp-caption-text gallery-caption' id='gallery-1-21904'>\n\t\t\t\tAr\u00eaches vu du centre Azureva\n\t\t\t\t<\/dd><\/dl><dl class='gallery-item'>\n\t\t\t<dt class='gallery-icon landscape'>\n\t\t\t\t<a href='https:\/\/centcols.org\/backup\/wp-content\/uploads\/2015\/07\/areches-05.jpg'><img loading=\"lazy\" decoding=\"async\" width=\"300\" height=\"300\" src=\"https:\/\/centcols.org\/backup\/wp-content\/uploads\/2015\/07\/areches-05-300x300.jpg\" class=\"attachment-thumbnail size-thumbnail\" alt=\"\" aria-describedby=\"gallery-1-21900\" srcset=\"https:\/\/centcols.org\/backup\/wp-content\/uploads\/2015\/07\/areches-05-300x300.jpg 300w, https:\/\/centcols.org\/backup\/wp-content\/uploads\/2015\/07\/areches-05-100x100.jpg 100w\" sizes=\"(max-width: 300px) 100vw, 300px\" \/><\/a>\n\t\t\t<\/dt>\n\t\t\t\t<dd class='wp-caption-text gallery-caption' id='gallery-1-21900'>\n\t\t\t\tle village de Boudin accroch\u00e9 aux pentes du col du Pr\u00e9 (class\u00e9 parmi les plus beaux villages de France)\n\t\t\t\t<\/dd><\/dl><dl class='gallery-item'>\n\t\t\t<dt class='gallery-icon landscape'>\n\t\t\t\t<a href='https:\/\/centcols.org\/backup\/wp-content\/uploads\/2015\/07\/areches-07.jpg'><img loading=\"lazy\" decoding=\"async\" width=\"300\" height=\"300\" src=\"https:\/\/centcols.org\/backup\/wp-content\/uploads\/2015\/07\/areches-07-300x300.jpg\" class=\"attachment-thumbnail size-thumbnail\" alt=\"\" aria-describedby=\"gallery-1-21902\" srcset=\"https:\/\/centcols.org\/backup\/wp-content\/uploads\/2015\/07\/areches-07-300x300.jpg 300w, https:\/\/centcols.org\/backup\/wp-content\/uploads\/2015\/07\/areches-07-100x100.jpg 100w\" sizes=\"(max-width: 300px) 100vw, 300px\" \/><\/a>\n\t\t\t<\/dt>\n\t\t\t\t<dd class='wp-caption-text gallery-caption' id='gallery-1-21902'>\n\t\t\t\tle lac du barrage de Roselend\n\t\t\t\t<\/dd><\/dl><br style=\"clear: both\" \/>\n\t\t<\/div>\n\n<div id='gallery-2' class='gallery galleryid-21896 gallery-columns-3 gallery-size-thumbnail'><dl class='gallery-item'>\n\t\t\t<dt class='gallery-icon portrait'>\n\t\t\t\t<a href='https:\/\/centcols.org\/backup\/areches-11\/'><img loading=\"lazy\" decoding=\"async\" width=\"270\" height=\"300\" src=\"https:\/\/centcols.org\/backup\/wp-content\/uploads\/2015\/07\/areches-11-270x300.jpg\" class=\"attachment-thumbnail size-thumbnail\" alt=\"\" aria-describedby=\"gallery-2-21906\" \/><\/a>\n\t\t\t<\/dt>\n\t\t\t\t<dd class='wp-caption-text gallery-caption' id='gallery-2-21906'>\n\t\t\t\tle village d&#8217;Ar\u00eaches\n\t\t\t\t<\/dd><\/dl><dl class='gallery-item'>\n\t\t\t<dt class='gallery-icon portrait'>\n\t\t\t\t<a href='https:\/\/centcols.org\/backup\/areches-06\/'><img loading=\"lazy\" decoding=\"async\" width=\"270\" height=\"300\" src=\"https:\/\/centcols.org\/backup\/wp-content\/uploads\/2015\/07\/areches-06-270x300.jpg\" class=\"attachment-thumbnail size-thumbnail\" alt=\"\" \/><\/a>\n\t\t\t<\/dt><\/dl><dl class='gallery-item'>\n\t\t\t<dt class='gallery-icon landscape'>\n\t\t\t\t<a href='https:\/\/centcols.org\/backup\/areches-08\/'><img loading=\"lazy\" decoding=\"async\" width=\"300\" height=\"300\" src=\"https:\/\/centcols.org\/backup\/wp-content\/uploads\/2015\/07\/areches-08-300x300.jpg\" class=\"attachment-thumbnail size-thumbnail\" alt=\"\" aria-describedby=\"gallery-2-21903\" srcset=\"https:\/\/centcols.org\/backup\/wp-content\/uploads\/2015\/07\/areches-08-300x300.jpg 300w, https:\/\/centcols.org\/backup\/wp-content\/uploads\/2015\/07\/areches-08-100x100.jpg 100w\" sizes=\"(max-width: 300px) 100vw, 300px\" \/><\/a>\n\t\t\t<\/dt>\n\t\t\t\t<dd class='wp-caption-text gallery-caption' id='gallery-2-21903'>\n\t\t\t\tles premiers lacets du col du Pr\u00e9 au d\u00e9part d&#8217;Ar\u00eaches\n\t\t\t\t<\/dd><\/dl><br style=\"clear: both\" \/>\n\t\t<\/div>\n\n<h2>Le Beaufortain, il\u00f4t tyrolien :<\/h2>\n<p><a href=\"https:\/\/centcols.org\/backup\/?p=22212\" target=\"_blank\">Lire l&#8217;article<\/a> de Fran\u00e7ois Rieu<\/p>\n<h2>Les circuits<\/h2>\n<p><a href=\"https:\/\/centcols.org\/backup\/les_rendez-vous\/2008\/areches\/parcours.pdf\" target=\"_blank\">T\u00e9l\u00e9chargez les parcours<\/a><\/p>\n<p><a href=\"https:\/\/centcols.org\/backup\/les_rendez-vous\/2008\/areches\/geo\/\" target=\"_blank\">Fichiers de g\u00e9olocalisation &#8211; circuits VTT Ar\u00eaches 2008<\/a><\/p>\n<h2>Article de presse<\/h2>\n<div id='gallery-3' class='gallery galleryid-21896 gallery-columns-1 gallery-size-full'><dl class='gallery-item'>\n\t\t\t<dt class='gallery-icon landscape'>\n\t\t\t\t<a href='https:\/\/centcols.org\/backup\/wp-content\/uploads\/2015\/04\/La-Savoie-15-08-2008.jpg'><img loading=\"lazy\" decoding=\"async\" width=\"1056\" height=\"624\" src=\"https:\/\/centcols.org\/backup\/wp-content\/uploads\/2015\/04\/La-Savoie-15-08-2008.jpg\" class=\"attachment-full size-full\" alt=\"\" srcset=\"https:\/\/centcols.org\/backup\/wp-content\/uploads\/2015\/04\/La-Savoie-15-08-2008.jpg 1056w, https:\/\/centcols.org\/backup\/wp-content\/uploads\/2015\/04\/La-Savoie-15-08-2008-600x355.jpg 600w, https:\/\/centcols.org\/backup\/wp-content\/uploads\/2015\/04\/La-Savoie-15-08-2008-500x295.jpg 500w\" sizes=\"(max-width: 1056px) 100vw, 1056px\" \/><\/a>\n\t\t\t<\/dt><\/dl><br style=\"clear: both\" \/>\n\t\t<\/div>\n\n<h2>Albums photos<\/h2>\n","protected":false},"excerpt":{"rendered":"<p>En 2008 la concentration internationale du Club des Cent Cols aura lieu le 16 ao\u00fbt au sommet du Col du Joly (73-1989) au c\u0153ur du massif du Beaufortain en Savoie. Cette concentration ponctuera un s\u00e9jour qui commencera le 12\/08 au soir. C&#8217;est la commune d&#8217;Ar\u00eaches-Beaufort et plus particuli\u00e8rement le Centre Azureva qui nous accueilleront. Chaque [&hellip;]<\/p>\n","protected":false},"author":17,"featured_media":0,"comment_status":"closed","ping_status":"closed","sticky":false,"template":"","format":"standard","meta":{"_acf_changed":false,"ub_ctt_via":"","_monsterinsights_skip_tracking":false,"_monsterinsights_sitenote_active":false,"_monsterinsights_sitenote_note":"","_monsterinsights_sitenote_category":0,"footnotes":""},"categories":[35],"tags":[],"acf":[],"featured_image_urls":{"full":"","thumbnail":"","medium":"","medium_large":"","large":"","1536x1536":"","2048x2048":"","woocommerce_thumbnail":"","woocommerce_single":"","woocommerce_gallery_thumbnail":""},"post_excerpt_stackable":"<p>En 2008 la concentration internationale du Club des Cent Cols aura lieu le 16 ao\u00fbt au sommet du Col du Joly (73-1989) au c\u0153ur du massif du Beaufortain en Savoie. Cette concentration ponctuera un s\u00e9jour qui commencera le 12\/08 au soir. C&#8217;est la commune d&#8217;Ar\u00eaches-Beaufort et plus particuli\u00e8rement le Centre Azureva qui nous accueilleront. Chaque jour un circuit routier et un circuit VTT permettront la d\u00e9couverte de nombreux cols dans un cadre magnifique. h\u00e9bergement au centre Azureva d&#8217;Ar\u00eaches h\u00e9bergement au centre Azureva d&#8217;Ar\u00eaches Le cadre du centre Azureva Ar\u00eaches vu du centre Azureva le village de Boudin accroch\u00e9 aux pentes\u2026<\/p>\n","category_list":"<a href=\"https:\/\/centcols.org\/backup\/categorie\/sejours\/\" rel=\"category tag\">S\u00e9jours<\/a>","author_info":{"display_name":"R\u00e9gis Paraz","author_link":"https:\/\/centcols.org\/backup\/author\/3225\/"},"comments_num":"0 commentaire","featured_image_urls_v2":{"full":"","thumbnail":"","medium":"","medium_large":"","large":"","1536x1536":"","2048x2048":"","woocommerce_thumbnail":"","woocommerce_single":"","woocommerce_gallery_thumbnail":""},"post_excerpt_stackable_v2":"<p>En 2008 la concentration internationale du Club des Cent Cols aura lieu le 16 ao\u00fbt au sommet du Col du Joly (73-1989) au c\u0153ur du massif du Beaufortain en Savoie. Cette concentration ponctuera un s\u00e9jour qui commencera le 12\/08 au soir. C&#8217;est la commune d&#8217;Ar\u00eaches-Beaufort et plus particuli\u00e8rement le Centre Azureva qui nous accueilleront. Chaque jour un circuit routier et un circuit VTT permettront la d\u00e9couverte de nombreux cols dans un cadre magnifique. h\u00e9bergement au centre Azureva d&#8217;Ar\u00eaches h\u00e9bergement au centre Azureva d&#8217;Ar\u00eaches Le cadre du centre Azureva Ar\u00eaches vu du centre Azureva le village de Boudin accroch\u00e9 aux pentes\u2026<\/p>\n","category_list_v2":"<a href=\"https:\/\/centcols.org\/backup\/categorie\/sejours\/\" rel=\"category tag\">S\u00e9jours<\/a>","author_info_v2":{"name":"R\u00e9gis Paraz","url":"https:\/\/centcols.org\/backup\/author\/3225\/"},"comments_num_v2":"0 commentaire","featured_image_src":null,"_links":{"self":[{"href":"https:\/\/centcols.org\/backup\/wp-json\/wp\/v2\/posts\/21896"}],"collection":[{"href":"https:\/\/centcols.org\/backup\/wp-json\/wp\/v2\/posts"}],"about":[{"href":"https:\/\/centcols.org\/backup\/wp-json\/wp\/v2\/types\/post"}],"author":[{"embeddable":true,"href":"https:\/\/centcols.org\/backup\/wp-json\/wp\/v2\/users\/17"}],"replies":[{"embeddable":true,"href":"https:\/\/centcols.org\/backup\/wp-json\/wp\/v2\/comments?post=21896"}],"version-history":[{"count":0,"href":"https:\/\/centcols.org\/backup\/wp-json\/wp\/v2\/posts\/21896\/revisions"}],"wp:attachment":[{"href":"https:\/\/centcols.org\/backup\/wp-json\/wp\/v2\/media?parent=21896"}],"wp:term":[{"taxonomy":"category","embeddable":true,"href":"https:\/\/centcols.org\/backup\/wp-json\/wp\/v2\/categories?post=21896"},{"taxonomy":"post_tag","embeddable":true,"href":"https:\/\/centcols.org\/backup\/wp-json\/wp\/v2\/tags?post=21896"}],"curies":[{"name":"wp","href":"https:\/\/api.w.org\/{rel}","templated":true}]}}