





{"id":21950,"date":"2015-08-31T19:43:30","date_gmt":"2015-08-31T17:43:30","guid":{"rendered":"http:\/\/centcols.org\/backup\/?p=21950"},"modified":"2023-06-04T13:57:42","modified_gmt":"2023-06-04T11:57:42","slug":"concentration-2015-drome-ardeche-vaucluse","status":"publish","type":"post","link":"https:\/\/centcols.org\/backup\/concentration-2015-drome-ardeche-vaucluse\/","title":{"rendered":"Concentration Dr\u00f4me, Ard\u00e8che, Vaucluse le 5 septembre 2015 au Col de Montagnac"},"content":{"rendered":"<p>Rendez-vous pour partager le pain et le fromage, le casse-cro\u00fbte sera tir\u00e9 du sac, accueil de 11h \u00e0 15h.<br \/>\nSur le <a class=\"iframe-fancybox\" href=\"\/membres\/cctours\/tours.php?lieu=Montagnac&amp;an=2015&amp;genre=V\" target=\"_blank\" rel=\"noopener\">parcours VTT<\/a>, le d\u00e9part se fait depuis le <a href=\"https:\/\/centcols.org\/backup\/util\/geo\/visuFR.php?code=FR-07-0558\" target=\"_blank\" rel=\"noopener\">col de Montagnac (FR-07-0558)<\/a>. La premi\u00e8re descente est relativement technique, du poussage sera n\u00e9cessaire. Sur le reste du parcours, les chemins sont bien plus abordables et le circuit est roulant mis \u00e0 part quelques exceptions! Nous proposons un d\u00e9part group\u00e9 \u00e0 9h.<br \/>\nPour le <a class=\"iframe-fancybox\" href=\"\/membres\/cctours\/tours.php?lieu=Montagnac&amp;an=2015&amp;genre=R\" target=\"_blank\" rel=\"noopener\">parcours route<\/a>, le d\u00e9part est pr\u00e9vu depuis Vals-les-Bains.<br \/>\nPour les accompagnants, vous pouvez visiter:<\/p>\n<ul>\n<li>la <a href=\"http:\/\/www.jean-ferrat-antraigues.com\/\" target=\"_blank\" rel=\"noopener\">maison Jean Ferrat<\/a> \u00e0 Antraigues,<\/li>\n<li>le <a href=\"http:\/\/moulinderaoul.jimdo.com\/infos-pratiques\/\" target=\"_blank\" rel=\"noopener\">moulin de Raoul<\/a> \u00e0 St Joseph-des-Bancs (r\u00e9servation n\u00e9cessaire le week end),<\/li>\n<li>ou encore d\u00e9guster une glace 100% artisanale au <a href=\"http:\/\/www.glacierbeatrix.fr\/\" target=\"_blank\" rel=\"noopener\">Glacier B\u00e9atrix<\/a> \u00e0 Vals-les-Bains.<\/li>\n<\/ul>\n<p>Pensez \u00e0 vous annoncer afin que nous puissions g\u00e9rer au mieux cette rencontre.<br \/>\nSuivant le temps et le sens du vent nous serons soit au col m\u00eame soit plus vers le hameau afin de profiter de la vue!<br \/>\nAttention : La concentration ne sera maintenue que si la m\u00e9t\u00e9o consult\u00e9e la veille est fiable. Consultez cette page pour vous informer de tout changement.<\/p>\n<h3>Contacts<\/h3>\n<p>Mikael Vialle <a href=\"mai&#108;to:&#109;ika&#101;l&#102;&#108;e&#99;h&#101;3&#64;&#121;ah&#111;&#111;.fr\">mika&#101;&#108;flec&#104;&#101;3&#64;y&#97;ho&#111;.&#102;r<\/a>, t\u00e9l. 06.69.59.27.11<br \/>\nJean-Marie Gilouin <a href=\"&#109;&#97;i&#108;&#116;&#111;:b&#106;&#109;.c&#101;&#110;&#116;&#99;&#111;&#108;s&#64;gm&#97;il&#46;c&#111;m\">b&#106;&#109;.c&#101;&#110;&#116;&#99;&#111;&#108;&#115;&#64;gm&#97;&#105;&#108;&#46;c&#111;m<\/a><\/p>\n<h3>Lieu de la concentration<\/h3>\n\n\n\t\t\t\t<div id=\"map_ol3js_1\" class=\"map undefined\" data-map_name=\"undefined\" data-map=\"map_ol3js_1\" style=\"width:100%; max-width:100%; height:450px; display:block; overflow:hidden;border:2px solid grey;\" >\n\t\t\t\t  <div id=\"map_ol3js_1_popup\" class=\"ol-popup\" >\n\t\t\t\t\t<a href=\"#\" id=\"map_ol3js_1_popup-closer\" class=\"ol-popup-closer\"><\/a>\n\t\t\t\t\t<div id=\"map_ol3js_1_popup-content\" ><\/div>\n\t\t\t\t  <\/div>\n\t\t\t\t<\/div>\n\t\t\t\n\t\t\t\t<link rel=\"stylesheet\" href=\"https:\/\/centcols.org\/backup\/wp-content\/plugins\/osm\/js\/OL\/7.1.0\/ol.css?ver=7.1.0\" type=\"text\/css\">\n\t\t\t\t<link rel=\"stylesheet\" href=\"https:\/\/centcols.org\/backup\/wp-content\/plugins\/osm\/css\/osm_map_v3.css?ver=1.0.0\" type=\"text\/css\">\n\t\t\t\t<link rel=\"stylesheet\" href=\"https:\/\/centcols.org\/backup\/wp-content\/plugins\/osm\/css\/osm_map.css?ver=1.0.0\" type=\"text\/css\">\n\t\t\t\t<!-- The line below is only needed for old environments like Internet Explorer and Android 4.x -->\n                                <script src=\"https:\/\/centcols.org\/backup\/wp-content\/plugins\/osm\/js\/polyfill\/v2\/polyfill.min.js?features=requestAnimationFrame,Element.prototype.classList,URL\"><\/script>\n\n\t\t\t\t<script src=\"https:\/\/centcols.org\/backup\/wp-content\/plugins\/osm\/js\/OL\/7.1.0\/ol.js?ver=7.1.0\" type=\"text\/javascript\"><\/script>\n\t\t\t\t<script src=\"https:\/\/centcols.org\/backup\/wp-content\/plugins\/osm\/js\/osm-v3-plugin-lib.js?ver=1.0.0\" type=\"text\/javascript\"><\/script>\n\t\t\t\t<script src=\"https:\/\/centcols.org\/backup\/wp-content\/plugins\/osm\/js\/osm-metabox-events.js?ver=1.0.0\" type=\"text\/javascript\"><\/script>\n\t\t\t\t<script src=\"https:\/\/centcols.org\/backup\/wp-content\/plugins\/osm\/js\/osm-startup-lib.js\" type=\"text\/javascript\"><\/script>\n\t\t\t\t<script type=\"text\/javascript\">\n\t\t\t\t\ttranslations['openlayer'] = \"open layer\";\n\t\t\t\t\ttranslations['openlayerAtStartup'] = \"open layer at startup\";\n\t\t\t\t\ttranslations['generateLink'] = \"link to this map with opened layers\";\n\t\t\t\t\ttranslations['shortDescription'] = \"short description\";\n\t\t\t\t\ttranslations['generatedShortCode'] = \"to get a text control link paste this code in your wordpress editor\";\n\t\t\t\t\ttranslations['closeLayer'] = \"close layer\";\n\t\t\t\t\ttranslations['cantGenerateLink'] = \"put this string in the existing map short code to control this map\";\n\t\t\t  <\/script>\n\n\n\t\t\t  <script type=\"text\/javascript\">\n\t\t\t  vectorM['map_ol3js_1'] = [];\n\t        \n        var raster = getTileLayer(\"osm\",\"NoKey\");\t\t\t\n\n\t\t\t  var map_ol3js_1 = new ol.Map({\n\t\t\t\tinteractions: ol.interaction.defaults.defaults({mouseWheelZoom:false}),\n\t\t\t\tlayers: [raster],\n\t\t\t\ttarget: \"map_ol3js_1\",\n\t\t\t\tview: new ol.View({\n\t\t\t\t  center: ol.proj.transform([4.383,44.687], \"EPSG:4326\", \"EPSG:3857\"),\n\t\t\t\t  zoom: 14\n\t\t\t\t})\n\t\t\t  });\n\t\t\t  osm_addMarkerLayer(map_ol3js_1,4.38327,44.68744,\"https:\/\/centcols.org\/backup\/wp-content\/plugins\/osm\/icons\/mic_red_pinother_02.png\",-16,-41,\"\") ; addControls2Map(map_ol3js_1,0,0,3,0,5,6,7,0,1);\nosm_addPopupClickhandler(map_ol3js_1,  \"map_ol3js_1\"); \nosm_addMouseHover(map_ol3js_1); <\/script>\n","protected":false},"excerpt":{"rendered":"<p>Rendez-vous pour partager le pain et le fromage, le casse-cro\u00fbte sera tir\u00e9 du sac, accueil de 11h \u00e0 15h. Sur le parcours VTT, le d\u00e9part se fait depuis le col de Montagnac (FR-07-0558). La premi\u00e8re descente est relativement technique, du poussage sera n\u00e9cessaire. Sur le reste du parcours, les chemins sont bien plus abordables et [&hellip;]<\/p>\n","protected":false},"author":15,"featured_media":0,"comment_status":"closed","ping_status":"closed","sticky":false,"template":"","format":"standard","meta":{"_acf_changed":false,"ub_ctt_via":"","_monsterinsights_skip_tracking":false,"_monsterinsights_sitenote_active":false,"_monsterinsights_sitenote_note":"","_monsterinsights_sitenote_category":0,"footnotes":""},"categories":[13,7],"tags":[],"acf":[],"featured_image_urls":{"full":"","thumbnail":"","medium":"","medium_large":"","large":"","1536x1536":"","2048x2048":"","woocommerce_thumbnail":"","woocommerce_single":"","woocommerce_gallery_thumbnail":""},"post_excerpt_stackable":"<p>Rendez-vous pour partager le pain et le fromage, le casse-cro\u00fbte sera tir\u00e9 du sac, accueil de 11h \u00e0 15h. Sur le parcours VTT, le d\u00e9part se fait depuis le col de Montagnac (FR-07-0558). La premi\u00e8re descente est relativement technique, du poussage sera n\u00e9cessaire. Sur le reste du parcours, les chemins sont bien plus abordables et le circuit est roulant mis \u00e0 part quelques exceptions! Nous proposons un d\u00e9part group\u00e9 \u00e0 9h. Pour le parcours route, le d\u00e9part est pr\u00e9vu depuis Vals-les-Bains. Pour les accompagnants, vous pouvez visiter: la maison Jean Ferrat \u00e0 Antraigues, le moulin de Raoul \u00e0 St Joseph-des-Bancs\u2026<\/p>\n","category_list":"<a href=\"https:\/\/centcols.org\/backup\/categorie\/rassemblements\/rassemblements-2015\/\" rel=\"category tag\">Les rassemblements de 2015<\/a>, <a href=\"https:\/\/centcols.org\/backup\/categorie\/rassemblements\/\" rel=\"category tag\">Rencontres r\u00e9gionales<\/a>","author_info":{"display_name":"Patrick Schleppi","author_link":"https:\/\/centcols.org\/backup\/author\/5845\/"},"comments_num":"0 commentaire","featured_image_urls_v2":{"full":"","thumbnail":"","medium":"","medium_large":"","large":"","1536x1536":"","2048x2048":"","woocommerce_thumbnail":"","woocommerce_single":"","woocommerce_gallery_thumbnail":""},"post_excerpt_stackable_v2":"<p>Rendez-vous pour partager le pain et le fromage, le casse-cro\u00fbte sera tir\u00e9 du sac, accueil de 11h \u00e0 15h. Sur le parcours VTT, le d\u00e9part se fait depuis le col de Montagnac (FR-07-0558). La premi\u00e8re descente est relativement technique, du poussage sera n\u00e9cessaire. Sur le reste du parcours, les chemins sont bien plus abordables et le circuit est roulant mis \u00e0 part quelques exceptions! Nous proposons un d\u00e9part group\u00e9 \u00e0 9h. Pour le parcours route, le d\u00e9part est pr\u00e9vu depuis Vals-les-Bains. Pour les accompagnants, vous pouvez visiter: la maison Jean Ferrat \u00e0 Antraigues, le moulin de Raoul \u00e0 St Joseph-des-Bancs\u2026<\/p>\n","category_list_v2":"<a href=\"https:\/\/centcols.org\/backup\/categorie\/rassemblements\/rassemblements-2015\/\" rel=\"category tag\">Les rassemblements de 2015<\/a>, <a href=\"https:\/\/centcols.org\/backup\/categorie\/rassemblements\/\" rel=\"category tag\">Rencontres r\u00e9gionales<\/a>","author_info_v2":{"name":"Patrick Schleppi","url":"https:\/\/centcols.org\/backup\/author\/5845\/"},"comments_num_v2":"0 commentaire","featured_image_src":null,"_links":{"self":[{"href":"https:\/\/centcols.org\/backup\/wp-json\/wp\/v2\/posts\/21950"}],"collection":[{"href":"https:\/\/centcols.org\/backup\/wp-json\/wp\/v2\/posts"}],"about":[{"href":"https:\/\/centcols.org\/backup\/wp-json\/wp\/v2\/types\/post"}],"author":[{"embeddable":true,"href":"https:\/\/centcols.org\/backup\/wp-json\/wp\/v2\/users\/15"}],"replies":[{"embeddable":true,"href":"https:\/\/centcols.org\/backup\/wp-json\/wp\/v2\/comments?post=21950"}],"version-history":[{"count":0,"href":"https:\/\/centcols.org\/backup\/wp-json\/wp\/v2\/posts\/21950\/revisions"}],"wp:attachment":[{"href":"https:\/\/centcols.org\/backup\/wp-json\/wp\/v2\/media?parent=21950"}],"wp:term":[{"taxonomy":"category","embeddable":true,"href":"https:\/\/centcols.org\/backup\/wp-json\/wp\/v2\/categories?post=21950"},{"taxonomy":"post_tag","embeddable":true,"href":"https:\/\/centcols.org\/backup\/wp-json\/wp\/v2\/tags?post=21950"}],"curies":[{"name":"wp","href":"https:\/\/api.w.org\/{rel}","templated":true}]}}