{"id":21996,"date":"2015-04-23T12:13:40","date_gmt":"2015-04-23T10:13:40","guid":{"rendered":"http:\/\/centcols.org\/backup\/?p=21996"},"modified":"2023-08-17T20:13:37","modified_gmt":"2023-08-17T18:13:37","slug":"sejour-2012-remuzat","status":"publish","type":"post","link":"https:\/\/centcols.org\/backup\/sejour-2012-remuzat\/","title":{"rendered":"S\u00e9jour de printemps \u00e0 R\u00e9muzat (Dr\u00f4me) du 22 au 28 avril 2012"},"content":{"rendered":"<h2>Pr\u00e9sentation<\/h2>\n<p>Le rassemblement de printemps se d\u00e9roulera en 2012 \u00e0 R\u00e9muzat en Drome proven\u00e7ale (situ\u00e9 \u00e0 62 km de Mont\u00e9limar et \u00e0 26 km de Nyons) du 22 au 28 avril.<br \/>\nR\u00e9muzat s&#8217;\u00e9tend sur la rive gauche de l&#8217;Oule, au milieu des vergers de pruniers &#8220;prune fleurie&#8221;. R\u00e9muzat c&#8217;est toute la Provence, avec un soup\u00e7on alpin. Plus discret, moins connu que d&#8217;autres contr\u00e9es, sa beaut\u00e9 en reste plus authentique, plus sauvage avec ses maisons de pierres et leurs tuiles d&#8217;argile.<br \/>\nAutour du village (447 m d&#8217;altitude), les Pr\u00e9alpes du Sud, dont les sommets culminent \u00e0 plus de 1000 m, se d\u00e9coupent sur un ciel dont la luminosit\u00e9 est incomparable. Le rocher du Caire qui le domine est une longue falaise expos\u00e9e plein Est. Le soleil du matin y r\u00e9chauffe rapidement l&#8217;air.<br \/>\nVous trouverez en fin de page une pr\u00e9sentation culturelle plus d\u00e9taill\u00e9e de la r\u00e9gion, de son histoire, de sa g\u00e9ographie et de son terroir.<\/p>\n<div id='gallery-1' class='gallery galleryid-21996 gallery-columns-3 gallery-size-medium'><dl class='gallery-item'>\n\t\t\t<dt class='gallery-icon portrait'>\n\t\t\t\t<img loading=\"lazy\" decoding=\"async\" width=\"150\" height=\"181\" src=\"https:\/\/centcols.org\/backup\/wp-content\/uploads\/2015\/04\/remuzat.png\" class=\"attachment-medium size-medium\" alt=\"\" \/>\n\t\t\t<\/dt><\/dl><dl class='gallery-item'>\n\t\t\t<dt class='gallery-icon landscape'>\n\t\t\t\t<img loading=\"lazy\" decoding=\"async\" width=\"200\" height=\"150\" src=\"https:\/\/centcols.org\/backup\/wp-content\/uploads\/2015\/09\/lesLavandes.jpg\" class=\"attachment-medium size-medium\" alt=\"\" \/>\n\t\t\t<\/dt><\/dl><dl class='gallery-item'>\n\t\t\t<dt class='gallery-icon portrait'>\n\t\t\t\t<img loading=\"lazy\" decoding=\"async\" width=\"150\" height=\"165\" src=\"https:\/\/centcols.org\/backup\/wp-content\/uploads\/2015\/04\/drome.png\" class=\"attachment-medium size-medium\" alt=\"\" \/>\n\t\t\t<\/dt><\/dl><br style=\"clear: both\" \/>\n\t\t<\/div>\n\n<h2>Inscription<\/h2>\n<p><span class=\"flett\">P<\/span>our vous permettre de participer \u00e0 son rassemblement de printemps et aux activit\u00e9s qui y seront propos\u00e9es, le Club des Cent Cols a n\u00e9goci\u00e9 des prestations d\u2019h\u00e9bergement avec l\u2019Association Tern\u00e9lia Chemins qui dispose\u00a0 d\u2019un agr\u00e9ment de voyage nous permettant ainsi d\u2019\u00eatre en r\u00e8gle avec le code du tourisme et de pouvoir b\u00e9n\u00e9ficier de tarifs de groupe.\u00a0 Contrairement aux pr\u00e9c\u00e9dents s\u00e9jours, les inscriptions ainsi que la gestion financi\u00e8re seront assur\u00e9es directement par l\u2019Association Tern\u00e9lia Chemins, le Club des Cent Cols ne s\u2019occupant lui que du programmes d\u2019activit\u00e9s (circuits, animations).<\/p>\n<p>Vous trouverez ci-joint les tarifs des prestations et les conditions g\u00e9n\u00e9rales de vente du s\u00e9jour par Tern\u00e9lia ainsi qu\u2019un bulletin d\u2019inscription.<\/p>\n<p>Vous devez vous inscrire directement aupr\u00e8s du centre. <a href=\"https:\/\/centcols.org\/backup\/les_rendez-vous\/2012\/Remuzat\/inscription.pdf\" target=\"_blank\" rel=\"noopener\">T\u00e9l\u00e9chargez la documentation d&#8217;inscription<\/a><\/p>\n<h2>L&#8217;h\u00e9bergement<\/h2>\n<p>Nous proposons un h\u00e9bergement au centre de vacances Les Lavandes situ\u00e9 au c\u0153ur du village. Le centre dispose de 88 chambres de 2 ou 3 lits avec balcons, sanitaires privatifs et connexion WiFi et de 2 chambres de 2 lits pour des personnes \u00e0 mobilit\u00e9 r\u00e9duite. Il dispose aussi d\u2019un sauna-hammam moyennant suppl\u00e9ment.<\/p>\n<p>Vous trouverez plus d&#8217;informations sur le site du centre, <a href=\"http:\/\/www.ternelia-chemins.com\/ete\/village-vacances-les-lavandes-remuzat.html\">http:\/\/www.ternelia-chemins.com\/ete\/village-vacances-les-lavandes-remuzat.html<\/a><\/p>\n<p>&nbsp;<\/p>\n<div id='gallery-2' class='gallery galleryid-21996 gallery-columns-2 gallery-size-medium'><dl class='gallery-item'>\n\t\t\t<dt class='gallery-icon landscape'>\n\t\t\t\t<img loading=\"lazy\" decoding=\"async\" width=\"200\" height=\"150\" src=\"https:\/\/centcols.org\/backup\/wp-content\/uploads\/2015\/09\/bar.jpg\" class=\"attachment-medium size-medium\" alt=\"\" \/>\n\t\t\t<\/dt><\/dl><dl class='gallery-item'>\n\t\t\t<dt class='gallery-icon landscape'>\n\t\t\t\t<img loading=\"lazy\" decoding=\"async\" width=\"200\" height=\"150\" src=\"https:\/\/centcols.org\/backup\/wp-content\/uploads\/2015\/09\/chambre2lits.jpg\" class=\"attachment-medium size-medium\" alt=\"\" \/>\n\t\t\t<\/dt><\/dl><br style=\"clear: both\" \/>\n\t\t<\/div>\n\n<p>Si vous voulez utiliser l&#8217;h\u00e9bergement propos\u00e9, vous devez vous inscrire directement aupr\u00e8s du centre en t\u00e9l\u00e9chargeant la documentation d&#8217;inscription mentionn\u00e9e dans la section pr\u00e9c\u00e9dente.<\/p>\n<p style=\"text-align: center;\">Le camping municipal est ferm\u00e9 \u00e0 cette \u00e9poque.\u00a0Il existe un camping \u00e0 la ferme disposant de 6 emplacements sur les hauteurs de R\u00e9muzat :<\/p>\n<p><img loading=\"lazy\" decoding=\"async\" class=\"wp-image-22030 aligncenter\" src=\"https:\/\/centcols.org\/backup\/wp-content\/uploads\/2015\/09\/perriere.jpg\" alt=\"perriere\" width=\"300\" height=\"225\" \/><\/p>\n<p style=\"text-align: center;\">Ferme de la Perri\u00e8re<br \/>\nLa Combe<br \/>\n26510 REMUZAT<\/p>\n<p style=\"text-align: center;\">T\u00e9l\u00e9phone : +33 (0)4.26.66.90.09<br \/>\nPortable : +33 (0)6.13.57.83.60<br \/>\n<a href=\"mailto:info@camping-gite-ferme-remuzat.fr\">info@camping-gite-ferme-remuzat.fr<\/a><br \/>\n<a href=\"http:\/\/www.camping-gite-ferme-remuzat.fr\/\" target=\"_blank\" rel=\"noopener\">www.camping-gite-ferme-remuzat.fr\/<\/a><\/p>\n<h4>Localisation du centre \u00ab Les Lavandes \u00bb<\/h4>\n","protected":false},"excerpt":{"rendered":"<p>Pr\u00e9sentation Le rassemblement de printemps se d\u00e9roulera en 2012 \u00e0 R\u00e9muzat en Drome proven\u00e7ale (situ\u00e9 \u00e0 62 km de Mont\u00e9limar et \u00e0 26 km de Nyons) du 22 au 28 avril. R\u00e9muzat s&#8217;\u00e9tend sur la rive gauche de l&#8217;Oule, au milieu des vergers de pruniers &#8220;prune fleurie&#8221;. R\u00e9muzat c&#8217;est toute la Provence, avec un soup\u00e7on [&hellip;]<\/p>\n","protected":false},"author":17,"featured_media":0,"comment_status":"closed","ping_status":"closed","sticky":false,"template":"","format":"standard","meta":{"_acf_changed":false,"ub_ctt_via":"","_monsterinsights_skip_tracking":false,"_monsterinsights_sitenote_active":false,"_monsterinsights_sitenote_note":"","_monsterinsights_sitenote_category":0,"footnotes":""},"categories":[35],"tags":[],"acf":[],"featured_image_urls":{"full":"","thumbnail":"","medium":"","medium_large":"","large":"","1536x1536":"","2048x2048":"","woocommerce_thumbnail":"","woocommerce_single":"","woocommerce_gallery_thumbnail":""},"post_excerpt_stackable":"<p>Pr\u00e9sentation Le rassemblement de printemps se d\u00e9roulera en 2012 \u00e0 R\u00e9muzat en Drome proven\u00e7ale (situ\u00e9 \u00e0 62 km de Mont\u00e9limar et \u00e0 26 km de Nyons) du 22 au 28 avril. R\u00e9muzat s&#8217;\u00e9tend sur la rive gauche de l&#8217;Oule, au milieu des vergers de pruniers &#8220;prune fleurie&#8221;. R\u00e9muzat c&#8217;est toute la Provence, avec un soup\u00e7on alpin. Plus discret, moins connu que d&#8217;autres contr\u00e9es, sa beaut\u00e9 en reste plus authentique, plus sauvage avec ses maisons de pierres et leurs tuiles d&#8217;argile. Autour du village (447 m d&#8217;altitude), les Pr\u00e9alpes du Sud, dont les sommets culminent \u00e0 plus de 1000 m, se\u2026<\/p>\n","category_list":"<a href=\"https:\/\/centcols.org\/backup\/categorie\/sejours\/\" rel=\"category tag\">S\u00e9jours<\/a>","author_info":{"display_name":"R\u00e9gis Paraz","author_link":"https:\/\/centcols.org\/backup\/author\/3225\/"},"comments_num":"0 commentaire","featured_image_urls_v2":{"full":"","thumbnail":"","medium":"","medium_large":"","large":"","1536x1536":"","2048x2048":"","woocommerce_thumbnail":"","woocommerce_single":"","woocommerce_gallery_thumbnail":""},"post_excerpt_stackable_v2":"<p>Pr\u00e9sentation Le rassemblement de printemps se d\u00e9roulera en 2012 \u00e0 R\u00e9muzat en Drome proven\u00e7ale (situ\u00e9 \u00e0 62 km de Mont\u00e9limar et \u00e0 26 km de Nyons) du 22 au 28 avril. R\u00e9muzat s&#8217;\u00e9tend sur la rive gauche de l&#8217;Oule, au milieu des vergers de pruniers &#8220;prune fleurie&#8221;. R\u00e9muzat c&#8217;est toute la Provence, avec un soup\u00e7on alpin. Plus discret, moins connu que d&#8217;autres contr\u00e9es, sa beaut\u00e9 en reste plus authentique, plus sauvage avec ses maisons de pierres et leurs tuiles d&#8217;argile. Autour du village (447 m d&#8217;altitude), les Pr\u00e9alpes du Sud, dont les sommets culminent \u00e0 plus de 1000 m, se\u2026<\/p>\n","category_list_v2":"<a href=\"https:\/\/centcols.org\/backup\/categorie\/sejours\/\" rel=\"category tag\">S\u00e9jours<\/a>","author_info_v2":{"name":"R\u00e9gis Paraz","url":"https:\/\/centcols.org\/backup\/author\/3225\/"},"comments_num_v2":"0 commentaire","featured_image_src":null,"_links":{"self":[{"href":"https:\/\/centcols.org\/backup\/wp-json\/wp\/v2\/posts\/21996"}],"collection":[{"href":"https:\/\/centcols.org\/backup\/wp-json\/wp\/v2\/posts"}],"about":[{"href":"https:\/\/centcols.org\/backup\/wp-json\/wp\/v2\/types\/post"}],"author":[{"embeddable":true,"href":"https:\/\/centcols.org\/backup\/wp-json\/wp\/v2\/users\/17"}],"replies":[{"embeddable":true,"href":"https:\/\/centcols.org\/backup\/wp-json\/wp\/v2\/comments?post=21996"}],"version-history":[{"count":0,"href":"https:\/\/centcols.org\/backup\/wp-json\/wp\/v2\/posts\/21996\/revisions"}],"wp:attachment":[{"href":"https:\/\/centcols.org\/backup\/wp-json\/wp\/v2\/media?parent=21996"}],"wp:term":[{"taxonomy":"category","embeddable":true,"href":"https:\/\/centcols.org\/backup\/wp-json\/wp\/v2\/categories?post=21996"},{"taxonomy":"post_tag","embeddable":true,"href":"https:\/\/centcols.org\/backup\/wp-json\/wp\/v2\/tags?post=21996"}],"curies":[{"name":"wp","href":"https:\/\/api.w.org\/{rel}","templated":true}]}}