{"id":21998,"date":"2015-04-23T12:15:39","date_gmt":"2015-04-23T10:15:39","guid":{"rendered":"http:\/\/centcols.org\/backup\/?p=21998"},"modified":"2023-06-04T13:12:04","modified_gmt":"2023-06-04T11:12:04","slug":"sejour-2013-yravals","status":"publish","type":"post","link":"https:\/\/centcols.org\/backup\/sejour-2013-yravals\/","title":{"rendered":"S\u00e9jour estival cerdan au village-club d&#8217;Yravals \u00e0 Latour-de-Carol (Pyr\u00e9n\u00e9es-Orientales) du 16 au 20 juillet 2013"},"content":{"rendered":"<h2><span class=\"flett\">Situation <\/span><\/h2>\n<p><span class=\"flett\">L<\/span>a Cerdagne se pr\u00e9sente comme un haut plateau d\u2019une altitude moyenne de 1200 m occupant le bassin d\u2019un ancien lac glaciaire.<\/p>\n<p>Elle est entour\u00e9e de pics et de massifs tutoyant les 3 000 m, au nord la cha\u00eene du Carlit (2 921 m) et au sud celles de Cadi-Moixero et du Puigmal (2 910 m). Au nord dominent les chaos granitiques alors qu\u2019au sud ce sont les falaises schisteuses : ce sont ces mat\u00e9riaux qui ont \u00e9t\u00e9 utilis\u00e9s dans la construction des maisons des villages cerdans. Elle b\u00e9n\u00e9ficie d\u2019une luminosit\u00e9 et d\u2019un ensoleillement exceptionnel environ 300 jours par an.<\/p>\n<p>La Cerdagne, qui appartenait en totalit\u00e9 au royaume d\u2019Aragon, doit son d\u00e9coupage actuel au Trait\u00e9 des Pyr\u00e9n\u00e9es sign\u00e9 en 1659 entre la France de Louis XIV et l\u2019Espagne de Philippe IV. Sont c\u00e9d\u00e9s \u00e0 la France une partie de la Cerdagne (33 villages dont Llivia \u00e9lev\u00e9e au rang de ville ne fait pas partie), le Conflent et le Roussillon. Llivia est donc une enclave espagnole en territoire fran\u00e7ais.<\/p>\n<p>La partie espagnole appel\u00e9e Basse Cerdagne est frontali\u00e8re au nord avec la principaut\u00e9 d&#8217;Andorre et la Cerdagne Fran\u00e7aise, \u00e0 l&#8217;est avec le Ripoll\u00e8s, au sud avec le Bergued\u00e0 et \u00e0 l&#8217;ouest avec l\u2019Alt Urgell.<\/p>\n<p>La partie fran\u00e7aise ou Haute Cerdagne partage sa fronti\u00e8re avec les comarques du Ripoll\u00e8s, de la Cerdanya et avec la principaut\u00e9 d&#8217;Andorre.<\/p>\n<p>La Cerdagne a \u00e9t\u00e9 occup\u00e9e d\u00e8s la pr\u00e9histoire et l\u2019on peut voir des restes d\u2019habitats dat\u00e9s du N\u00e9olithique et de nombreux menhirs et dolmens.<\/p>\n<p>Plus r\u00e9centes mais nombreuses sont les \u00e9glises romanes des XI<sup>e<\/sup> et XII<sup>e<\/sup> si\u00e8cles qui renferment des \u0153uvres d\u2019art allant de la fresque (XII<sup>e<\/sup> si\u00e8cle) au retable baroque (XVIII<sup>e<\/sup> si\u00e8cle).<\/p>\n<div id='gallery-1' class='gallery galleryid-21998 gallery-columns-3 gallery-size-thumbnail'><dl class='gallery-item'>\n\t\t\t<dt class='gallery-icon portrait'>\n\t\t\t\t<img loading=\"lazy\" decoding=\"async\" width=\"164\" height=\"180\" src=\"https:\/\/centcols.org\/backup\/wp-content\/uploads\/2015\/04\/b_cerdanya-1.png\" class=\"attachment-thumbnail size-thumbnail\" alt=\"\" \/>\n\t\t\t<\/dt><\/dl><dl class='gallery-item'>\n\t\t\t<dt class='gallery-icon portrait'>\n\t\t\t\t<img loading=\"lazy\" decoding=\"async\" width=\"164\" height=\"180\" src=\"https:\/\/centcols.org\/backup\/wp-content\/uploads\/2015\/04\/b_66.png\" class=\"attachment-thumbnail size-thumbnail\" alt=\"\" \/>\n\t\t\t<\/dt><\/dl><dl class='gallery-item'>\n\t\t\t<dt class='gallery-icon portrait'>\n\t\t\t\t<img loading=\"lazy\" decoding=\"async\" width=\"164\" height=\"180\" src=\"https:\/\/centcols.org\/backup\/wp-content\/uploads\/2015\/04\/b_latour.png\" class=\"attachment-thumbnail size-thumbnail\" alt=\"\" \/>\n\t\t\t<\/dt><\/dl><br style=\"clear: both\" \/>\n\t\t<\/div>\n\n<div id='gallery-2' class='gallery galleryid-21998 gallery-columns-2 gallery-size-thumbnail'><dl class='gallery-item'>\n\t\t\t<dt class='gallery-icon landscape'>\n\t\t\t\t<img loading=\"lazy\" decoding=\"async\" width=\"200\" height=\"150\" src=\"https:\/\/centcols.org\/backup\/wp-content\/uploads\/2015\/04\/cadi.jpg\" class=\"attachment-thumbnail size-thumbnail\" alt=\"\" \/>\n\t\t\t<\/dt><\/dl><dl class='gallery-item'>\n\t\t\t<dt class='gallery-icon landscape'>\n\t\t\t\t<img loading=\"lazy\" decoding=\"async\" width=\"200\" height=\"150\" src=\"https:\/\/centcols.org\/backup\/wp-content\/uploads\/2015\/04\/vivers.jpg\" class=\"attachment-thumbnail size-thumbnail\" alt=\"\" \/>\n\t\t\t<\/dt><\/dl><br style=\"clear: both\" \/>\n\t\t<\/div>\n\n<h2>H\u00e9bergement et inscription<\/h2>\n<p>L&#8217;h\u00e9bergement sera au Village-Club d\u2019Yravals situ\u00e9 sur la commune de Latour-de-Carol \u00e0 1 250 m d\u2019altitude. Il comprend un b\u00e2timent central avec salon, bar, wifi, salle de restaurant, salle de r\u00e9union et des pavillons tout autour avec des chambres.<br \/>\nPour vous inscrire, veuillez t\u00e9l\u00e9charger et remplir le bulletin d&#8217;inscription, puis le retourner avec votre r\u00e8glement au responsable du s\u00e9jour dont l&#8217;adresse se trouve sur le bulletin, avant le <strong>15 juin 2013.<\/strong><\/p>\n<p>Le club a n\u00e9goci\u00e9 un tarif de groupe et un forfait pour la p\u00e9riode pr\u00e9vue et ne g\u00e8re pas les nuits suppl\u00e9mentaires.<\/p>\n<p>Pour toute demande d\u2019arriv\u00e9e anticip\u00e9e ou de d\u00e9part diff\u00e9r\u00e9 prendre contact directement avec le service r\u00e9servation : Barbara au +33 (0)4 68 30 64 00 ou\u00a0<a href=\"mailto:contact@yravals.com\">contact@yravals.com<\/a> (pr\u00e9ciser groupe Cent Cols pour b\u00e9n\u00e9ficier d\u2019un tarif pr\u00e9f\u00e9rentiel).<\/p>\n<p>Pour plus d&#8217;informations, consultez le site du Village-Club : <a href=\"http:\/\/www.yravals.com\/\" target=\"_blank\" rel=\"noopener\">http:\/\/www.yravals.com\/<\/a><\/p>\n<div id='gallery-3' class='gallery galleryid-21998 gallery-columns-3 gallery-size-thumbnail'><dl class='gallery-item'>\n\t\t\t<dt class='gallery-icon landscape'>\n\t\t\t\t<img loading=\"lazy\" decoding=\"async\" width=\"200\" height=\"150\" src=\"https:\/\/centcols.org\/backup\/wp-content\/uploads\/2015\/04\/club_chambre1.jpg\" class=\"attachment-thumbnail size-thumbnail\" alt=\"\" \/>\n\t\t\t<\/dt><\/dl><dl class='gallery-item'>\n\t\t\t<dt class='gallery-icon landscape'>\n\t\t\t\t<img loading=\"lazy\" decoding=\"async\" width=\"200\" height=\"150\" src=\"https:\/\/centcols.org\/backup\/wp-content\/uploads\/2015\/04\/clubExt.jpg\" class=\"attachment-thumbnail size-thumbnail\" alt=\"\" \/>\n\t\t\t<\/dt><\/dl><dl class='gallery-item'>\n\t\t\t<dt class='gallery-icon landscape'>\n\t\t\t\t<img loading=\"lazy\" decoding=\"async\" width=\"200\" height=\"150\" src=\"https:\/\/centcols.org\/backup\/wp-content\/uploads\/2015\/04\/clubResto.jpg\" class=\"attachment-thumbnail size-thumbnail\" alt=\"\" \/>\n\t\t\t<\/dt><\/dl><br style=\"clear: both\" \/>\n\t\t<\/div>\n\n<hr \/>\n<h2><\/h2>\n","protected":false},"excerpt":{"rendered":"<p>Situation La Cerdagne se pr\u00e9sente comme un haut plateau d\u2019une altitude moyenne de 1200 m occupant le bassin d\u2019un ancien lac glaciaire. Elle est entour\u00e9e de pics et de massifs tutoyant les 3 000 m, au nord la cha\u00eene du Carlit (2 921 m) et au sud celles de Cadi-Moixero et du Puigmal (2 910 [&hellip;]<\/p>\n","protected":false},"author":17,"featured_media":0,"comment_status":"closed","ping_status":"closed","sticky":false,"template":"","format":"standard","meta":{"_acf_changed":false,"ub_ctt_via":"","_monsterinsights_skip_tracking":false,"_monsterinsights_sitenote_active":false,"_monsterinsights_sitenote_note":"","_monsterinsights_sitenote_category":0,"footnotes":""},"categories":[35],"tags":[],"acf":[],"featured_image_urls":{"full":"","thumbnail":"","medium":"","medium_large":"","large":"","1536x1536":"","2048x2048":"","woocommerce_thumbnail":"","woocommerce_single":"","woocommerce_gallery_thumbnail":""},"post_excerpt_stackable":"<p>Situation La Cerdagne se pr\u00e9sente comme un haut plateau d\u2019une altitude moyenne de 1200 m occupant le bassin d\u2019un ancien lac glaciaire. Elle est entour\u00e9e de pics et de massifs tutoyant les 3 000 m, au nord la cha\u00eene du Carlit (2 921 m) et au sud celles de Cadi-Moixero et du Puigmal (2 910 m). Au nord dominent les chaos granitiques alors qu\u2019au sud ce sont les falaises schisteuses : ce sont ces mat\u00e9riaux qui ont \u00e9t\u00e9 utilis\u00e9s dans la construction des maisons des villages cerdans. Elle b\u00e9n\u00e9ficie d\u2019une luminosit\u00e9 et d\u2019un ensoleillement exceptionnel environ 300 jours par an.\u2026<\/p>\n","category_list":"<a href=\"https:\/\/centcols.org\/backup\/categorie\/sejours\/\" rel=\"category tag\">S\u00e9jours<\/a>","author_info":{"display_name":"R\u00e9gis Paraz","author_link":"https:\/\/centcols.org\/backup\/author\/3225\/"},"comments_num":"0 commentaire","featured_image_urls_v2":{"full":"","thumbnail":"","medium":"","medium_large":"","large":"","1536x1536":"","2048x2048":"","woocommerce_thumbnail":"","woocommerce_single":"","woocommerce_gallery_thumbnail":""},"post_excerpt_stackable_v2":"<p>Situation La Cerdagne se pr\u00e9sente comme un haut plateau d\u2019une altitude moyenne de 1200 m occupant le bassin d\u2019un ancien lac glaciaire. Elle est entour\u00e9e de pics et de massifs tutoyant les 3 000 m, au nord la cha\u00eene du Carlit (2 921 m) et au sud celles de Cadi-Moixero et du Puigmal (2 910 m). Au nord dominent les chaos granitiques alors qu\u2019au sud ce sont les falaises schisteuses : ce sont ces mat\u00e9riaux qui ont \u00e9t\u00e9 utilis\u00e9s dans la construction des maisons des villages cerdans. Elle b\u00e9n\u00e9ficie d\u2019une luminosit\u00e9 et d\u2019un ensoleillement exceptionnel environ 300 jours par an.\u2026<\/p>\n","category_list_v2":"<a href=\"https:\/\/centcols.org\/backup\/categorie\/sejours\/\" rel=\"category tag\">S\u00e9jours<\/a>","author_info_v2":{"name":"R\u00e9gis Paraz","url":"https:\/\/centcols.org\/backup\/author\/3225\/"},"comments_num_v2":"0 commentaire","featured_image_src":null,"_links":{"self":[{"href":"https:\/\/centcols.org\/backup\/wp-json\/wp\/v2\/posts\/21998"}],"collection":[{"href":"https:\/\/centcols.org\/backup\/wp-json\/wp\/v2\/posts"}],"about":[{"href":"https:\/\/centcols.org\/backup\/wp-json\/wp\/v2\/types\/post"}],"author":[{"embeddable":true,"href":"https:\/\/centcols.org\/backup\/wp-json\/wp\/v2\/users\/17"}],"replies":[{"embeddable":true,"href":"https:\/\/centcols.org\/backup\/wp-json\/wp\/v2\/comments?post=21998"}],"version-history":[{"count":0,"href":"https:\/\/centcols.org\/backup\/wp-json\/wp\/v2\/posts\/21998\/revisions"}],"wp:attachment":[{"href":"https:\/\/centcols.org\/backup\/wp-json\/wp\/v2\/media?parent=21998"}],"wp:term":[{"taxonomy":"category","embeddable":true,"href":"https:\/\/centcols.org\/backup\/wp-json\/wp\/v2\/categories?post=21998"},{"taxonomy":"post_tag","embeddable":true,"href":"https:\/\/centcols.org\/backup\/wp-json\/wp\/v2\/tags?post=21998"}],"curies":[{"name":"wp","href":"https:\/\/api.w.org\/{rel}","templated":true}]}}