{"id":21999,"date":"2015-04-23T12:12:44","date_gmt":"2015-04-23T10:12:44","guid":{"rendered":"http:\/\/centcols.org\/backup\/?p=21999"},"modified":"2023-08-17T20:20:36","modified_gmt":"2023-08-17T18:20:36","slug":"sejour-estival-a-saint-sauveur-camprieu-gard-du-16-au-20-aout-2011","status":"publish","type":"post","link":"https:\/\/centcols.org\/backup\/sejour-estival-a-saint-sauveur-camprieu-gard-du-16-au-20-aout-2011\/","title":{"rendered":"S\u00e9jour estival \u00e0 Saint-Sauveur-Camprieu (Gard) du 16 au 20 ao\u00fbt 2011"},"content":{"rendered":"<h2 style=\"text-align: justify;\">Pr\u00e9sentation<\/h2>\n<p style=\"text-align: justify;\">Situ\u00e9 \u00e0 l\u2019extr\u00eame Ouest des C\u00e9vennes, le massif de l\u2019Aigoual sera notre \u00ab terrain de jeu \u00bb pour ce s\u00e9jour estival 2011. Le Mont Aigoual (1567m) est connu pour ses \u00ab caprices \u00bb m\u00e9t\u00e9orologiques, les expositions de M\u00e9t\u00e9o-France propos\u00e9es dans l\u2019observatoire sommital sauront vous apporter les connaissances n\u00e9cessaires pour bien comprendre ce climat si particulier.<\/p>\n<p style=\"text-align: justify;\">Une autre facette du massif, moins connue, sera \u00e9galement mise en exergue, c\u2019est la for\u00eat domaniale de l\u2019Aigoual. Elle m\u00e9rite une approche historique avant de la parcourir. Elle est l\u2019expression concr\u00e8te de l\u2019action de l\u2019homme sur la nature, le pire et le meilleur. Au milieu du 19<sup>e<\/sup> si\u00e8cle, la for\u00eat de l\u2019Aigoual se r\u00e9duit comme une peau de chagrin sous le double effet ; du p\u00e2turage excessif et une exploitation outranci\u00e8re des verriers qui demandent toujours plus pour leurs fours. De graves inondations se multiplient dans les vall\u00e9es avec des cons\u00e9quences consid\u00e9rables, voire dramatiques. L\u2019administration des Eaux et For\u00eats essaie de reboiser, mais cela provoque de nombreuses oppositions, car il faut choisir entre la for\u00eat et les espaces pastoraux.<\/p>\n<p style=\"text-align: justify;\">Finalement, gr\u00e2ce \u00e0 un engagement exceptionnel, le forestier Georges FABRE et le botaniste Charles FLAHAULT r\u00e9ussissent \u00e0 faire repousser des milliers d\u2019hectares de for\u00eat. Les essences les plus repr\u00e9sent\u00e9es sont : l\u2019\u00e9pic\u00e9a, le m\u00e9l\u00e8ze, le pin noir d\u2019Autriche, le pin \u00e0 crochets, le h\u00eatre (le faou, en occitan) le ch\u00eane rouvre et le ch\u00e2taignier. Sur le versant sud, le plus abrupt, les \u00e9tages de la v\u00e9g\u00e9tation sont parfaitement rep\u00e9rables. De cette p\u00e9riode, quatre arbor\u00e9tums subsistent, v\u00e9ritables laboratoires \u00e0 ciel ouvert.<\/p>\n<p style=\"text-align: justify;\">Le granit est omnipr\u00e9sent sur le massif, les causses sont le royaume du calcaire, et le schiste se cantonne dans les vall\u00e9es c\u00e9venoles. Ces trois roches constituent le socle de ce pays et fa\u00e7onnent de superbes\u00a0 paysages. Les causses offriront de vastes \u00e9tendues d\u00e9sertiques et sobres o\u00f9 la v\u00e9g\u00e9tation se rar\u00e9fie. Terrain perm\u00e9able o\u00f9 la roche affleure tr\u00e8s souvent, l\u2019eau y est rare. La flore par contre, est d\u2019une tr\u00e8s grande richesse. Les grands rapaces appr\u00e9cient ces immenses espaces \u00e0 tr\u00e8s faible densit\u00e9 humaine, le ciel est leur domaine.<\/p>\n<p style=\"text-align: justify;\">Les vall\u00e9es c\u00e9venoles, pays de \u00ab serres \u00bb et de \u00ab valats \u00bb sont des lieux de vie. Les villages et les hameaux sont construits le long des cours d\u2019eau ou perch\u00e9s sur des promontoires. Ces montagnes furent le th\u00e9\u00e2tre de la Guerre des Camisards. Des femmes et hommes de religion dite \u00ab pr\u00e9tendue r\u00e9form\u00e9e \u00bb ont lutt\u00e9 contre la volont\u00e9 royale d\u2019imposer une seule et unique religion \u00e0 ses sujets. Massacres, d\u00e9portations aux gal\u00e8res, emprisonnements furent le lot de ceux qui avaient choisi le combat, d\u2019autres ont pr\u00e9f\u00e9r\u00e9 fuir, avec leur richesse et leur savoir-faire vers les pays du refuge (Suisse, Hollande, Allemagne \u2026) Ici, en ces lieux, la libert\u00e9 d\u2019expression et la tol\u00e9rance sont des valeurs sacr\u00e9es. D\u2019ailleurs, par la suite le Pasteur Rabault St Etienne participa aux d\u00e9bats qui ont conduit \u00e0 la r\u00e9daction de la d\u00e9claration des droits de l\u2019homme et du citoyen. Lors de la deuxi\u00e8me guerre mondiale la r\u00e9sistance y trouva un terrain de pr\u00e9dilection, la topographie du terrain s\u2019y pr\u00eatait, certes, mais des hommes et des femmes sont rapidement sortis de leur r\u00e9serve, en qu\u00eate de libert\u00e9.<\/p>\n<p style=\"text-align: justify;\">Pour d\u00e9couvrir en image ce pays aux multiples facettes, nous vous proposons de cliquer sur :<\/p>\n<p style=\"text-align: justify;\"><a href=\"https:\/\/picasaweb.google.com\/104773996888776113707\/CaussesAigoualCevennes#\" target=\"_blank\" rel=\"noopener\">https:\/\/picasaweb.google.com\/104773996888776113707\/CaussesAigoualCevennes#<\/a><\/p>\n<h6 style=\"text-align: justify;\">Christine CAMBESSEDES (CC n\u00b0 1670) et Guy CAMBESSEDES (CC n\u00b0 1420)<\/h6>\n<div id='gallery-1' class='gallery galleryid-21999 gallery-columns-4 gallery-size-thumbnail'><dl class='gallery-item'>\n\t\t\t<dt class='gallery-icon landscape'>\n\t\t\t\t<img loading=\"lazy\" decoding=\"async\" width=\"200\" height=\"150\" src=\"https:\/\/centcols.org\/backup\/wp-content\/uploads\/2015\/04\/prevert.jpg\" class=\"attachment-thumbnail size-thumbnail\" alt=\"\" \/>\n\t\t\t<\/dt><\/dl><dl class='gallery-item'>\n\t\t\t<dt class='gallery-icon landscape'>\n\t\t\t\t<img loading=\"lazy\" decoding=\"async\" width=\"200\" height=\"150\" src=\"https:\/\/centcols.org\/backup\/wp-content\/uploads\/2015\/04\/piste2.jpg\" class=\"attachment-thumbnail size-thumbnail\" alt=\"\" \/>\n\t\t\t<\/dt><\/dl><dl class='gallery-item'>\n\t\t\t<dt class='gallery-icon landscape'>\n\t\t\t\t<img loading=\"lazy\" decoding=\"async\" width=\"200\" height=\"150\" src=\"https:\/\/centcols.org\/backup\/wp-content\/uploads\/2015\/04\/causses.jpg\" class=\"attachment-thumbnail size-thumbnail\" alt=\"\" \/>\n\t\t\t<\/dt><\/dl><dl class='gallery-item'>\n\t\t\t<dt class='gallery-icon landscape'>\n\t\t\t\t<img loading=\"lazy\" decoding=\"async\" width=\"200\" height=\"150\" src=\"https:\/\/centcols.org\/backup\/wp-content\/uploads\/2015\/04\/genets.jpg\" class=\"attachment-thumbnail size-thumbnail\" alt=\"\" \/>\n\t\t\t<\/dt><\/dl><br style=\"clear: both\" \/>\n\t\t<\/div>\n\n<h2 style=\"text-align: justify;\">Concentration internationale au Cap de C\u00f4te (FR-30-1189)<\/h2>\n<p style=\"text-align: justify;\"><span class=\"flett\">L<\/span>a concentration annuelle se d\u00e9roulera le samedi 20 ao\u00fbt 2011, \u00e0 proximit\u00e9\u00a0 du col de Cap de C\u00f4te (<a href=\"https:\/\/centcols.org\/backup\/util\/geo\/visuGP.php?code=FR-30-1189\" target=\"_blank\" rel=\"noopener\">FR-30-1189<\/a>)\u00a0 sur les pentes du redoutable col de la Lusette (FR-30-1351). Ce dernier est expos\u00e9 plein sud, dot\u00e9 d\u2019une route rugueuse et bossel\u00e9e. Il poss\u00e8de toutes les caract\u00e9ristiques d\u2019un col dur. Sa pente est irr\u00e9guli\u00e8re et rec\u00e8le des passages difficiles avec de courts segments \u00e0 15 voire 17%. Un col qui ne laisse personne indiff\u00e9rent et qui marque les esprits pour de longues ann\u00e9es !!!&#8230;<\/p>\n<p style=\"text-align: justify;\">Nous serons accueillis aux abords du g\u00eete-refuge sur une pelouse avec un bosquet ombrag\u00e9 mis gentiment \u00e0 notre disposition. De l\u00e0, une voie b\u00e9tonn\u00e9e de quelques centaines de m\u00e8tres nous donnera acc\u00e8s au \u00ab Serre de la Toureille \u00bb. Merveilleux belv\u00e9d\u00e8re embrassant toutes les C\u00e9vennes m\u00e9ridionales et bien au-del\u00e0 (du Mt Ventoux au Canigou). C\u2019est de ce lieu que les sapeurs-pompiers assurent\u00a0 une veille pr\u00e9ventive durant toute la saison s\u00e8che.<\/p>\n<h2 style=\"text-align: justify;\">La m\u00e9t\u00e9o<\/h2>\n<p style=\"text-align: justify;\">A cette p\u00e9riode de l\u2019ann\u00e9e les temp\u00e9ratures sont g\u00e9n\u00e9ralement\u00a0 tr\u00e8s agr\u00e9ables mais la panoplie du parfait cyclotouriste sera de rigueur car l\u2019Aigoual peut toujours r\u00e9server une mauvaise surprise !&#8230;<\/p>\n<h2 style=\"text-align: justify;\">Les circuits<\/h2>\n<p style=\"text-align: justify;\"><span class=\"flett\">N<\/span>otre point de rassemblement sera situ\u00e9 \u00e0 St Sauveur Camprieu \u00e0 1000m d\u2019altitude en bordure de la D986 entre l\u2019Esp\u00e9rou et Meyrueis. Charmant village de montagne entour\u00e9 de prairies et de for\u00eats avec un lac artificiel et surtout l\u2019ab\u00eeme de Bramabiau (le b\u0153uf qui brame, en occitan) r\u00e9surgence du ruisseau du Bonheur apr\u00e8s un court parcours souterrain.<\/p>\n<p style=\"text-align: justify;\">Nous \u00e9voluerons dans le Parc National des C\u00e9vennes o\u00f9 le \u00ab hors piste \u00bb est strictement interdit. Il conviendra notamment aux V\u00e9t\u00e9tistes de ne pas quitter les chemins et les pistes. Au-del\u00e0, la progression ne sera que p\u00e9destre. La cueillette des fleurs est rigoureusement interdite.<\/p>\n<p style=\"text-align: justify;\">Les <a href=\"\/membres\/cctours\/tours.php?lieu=Camprieu&amp;an=2011\">itin\u00e9raires propos\u00e9s<\/a> sont construits afin qu\u2019un maximum de membres de la Confr\u00e9rie puisse participer. Il y aura toujours une possibilit\u00e9 de raccourcir ou bien un parcours plus restreint sera propos\u00e9. Une soixantaine de cols seront accessibles durant ce s\u00e9jour ainsi que quelques sites BPF. Certains cols apparaissent sur plusieurs circuits et sont donc r\u00e9p\u00e9t\u00e9s. Par contre, si un col est franchi plus d&#8217;une fois dans un circuit donn\u00e9, il n&#8217;appara\u00eetra que la premi\u00e8re fois. Les cols sont indiqu\u00e9s dans l&#8217;ordre de leur franchissement dans chaque circuit.<\/p>\n<p style=\"text-align: justify;\">Les non p\u00e9dalants ne seront pas oubli\u00e9s avec de nombreuses randos. p\u00e9destres mais aussi des visites de sites tels que les gorges de la Jonte et Tarn, l\u2019Aven Armand, Millau et son viaduc, les caves de Roquefort, etc \u2026<\/p>\n","protected":false},"excerpt":{"rendered":"<p>Pr\u00e9sentation Situ\u00e9 \u00e0 l\u2019extr\u00eame Ouest des C\u00e9vennes, le massif de l\u2019Aigoual sera notre \u00ab terrain de jeu \u00bb pour ce s\u00e9jour estival 2011. Le Mont Aigoual (1567m) est connu pour ses \u00ab caprices \u00bb m\u00e9t\u00e9orologiques, les expositions de M\u00e9t\u00e9o-France propos\u00e9es dans l\u2019observatoire sommital sauront vous apporter les connaissances n\u00e9cessaires pour bien comprendre ce climat si [&hellip;]<\/p>\n","protected":false},"author":17,"featured_media":0,"comment_status":"closed","ping_status":"closed","sticky":false,"template":"","format":"standard","meta":{"_acf_changed":false,"ub_ctt_via":"","_monsterinsights_skip_tracking":false,"_monsterinsights_sitenote_active":false,"_monsterinsights_sitenote_note":"","_monsterinsights_sitenote_category":0,"footnotes":""},"categories":[35],"tags":[],"acf":[],"featured_image_urls":{"full":"","thumbnail":"","medium":"","medium_large":"","large":"","1536x1536":"","2048x2048":"","woocommerce_thumbnail":"","woocommerce_single":"","woocommerce_gallery_thumbnail":""},"post_excerpt_stackable":"<p>Pr\u00e9sentation Situ\u00e9 \u00e0 l\u2019extr\u00eame Ouest des C\u00e9vennes, le massif de l\u2019Aigoual sera notre \u00ab terrain de jeu \u00bb pour ce s\u00e9jour estival 2011. Le Mont Aigoual (1567m) est connu pour ses \u00ab caprices \u00bb m\u00e9t\u00e9orologiques, les expositions de M\u00e9t\u00e9o-France propos\u00e9es dans l\u2019observatoire sommital sauront vous apporter les connaissances n\u00e9cessaires pour bien comprendre ce climat si particulier. Une autre facette du massif, moins connue, sera \u00e9galement mise en exergue, c\u2019est la for\u00eat domaniale de l\u2019Aigoual. Elle m\u00e9rite une approche historique avant de la parcourir. Elle est l\u2019expression concr\u00e8te de l\u2019action de l\u2019homme sur la nature, le pire et le meilleur. Au\u2026<\/p>\n","category_list":"<a href=\"https:\/\/centcols.org\/backup\/categorie\/sejours\/\" rel=\"category tag\">S\u00e9jours<\/a>","author_info":{"display_name":"R\u00e9gis Paraz","author_link":"https:\/\/centcols.org\/backup\/author\/3225\/"},"comments_num":"0 commentaire","featured_image_urls_v2":{"full":"","thumbnail":"","medium":"","medium_large":"","large":"","1536x1536":"","2048x2048":"","woocommerce_thumbnail":"","woocommerce_single":"","woocommerce_gallery_thumbnail":""},"post_excerpt_stackable_v2":"<p>Pr\u00e9sentation Situ\u00e9 \u00e0 l\u2019extr\u00eame Ouest des C\u00e9vennes, le massif de l\u2019Aigoual sera notre \u00ab terrain de jeu \u00bb pour ce s\u00e9jour estival 2011. Le Mont Aigoual (1567m) est connu pour ses \u00ab caprices \u00bb m\u00e9t\u00e9orologiques, les expositions de M\u00e9t\u00e9o-France propos\u00e9es dans l\u2019observatoire sommital sauront vous apporter les connaissances n\u00e9cessaires pour bien comprendre ce climat si particulier. Une autre facette du massif, moins connue, sera \u00e9galement mise en exergue, c\u2019est la for\u00eat domaniale de l\u2019Aigoual. Elle m\u00e9rite une approche historique avant de la parcourir. Elle est l\u2019expression concr\u00e8te de l\u2019action de l\u2019homme sur la nature, le pire et le meilleur. Au\u2026<\/p>\n","category_list_v2":"<a href=\"https:\/\/centcols.org\/backup\/categorie\/sejours\/\" rel=\"category tag\">S\u00e9jours<\/a>","author_info_v2":{"name":"R\u00e9gis Paraz","url":"https:\/\/centcols.org\/backup\/author\/3225\/"},"comments_num_v2":"0 commentaire","featured_image_src":null,"_links":{"self":[{"href":"https:\/\/centcols.org\/backup\/wp-json\/wp\/v2\/posts\/21999"}],"collection":[{"href":"https:\/\/centcols.org\/backup\/wp-json\/wp\/v2\/posts"}],"about":[{"href":"https:\/\/centcols.org\/backup\/wp-json\/wp\/v2\/types\/post"}],"author":[{"embeddable":true,"href":"https:\/\/centcols.org\/backup\/wp-json\/wp\/v2\/users\/17"}],"replies":[{"embeddable":true,"href":"https:\/\/centcols.org\/backup\/wp-json\/wp\/v2\/comments?post=21999"}],"version-history":[{"count":0,"href":"https:\/\/centcols.org\/backup\/wp-json\/wp\/v2\/posts\/21999\/revisions"}],"wp:attachment":[{"href":"https:\/\/centcols.org\/backup\/wp-json\/wp\/v2\/media?parent=21999"}],"wp:term":[{"taxonomy":"category","embeddable":true,"href":"https:\/\/centcols.org\/backup\/wp-json\/wp\/v2\/categories?post=21999"},{"taxonomy":"post_tag","embeddable":true,"href":"https:\/\/centcols.org\/backup\/wp-json\/wp\/v2\/tags?post=21999"}],"curies":[{"name":"wp","href":"https:\/\/api.w.org\/{rel}","templated":true}]}}