{"id":22002,"date":"2015-04-23T12:12:27","date_gmt":"2015-04-23T10:12:27","guid":{"rendered":"http:\/\/centcols.org\/backup\/?p=22002"},"modified":"2023-08-17T20:27:08","modified_gmt":"2023-08-17T18:27:08","slug":"sejour-de-printemps-en-catalogne-espagnole-a-ripoll-gi-du-9-au-16-avril-2011","status":"publish","type":"post","link":"https:\/\/centcols.org\/backup\/sejour-de-printemps-en-catalogne-espagnole-a-ripoll-gi-du-9-au-16-avril-2011\/","title":{"rendered":"S\u00e9jour de printemps en Catalogne espagnole \u00e0 Ripoll (GI) du 9 au 16 avril 2011"},"content":{"rendered":"<h2><img loading=\"lazy\" decoding=\"async\" class=\"aligncenter wp-image-22025 size-full\" src=\"https:\/\/centcols.org\/backup\/wp-content\/uploads\/2015\/09\/banner.jpg\" alt=\"banner\" width=\"1000\" height=\"150\" srcset=\"https:\/\/centcols.org\/backup\/wp-content\/uploads\/2015\/09\/banner.jpg 1000w, https:\/\/centcols.org\/backup\/wp-content\/uploads\/2015\/09\/banner-600x90.jpg 600w, https:\/\/centcols.org\/backup\/wp-content\/uploads\/2015\/09\/banner-500x75.jpg 500w\" sizes=\"(max-width: 1000px) 100vw, 1000px\" \/>Pr\u00e9sentation<\/h2>\n<p><strong>Pour la premi\u00e8re fois, un s\u00e9jour du Club des Cent Cols se situera hors de France. En effet, notre s\u00e9jour de printemps 2011 se d\u00e9roulera \u00e0 Ripoll (situ\u00e9 \u00e0 65 km au sud de Bourg-Madame et \u00e0 80 km \u00e0 l\u2019ouest de la Costa Brava), en terre catalane, dans la province de Girona.<\/strong><\/p>\n<p>Le Ripoll\u00e8s est une comarca (l&#8217;une des 41 subdivisions administratives de Catalogne) entour\u00e9e de montagnes, (cha\u00eene des Pyr\u00e9n\u00e9es au nord et nombreuses \u00ab Serra \u00bb tout autour), travers\u00e9e de vall\u00e9es (Vall de Ribes, de Camprodon et de Baix Ripoll\u00e8s), o\u00f9 coulent du nord au sud el Freser et el Ter : montagnes, rivi\u00e8res, vall\u00e9es, villages d\u2019origine m\u00e9di\u00e9vale pour la plupart nous permettront d\u2019appr\u00e9cier sa beaut\u00e9.<\/p>\n<p>C\u2019est une r\u00e9gion offrant un r\u00e9seau important de routes, pistes, chemins et sentiers, parsem\u00e9 de cols et donc tr\u00e8s favorable \u00e0 la pratique de notre activit\u00e9.<\/p>\n<p>C\u2019est aussi une des r\u00e9gions poss\u00e9dant le plus d\u2019\u00e9difices romans en Europe : 98 monuments r\u00e9partis dans les 19 villages de la comarca : monast\u00e8res, ermitages, \u00e9glises, ponts m\u00e9di\u00e9vaux que vous ne manquerez pas de visiter au cours de vos sorties v\u00e9lo ou VTT.<\/p>\n<p>Rendez-vous donc \u00e0 Ripoll, dont le monast\u00e8re b\u00e9n\u00e9dictin Santa Maria de Ripoll fond\u00e9 par Guifred le Velu en 880 devint l\u2019un des centres monastiques les plus importants de la Catalogne, et ce jusqu\u2019au XV\u00e8me si\u00e8cle. Ce monument, de grand int\u00e9r\u00eat historique et culturel, constitue l\u2019un des plus beaux exemples de l\u2019art roman catalan.<\/p>\n<p>Alain GILLODES ( CC n\u00b0 722) et Chantal SALA (CC n\u00b0 3674)<\/p>\n<div id='gallery-1' class='gallery galleryid-22002 gallery-columns-3 gallery-size-thumbnail'><dl class='gallery-item'>\n\t\t\t<dt class='gallery-icon landscape'>\n\t\t\t\t<img loading=\"lazy\" decoding=\"async\" width=\"200\" height=\"150\" src=\"https:\/\/centcols.org\/backup\/wp-content\/uploads\/2015\/04\/santJaume.jpg\" class=\"attachment-thumbnail size-thumbnail\" alt=\"\" \/>\n\t\t\t<\/dt><\/dl><dl class='gallery-item'>\n\t\t\t<dt class='gallery-icon landscape'>\n\t\t\t\t<img loading=\"lazy\" decoding=\"async\" width=\"300\" height=\"300\" src=\"https:\/\/centcols.org\/backup\/wp-content\/uploads\/2015\/04\/ripolles-300x300.jpg\" class=\"attachment-thumbnail size-thumbnail\" alt=\"\" srcset=\"https:\/\/centcols.org\/backup\/wp-content\/uploads\/2015\/04\/ripolles-300x300.jpg 300w, https:\/\/centcols.org\/backup\/wp-content\/uploads\/2015\/04\/ripolles-100x100.jpg 100w\" sizes=\"(max-width: 300px) 100vw, 300px\" \/>\n\t\t\t<\/dt><\/dl><dl class='gallery-item'>\n\t\t\t<dt class='gallery-icon landscape'>\n\t\t\t\t<img loading=\"lazy\" decoding=\"async\" width=\"200\" height=\"150\" src=\"https:\/\/centcols.org\/backup\/wp-content\/uploads\/2015\/04\/rupit.jpg\" class=\"attachment-thumbnail size-thumbnail\" alt=\"\" \/>\n\t\t\t<\/dt><\/dl><br style=\"clear: both\" \/>\n\t\t<\/div>\n\n<h2>Informations pratiques importantes<\/h2>\n<h3>Organisation pratique<\/h3>\n<p style=\"text-align: justify;\">Les deux h\u00f4tels qui nous h\u00e9bergeront sont distants de 3km.<br \/>\nA son arriv\u00e9e \u00e0 Ripoll chacun d&#8217;entre vous (y compris les campeurs) recevra une carte qui comportera tous les renseignements concernant la formule d&#8217;h\u00e9bergement choisie et les prestations r\u00e9gl\u00e9es. Merci de garder cette carte sur vous, notamment lors de vos passages au restaurant. Cette carte vous sera remise \u00e0 l&#8217;h\u00f4tel o\u00f9 vous serez h\u00e9berg\u00e9s, soit entre 16h et 17h45 le samedi 9 avril \u00e0 la permanence que nous tiendrons, soit, en dehors de cet horaire, \u00e0 la r\u00e9ception de votre h\u00f4tel. L&#8217;ensemble des participants se retrouvera ensuite, \u00e0 18h, \u00e0 l&#8217;h\u00f4tel La SOLANA del TER, pour le pot d&#8217;accueil.<br \/>\nChacun des h\u00f4tels mettra \u00e0 notre disposition un local \u00e0 v\u00e9lo.<\/p>\n<h3>Horaires des repas<\/h3>\n<ul>\n<li>Petit-d\u00e9jeuner (et r\u00e9cup\u00e9ration du pique-nique) \u00e0 7h 30<\/li>\n<li>D\u00eener \u00e0 20h<\/li>\n<\/ul>\n<h3>D\u00e9part des randonn\u00e9es<\/h3>\n<p style=\"text-align: justify;\">9h 00 au lieu de d\u00e9part r\u00e9el, apr\u00e8s approche en voiture \u00e9ventuelle.<\/p>\n<p style=\"text-align: justify;\">Le programme d\u00e9taill\u00e9 indique pour chaque circuit le lieu de d\u00e9part r\u00e9el et situe le parking choisi pour votre stationnement; la carte interactive de chaque circuit vous permettra aussi de visualiser son lieu de d\u00e9part tr\u00e8s pr\u00e9cis\u00e9ment (voir ci-contre); il indique \u00e9galement la distance depuis Ripoll, g\u00e9n\u00e9ralement inf\u00e9rieure ou \u00e9gale \u00e0 35km et les sites remarquables. Ceux-ci sont d&#8217;ailleurs d\u00e9taill\u00e9s dans les notes culturelles et touristiques<\/p>\n<h3>Programme des animations<\/h3>\n<ul>\n<li style=\"text-align: justify;\">Samedi 9 avril 2011\n<ul>\n<li>A partir de 16h\u00a0 Accueil des participants dans chaque h\u00f4tel, remise des cartes individuelles pour le s\u00e9jour<\/li>\n<li>A 18h\u00a0 A la SOLANA DEL TER, pr\u00e9sentation du s\u00e9jour et du programme par le Pr\u00e9sident R\u00e9gis Paraz; ap\u00e9ritif de bienvenue en pr\u00e9sence de Madame le Maire de Ripoll, madame Jorda y Roura.<\/li>\n<\/ul>\n<\/li>\n<li style=\"text-align: justify;\">Lundi 11 avril 2011\n<ul>\n<li>A 18h\u00a0 Br\u00e8ve conf\u00e9rence sur l&#8217;histoire de la Catalogne, pr\u00e9sent\u00e9e par Mich\u00e8le, institutrice \u00e0 Ripoll.<\/li>\n<\/ul>\n<\/li>\n<li style=\"text-align: justify;\">Mercredi 13 avril 2011\n<ul>\n<li>A 18h30\u00a0 Conf\u00e9rence sur les affections cardio-vasculaires et les risques li\u00e9s \u00e0 la pratique de notre sport pr\u00e9sent\u00e9e par le docteur Bernard Corbet (CC N\u00b0 5364)<\/li>\n<\/ul>\n<\/li>\n<li style=\"text-align: justify;\">Vendredi 15 avril 2011\n<ul>\n<li>A 18h\u00a0 Petit concert de musique catalane offert par madame Jorda y Roura, Maire de Ripoll.<\/li>\n<li>A 19h\u00a0 Ap\u00e9ritif de cl\u00f4ture du s\u00e9jour \u00e0 l&#8217;h\u00f4tel LA TROBADA<\/li>\n<\/ul>\n<\/li>\n<\/ul>\n<p style=\"text-align: justify;\">La Boutique sera \u00e0 votre disposition deux soirs (les jours et le lieu seront d\u00e9termin\u00e9s sur place) de 18 \u00e0 20 heures<\/p>\n<h3 style=\"text-align: justify;\">Panneaux d&#8217;affichage<\/h3>\n<p style=\"text-align: justify;\">Dans chacun des h\u00f4tels un panneau d&#8217;affichage vous apportera les informations n\u00e9cessaires &#8211; n&#8217;oubliez pas de le consulter.<\/p>\n<h2>Les circuits<\/h2>\n<p style=\"text-align: justify;\"><a href=\"\/membres\/cctours\/tours.php?lieu=Ripoll&amp;an=2011&amp;genre=R\">Sept circuits routiers<\/a> et <a href=\"\/membres\/cctours\/tours.php?lieu=Ripoll&amp;an=2011&amp;genre=V\">sept circuits VTT<\/a> sont propos\u00e9s. Quatre des circuits routiers partent de Ripoll et trois n\u00e9cessitent des avanc\u00e9es en voiture de 12 \u00e0 37 km. Deux des circuits VTT partent de Ripoll, les autres \u00e9tant d\u00e9cal\u00e9s de 12 \u00e0 26 km.<\/p>\n<p style=\"text-align: justify;\">En avril la m\u00e9t\u00e9o est normalement cl\u00e9mente dans cette r\u00e9gion, situ\u00e9e sur le versant m\u00e9diterran\u00e9en de la ligne de partage des eaux et au sud de la cha\u00eene des Pyr\u00e9n\u00e9es. Ne pas oublier cependant que Ripoll est dans une vall\u00e9e \u00e0 700 m\u00e8tres d&#8217;altitude et que tous les circuits seront \u00e0 une altitude sup\u00e9rieure, un des circuits routiers allant jusqu&#8217;\u00e0 2104 m\u00e8tres. Pr\u00e9voir donc des v\u00eatements adapt\u00e9s.<\/p>\n<p style=\"text-align: justify;\">\n<div id='gallery-2' class='gallery galleryid-22002 gallery-columns-2 gallery-size-thumbnail'><dl class='gallery-item'>\n\t\t\t<dt class='gallery-icon landscape'>\n\t\t\t\t<img loading=\"lazy\" decoding=\"async\" width=\"200\" height=\"150\" src=\"https:\/\/centcols.org\/backup\/wp-content\/uploads\/2015\/04\/vidra.jpg\" class=\"attachment-thumbnail size-thumbnail\" alt=\"\" \/>\n\t\t\t<\/dt><\/dl><dl class='gallery-item'>\n\t\t\t<dt class='gallery-icon landscape'>\n\t\t\t\t<img loading=\"lazy\" decoding=\"async\" width=\"200\" height=\"150\" src=\"https:\/\/centcols.org\/backup\/wp-content\/uploads\/2015\/04\/pal.jpg\" class=\"attachment-thumbnail size-thumbnail\" alt=\"\" \/>\n\t\t\t<\/dt><\/dl><br style=\"clear: both\" \/>\n\t\t<\/div>\n\n<h6>Les circuits routiers ont \u00e9t\u00e9 con\u00e7us par Alain Gillodes et Chantal Sala, et trac\u00e9s par Mario Labelle.<br \/>\nT\u00e9l\u00e9chargez une <a href=\"https:\/\/centcols.org\/backup\/wp-content\/uploads\/2015\/04\/routiers_papier.jpg\" target=\"_blank\" rel=\"noopener\">carte synoptique<\/a> imprimable de tous les circuits routiers (1,9 Mo) &#8212; merci \u00e0 G\u00e9rard Birelli.<\/h6>\n<h6>Les circuits VTT ont \u00e9t\u00e9 con\u00e7us par Alain Gillodes et Chantal Sala, et trac\u00e9s par G\u00e9rard Birelli.<\/h6>\n<div id='gallery-3' class='gallery galleryid-22002 gallery-columns-8 gallery-size-thumbnail'><dl class='gallery-item'>\n\t\t\t<dt class='gallery-icon landscape'>\n\t\t\t\t<img loading=\"lazy\" decoding=\"async\" width=\"200\" height=\"150\" src=\"https:\/\/centcols.org\/backup\/wp-content\/uploads\/2015\/04\/trobada.jpg\" class=\"attachment-thumbnail size-thumbnail\" alt=\"\" \/>\n\t\t\t<\/dt><\/dl><dl class='gallery-item'>\n\t\t\t<dt class='gallery-icon landscape'>\n\t\t\t\t<img loading=\"lazy\" decoding=\"async\" width=\"200\" height=\"62\" src=\"https:\/\/centcols.org\/backup\/wp-content\/uploads\/2015\/04\/elRipolles.png\" class=\"attachment-thumbnail size-thumbnail\" alt=\"\" \/>\n\t\t\t<\/dt><\/dl><dl class='gallery-item'>\n\t\t\t<dt class='gallery-icon landscape'>\n\t\t\t\t<img loading=\"lazy\" decoding=\"async\" width=\"200\" height=\"133\" src=\"https:\/\/centcols.org\/backup\/wp-content\/uploads\/2015\/04\/espanya.png\" class=\"attachment-thumbnail size-thumbnail\" alt=\"\" \/>\n\t\t\t<\/dt><\/dl><dl class='gallery-item'>\n\t\t\t<dt class='gallery-icon landscape'>\n\t\t\t\t<img loading=\"lazy\" decoding=\"async\" width=\"200\" height=\"133\" src=\"https:\/\/centcols.org\/backup\/wp-content\/uploads\/2015\/04\/girona.png\" class=\"attachment-thumbnail size-thumbnail\" alt=\"\" \/>\n\t\t\t<\/dt><\/dl><dl class='gallery-item'>\n\t\t\t<dt class='gallery-icon landscape'>\n\t\t\t\t<img loading=\"lazy\" decoding=\"async\" width=\"200\" height=\"133\" src=\"https:\/\/centcols.org\/backup\/wp-content\/uploads\/2015\/04\/ripoll.png\" class=\"attachment-thumbnail size-thumbnail\" alt=\"\" \/>\n\t\t\t<\/dt><\/dl><dl class='gallery-item'>\n\t\t\t<dt class='gallery-icon landscape'>\n\t\t\t\t<img loading=\"lazy\" decoding=\"async\" width=\"200\" height=\"135\" src=\"https:\/\/centcols.org\/backup\/wp-content\/uploads\/2015\/04\/senyera.png\" class=\"attachment-thumbnail size-thumbnail\" alt=\"\" \/>\n\t\t\t<\/dt><\/dl><dl class='gallery-item'>\n\t\t\t<dt class='gallery-icon landscape'>\n\t\t\t\t<img loading=\"lazy\" decoding=\"async\" width=\"200\" height=\"150\" src=\"https:\/\/centcols.org\/backup\/wp-content\/uploads\/2015\/04\/solana.jpg\" class=\"attachment-thumbnail size-thumbnail\" alt=\"\" \/>\n\t\t\t<\/dt><\/dl>\n\t\t\t<br style='clear: both' \/>\n\t\t<\/div>\n\n<h2 style=\"text-align: justify;\">H\u00e9bergements<\/h2>\n<p style=\"text-align: justify;\">Les participants sont h\u00e9berg\u00e9s dans deux h\u00f4tels de Ripoll, cette petite ville de 11 000 habitants ne poss\u00e9dant pas un \u00e9tablissement unique pouvant contenir notre nombre important de cyclos. Les prestations des deux \u00e9tablissements sont semblables et un des deux h\u00f4tels vous a \u00e9t\u00e9 assign\u00e9 apr\u00e8s votre inscription au s\u00e9jour. Les deux h\u00f4tels sont La Solana del Ter (punaise S sur la carte ci-dessous) et La Trobada (punaise T).<\/p>\n<p style=\"text-align: justify;\">Le forfait Pension Compl\u00e8te indiqu\u00e9 dans le bulletin d&#8217;inscription couvre l&#8217;h\u00e9bergement pour 7 nuits, du 09\/04 au 15\/04 inclusivement et tous les repas allant du d\u00eener du samedi soir 09\/04 au petit d\u00e9jeuner du samedi matin 16\/04, inclusivement.<\/p>\n","protected":false},"excerpt":{"rendered":"<p>Pr\u00e9sentation Pour la premi\u00e8re fois, un s\u00e9jour du Club des Cent Cols se situera hors de France. En effet, notre s\u00e9jour de printemps 2011 se d\u00e9roulera \u00e0 Ripoll (situ\u00e9 \u00e0 65 km au sud de Bourg-Madame et \u00e0 80 km \u00e0 l\u2019ouest de la Costa Brava), en terre catalane, dans la province de Girona. Le [&hellip;]<\/p>\n","protected":false},"author":17,"featured_media":0,"comment_status":"closed","ping_status":"closed","sticky":false,"template":"","format":"standard","meta":{"_acf_changed":false,"ub_ctt_via":"","_monsterinsights_skip_tracking":false,"_monsterinsights_sitenote_active":false,"_monsterinsights_sitenote_note":"","_monsterinsights_sitenote_category":0,"footnotes":""},"categories":[35],"tags":[],"acf":[],"featured_image_urls":{"full":"","thumbnail":"","medium":"","medium_large":"","large":"","1536x1536":"","2048x2048":"","woocommerce_thumbnail":"","woocommerce_single":"","woocommerce_gallery_thumbnail":""},"post_excerpt_stackable":"<p>Pr\u00e9sentation Pour la premi\u00e8re fois, un s\u00e9jour du Club des Cent Cols se situera hors de France. En effet, notre s\u00e9jour de printemps 2011 se d\u00e9roulera \u00e0 Ripoll (situ\u00e9 \u00e0 65 km au sud de Bourg-Madame et \u00e0 80 km \u00e0 l\u2019ouest de la Costa Brava), en terre catalane, dans la province de Girona. Le Ripoll\u00e8s est une comarca (l&#8217;une des 41 subdivisions administratives de Catalogne) entour\u00e9e de montagnes, (cha\u00eene des Pyr\u00e9n\u00e9es au nord et nombreuses \u00ab Serra \u00bb tout autour), travers\u00e9e de vall\u00e9es (Vall de Ribes, de Camprodon et de Baix Ripoll\u00e8s), o\u00f9 coulent du nord au sud el\u2026<\/p>\n","category_list":"<a href=\"https:\/\/centcols.org\/backup\/categorie\/sejours\/\" rel=\"category tag\">S\u00e9jours<\/a>","author_info":{"display_name":"R\u00e9gis Paraz","author_link":"https:\/\/centcols.org\/backup\/author\/3225\/"},"comments_num":"0 commentaire","featured_image_urls_v2":{"full":"","thumbnail":"","medium":"","medium_large":"","large":"","1536x1536":"","2048x2048":"","woocommerce_thumbnail":"","woocommerce_single":"","woocommerce_gallery_thumbnail":""},"post_excerpt_stackable_v2":"<p>Pr\u00e9sentation Pour la premi\u00e8re fois, un s\u00e9jour du Club des Cent Cols se situera hors de France. En effet, notre s\u00e9jour de printemps 2011 se d\u00e9roulera \u00e0 Ripoll (situ\u00e9 \u00e0 65 km au sud de Bourg-Madame et \u00e0 80 km \u00e0 l\u2019ouest de la Costa Brava), en terre catalane, dans la province de Girona. Le Ripoll\u00e8s est une comarca (l&#8217;une des 41 subdivisions administratives de Catalogne) entour\u00e9e de montagnes, (cha\u00eene des Pyr\u00e9n\u00e9es au nord et nombreuses \u00ab Serra \u00bb tout autour), travers\u00e9e de vall\u00e9es (Vall de Ribes, de Camprodon et de Baix Ripoll\u00e8s), o\u00f9 coulent du nord au sud el\u2026<\/p>\n","category_list_v2":"<a href=\"https:\/\/centcols.org\/backup\/categorie\/sejours\/\" rel=\"category tag\">S\u00e9jours<\/a>","author_info_v2":{"name":"R\u00e9gis Paraz","url":"https:\/\/centcols.org\/backup\/author\/3225\/"},"comments_num_v2":"0 commentaire","featured_image_src":null,"_links":{"self":[{"href":"https:\/\/centcols.org\/backup\/wp-json\/wp\/v2\/posts\/22002"}],"collection":[{"href":"https:\/\/centcols.org\/backup\/wp-json\/wp\/v2\/posts"}],"about":[{"href":"https:\/\/centcols.org\/backup\/wp-json\/wp\/v2\/types\/post"}],"author":[{"embeddable":true,"href":"https:\/\/centcols.org\/backup\/wp-json\/wp\/v2\/users\/17"}],"replies":[{"embeddable":true,"href":"https:\/\/centcols.org\/backup\/wp-json\/wp\/v2\/comments?post=22002"}],"version-history":[{"count":0,"href":"https:\/\/centcols.org\/backup\/wp-json\/wp\/v2\/posts\/22002\/revisions"}],"wp:attachment":[{"href":"https:\/\/centcols.org\/backup\/wp-json\/wp\/v2\/media?parent=22002"}],"wp:term":[{"taxonomy":"category","embeddable":true,"href":"https:\/\/centcols.org\/backup\/wp-json\/wp\/v2\/categories?post=22002"},{"taxonomy":"post_tag","embeddable":true,"href":"https:\/\/centcols.org\/backup\/wp-json\/wp\/v2\/tags?post=22002"}],"curies":[{"name":"wp","href":"https:\/\/api.w.org\/{rel}","templated":true}]}}