{"id":22113,"date":"2015-04-23T12:09:30","date_gmt":"2015-04-23T10:09:30","guid":{"rendered":"http:\/\/centcols.org\/backup\/?p=22113"},"modified":"2015-09-30T11:57:09","modified_gmt":"2015-09-30T09:57:09","slug":"sejour-estival-du-club-des-cent-cols-a-val-louron-hautes-pyrenees-du-11-au-15-aout-2009","status":"publish","type":"post","link":"https:\/\/centcols.org\/backup\/sejour-estival-du-club-des-cent-cols-a-val-louron-hautes-pyrenees-du-11-au-15-aout-2009\/","title":{"rendered":"S\u00e9jour estival du Club des Cent Cols \u00e0 Val-Louron (Hautes-Pyr\u00e9n\u00e9es) du 11 au 15 ao\u00fbt 2009"},"content":{"rendered":"<h2>Pr\u00e9sentation<\/h2>\n<p>Comme chaque ann\u00e9e, \u00e0 la mi-ao\u00fbt, le Club des Cent Cols convie ses adh\u00e9rents \u00e0 un rassemblement international au sommet d&#8217;un col. Le samedi 15 ao\u00fbt 2009, nous nous retrouverons au sommet du col d&#8217;Azet (FR-65-1580) dans les Pyr\u00e9n\u00e9es.<\/p>\n<p>Ce rassemblement s&#8217;accompagnera d&#8217;un s\u00e9jour (du 11\/08 au soir au 15\/08 \u00e0 midi). Notre h\u00e9bergement est retenu au &#8220;Lustou&#8221; dans la station de Val Louron. Chaque jour, un circuit routier et un circuit VTT seront propos\u00e9s aux participants.<\/p>\n<p>Le CA<\/p>\n<div id='gallery-1' class='gallery galleryid-22113 gallery-columns-4 gallery-size-thumbnail'><dl class='gallery-item'>\n\t\t\t<dt class='gallery-icon landscape'>\n\t\t\t\t<a href='https:\/\/centcols.org\/backup\/val-louron-01\/'><img loading=\"lazy\" decoding=\"async\" width=\"300\" height=\"300\" src=\"https:\/\/centcols.org\/backup\/wp-content\/uploads\/2015\/04\/Val-Louron-01-300x300.jpg\" class=\"attachment-thumbnail size-thumbnail\" alt=\"\" srcset=\"https:\/\/centcols.org\/backup\/wp-content\/uploads\/2015\/04\/Val-Louron-01-300x300.jpg 300w, https:\/\/centcols.org\/backup\/wp-content\/uploads\/2015\/04\/Val-Louron-01-100x100.jpg 100w\" sizes=\"(max-width: 300px) 100vw, 300px\" \/><\/a>\n\t\t\t<\/dt><\/dl><dl class='gallery-item'>\n\t\t\t<dt class='gallery-icon landscape'>\n\t\t\t\t<a href='https:\/\/centcols.org\/backup\/val-louron-02\/'><img loading=\"lazy\" decoding=\"async\" width=\"300\" height=\"300\" src=\"https:\/\/centcols.org\/backup\/wp-content\/uploads\/2015\/04\/Val-Louron-02-300x300.jpg\" class=\"attachment-thumbnail size-thumbnail\" alt=\"\" srcset=\"https:\/\/centcols.org\/backup\/wp-content\/uploads\/2015\/04\/Val-Louron-02-300x300.jpg 300w, https:\/\/centcols.org\/backup\/wp-content\/uploads\/2015\/04\/Val-Louron-02-100x100.jpg 100w\" sizes=\"(max-width: 300px) 100vw, 300px\" \/><\/a>\n\t\t\t<\/dt><\/dl><dl class='gallery-item'>\n\t\t\t<dt class='gallery-icon landscape'>\n\t\t\t\t<a href='https:\/\/centcols.org\/backup\/val-louron-03\/'><img loading=\"lazy\" decoding=\"async\" width=\"300\" height=\"300\" src=\"https:\/\/centcols.org\/backup\/wp-content\/uploads\/2015\/04\/Val-Louron-03-300x300.jpg\" class=\"attachment-thumbnail size-thumbnail\" alt=\"\" srcset=\"https:\/\/centcols.org\/backup\/wp-content\/uploads\/2015\/04\/Val-Louron-03-300x300.jpg 300w, https:\/\/centcols.org\/backup\/wp-content\/uploads\/2015\/04\/Val-Louron-03-100x100.jpg 100w\" sizes=\"(max-width: 300px) 100vw, 300px\" \/><\/a>\n\t\t\t<\/dt><\/dl><dl class='gallery-item'>\n\t\t\t<dt class='gallery-icon landscape'>\n\t\t\t\t<a href='https:\/\/centcols.org\/backup\/val-louron-04\/'><img loading=\"lazy\" decoding=\"async\" width=\"300\" height=\"300\" src=\"https:\/\/centcols.org\/backup\/wp-content\/uploads\/2015\/04\/Val-Louron-04-300x300.jpg\" class=\"attachment-thumbnail size-thumbnail\" alt=\"\" srcset=\"https:\/\/centcols.org\/backup\/wp-content\/uploads\/2015\/04\/Val-Louron-04-300x300.jpg 300w, https:\/\/centcols.org\/backup\/wp-content\/uploads\/2015\/04\/Val-Louron-04-100x100.jpg 100w\" sizes=\"(max-width: 300px) 100vw, 300px\" \/><\/a>\n\t\t\t<\/dt><\/dl><br style=\"clear: both\" \/>\n\t\t<\/div>\n\n<h2>Les cols<\/h2>\n<p>Attention : Cette liste diff\u00e8re l\u00e9g\u00e8rement de celle de la revue; cette liste est la version officielle<\/p>\n<h3>Circuits routiers<\/h3>\n<p>Le vendredi 14 ao\u00fbt vous avez le choix entre deux circuits. <i>(Cliquez sur le nom du circuit pour les d\u00e9tails)<\/i><\/p>\n<table>\n<tbody>\n<tr>\n<td>\n<table>\n<thead>\n<tr>\n<th>Mercredi 12 ao\u00fbt<br \/>\n\u00ab <a class=\"iframe-fancybox\" href=\"https:\/\/centcols.org\/backup\/les_rendez-vous\/2009\/Val-Louron\/R1.htm\">Val-Louron nord-est<\/a> \u00bb<br \/>\nD\u00e9part : Val Louron<\/th>\n<th>Jeudi 13 ao\u00fbt<br \/>\n\u00ab <a class=\"iframe-fancybox\" href=\"https:\/\/centcols.org\/backup\/les_rendez-vous\/2009\/Val-Louron\/R2.htm\">Luchon<\/a> \u00bb<br \/>\nD\u00e9part : Luchon<\/th>\n<th>Vendredi 14 ao\u00fbt<br \/>\n\u00ab <a class=\"iframe-fancybox\" href=\"https:\/\/centcols.org\/backup\/les_rendez-vous\/2009\/Val-Louron\/R3.htm\">Arreau<\/a> \u00bb<br \/>\nD\u00e9part : Arreau<\/th>\n<th>Vendredi 14 ao\u00fbt<br \/>\n\u00ab <a class=\"iframe-fancybox\" href=\"https:\/\/centcols.org\/backup\/les_rendez-vous\/2009\/Val-Louron\/R4.htm\">Val-Louron nord-ouest<\/a> \u00bb<br \/>\nD\u00e9part : Val Louron<\/th>\n<\/tr>\n<\/thead>\n<tbody>\n<tr>\n<td style=\"vertical-align: top;\">\n<ol>\n<li><a class=\"iframe-fancybox\" href=\"https:\/\/centcols.org\/backup\/util\/geo\/visuGP.php?c=31156900\" target=\"_BLANK\">FR-31-1569<\/a><br \/>\nCol de Peyresourde<\/li>\n<li><a class=\"iframe-fancybox\" href=\"https:\/\/centcols.org\/backup\/util\/geo\/visuGP.php?c=31175500\" target=\"_BLANK\">FR-31-1755<\/a><br \/>\nPort de Bal\u00e8s<br \/>\n<span class=\"note\">(Note 1)<\/span><\/li>\n<li><a class=\"iframe-fancybox\" href=\"https:\/\/centcols.org\/backup\/util\/geo\/visuGP.php?c=65063100\" target=\"_BLANK\">FR-65-0631<\/a><br \/>\nCol de Mazouau<\/li>\n<li><a class=\"iframe-fancybox\" href=\"https:\/\/centcols.org\/backup\/util\/geo\/visuGP.php?c=65158000\" target=\"_BLANK\">FR-65-1580<\/a><br \/>\nCol de Val Louron-Azet<\/li>\n<li><a class=\"iframe-fancybox\" href=\"https:\/\/centcols.org\/backup\/util\/geo\/visuGP.php?c=65158500\" target=\"_BLANK\">FR-65-1585<\/a><br \/>\nCouret de Latuhe<br \/>\n<span class=\"note\">(Note 2)<\/span><\/li>\n<\/ol>\n<\/td>\n<td style=\"vertical-align: top;\">\n<ol>\n<li><a class=\"iframe-fancybox\" href=\"https:\/\/centcols.org\/backup\/util\/geo\/visuGP.php?c=31129300\" target=\"_BLANK\">FR-31-1293<\/a><br \/>\nPortillon de Burbe<\/li>\n<li><a class=\"iframe-fancybox\" href=\"https:\/\/centcols.org\/backup\/util\/geo\/visuGP.php?c=31138200\" target=\"_BLANK\">FR-31-1382<\/a><br \/>\nCol d\u2019Artigaux<\/li>\n<li><a class=\"iframe-fancybox\" href=\"https:\/\/centcols.org\/backup\/util\/geo\/visuGP.php?c=31134500\" target=\"_BLANK\">FR-31-1345<\/a><br \/>\nCol d\u2019Artigascou<\/li>\n<li><a class=\"iframe-fancybox\" href=\"https:\/\/centcols.org\/backup\/util\/geo\/visuGP.php?c=31140501\" target=\"_BLANK\">FR-31-1405a<\/a><br \/>\nCol de Lagues<br \/>\n<span class=\"note\">(Note 3)<\/span><\/li>\n<li><a class=\"iframe-fancybox\" href=\"https:\/\/centcols.org\/backup\/util\/geo\/visuGP.php?c=31134900\" target=\"_BLANK\">FR-31-1349<\/a><br \/>\nCol de Ment\u00e9<\/li>\n<li><a class=\"iframe-fancybox\" href=\"https:\/\/centcols.org\/backup\/util\/geo\/visuGP.php?c=31124600\" target=\"_BLANK\">FR-31-1246<\/a><br \/>\nCol de la Clin<\/li>\n<li><a class=\"iframe-fancybox\" href=\"https:\/\/centcols.org\/backup\/util\/geo\/visuGP.php?c=31059900\" target=\"_BLANK\">FR-31-0599<\/a><br \/>\nCol de Buret<\/li>\n<li><a class=\"iframe-fancybox\" href=\"https:\/\/centcols.org\/backup\/util\/geo\/visuGP.php?c=31071501\" target=\"_BLANK\">FR-31-0715a<\/a><br \/>\nCol du Bech<\/li>\n<li><a class=\"iframe-fancybox\" href=\"https:\/\/centcols.org\/backup\/util\/geo\/visuGP.php?c=31079700\" target=\"_BLANK\">FR-31-0797<\/a><br \/>\nCol des Ares<\/li>\n<\/ol>\n<\/td>\n<td>\n<ol>\n<li><a class=\"iframe-fancybox\" href=\"https:\/\/centcols.org\/backup\/util\/geo\/visuGP.php?c=65148900\" target=\"_BLANK\">FR-65-1489<\/a><br \/>\nCol d\u2019Aspin<\/li>\n<li><a class=\"iframe-fancybox\" href=\"https:\/\/centcols.org\/backup\/util\/geo\/visuGP.php?c=65081000\" target=\"_BLANK\">FR-65-0810<\/a><br \/>\nCol des Palomi\u00e8res<\/li>\n<li><a class=\"iframe-fancybox\" href=\"https:\/\/centcols.org\/backup\/util\/geo\/visuGP.php?c=65068700\" target=\"_BLANK\">FR-65-0687<\/a><br \/>\nCol de la P\u00e8de<\/li>\n<li><a class=\"iframe-fancybox\" href=\"https:\/\/centcols.org\/backup\/util\/geo\/visuGP.php?c=65055700\" target=\"_BLANK\">FR-65-0557<\/a><br \/>\nCot det Hoo<\/li>\n<li><a class=\"iframe-fancybox\" href=\"https:\/\/centcols.org\/backup\/util\/geo\/visuGP.php?c=65058400\" target=\"_BLANK\">FR-65-0584<\/a><br \/>\nPla de Couret<\/li>\n<li><a class=\"iframe-fancybox\" href=\"https:\/\/centcols.org\/backup\/util\/geo\/visuGP.php?c=65065200\" target=\"_BLANK\">FR-65-0652<\/a><br \/>\nEscots<\/li>\n<li><a class=\"iframe-fancybox\" href=\"https:\/\/centcols.org\/backup\/util\/geo\/visuGP.php?c=65061900\" target=\"_BLANK\">FR-65-0619<\/a><br \/>\nCouret d\u2019Asque<\/li>\n<li><a class=\"iframe-fancybox\" href=\"https:\/\/centcols.org\/backup\/util\/geo\/visuGP.php?c=65058900\" target=\"_BLANK\">FR-65-0589<\/a><br \/>\nCot de Sir\u00e8s<\/li>\n<li><a class=\"iframe-fancybox\" href=\"https:\/\/centcols.org\/backup\/util\/geo\/visuGP.php?c=65073200\" target=\"_BLANK\">FR-65-0732<\/a><br \/>\nCol de Coupe<\/li>\n<li><a class=\"iframe-fancybox\" href=\"https:\/\/centcols.org\/backup\/util\/geo\/visuGP.php?c=65065900\" target=\"_BLANK\">FR-65-0659<\/a><br \/>\nCol de Luquet<\/li>\n<\/ol>\n<\/td>\n<td style=\"vertical-align: top;\">\n<ol>\n<li><a class=\"iframe-fancybox\" href=\"https:\/\/centcols.org\/backup\/util\/geo\/visuGP.php?c=65141700\" target=\"_BLANK\">FR-65-1417<\/a><br \/>\nCol de Beyr\u00e8de<br \/>\n<span class=\"note\">(Note 4)<\/span><\/li>\n<li><a class=\"iframe-fancybox\" href=\"https:\/\/centcols.org\/backup\/util\/geo\/visuGP.php?c=65156400\" target=\"_BLANK\">FR-65-1564<\/a><br \/>\nHourquette d\u2019Ancizan<\/li>\n<li><a class=\"iframe-fancybox\" href=\"https:\/\/centcols.org\/backup\/util\/geo\/visuGP.php?c=65153800\" target=\"_BLANK\">FR-65-1538<\/a><br \/>\nHourquette d\u2019Arreau<\/li>\n<li><a class=\"iframe-fancybox\" href=\"https:\/\/centcols.org\/backup\/util\/geo\/visuGP.php?c=65158000\" target=\"_BLANK\">FR-65-1580<\/a><br \/>\nCol de Val Louron-Azet<\/li>\n<\/ol>\n<\/td>\n<\/tr>\n<\/tbody>\n<\/table>\n<\/td>\n<td><\/td>\n<td><\/td>\n<td>\n<p>&nbsp;<\/p>\n<p>&nbsp;<\/p>\n<p>&nbsp;<\/p>\n<p>&nbsp;<\/p>\n<p>&nbsp;<\/p>\n<p>&nbsp;<\/p>\n<p>&nbsp;<\/p>\n<p>&nbsp;<\/p>\n<p>&nbsp;<\/p>\n<p>&nbsp;<\/p>\n<p>&nbsp;<\/p>\n<p>&nbsp;<\/td>\n<\/tr>\n<\/tbody>\n<\/table>\n<hr \/>\n<p>En option \u00e0 partir du Port de Bal\u00e8s : FR-31-1855b Port de Pierrefite<\/p>\n<ul>\n<li>R1 sur 300 m\u00e8tres<\/li>\n<li>3 km de piste non-rev\u00eatue mais cyclable entre le Col d&#8217;Artigascou et le Col de Lagues<\/li>\n<li>3 km de piste non-rev\u00eatue mais cyclable (Route Foresti\u00e8re de Coumelade) entre le Col de Beyr\u00e8de et la route du col d&#8217;Aspin<\/li>\n<\/ul>\n<h3>Circuits VTT<\/h3>\n<p>Vous pouvez t\u00e9l\u00e9charger les <a href=\"https:\/\/centcols.org\/backup\/les_rendez-vous\/2009\/Val-Louron\/geo.htm\" target=\"_blank\">fichiers de g\u00e9olocalisation<\/a> GPX, Google Earth et Carto Exploreur de ces circuits.<\/p>\n<div>Le mercredi 12 ao\u00fbt vous avez le choix entre deux circuits.<br \/>\nLe 13 ao\u00fbt le circuit comprend une variante importante, et peut \u00eatre consid\u00e9r\u00e9 comme deux circuits.<br \/>\nLe circuit \u00ab Saint Lary \u00bb n&#8217;est pas programm\u00e9 pour une date en particulier.<br \/>\n<i>(Cliquez sur le nom du circuit pour les d\u00e9tails)<\/i><\/div>\n<div><\/div>\n<div>\n<table>\n<tbody>\n<tr>\n<td>\n<table>\n<thead>\n<tr>\n<th>Mercredi 12 ao\u00fbt<br \/>\n\u00ab <a class=\"iframe-fancybox\" href=\"https:\/\/centcols.org\/backup\/les_rendez-vous\/2009\/Val-Louron\/V1.htm\">Sarrancolin<\/a> \u00bb<br \/>\nD\u00e9part : Sarrancolin<\/th>\n<th>Mercredi 12 ao\u00fbt<br \/>\n\u00ab <a class=\"iframe-fancybox\" href=\"https:\/\/centcols.org\/backup\/les_rendez-vous\/2009\/Val-Louron\/V2.htm\">H\u00e8ches<\/a> \u00bb<br \/>\nD\u00e9part : H\u00e8ches<\/th>\n<th>Jeudi 13 ao\u00fbt<br \/>\n\u00ab <a class=\"iframe-fancybox\" href=\"https:\/\/centcols.org\/backup\/les_rendez-vous\/2009\/Val-Louron\/V3.htm\">Luchon<\/a> \u00bb<br \/>\nD\u00e9part : Luchon<\/th>\n<th>Vendredi 14 ao\u00fbt<br \/>\n\u00ab <a class=\"iframe-fancybox\" href=\"https:\/\/centcols.org\/backup\/les_rendez-vous\/2009\/Val-Louron\/V4.htm\">Garin<\/a> \u00bb<br \/>\nD\u00e9part : Garin <span class=\"note\">(Note 8)<\/span><\/th>\n<th>Libre choix<br \/>\n\u00ab Saint Lary \u00bb<br \/>\nD\u00e9part : Saint Lary<\/th>\n<\/tr>\n<\/thead>\n<tbody>\n<tr>\n<td>\n<ol>\n<li><a class=\"iframe-fancybox\" href=\"https:\/\/centcols.org\/backup\/util\/geo\/visuGP.php?c=65121700\" target=\"_BLANK\">FR-65-1217<\/a><br \/>\nCol d\u2019Estiv\u00e8re<\/li>\n<li><a class=\"iframe-fancybox\" href=\"https:\/\/centcols.org\/backup\/util\/geo\/visuGP.php?c=65127800\" target=\"_BLANK\">FR-65-1278<\/a><br \/>\nCol de M\u00e8nes<\/li>\n<li><a class=\"iframe-fancybox\" href=\"https:\/\/centcols.org\/backup\/util\/geo\/visuGP.php?c=65120700\" target=\"_BLANK\">FR-65-1207<\/a><br \/>\nCol d&#8217;Artiguette<\/li>\n<li><a class=\"iframe-fancybox\" href=\"https:\/\/centcols.org\/backup\/util\/geo\/visuGP.php?c=65145900\" target=\"_BLANK\">FR-65-1459<\/a><br \/>\nCol de Loyos<\/li>\n<li><a class=\"iframe-fancybox\" href=\"https:\/\/centcols.org\/backup\/util\/geo\/visuGP.php?c=65151200\" target=\"_BLANK\">FR-65-1512<\/a><br \/>\nCol de Parreu<\/li>\n<li><a class=\"iframe-fancybox\" href=\"https:\/\/centcols.org\/backup\/util\/geo\/visuGP.php?c=65145400\" target=\"_BLANK\">FR-65-1454<\/a><br \/>\nCol de Bas<\/li>\n<li><a class=\"iframe-fancybox\" href=\"https:\/\/centcols.org\/backup\/util\/geo\/visuGP.php?c=65165500\" target=\"_BLANK\">FR-65-1655<\/a><br \/>\nCol de la Lit<\/li>\n<li><a class=\"iframe-fancybox\" href=\"https:\/\/centcols.org\/backup\/util\/geo\/visuGP.php?c=65168501\" target=\"_BLANK\">FR-65-1685a<\/a><br \/>\nCol de Cap Nest\u00e8s<\/li>\n<li><a class=\"iframe-fancybox\" href=\"https:\/\/centcols.org\/backup\/util\/geo\/visuGP.php?c=65173501\" target=\"_BLANK\">FR-65-1735a<\/a><br \/>\nCol de l&#8217;Aouet<\/li>\n<li><a class=\"iframe-fancybox\" href=\"https:\/\/centcols.org\/backup\/util\/geo\/visuGP.php?c=65182400\" target=\"_BLANK\">FR-65-1824<\/a><br \/>\nHourquette d&#8217;Hum\u00e8ne<\/li>\n<li><a class=\"iframe-fancybox\" href=\"https:\/\/centcols.org\/backup\/util\/geo\/visuGP.php?c=65163500\" target=\"_BLANK\">FR-65-1635<\/a><br \/>\nCol de Gembre<\/li>\n<li><a class=\"iframe-fancybox\" href=\"https:\/\/centcols.org\/backup\/util\/geo\/visuGP.php?c=65168502\" target=\"_BLANK\">FR-65-1685b<\/a><br \/>\nCol de Son\u00e8res<\/li>\n<\/ol>\n<\/td>\n<td style=\"vertical-align: top;\">\n<ol>\n<li><a class=\"iframe-fancybox\" href=\"https:\/\/centcols.org\/backup\/util\/geo\/visuGP.php?c=65065900\" target=\"_BLANK\">FR-65-0659<\/a><br \/>\nCol de Luquet<\/li>\n<li><a class=\"iframe-fancybox\" href=\"https:\/\/centcols.org\/backup\/util\/geo\/visuGP.php?c=65073200\" target=\"_BLANK\">FR-65-0732<\/a><br \/>\nCol de Coupe<\/li>\n<li><a class=\"iframe-fancybox\" href=\"https:\/\/centcols.org\/backup\/util\/geo\/visuGP.php?c=65102800\" target=\"_BLANK\">FR-65-1028<\/a><br \/>\nCol de Couradabat<\/li>\n<li><a class=\"iframe-fancybox\" href=\"https:\/\/centcols.org\/backup\/util\/geo\/visuGP.php?c=65100000\" target=\"_BLANK\">FR-65-1000<\/a><br \/>\nCouret de Berdou<\/li>\n<li><a class=\"iframe-fancybox\" href=\"https:\/\/centcols.org\/backup\/util\/geo\/visuGP.php?c=65116800\" target=\"_BLANK\">FR-65-1168<\/a><br \/>\nCol des Estrets<\/li>\n<li><a class=\"iframe-fancybox\" href=\"https:\/\/centcols.org\/backup\/util\/geo\/visuGP.php?c=65123700\" target=\"_BLANK\">FR-65-1237<\/a><br \/>\nCol de Oueil Lusent<br \/>\n<span class=\"note\">(Note 5)<\/span><\/li>\n<li><a class=\"iframe-fancybox\" href=\"https:\/\/centcols.org\/backup\/util\/geo\/visuGP.php?c=65114500\" target=\"_BLANK\">FR-65-1145<\/a><br \/>\nCol des Ar\u00e8s<\/li>\n<li><a class=\"iframe-fancybox\" href=\"https:\/\/centcols.org\/backup\/util\/geo\/visuGP.php?c=65098600\" target=\"_BLANK\">FR-65-0986<\/a><br \/>\nCol de Couret<\/li>\n<li><a class=\"iframe-fancybox\" href=\"https:\/\/centcols.org\/backup\/util\/geo\/visuGP.php?c=65104200\" target=\"_BLANK\">FR-65-1042<\/a><br \/>\nCol de Moum\u00e8de<br \/>\n<span class=\"note\">(Note 6)<\/span><\/li>\n<\/ol>\n<\/td>\n<td style=\"vertical-align: top;\">\n<ol>\n<li><a class=\"iframe-fancybox\" href=\"https:\/\/centcols.org\/backup\/util\/geo\/visuGP.php?c=31129300\" target=\"_BLANK\">FR-31-1293<\/a><br \/>\nCol du Portillon de Burbe<br \/>\n<span class=\"note\">(Note 7)<\/span><\/li>\n<li><a class=\"iframe-fancybox\" href=\"https:\/\/centcols.org\/backup\/util\/geo\/visuICC.php?code=L-1337\" target=\"_BLANK\">ES-L-1337<\/a><br \/>\nCoret dera Artigueta<\/li>\n<li><a class=\"iframe-fancybox\" href=\"https:\/\/centcols.org\/backup\/util\/geo\/visuGP.php?c=31174900\" target=\"_BLANK\">FR-31-1749<\/a><br \/>\nCol de Bar\u00e8ges<\/li>\n<li><span class=\"c2k\"><a class=\"iframe-fancybox\" href=\"https:\/\/centcols.org\/backup\/util\/geo\/visuGP.php?c=31204801\" target=\"_BLANK\">FR-31-2048a<\/a><br \/>\nPassada d\u2019era Trona<\/span><\/li>\n<li><span class=\"c2k\"><a class=\"iframe-fancybox\" href=\"https:\/\/centcols.org\/backup\/util\/geo\/visuGP.php?c=31211400\" target=\"_BLANK\">FR-31-2114<\/a><br \/>\nPassage d\u2019Arr\u00e8s<\/span><\/li>\n<li><span class=\"c2k\"><a class=\"iframe-fancybox\" href=\"https:\/\/centcols.org\/backup\/util\/geo\/visuGP.php?c=31210500\" target=\"_BLANK\">FR-31-2105<\/a><br \/>\nPassage d\u2019Arrou<\/span><\/li>\n<li><span class=\"c2k\"><a class=\"iframe-fancybox\" href=\"https:\/\/centcols.org\/backup\/util\/geo\/visuGP.php?c=31204800\" target=\"_BLANK\">FR-31-2048<\/a><br \/>\nPas de Vilamos<\/span><\/li>\n<li><span class=\"c2k\"><a class=\"iframe-fancybox\" href=\"https:\/\/centcols.org\/backup\/util\/geo\/visuICC.php?code=L-2013\" target=\"_BLANK\">ES-L-2013<\/a><br \/>\nCot de Poilan\u00e8r<\/span><\/li>\n<li><span class=\"c2k\"><a class=\"iframe-fancybox\" href=\"https:\/\/centcols.org\/backup\/util\/geo\/visuGP.php?c=31206900\" target=\"_BLANK\">FR-31-2069<\/a><br \/>\nPas de la Montjoi<\/span><\/li>\n<\/ol>\n<\/td>\n<td style=\"vertical-align: top;\">\n<ol>\n<li><a class=\"iframe-fancybox\" href=\"https:\/\/centcols.org\/backup\/util\/geo\/visuGP.php?c=31168300\" target=\"_BLANK\">FR-31-1683<\/a><br \/>\nPort de Court<\/li>\n<li><a class=\"iframe-fancybox\" href=\"https:\/\/centcols.org\/backup\/util\/geo\/visuGP.php?c=31175500\" target=\"_BLANK\">FR-31-1755<\/a><br \/>\nPort de Bal\u00e8s<\/li>\n<li><a class=\"iframe-fancybox\" href=\"https:\/\/centcols.org\/backup\/util\/geo\/visuGP.php?c=65165600\" target=\"_BLANK\">FR-65-1656<\/a><br \/>\nCol de Pradaus<\/li>\n<li><a class=\"iframe-fancybox\" href=\"https:\/\/centcols.org\/backup\/util\/geo\/visuGP.php?c=65171000\" target=\"_BLANK\">FR-65-1710<\/a><br \/>\nCouret de St Martin<\/li>\n<li><a class=\"iframe-fancybox\" href=\"https:\/\/centcols.org\/backup\/util\/geo\/visuGP.php?c=65164501\" target=\"_BLANK\">FR-65-1645a<\/a><br \/>\nPassage de la Courbe<\/li>\n<li><a class=\"iframe-fancybox\" href=\"https:\/\/centcols.org\/backup\/util\/geo\/visuGP.php?c=31185502\" target=\"_BLANK\">FR-31-1855b<\/a><br \/>\nPort de Pierrefite<\/li>\n<li><span class=\"c2k\"><a class=\"iframe-fancybox\" href=\"https:\/\/centcols.org\/backup\/util\/geo\/visuGP.php?c=65203500\" target=\"_BLANK\">FR-65-2035<\/a><br \/>\nCol du Lion<\/span><\/li>\n<li><span class=\"c2k\"><a class=\"iframe-fancybox\" href=\"https:\/\/centcols.org\/backup\/util\/geo\/visuGP.php?c=31200100\" target=\"_BLANK\">FR-31-2001<\/a><br \/>\nCol de Louron<\/span><\/li>\n<li><span class=\"c2k\"><a class=\"iframe-fancybox\" href=\"https:\/\/centcols.org\/backup\/util\/geo\/visuGP.php?c=31201500\" target=\"_BLANK\">FR-31-2015<\/a><br \/>\nCol de Sahiestre<\/span><\/li>\n<li><a class=\"iframe-fancybox\" href=\"https:\/\/centcols.org\/backup\/util\/geo\/visuGP.php?c=31199200\" target=\"_BLANK\">FR-31-1992<\/a><br \/>\nPort de Pinate<\/li>\n<\/ol>\n<\/td>\n<td style=\"vertical-align: top;\">\n<ol>\n<li><span class=\"c2k\"><a class=\"iframe-fancybox\" href=\"https:\/\/centcols.org\/backup\/util\/geo\/visuGP.php?c=65221501\" target=\"_BLANK\">FR-65-2215a<\/a><br \/>\nCol de Portet<br \/>\n<span class=\"note\">(Note 9)<\/span><\/span><\/li>\n<li><span class=\"c2k\"><a class=\"iframe-fancybox\" href=\"https:\/\/centcols.org\/backup\/util\/geo\/visuGP.php?c=65227400\" target=\"_BLANK\">FR-65-2274<\/a><br \/>\nCol de Terre N\u00e8re<\/span><\/li>\n<\/ol>\n<\/td>\n<\/tr>\n<\/tbody>\n<\/table>\n<\/td>\n<td><\/td>\n<td><\/td>\n<td><\/td>\n<td><\/td>\n<\/tr>\n<\/tbody>\n<\/table>\n<\/div>\n<p>&nbsp;<\/p>\n<ul>\n<li>En option \u00e0 partir du Col de Oueil Lusent :\u00a0<a class=\"iframe-fancybox\" href=\"https:\/\/centcols.org\/backup\/util\/geo\/visuGP.php?c=65139500\" target=\"_BLANK\">FR-65-1395<\/a> Col de Castillon (S3-S4) en aller-retour.<\/li>\n<li>En option apr\u00e8s le Col de Moum\u00e8de, avant le retour \u00e0 H\u00e8ches :\u00a0<a class=\"iframe-fancybox\" href=\"https:\/\/centcols.org\/backup\/util\/geo\/visuGP.php?c=65111400\" target=\"_blank\">FR-65-1114<\/a> Pas du Moun\u00e9 en aller-retour.<\/li>\n<li>En option \u00e0 partir du Portillon de Burbe :<a class=\"iframe-fancybox\" href=\"https:\/\/centcols.org\/backup\/util\/geo\/visuICC.php?code=L-1355\" target=\"_BLANK\">ES-L-1355<\/a> Coret dera Cl\u00f2ta et <a class=\"iframe-fancybox\" href=\"https:\/\/centcols.org\/backup\/util\/geo\/visuICC.php?code=L-1404\" target=\"_BLANK\">ES-L-1404<\/a> Coret de Samor\u00e8ra.<br \/>\nDifficult\u00e9 de parking.<\/li>\n<li>En option :\u00a0<span class=\"c2k\"><a class=\"iframe-fancybox\" href=\"https:\/\/centcols.org\/backup\/util\/geo\/visuGP.php?c=65242500\" target=\"_BLANK\">FR-65-2425<\/a><\/span> Col de Jetas<\/li>\n<\/ul>\n<h2>Le compte rendu<\/h2>\n<h3>Un s\u00e9jour en Aure<\/h3>\n<p>Nous voil\u00e0 donc revenus dans les Pyr\u00e9n\u00e9es, entre vall\u00e9e d&#8217;Aure et vall\u00e9e du Louron, aux confins du Comminges, de la Bigorre et de l&#8217;Espagne\u2026<br \/>\nNous \u00e9tions un peu moins nombreux qu&#8217;en 2008, 150 environ, mais l&#8217;ambiance restait conforme \u00e0 l&#8217;esprit des Cent Cols : amiti\u00e9, entraide, bonne humeur.<\/p>\n<p>Bien s\u00fbr, tout le monde avait d\u00e9j\u00e0 franchi les cols voisins mais Alain Gillodes, le d\u00e9l\u00e9gu\u00e9 r\u00e9gional avait su d\u00e9nicher des cols plus ou moins secrets, mis en musique par Ren\u00e9 Poty et en &#8220;images&#8221; par Mario Labelle. J&#8217;ai ou\u00ef dire que certains cols de plus ou moins de 2000 ne se sont pas offerts facilement. Il a fallu prendre le guidon par les cornes ! Normal dans les zones pastorales que nous avons travers\u00e9es. C&#8217;est m\u00eame assis dans l&#8217;herbe parsem\u00e9e de bouses que nous avons assist\u00e9 \u2013sagement- \u00e0 la c\u00e9r\u00e9monie officielle lors de la concentration au col d&#8217;Azet au cours de laquelle Claude B\u00e9nistrand a prononc\u00e9 son dernier discours de Pr\u00e9sident. Il \u00e9tait encore un peu t\u00f4t pour dire merci \u00e0 l&#8217;\u00e9quipe qui passera la main lors de la prochaine AG, mais nous y avons tous pens\u00e9 !<\/p>\n<p>M\u00eame si cette ann\u00e9e le cadeau souvenir \u00e9tait une trousse de premiers secours, on peut penser que le club n&#8217;est pas en danger !<br \/>\nLe toujours aussi international s\u00e9jour a r\u00e9uni, outre de nombreux fran\u00e7ais, des Italiens, Suisses, Anglais et deux Australiens venus en voyage itin\u00e9rant depuis Amsterdam. Chapeau ! Quant aux Suisses, j&#8217;ai appris que deux d&#8217;entre eux avaient prolong\u00e9 leur s\u00e9jour dans la r\u00e9gion.<\/p>\n<p>Pour 2010, cap au nord-est, direction les Vosges\u2026<\/p>\n<p><strong>Georges Golse<\/strong><\/p>\n<h2>Albums photos<\/h2>\n","protected":false},"excerpt":{"rendered":"<p>Pr\u00e9sentation Comme chaque ann\u00e9e, \u00e0 la mi-ao\u00fbt, le Club des Cent Cols convie ses adh\u00e9rents \u00e0 un rassemblement international au sommet d&#8217;un col. Le samedi 15 ao\u00fbt 2009, nous nous retrouverons au sommet du col d&#8217;Azet (FR-65-1580) dans les Pyr\u00e9n\u00e9es. Ce rassemblement s&#8217;accompagnera d&#8217;un s\u00e9jour (du 11\/08 au soir au 15\/08 \u00e0 midi). Notre h\u00e9bergement [&hellip;]<\/p>\n","protected":false},"author":17,"featured_media":0,"comment_status":"closed","ping_status":"closed","sticky":false,"template":"","format":"standard","meta":{"_acf_changed":false,"ub_ctt_via":"","_monsterinsights_skip_tracking":false,"_monsterinsights_sitenote_active":false,"_monsterinsights_sitenote_note":"","_monsterinsights_sitenote_category":0,"footnotes":""},"categories":[35],"tags":[],"acf":[],"featured_image_urls":{"full":"","thumbnail":"","medium":"","medium_large":"","large":"","1536x1536":"","2048x2048":"","woocommerce_thumbnail":"","woocommerce_single":"","woocommerce_gallery_thumbnail":""},"post_excerpt_stackable":"<p>Pr\u00e9sentation Comme chaque ann\u00e9e, \u00e0 la mi-ao\u00fbt, le Club des Cent Cols convie ses adh\u00e9rents \u00e0 un rassemblement international au sommet d&#8217;un col. Le samedi 15 ao\u00fbt 2009, nous nous retrouverons au sommet du col d&#8217;Azet (FR-65-1580) dans les Pyr\u00e9n\u00e9es. Ce rassemblement s&#8217;accompagnera d&#8217;un s\u00e9jour (du 11\/08 au soir au 15\/08 \u00e0 midi). Notre h\u00e9bergement est retenu au &#8220;Lustou&#8221; dans la station de Val Louron. Chaque jour, un circuit routier et un circuit VTT seront propos\u00e9s aux participants. Le CA Les cols Attention : Cette liste diff\u00e8re l\u00e9g\u00e8rement de celle de la revue; cette liste est la version officielle Circuits\u2026<\/p>\n","category_list":"<a href=\"https:\/\/centcols.org\/backup\/categorie\/sejours\/\" rel=\"category tag\">S\u00e9jours<\/a>","author_info":{"display_name":"R\u00e9gis Paraz","author_link":"https:\/\/centcols.org\/backup\/author\/3225\/"},"comments_num":"0 commentaire","featured_image_urls_v2":{"full":"","thumbnail":"","medium":"","medium_large":"","large":"","1536x1536":"","2048x2048":"","woocommerce_thumbnail":"","woocommerce_single":"","woocommerce_gallery_thumbnail":""},"post_excerpt_stackable_v2":"<p>Pr\u00e9sentation Comme chaque ann\u00e9e, \u00e0 la mi-ao\u00fbt, le Club des Cent Cols convie ses adh\u00e9rents \u00e0 un rassemblement international au sommet d&#8217;un col. Le samedi 15 ao\u00fbt 2009, nous nous retrouverons au sommet du col d&#8217;Azet (FR-65-1580) dans les Pyr\u00e9n\u00e9es. Ce rassemblement s&#8217;accompagnera d&#8217;un s\u00e9jour (du 11\/08 au soir au 15\/08 \u00e0 midi). Notre h\u00e9bergement est retenu au &#8220;Lustou&#8221; dans la station de Val Louron. Chaque jour, un circuit routier et un circuit VTT seront propos\u00e9s aux participants. Le CA Les cols Attention : Cette liste diff\u00e8re l\u00e9g\u00e8rement de celle de la revue; cette liste est la version officielle Circuits\u2026<\/p>\n","category_list_v2":"<a href=\"https:\/\/centcols.org\/backup\/categorie\/sejours\/\" rel=\"category tag\">S\u00e9jours<\/a>","author_info_v2":{"name":"R\u00e9gis Paraz","url":"https:\/\/centcols.org\/backup\/author\/3225\/"},"comments_num_v2":"0 commentaire","featured_image_src":null,"_links":{"self":[{"href":"https:\/\/centcols.org\/backup\/wp-json\/wp\/v2\/posts\/22113"}],"collection":[{"href":"https:\/\/centcols.org\/backup\/wp-json\/wp\/v2\/posts"}],"about":[{"href":"https:\/\/centcols.org\/backup\/wp-json\/wp\/v2\/types\/post"}],"author":[{"embeddable":true,"href":"https:\/\/centcols.org\/backup\/wp-json\/wp\/v2\/users\/17"}],"replies":[{"embeddable":true,"href":"https:\/\/centcols.org\/backup\/wp-json\/wp\/v2\/comments?post=22113"}],"version-history":[{"count":0,"href":"https:\/\/centcols.org\/backup\/wp-json\/wp\/v2\/posts\/22113\/revisions"}],"wp:attachment":[{"href":"https:\/\/centcols.org\/backup\/wp-json\/wp\/v2\/media?parent=22113"}],"wp:term":[{"taxonomy":"category","embeddable":true,"href":"https:\/\/centcols.org\/backup\/wp-json\/wp\/v2\/categories?post=22113"},{"taxonomy":"post_tag","embeddable":true,"href":"https:\/\/centcols.org\/backup\/wp-json\/wp\/v2\/tags?post=22113"}],"curies":[{"name":"wp","href":"https:\/\/api.w.org\/{rel}","templated":true}]}}