{"id":22129,"date":"2015-04-23T10:59:11","date_gmt":"2015-04-23T08:59:11","guid":{"rendered":"http:\/\/centcols.org\/backup\/?p=22129"},"modified":"2015-09-29T19:46:58","modified_gmt":"2015-09-29T17:46:58","slug":"sejour-de-printemps-corbieres-a-tuchan-aude-du-14-au-21-mars-2009","status":"publish","type":"post","link":"https:\/\/centcols.org\/backup\/sejour-de-printemps-corbieres-a-tuchan-aude-du-14-au-21-mars-2009\/","title":{"rendered":"S\u00e9jour de printemps &#8220;Corbi\u00e8res&#8221; \u00e0 Tuchan (Aude) du 14 au 21 mars 2009"},"content":{"rendered":"<h2>Le programme<\/h2>\n<p>Rendez-vous au \u00ab Relais d\u2019Aguilar \u00bb \u00e0 Tuchan le 14 mars 2009 en fin d\u2019apr\u00e8s-midi. Un pot d\u2019accueil est pr\u00e9vu vers 19h30, suivi du d\u00eener \u00e0 20h (premi\u00e8re prestation de la pension compl\u00e8te). Les autres jours, d\u00eener \u00e0 19h30.<br \/>\nDeux formules de s\u00e9jour sont propos\u00e9es:<\/p>\n<ul>\n<li>Du 14 au 18 mars<\/li>\n<li>Du 14 au 21 mars<\/li>\n<\/ul>\n<p>Dans les deux cas, la derni\u00e8re prestation de la pension compl\u00e8te est le pique-nique de midi le dernier jour.<\/p>\n<hr \/>\n<p>&nbsp;<\/p>\n<p><a href=\"https:\/\/centcols.org\/backup\/wp-content\/uploads\/2015\/04\/A.jpg\"><img loading=\"lazy\" decoding=\"async\" class=\"aligncenter wp-image-20692 size-medium\" src=\"https:\/\/centcols.org\/backup\/wp-content\/uploads\/2015\/04\/A-500x105.jpg\" alt=\"A\" width=\"500\" height=\"105\" srcset=\"https:\/\/centcols.org\/backup\/wp-content\/uploads\/2015\/04\/A-500x105.jpg 500w, https:\/\/centcols.org\/backup\/wp-content\/uploads\/2015\/04\/A-600x126.jpg 600w, https:\/\/centcols.org\/backup\/wp-content\/uploads\/2015\/04\/A.jpg 764w\" sizes=\"(max-width: 500px) 100vw, 500px\" \/><\/a><\/p>\n<h3>Horaires:<\/h3>\n<ul>\n<li>Petits d\u00e9jeuners \u00e0 partir de 7h30<\/li>\n<li>Distribution des paniers pique-niques en fin de petits-d\u00e9jeuners<\/li>\n<li>D\u00e9parts des circuits \u00e0 8h30<\/li>\n<li>D\u00eener \u00e0 19h30<\/li>\n<\/ul>\n<p>Lundi 16 mars \u00e0 18h30: rendez-vous au caveau du Mont Tauch; rencontre avec M. le Maire, responsables du tourisme et viticulteurs. D\u00e9gustation des meilleurs produits du cru Fitou.<\/p>\n<p>Quatre visites seront propos\u00e9es: deux culturelles (Ch\u00e2teaux d\u2019Aguilar et de Peyrepertuse) un site naturel (Gorges de Galamus) une visite \u00abgustative\u00bb (caves du Mont Tauch). L\u2019inscription pour ces visites aura lieu sur place.<\/p>\n<h2>Les parcours<\/h2>\n<p>Chaque jour, du dimanche 15 mars au vendredi 20 mars, deux circuits, un routier et un VTT, sont propos\u00e9s. Ils sont num\u00e9rot\u00e9s R1 \u00e0 R6 pour les circuits routiers et V1 \u00e0 V6 pour les circuits VTT. Ces num\u00e9ros sont repris dans les descriptifs d\u00e9taill\u00e9s.<\/p>\n<table style=\"border-color: #ffffff;\">\n<tbody>\n<tr>\n<td><\/td>\n<td>Route<\/td>\n<td><\/td>\n<td><\/td>\n<td><\/td>\n<td><\/td>\n<td><\/td>\n<\/tr>\n<tr>\n<td>\n<p>&nbsp;<\/p>\n<p>Date<\/p>\n<p>&nbsp;<\/td>\n<td>\n<p>&nbsp;<\/p>\n<p>Nom du circuit<\/p>\n<p>&nbsp;<\/td>\n<td>\n<p>&nbsp;<\/p>\n<p>km<\/p>\n<p>&nbsp;<\/td>\n<td>\n<p>&nbsp;<\/p>\n<p>cols<\/p>\n<p>&nbsp;<\/td>\n<td>\n<p>&nbsp;<\/p>\n<p>Nom du circuit<\/p>\n<p>&nbsp;<\/td>\n<td>\n<p>&nbsp;<\/p>\n<p>km<\/p>\n<p>&nbsp;<\/td>\n<td>\n<p>&nbsp;<\/p>\n<p>cols<\/p>\n<p>&nbsp;<\/td>\n<\/tr>\n<tr>\n<td>Dimanche 15 mars<\/td>\n<td><a class=\"iframe-fancybox\" href=\"https:\/\/centcols.org\/backup\/les_rendez-vous\/2009\/Tuchan\/R1.htm\" target=\"_blank\">R1 Tuchan Est<\/a><\/td>\n<td>180<\/td>\n<td>13<\/td>\n<td><a class=\"iframe-fancybox\" href=\"https:\/\/centcols.org\/backup\/les_rendez-vous\/2009\/Tuchan\/V1.htm\" target=\"_blank\">V1 Tuchan Est<\/a><\/td>\n<td>70<\/td>\n<td>15<\/td>\n<\/tr>\n<tr>\n<td>Lundi 16 mars<\/td>\n<td><a class=\"iframe-fancybox\" href=\"https:\/\/centcols.org\/backup\/les_rendez-vous\/2009\/Tuchan\/R4.htm\" target=\"_blank\">R4 Massac<\/a><\/td>\n<td>95<\/td>\n<td>16<\/td>\n<td><a class=\"iframe-fancybox\" href=\"https:\/\/centcols.org\/backup\/les_rendez-vous\/2009\/Tuchan\/V2.htm\" target=\"_blank\">V2 Caudi\u00e8s-en-Fenouill\u00e8des<\/a><\/td>\n<td>59<\/td>\n<td>13<\/td>\n<\/tr>\n<tr>\n<td>Mardi 117 mars<\/td>\n<td><a class=\"iframe-fancybox\" href=\"https:\/\/centcols.org\/backup\/les_rendez-vous\/2009\/Tuchan\/R3.htm\" target=\"_blank\">R3 Estagel<\/a><\/td>\n<td>83<\/td>\n<td>12<\/td>\n<td><a class=\"iframe-fancybox\" href=\"https:\/\/centcols.org\/backup\/les_rendez-vous\/2009\/Tuchan\/V4.htm\" target=\"_blank\">V4 Lapradelle-Puilaurens<\/a><\/td>\n<td>58<\/td>\n<td>11<\/td>\n<\/tr>\n<tr>\n<td>Mercredi 18 mars<\/td>\n<td><a href=\"https:\/\/centcols.org\/backup\/les_rendez-vous\/2009\/Tuchan\/R2.htm\" target=\"_blank\">R2 Tuchan Nord<\/a><\/td>\n<td>76<\/td>\n<td>12<\/td>\n<td><a class=\"iframe-fancybox\" href=\"https:\/\/centcols.org\/backup\/les_rendez-vous\/2009\/Tuchan\/V3.htm\" target=\"_blank\">V3 Maisons<\/a><\/td>\n<td>33<\/td>\n<td>12<\/td>\n<\/tr>\n<tr>\n<td>Jeudi 19 mars<\/td>\n<td><a class=\"iframe-fancybox\" href=\"https:\/\/centcols.org\/backup\/les_rendez-vous\/2009\/Tuchan\/R5.htm\" target=\"_blank\">R5 Cucugnan<\/a><\/td>\n<td>94<\/td>\n<td>19<\/td>\n<td><a class=\"iframe-fancybox\" href=\"https:\/\/centcols.org\/backup\/les_rendez-vous\/2009\/Tuchan\/V5.htm\" target=\"_blank\">V5 Galamus-Peyrepertuse<\/a><\/td>\n<td>46<\/td>\n<td>11<\/td>\n<\/tr>\n<tr>\n<td>Vendredi 20 mars<\/td>\n<td><a class=\"iframe-fancybox\" href=\"https:\/\/centcols.org\/backup\/les_rendez-vous\/2009\/Tuchan\/R6.htm\" target=\"_blank\">R6 Tuchan<\/a><\/td>\n<td>145<\/td>\n<td>23<\/td>\n<td><a href=\"https:\/\/centcols.org\/backup\/les_rendez-vous\/2009\/Tuchan\/V6.htm\" target=\"_blank\">V6 Qu\u00e9ribus-Paziols-Tautavel <\/a><\/td>\n<td>52<\/td>\n<td>12<\/td>\n<\/tr>\n<tr>\n<td>\n<p>&nbsp;<\/p>\n<p>Total<\/td>\n<td><\/td>\n<td>\n<p>&nbsp;<\/p>\n<p>601<\/td>\n<td>\n<p>&nbsp;<\/p>\n<p>95*<\/td>\n<td><\/td>\n<td>\n<p>&nbsp;<\/p>\n<p>318<\/td>\n<td>\n<p>&nbsp;<\/p>\n<p>74*<\/td>\n<\/tr>\n<\/tbody>\n<\/table>\n<p>(Cliquez sur les noms de parcours pour afficher leurs caract\u00e9ristiques d\u00e9taill\u00e9es)<\/p>\n<p>(*) Certains cols sont communs \u00e0 plusieurs circuits. Le nombre de cols diff\u00e9rents est de 64.<\/p>\n<p>Des <a class=\"iframe-fancybox\" href=\"https:\/\/centcols.org\/backup\/les_rendez-vous\/2009\/Tuchan\/geo\/\" target=\"_blank\">fichiers de g\u00e9olocalisation<\/a> (Carto Exploreur, GPX et Google Earth) pour tous les circuits sont aussi disponibles.<br \/>\nLes distances peuvent \u00eatre l\u00e9g\u00e8rement diff\u00e9rentes de celles qui seront affich\u00e9es sur les descriptifs d\u00e9taill\u00e9s des circuits.<br \/>\nLes parcours routiers et muletiers trac\u00e9s par Roger Colombo et Ren\u00e9 Poty couvrent principalement le massif des Corbi\u00e8res.<br \/>\nIl n\u2019est pas pr\u00e9vu de circuit le samedi 21 mars, jour du d\u00e9part. Les participants qui n\u2019ont pas un long trajet pour regagner leur domicile pourront effectuer le parcours de leur choix dans la cat\u00e9gorie \u00ab route \u00bb ou \u00ab VTT \u00bb, ou alors consacrer\u00a0 la matin\u00e9e \u00e0 une visite du tr\u00e8s riche patrimoine historique de\u00a0 la\u00a0 r\u00e9gion: ch\u00e2teaux cathares, ou mus\u00e9es de la pr\u00e9histoire de Tautavel ou de Belesta.<\/p>\n<h2>Les cols<\/h2>\n<p>Les cols du s\u00e9jour sont les suivants. A noter que certains cols muletiers en option sur les circuits routiers ne sont pas incrits dans le tableau; ils apparaissent toutefois dans les descriptifs d\u00e9taill\u00e9s des circuits.<\/p>\n<h3>Circuits routiers<\/h3>\n<table>\n<tbody>\n<tr>\n<td>\n<table class=\"lst\">\n<thead>\n<tr>\n<td>\n<p>&nbsp;<\/p>\n<p>Code Chauvot<\/p>\n<p>&nbsp;<\/td>\n<td>\n<p>&nbsp;<\/p>\n<p>Nom du col<\/p>\n<p>&nbsp;<\/td>\n<td>\n<p>&nbsp;<\/p>\n<p>Code Chauvot<\/p>\n<p>&nbsp;<\/td>\n<td>\n<p>&nbsp;<\/p>\n<p>Nom du col<\/p>\n<p>&nbsp;<\/td>\n<td>\n<p>&nbsp;<\/p>\n<p>Code Chauvot<\/p>\n<p>&nbsp;<\/td>\n<td>\n<p>&nbsp;<\/p>\n<p>Nom du col<\/p>\n<p>&nbsp;<\/td>\n<\/tr>\n<\/thead>\n<tbody>\n<tr>\n<td>FR-11-0140<\/td>\n<td>Col des I\u00e8res<\/td>\n<td>FR-11-0406a<\/td>\n<td>Col de Gr\u00e8s<\/td>\n<td>FR-11-0756<\/td>\n<td>Col Marty<\/td>\n<\/tr>\n<tr>\n<td>FR-11-0162<\/td>\n<td>Col de Mandourelle<\/td>\n<td>FR-11-0406b<\/td>\n<td>Col des Liges<\/td>\n<td>FR-66-0135a<\/td>\n<td>Col des Alzines<\/td>\n<\/tr>\n<tr>\n<td>FR-11-0169<\/td>\n<td>Col des Maures<\/td>\n<td>FR-11-0416<\/td>\n<td>Col de la Gineste<\/td>\n<td>FR-66-0199a<\/td>\n<td>Col del Loup<\/td>\n<\/tr>\n<tr>\n<td>FR-11-0185<\/td>\n<td>Col des Moulins<\/td>\n<td>FR-11-0430<\/td>\n<td>Col d&#8217;En Gleizes<\/td>\n<td>FR-66-0208<\/td>\n<td>Col del Bouix<\/td>\n<\/tr>\n<tr>\n<td>FR-11-0193<\/td>\n<td>Col de la Serre<\/td>\n<td>FR-11-0431<\/td>\n<td>Col de Ferr\u00e9ol<\/td>\n<td>FR-66-0233<\/td>\n<td>Col de Tern\u00e8re<\/td>\n<\/tr>\n<tr>\n<td>FR-11-0225<\/td>\n<td>Col de Combe<\/td>\n<td>FR-11-0432<\/td>\n<td>Grau de Maury<\/td>\n<td>FR-66-0234<\/td>\n<td>Col de Bose<\/td>\n<\/tr>\n<tr>\n<td>FR-11-0243<\/td>\n<td>Col de Canteloup<\/td>\n<td>FR-11-0441<\/td>\n<td>Col des Bancs<\/td>\n<td>FR-66-0252<\/td>\n<td>Col de la Sybille<\/td>\n<\/tr>\n<tr>\n<td>FR-11-0243b<\/td>\n<td>Col de la Peira Dreita<\/td>\n<td>FR-11-0455a<\/td>\n<td>Col du Prat<\/td>\n<td>FR-66-0259<\/td>\n<td>Col des Souls<\/td>\n<\/tr>\n<tr>\n<td>FR-11-0245b<\/td>\n<td>Col de P\u00e9reille<\/td>\n<td>FR-11-0472<\/td>\n<td>Col Caroun<\/td>\n<td>FR-66-0265a<\/td>\n<td>Col de la Bataille<\/td>\n<\/tr>\n<tr>\n<td>FR-11-0249<\/td>\n<td>Pas de l&#8217;Abeille<\/td>\n<td>FR-11-0481a<\/td>\n<td>Col de la Croix<\/td>\n<td>FR-66-0293<\/td>\n<td>Col del Moutou<\/td>\n<\/tr>\n<tr>\n<td>FR-11-0250a<\/td>\n<td>Col de Feuilla<\/td>\n<td>FR-11-0485<\/td>\n<td>Col de Bedos<\/td>\n<td>FR-66-0322<\/td>\n<td>Col del Bou<\/td>\n<\/tr>\n<tr>\n<td>FR-11-0251<\/td>\n<td>Col d&#8217;Extr\u00eame<\/td>\n<td>FR-11-0492<\/td>\n<td>Col St Martin<\/td>\n<td>FR-66-0331<\/td>\n<td>Col de l&#8217;Arque<\/td>\n<\/tr>\n<tr>\n<td>FR-11-0265a<\/td>\n<td>Col de Bent<\/td>\n<td>FR-11-0496<\/td>\n<td>Col de Bancarel<\/td>\n<td>FR-66-0357c<\/td>\n<td>Col de Pourteil<\/td>\n<\/tr>\n<tr>\n<td>FR-11-0267<\/td>\n<td>Col de Souil<\/td>\n<td>FR-11-0498a<\/td>\n<td>Col d&#8217;Enguilhem<\/td>\n<td>FR-66-0365c<\/td>\n<td>Coll del Tauc<\/td>\n<\/tr>\n<tr>\n<td>FR-11-0285a<\/td>\n<td>Col de Laval<\/td>\n<td>FR-11-0507<\/td>\n<td>Col de Couisse<\/td>\n<td>FR-66-0373<\/td>\n<td>Col de la Sabine<\/td>\n<\/tr>\n<tr>\n<td>FR-11-0335a<\/td>\n<td>Col de l&#8217;Auzine<\/td>\n<td>FR-11-0515<\/td>\n<td>Col de Termes<\/td>\n<td>FR-66-0383<\/td>\n<td>Col de Maury<\/td>\n<\/tr>\n<tr>\n<td>FR-11-0344<\/td>\n<td>Col du Triby<\/td>\n<td>FR-11-0575a<\/td>\n<td>Col des Fourches<\/td>\n<td>FR-66-0385<\/td>\n<td>Col de Lacroux<\/td>\n<\/tr>\n<tr>\n<td>FR-11-0366<\/td>\n<td>Col du Prat<\/td>\n<td>FR-11-0594<\/td>\n<td>Col de C\u00e9deillan<\/td>\n<td>FR-66-0418<\/td>\n<td>Col de Peralbe<\/td>\n<\/tr>\n<tr>\n<td>FR-11-0372<\/td>\n<td>Col de la Tranch\u00e9e<\/td>\n<td>FR-11-0623<\/td>\n<td>Col de la Cascagne<\/td>\n<td>FR-66-0606<\/td>\n<td>Col des Auzines<\/td>\n<\/tr>\n<tr>\n<td>FR-11-0378<\/td>\n<td>Col d&#8217;Amiel<\/td>\n<td>FR-11-0667<\/td>\n<td>Col de Linas<\/td>\n<td>FR-66-0652<\/td>\n<td>Col de las Couloumines<\/td>\n<\/tr>\n<tr>\n<td>FR-11-0403b<\/td>\n<td>Col de la Croix Dessus<\/td>\n<td>FR-11-0696<\/td>\n<td>Col St Louis<\/td>\n<td><\/td>\n<td><\/td>\n<\/tr>\n<tr>\n<td>FR-11-0404<\/td>\n<td>Col de Villerouge<\/td>\n<td>FR-11-0705<\/td>\n<td>Col de la Redoulade<\/td>\n<td><\/td>\n<td><\/td>\n<\/tr>\n<\/tbody>\n<\/table>\n<\/td>\n<td><\/td>\n<td><\/td>\n<td><\/td>\n<td><\/td>\n<td><\/td>\n<\/tr>\n<\/tbody>\n<\/table>\n<h3>Circuits VTT<\/h3>\n<table>\n<tbody>\n<tr>\n<td>\n<table class=\"lst\">\n<thead>\n<tr>\n<td>\n<p>&nbsp;<\/p>\n<p>Code Chauvot<\/p>\n<p>&nbsp;<\/td>\n<td>Nom du col<\/td>\n<td>Code Chauvot<\/td>\n<td>Nom du col<\/td>\n<td>Code Chauvot<\/td>\n<td>Nom du col<\/td>\n<\/tr>\n<\/thead>\n<tbody>\n<tr>\n<td>FR-11-0193<\/td>\n<td>Col de la Serre<\/td>\n<td>FR-11-0448<\/td>\n<td>Col Lemercier<\/td>\n<td>FR-11-0990<\/td>\n<td>Les Cols<\/td>\n<\/tr>\n<tr>\n<td>FR-11-0207<\/td>\n<td>Col de la Porte<\/td>\n<td>FR-11-0458<\/td>\n<td>Col du Barrou<\/td>\n<td>FR-11-1015<\/td>\n<td>Col du Frayche<\/td>\n<\/tr>\n<tr>\n<td>FR-11-0235<\/td>\n<td>La Couillade<\/td>\n<td>FR-11-0470a<\/td>\n<td>Pas de la Serre<\/td>\n<td>FR-11-1020<\/td>\n<td>Col d\u2019Aussi\u00e8res<\/td>\n<\/tr>\n<tr>\n<td>FR-11-0243<\/td>\n<td>Col de Canteloup<\/td>\n<td>FR-11-0475a<\/td>\n<td>Col de Caumilles<\/td>\n<td>FR-11-1049<\/td>\n<td>Couillade du Prat d\u2019Aille<\/td>\n<\/tr>\n<tr>\n<td>FR-11-0250b<\/td>\n<td>Col de la Lauze<\/td>\n<td>FR-11-0496<\/td>\n<td>Col de Bancarel<\/td>\n<td>FR-11-1076<\/td>\n<td>Col de Bene<\/td>\n<\/tr>\n<tr>\n<td>FR-11-0251<\/td>\n<td>Col d\u2019Extr\u00e8me<\/td>\n<td>FR-11-0498a<\/td>\n<td>Col d\u2019Enguilhem<\/td>\n<td>FR-11-1087<\/td>\n<td>Col du Lhadet<\/td>\n<\/tr>\n<tr>\n<td>FR-11-0265a<\/td>\n<td>Col de Bent<\/td>\n<td>FR-11-0506<\/td>\n<td>Col de la Croix de Pierre<\/td>\n<td>FR-11-1109a<\/td>\n<td>Col d\u2019Al Bouich<\/td>\n<\/tr>\n<tr>\n<td>FR-11-0265b<\/td>\n<td>Col de la Croix de l\u2019Auzine<\/td>\n<td>FR-11-0507<\/td>\n<td>Col de Couise<\/td>\n<td>FR-11-1189<\/td>\n<td>Col de Mateplane<\/td>\n<\/tr>\n<tr>\n<td>FR-11-0280<\/td>\n<td>Col de L\u00e8s<\/td>\n<td>FR-11-0511<\/td>\n<td>Col de l\u2019I\u00e8re<\/td>\n<td>FR-11-1322<\/td>\n<td>Col de L\u2019Hommenadel<\/td>\n<\/tr>\n<tr>\n<td>FR-11-0285a<\/td>\n<td>Col de Laval<\/td>\n<td>FR-11-0512<\/td>\n<td>Col de la Garde<\/td>\n<td>FR-11-1369<\/td>\n<td>Col de l\u2019Hommenet<\/td>\n<\/tr>\n<tr>\n<td>FR-11-0285c<\/td>\n<td>Col de Taupelette<\/td>\n<td>FR-11-0514<\/td>\n<td>Col Camp\u00e9ri\u00e9<\/td>\n<td>FR-66-0135a<\/td>\n<td>Col de les Alzines<\/td>\n<\/tr>\n<tr>\n<td>FR-11-0305b<\/td>\n<td>Pas de Massac<\/td>\n<td>FR-11-0516<\/td>\n<td>Col du Teil<\/td>\n<td>FR-66-0208<\/td>\n<td>Col del Bouix<\/td>\n<\/tr>\n<tr>\n<td>FR-11-0335a<\/td>\n<td>Col de l\u2019Auzine<\/td>\n<td>FR-11-0535c<\/td>\n<td>Col d\u2019en Couloum<\/td>\n<td>FR-66-0217a<\/td>\n<td>Col de Jasse en Biell<\/td>\n<\/tr>\n<tr>\n<td>FR-11-0344<\/td>\n<td>Col du Triby<\/td>\n<td>FR-11-0544<\/td>\n<td>Col de l\u2019Estagnol<\/td>\n<td>FR-66-0419<\/td>\n<td>Col de Corbasse<\/td>\n<\/tr>\n<tr>\n<td>FR-11-0354<\/td>\n<td>Col de l\u2019I\u00e8re<\/td>\n<td>FR-11-0575b<\/td>\n<td>Col de Garb\u00e8s<\/td>\n<td>FR-66-0554<\/td>\n<td>Col del Mas<\/td>\n<\/tr>\n<tr>\n<td>FR-11-0365<\/td>\n<td>Hi\u00e8ro-Col<\/td>\n<td>FR-11-0575c<\/td>\n<td>Col de l\u2019Homme Mort<\/td>\n<td>FR-66-0580<\/td>\n<td>Col de Pressilas<\/td>\n<\/tr>\n<tr>\n<td>FR-11-0378<\/td>\n<td>Col d\u2019Amiel<\/td>\n<td>FR-11-0575d<\/td>\n<td>Col de la Sagette<\/td>\n<td>FR-66-0642<\/td>\n<td>Col de la Croix de Fer<\/td>\n<\/tr>\n<tr>\n<td>FR-11-0403b<\/td>\n<td>Col de la Croix Dessus<\/td>\n<td>FR-11-0585<\/td>\n<td>Pas d\u2019en Crab\u00e8re<\/td>\n<td>FR-66-0759<\/td>\n<td>Col de Guza<\/td>\n<\/tr>\n<tr>\n<td>FR-11-0405c<\/td>\n<td>Col de l\u2019Espignasse<\/td>\n<td>FR-11-0590<\/td>\n<td>Les Cols<\/td>\n<td>FR-66-0840<\/td>\n<td>Col de l\u2019Ours<\/td>\n<\/tr>\n<tr>\n<td>FR-11-0406a<\/td>\n<td>Col de Gr\u00e8s<\/td>\n<td>FR-11-0601a<\/td>\n<td>Col de Lapres<\/td>\n<td>FR-66-0862<\/td>\n<td>Col de Boire<\/td>\n<\/tr>\n<tr>\n<td>FR-11-0415<\/td>\n<td>Col de Matte Retonde<\/td>\n<td>FR-11-0644<\/td>\n<td>Col de Begue<\/td>\n<td>FR-66-0955a<\/td>\n<td>Col de Benta Fride<\/td>\n<\/tr>\n<tr>\n<td>FR-11-0416<\/td>\n<td>Col de la Gineste<\/td>\n<td>FR-11-0645a<\/td>\n<td>Col du Quit<\/td>\n<td>FR-66-0963<\/td>\n<td>Coll Bas<\/td>\n<\/tr>\n<tr>\n<td>FR-11-0431<\/td>\n<td>Col de Ferr\u00e9ol<\/td>\n<td>FR-11-0665c<\/td>\n<td>Col de Br\u00e9zou<\/td>\n<td>FR-66-1005a<\/td>\n<td>Col de l\u2019Espinas<\/td>\n<\/tr>\n<tr>\n<td>FR-11-0434<\/td>\n<td>Col de Mairolles<\/td>\n<td>FR-11-0887<\/td>\n<td>Pourteille<\/td>\n<td>FR-66-1035<\/td>\n<td>Col Bas<\/td>\n<\/tr>\n<tr>\n<td>FR-11-0445<\/td>\n<td>Col de la Garrigue<\/td>\n<td>FR-11-0932b<\/td>\n<td>Col de Tulla<\/td>\n<td><\/td>\n<td><\/td>\n<\/tr>\n<\/tbody>\n<\/table>\n<\/td>\n<td><\/td>\n<td><\/td>\n<td><\/td>\n<td><\/td>\n<td><\/td>\n<\/tr>\n<\/tbody>\n<\/table>\n<h2>Acc\u00e8s au \u00ab Relais d&#8217;Aguilar \u00bb<\/h2>\n","protected":false},"excerpt":{"rendered":"<p>Le programme Rendez-vous au \u00ab Relais d\u2019Aguilar \u00bb \u00e0 Tuchan le 14 mars 2009 en fin d\u2019apr\u00e8s-midi. Un pot d\u2019accueil est pr\u00e9vu vers 19h30, suivi du d\u00eener \u00e0 20h (premi\u00e8re prestation de la pension compl\u00e8te). Les autres jours, d\u00eener \u00e0 19h30. Deux formules de s\u00e9jour sont propos\u00e9es: Du 14 au 18 mars Du 14 au [&hellip;]<\/p>\n","protected":false},"author":17,"featured_media":0,"comment_status":"closed","ping_status":"closed","sticky":false,"template":"","format":"standard","meta":{"_acf_changed":false,"ub_ctt_via":"","_monsterinsights_skip_tracking":false,"_monsterinsights_sitenote_active":false,"_monsterinsights_sitenote_note":"","_monsterinsights_sitenote_category":0,"footnotes":""},"categories":[35],"tags":[],"acf":[],"featured_image_urls":{"full":"","thumbnail":"","medium":"","medium_large":"","large":"","1536x1536":"","2048x2048":"","woocommerce_thumbnail":"","woocommerce_single":"","woocommerce_gallery_thumbnail":""},"post_excerpt_stackable":"<p>Le programme Rendez-vous au \u00ab Relais d\u2019Aguilar \u00bb \u00e0 Tuchan le 14 mars 2009 en fin d\u2019apr\u00e8s-midi. Un pot d\u2019accueil est pr\u00e9vu vers 19h30, suivi du d\u00eener \u00e0 20h (premi\u00e8re prestation de la pension compl\u00e8te). Les autres jours, d\u00eener \u00e0 19h30. Deux formules de s\u00e9jour sont propos\u00e9es: Du 14 au 18 mars Du 14 au 21 mars Dans les deux cas, la derni\u00e8re prestation de la pension compl\u00e8te est le pique-nique de midi le dernier jour. &nbsp; Horaires: Petits d\u00e9jeuners \u00e0 partir de 7h30 Distribution des paniers pique-niques en fin de petits-d\u00e9jeuners D\u00e9parts des circuits \u00e0 8h30 D\u00eener \u00e0 19h30\u2026<\/p>\n","category_list":"<a href=\"https:\/\/centcols.org\/backup\/categorie\/sejours\/\" rel=\"category tag\">S\u00e9jours<\/a>","author_info":{"display_name":"R\u00e9gis Paraz","author_link":"https:\/\/centcols.org\/backup\/author\/3225\/"},"comments_num":"0 commentaire","featured_image_urls_v2":{"full":"","thumbnail":"","medium":"","medium_large":"","large":"","1536x1536":"","2048x2048":"","woocommerce_thumbnail":"","woocommerce_single":"","woocommerce_gallery_thumbnail":""},"post_excerpt_stackable_v2":"<p>Le programme Rendez-vous au \u00ab Relais d\u2019Aguilar \u00bb \u00e0 Tuchan le 14 mars 2009 en fin d\u2019apr\u00e8s-midi. Un pot d\u2019accueil est pr\u00e9vu vers 19h30, suivi du d\u00eener \u00e0 20h (premi\u00e8re prestation de la pension compl\u00e8te). Les autres jours, d\u00eener \u00e0 19h30. Deux formules de s\u00e9jour sont propos\u00e9es: Du 14 au 18 mars Du 14 au 21 mars Dans les deux cas, la derni\u00e8re prestation de la pension compl\u00e8te est le pique-nique de midi le dernier jour. &nbsp; Horaires: Petits d\u00e9jeuners \u00e0 partir de 7h30 Distribution des paniers pique-niques en fin de petits-d\u00e9jeuners D\u00e9parts des circuits \u00e0 8h30 D\u00eener \u00e0 19h30\u2026<\/p>\n","category_list_v2":"<a href=\"https:\/\/centcols.org\/backup\/categorie\/sejours\/\" rel=\"category tag\">S\u00e9jours<\/a>","author_info_v2":{"name":"R\u00e9gis Paraz","url":"https:\/\/centcols.org\/backup\/author\/3225\/"},"comments_num_v2":"0 commentaire","featured_image_src":null,"_links":{"self":[{"href":"https:\/\/centcols.org\/backup\/wp-json\/wp\/v2\/posts\/22129"}],"collection":[{"href":"https:\/\/centcols.org\/backup\/wp-json\/wp\/v2\/posts"}],"about":[{"href":"https:\/\/centcols.org\/backup\/wp-json\/wp\/v2\/types\/post"}],"author":[{"embeddable":true,"href":"https:\/\/centcols.org\/backup\/wp-json\/wp\/v2\/users\/17"}],"replies":[{"embeddable":true,"href":"https:\/\/centcols.org\/backup\/wp-json\/wp\/v2\/comments?post=22129"}],"version-history":[{"count":0,"href":"https:\/\/centcols.org\/backup\/wp-json\/wp\/v2\/posts\/22129\/revisions"}],"wp:attachment":[{"href":"https:\/\/centcols.org\/backup\/wp-json\/wp\/v2\/media?parent=22129"}],"wp:term":[{"taxonomy":"category","embeddable":true,"href":"https:\/\/centcols.org\/backup\/wp-json\/wp\/v2\/categories?post=22129"},{"taxonomy":"post_tag","embeddable":true,"href":"https:\/\/centcols.org\/backup\/wp-json\/wp\/v2\/tags?post=22129"}],"curies":[{"name":"wp","href":"https:\/\/api.w.org\/{rel}","templated":true}]}}