{"id":22147,"date":"2015-04-23T12:10:11","date_gmt":"2015-04-23T10:10:11","guid":{"rendered":"http:\/\/centcols.org\/backup\/?p=22147"},"modified":"2015-09-29T22:02:35","modified_gmt":"2015-09-29T20:02:35","slug":"sejour-de-printemps-ile-de-beaute-a-porticcio-corse-du-sud-du-17-au-24-avril-2010","status":"publish","type":"post","link":"https:\/\/centcols.org\/backup\/sejour-de-printemps-ile-de-beaute-a-porticcio-corse-du-sud-du-17-au-24-avril-2010\/","title":{"rendered":"S\u00e9jour de printemps &#8220;\u00cele de Beaut\u00e9&#8221; \u00e0 Porticcio (Corse-du-Sud) du 17 au 24 avril 2010"},"content":{"rendered":"<h2>Pr\u00e9sentation<\/h2>\n<p style=\"text-align: justify;\">Apr\u00e8s un s\u00e9jour \u00ab Mimosas \u00bb \u00e0 Agay, au pied de l\u2019Esterel, en Mars 2008, puis un autre \u00e0 Tuchan dans le massif des Corbi\u00e8res, en Mars 2009, le Club des Cent Cols vous propose un s\u00e9jour \u00ab \u00cele de Beaut\u00e9\u00bb \u00e0 Porticcio sur la Rive Sud du Golfe d\u2019Ajaccio au printemps 2010.<\/p>\n<p style=\"text-align: justify;\">La Corse, contrairement \u00e0 ce qu\u2019il se dit, n\u2019est pas une \u00eele, mais un radeau qui flotte all\u00e9grement. Il y a quelques millions d\u2019ann\u00e9es, Agay et Porto \u00e9taient des communes voisines, s\u00e9par\u00e9es l\u2019une de l\u2019autre par quelques petits volcans en \u00e9ruption, et Tuchan n\u2019\u00e9tait pas tr\u00e8s loin d\u2019Oristano en Sardaigne. Apr\u00e8s un p\u00e9riple en arc de cercle, accompagn\u00e9e de son acolyte,\u00a0 la Sardaigne justement, elle se trouve maintenant \u00e0 l\u2019est sous l\u2019Italie et beaucoup plus pr\u00e9s de Rome que de Nice.\u00a0 Mais entre temps, sur les cartes de g\u00e9ographie accroch\u00e9es dans les salles de classe de nos grands parents, la Corse se trouvait, para\u00eet-il, au large de Nantes, en plein oc\u00e9an Atlantique. Quelque fois, sur des cartes plus modernes, on la rencontre au large de Toulon. Et de temps en temps, elle est totalement absente de la carte de France, sans doute en train de vagabonder pr\u00e9s des c\u00f4tes africaines.<\/p>\n<p style=\"text-align: justify;\">Ce s\u00e9jour a \u00e9t\u00e9 con\u00e7u et organis\u00e9 par Bernard GIRAUDEAU, membre CC n\u00b0 3872<\/p>\n<p><img loading=\"lazy\" decoding=\"async\" class=\"aligncenter wp-image-20679 size-full\" src=\"https:\/\/centcols.org\/backup\/wp-content\/uploads\/2015\/04\/banner2.jpg\" alt=\"banner\" width=\"748\" height=\"122\" srcset=\"https:\/\/centcols.org\/backup\/wp-content\/uploads\/2015\/04\/banner2.jpg 748w, https:\/\/centcols.org\/backup\/wp-content\/uploads\/2015\/04\/banner2-600x98.jpg 600w, https:\/\/centcols.org\/backup\/wp-content\/uploads\/2015\/04\/banner2-500x82.jpg 500w\" sizes=\"(max-width: 748px) 100vw, 748px\" \/><\/p>\n<h2>Les cols<\/h2>\n<p style=\"text-align: justify;\">Revenons au cyclisme et \u00e0 l\u2019objet de notre convoitise, le col.<\/p>\n<p style=\"text-align: justify;\">Dans notre aire de jeu, limit\u00e9e au nord par le cha\u00eenon central de la Corse, culminant \u00e0 plus de 2000 m, et \u00e0 l\u2019est par l\u2019une de ses cr\u00eates secondaires descendant plein sud, plus de 100 cols routiers sont \u00e0 port\u00e9e de roue sur des petites routes bucoliques o\u00f9 chaque tournant offre un paysage nouveau. Une dizaine de parcours routiers seront propos\u00e9s. Trois ou quatre auront notre h\u00e9bergement comme point de d\u00e9part. Quatre se trouvent au nord d\u2019Ajaccio avec des points de d\u00e9part diff\u00e9r\u00e9s situ\u00e9s \u00e0 13, 28, 38 et 48 km. Deux se trouvent au sud d\u2019Ajaccio avec des points de d\u00e9part diff\u00e9r\u00e9s situ\u00e9s \u00e0 27 et 70 km.<\/p>\n<p style=\"text-align: justify;\">Les v\u00e9t\u00e9tistes seront peut \u00eatre et pour une fois d\u00e9favoris\u00e9s. Les belles pistes en terre lisses et douces sont inconnues en Corse Les petits sentiers ondulants nonchalamment entre les p\u00e2turages herbeux sont introuvables. Les chapelets de cols \u00e0 plus de 2000 m, \u00e7a n\u2019existe pas.\u00a0 Ici, c\u2019est le domaine du granit, dur et saillant, \u00e0 c\u00f4t\u00e9 mais aussi sur le chemin. L\u2019herbe a laiss\u00e9 la place aux salsepareilles qui d\u00e9chirent les peaux les plus coriaces, aux ajoncs poss\u00e9dant des \u00e9pines longues comme des seringues et aux ronces \u00e0 la dentition de requin. Pensez \u00e0 couvrir votre peau mais n&#8217;apportez pas vos plus beaux habits ni les plus neufs !Oui, ici, le col est secret, discret, parcimonieux, sauvage \u00e0 l\u2019image du pays et ne se laisse pas attraper distraitement d\u2019un coup de p\u00e9dale. Il faut le conna\u00eetre, le chercher et le m\u00e9riter souvent. Une description d\u00e9taill\u00e9e vous aidera \u00e0 rejoindre ces cols secrets.<\/p>\n<p style=\"text-align: justify;\">Voir la liste des cols plus bas sur cette page.<\/p>\n<h2 style=\"text-align: justify;\">Transport maritime, h\u00e9bergement et restauration<\/h2>\n<h3 style=\"text-align: justify;\">La travers\u00e9e<\/h3>\n<p style=\"text-align: justify;\">La Corse est entour\u00e9e d\u2019eau.\u00a0 Il faut prendre un moyen de transport maritime pour s\u2019y rendre, autrement dit un bateau.<\/p>\n<p style=\"text-align: justify;\">Vous avez le choix entre un billet individuel qui vous permettra des prix avantageux si vous r\u00e9servez t\u00f4t et vous vous soumettez \u00e0 certaines conditions, ou un billet de groupe qui garantira les prix quelle que soit votre date de r\u00e9servation.<\/p>\n<h4 style=\"text-align: justify;\">Possibilit\u00e9s pour l&#8217;aller dans le cadre des dates du s\u00e9jour:<\/h4>\n<ul style=\"text-align: justify;\">\n<li>Un ferry de la SNCM, le Napol\u00e9on Bonaparte\u00a0 larguera les amarres le samedi 17\/04\/2010\u00a0 \u00e0 19h00 de la \u00ab Gare maritime \u00bb de Marseille pour arriver \u00e0 Ajaccio le dimanche 18\/04 \u00e0 07h00<\/li>\n<li>Un bateau de la Corsica ferries partira du port de Toulon le samedi 17\/04\/2010 \u00e0 22h30 pour arriver \u00e0 Ajaccio le dimanche 18\/04\/2010 \u00e0 07h00 \u00e9galement.<\/li>\n<\/ul>\n<h4 style=\"text-align: justify;\">Possibilit\u00e9s pour le retour dans le cadre des dates du s\u00e9jour :<\/h4>\n<ul style=\"text-align: justify;\">\n<li>Le Napol\u00e9on Bonaparte quittera le quai d&#8217;Ajaccio le samedi 24\/04\/2010 \u00e0 19h00\u00a0 pour arriver \u00e0 Marseille le 25\/04\/2010 \u00e0 07h00.<\/li>\n<li>Un bateau de la Corsica Ferries partira d&#8217;Ajaccio le samedi 24\/04\/2010 \u00e0 15h15 pour arriver \u00e0 Toulon le 24\/04\/2010 \u00e0 21h30.<\/li>\n<li>Un bateau de la Corsica Ferries partira d&#8217;Ajaccio le samedi 24\/04\/2010 \u00e0 22h00 pour arriver \u00e0 Toulon le 25\/04\/2010 \u00e0 07h00.<\/li>\n<\/ul>\n<h4 style=\"text-align: justify;\">La billeterie :<\/h4>\n<ul style=\"text-align: justify;\">\n<li>Vous pouvez prendre d\u00e8s maintenant un billet individuel en joignant la Corsica ferries (coordonn\u00e9es plus bas). Celle-ci vous proposera un billet int\u00e9ressant du point de vue tarifaire mais dont le remboursement ou la modification sont impossibles en cas d&#8217;annulation de votre part.<\/li>\n<li>Vous pouvez vous inclure \u00e0 un billet groupe n\u00e9goci\u00e9 aupr\u00e8s de la Corsica Ferries pour un d\u00e9part de Toulon. Le prix maximal par personne est de\u00a0 148 \u20ac . Il comprend le passage aller\/retour, le passage d&#8217;un v\u00e9hicule de moins de 5 m et d&#8217;une cabine pour 2 personnes membres du Club des Cent Cols. C&#8217;est un prix maximal car il est susceptible de varier \u00e0 la baisse. Attention, le retour se fera uniquement sur le bateau de 22h00 le 24\/04\/2010 d&#8217;Ajaccio et pas sur celui de 15H15.<\/li>\n<li>Nous avons \u00e9galement n\u00e9goci\u00e9 un billet groupe aupr\u00e8s de la SNCM au d\u00e9part de Marseille. Le prix maximal par personne est de\u00a0 196,50 \u20ac\u00a0 et il comprend les m\u00eames prestations que pour la Corsica Ferries. Il est susceptible d&#8217;\u00e9voluer \u00e0 la baisse en fonction des offres promotionnelles offertes \u00e0 l&#8217;ouverture de la billetterie et qui b\u00e9n\u00e9ficieront au groupe.<\/li>\n<\/ul>\n<h4 style=\"text-align: justify;\">Pour information :<\/h4>\n<ul style=\"text-align: justify;\">\n<li>La billetterie de la SNCM ne sera pas ouverte avant le 12\/12\/2009 pour les particuliers. Il ne sera pas possible de prendre des billets individuels avant cette date.<\/li>\n<li>La distance de Marseille \u00e0 Toulon, situ\u00e9e plus \u00e0 l&#8217;est,\u00a0 est de 60 km par l&#8217;autoroute.<\/li>\n<li>Il est possible de prendre le repas du samedi soir 17\/04 (environ 22 \u20ac) \u00e0 bord ou de le tirer du sac. Le petit d\u00e9jeuner du 18\/04, le repas du soir du 24\/04 sont int\u00e9gr\u00e9s \u00e0 la pension compl\u00e8te au camping.<\/li>\n<li>Il nous faudra conna\u00eetre la longueur et la hauteur de votre v\u00e9hicule. Les v\u00e9los mont\u00e9s sur le toit ou sur une remorque occasionnent un surco\u00fbt de tarification.<\/li>\n<li>Coordonn\u00e9es :\n<ul>\n<li>SNCM (<a href=\"http:\/\/www.sncm.fr\/\" target=\"_blank\">www.sncm.fr<\/a>) &#8211; T\u00e9l : 3260<\/li>\n<li>Corsica ferries (<a href=\"http:\/\/www.corsica-ferries.fr\/\" target=\"_blank\">www.corsicaferries.com<\/a>). Tel : 0820 095 095<\/li>\n<\/ul>\n<\/li>\n<\/ul>\n<h3 style=\"text-align: justify;\">L&#8217;h\u00e9bergement et la restauration<\/h3>\n<p style=\"text-align: justify;\">Nous serons h\u00e9berg\u00e9s dans les chalets du camping \u00ab U Prunelli \u00bb. Il est situ\u00e9 \u00e0 proximit\u00e9 du carrefour de la route de Bonifacio (N193) et de la route de Porticcio (D55) au fond du golfe d&#8217;Ajaccio. Un restaurant et un bar se trouvent dans ce camping. Voir <a href=\"http:\/\/www.camping-prunelli.com\/\" target=\"_blank\">www.camping-prunelli.com<\/a>.<\/p>\n<h4 style=\"text-align: justify;\">L&#8217;h\u00e9bergement :<\/h4>\n<p style=\"text-align: justify;\">Il nous est propos\u00e9 des chalets \u00e0 2 ou 4 places comprenant 1 ou 2 chambres, un coin s\u00e9jour avec table et chaises, parfois un canap\u00e9, une salle d&#8217;eau et une terrasse couverte munie de son coin cuisine. Les chambres sont \u00e9quip\u00e9es soit d&#8217;un lit de 140cm soit d&#8217;un lit de 140 et de 2 lits de 90cm.<\/p>\n<p style=\"text-align: justify;\">Il existe, \u00e0 la demande, des chalets \u00e0 5, 6 ou 7 places.<\/p>\n<h4 style=\"text-align: justify;\">A savoir:<\/h4>\n<ul style=\"text-align: justify;\">\n<li>La fourniture d&#8217;un ensemble de draps, serviette et drap de bains par le camping co\u00fbte 8\u20ac la semaine.<\/li>\n<li>Une caution de 100 \u20ac est demand\u00e9e ordinairement. Mais le Club des Cent Cols et ses membres jouissant d&#8217;une r\u00e9putation exemplaire, n\u2019est pas soumis \u00e0 celle-ci.<\/li>\n<li>Le camping r\u00e9clamera n\u00e9anmoins 30 \u20ac par chalet pour le m\u00e9nage en fin de s\u00e9jour, sauf si les occupants rendent le chalet dans un \u00e9tat satisfaisant.<\/li>\n<li>Le prix de l&#8217;h\u00e9bergement est de\u00a0 140 \u20ac\u00a0 par personne pour la semaine.<\/li>\n<\/ul>\n<h4 style=\"text-align: justify;\">La restauration\u00a0 :<\/h4>\n<p style=\"text-align: justify;\">Nous serons en pension compl\u00e8te et dans les m\u00eames conditions que lors des pr\u00e9c\u00e9dents s\u00e9jours : petit d\u00e9jeuner, panier repas pour midi et repas du soir (3 plats+ boisson +caf\u00e9).<br \/>\nLe petit-d\u00e9jeuner du dimanche 18\/04, jour de l&#8217;arriv\u00e9e \u00e0 Ajaccio et \u00e9galement le repas du soir du 24\/04 sous forme de panier-repas, jour du d\u00e9part d&#8217;Ajaccio sont inclus dans le prix du s\u00e9jour.<\/p>\n<p style=\"text-align: justify;\">Il est aussi possible de prendre ses repas dans les chalets puisqu&#8217;ils sont munis de coins cuisine, mais pas de cuisinier! Le coin cuisine, assez sommaire et situ\u00e9 en plein air sous la terrasse couverte, est \u00e9quip\u00e9 d&#8217;un r\u00e9chaud \u00e0 gaz, casseroles, po\u00eales, couverts, etc&#8230; Il existe des barbecues \u00e0 proximit\u00e9 des chalets. Ce choix est \u00e0 pr\u00e9ciser dans le bulletin d&#8217;inscription.<\/p>\n<p style=\"text-align: justify;\">En cas de d\u00e9part anticip\u00e9 ou d&#8217;arriv\u00e9e diff\u00e9r\u00e9e, pr\u00e9ciser les dates de la pension compl\u00e8te sur le bulletin d&#8217;inscription.<br \/>\nLe prix de la pension compl\u00e8te est de 30 \u20ac par jour et par personne soit\u00a0 210 \u20ac\u00a0 pour les sept jours.<\/p>\n<h3 style=\"text-align: justify;\">Renseignements divers<\/h3>\n<p style=\"text-align: justify;\">Veuillez contacter l&#8217;organisateur, Bernard Giraudeau, \u00e0 l&#8217;adresse <a href=\"ma&#105;&#108;to&#58;&#112;&#111;&#114;&#116;icc&#105;o&#64;centc&#111;l&#115;.net\">p&#111;&#114;&#116;&#105;cci&#111;&#64;c&#101;&#110;tco&#108;&#115;.&#110;et<\/a><\/p>\n<h2 style=\"text-align: justify;\">Les circuits<\/h2>\n<p style=\"text-align: justify;\">Chaque jour, du dimanche 18 avril au samedi 24 avril, des circuits routiers et VTT vous sont propos\u00e9s. Il y a 9 circuits routiers, num\u00e9rot\u00e9s de R1 \u00e0 R9, et 10 circuits VTT, num\u00e9rot\u00e9s de V1 \u00e0 V10. Les dates et l&#8217;accompagnement de chaque circuit sont d\u00e9crits plus bas.<\/p>\n<p style=\"text-align: justify;\">Les cols indiqu\u00e9s sont ceux des circuits de base; les cols en option et ceux des variantes sont indiqu\u00e9s sur la feuille de route de chaque circuit.<br \/>\nCertains cols apparaissent sur plusieurs circuits et sont donc r\u00e9p\u00e9t\u00e9s. Par contre, si un col est franchi plus d&#8217;une fois dans un circuit donn\u00e9, il n&#8217;appara\u00eetra que la premi\u00e8re fois. Les cols sont indiqu\u00e9s dans l&#8217;ordre de leur franchissement dans chaque circuit.<\/p>\n<p style=\"text-align: justify;\">Le point de d\u00e9part de quelques circuits a chang\u00e9 puisque nous avons chang\u00e9 de lieu d&#8217;h\u00e9bergement. Il se situe maintenant 3 km plus au nord.<br \/>\nIl pourra y avoir d&#8217;autres modifications, en plus ou en moins, en fonction de l&#8217;accessibilit\u00e9 de quelques cols muletiers ou de l&#8217;inscription au Chauvot de quelques nouveaux cols.<\/p>\n<h3 style=\"text-align: justify;\">Circuits routiers<\/h3>\n<p>(Cliquez sur le nom du circuit pour les d\u00e9tails)<\/p>\n<table>\n<tbody>\n<tr>\n<td>\n<table>\n<thead>\n<tr>\n<th><span class=\"bl\">R1<\/span> <a class=\"iframe-fancybox\" href=\"https:\/\/centcols.org\/backup\/les_rendez-vous\/2010\/Porticcio\/circuit.php?id=R1\">Le balcon du Golfe d&#8217;Ajaccio<\/a><\/th>\n<th><span class=\"bl\">R2<\/span> <a class=\"iframe-fancybox\" href=\"https:\/\/centcols.org\/backup\/les_rendez-vous\/2010\/Porticcio\/circuit.php?id=R2\">Entre Prunelli<br \/>\net Taravo<\/a><\/th>\n<th><span class=\"bl\">R3<\/span> <a class=\"iframe-fancybox\" href=\"https:\/\/centcols.org\/backup\/les_rendez-vous\/2010\/Porticcio\/circuit.php?id=R3\">Les Gorges<br \/>\ndu Prunelli<\/a><\/th>\n<th><span class=\"bl\">R4<\/span> <a class=\"iframe-fancybox\" href=\"https:\/\/centcols.org\/backup\/les_rendez-vous\/2010\/Porticcio\/circuit.php?id=R4\">Autour du Rocher des Gozzi<\/a><\/th>\n<th><span class=\"bl\">R5<\/span> <a class=\"iframe-fancybox\" href=\"https:\/\/centcols.org\/backup\/les_rendez-vous\/2010\/Porticcio\/circuit.php?id=R5\">Le Cruzzini<br \/>\nsauvage<\/a><\/th>\n<\/tr>\n<tr>\n<th class=\"nl\">D\u00e9part : Sur place<br \/>\nDistance : 80 km<br \/>\nD\u00e9nivel\u00e9e : \u00a01 450 m<\/th>\n<th class=\"nl\">D\u00e9part : Sur place<br \/>\nDistance : 70 km<br \/>\nD\u00e9nivel\u00e9e : \u00a01 300 m<\/th>\n<th class=\"nl\">D\u00e9part : Sur place<br \/>\nDistance : 100 km<br \/>\nD\u00e9nivel\u00e9e : \u00a01 850 m<\/th>\n<th class=\"nl\">D\u00e9part : Mezzana\/gare (13km)<br \/>\nDistance : 80 km<br \/>\nD\u00e9nivel\u00e9e : \u00a01 650 m<\/th>\n<th class=\"nl\">D\u00e9part : Liamone plage (39km)<br \/>\nDistance : 88 km<br \/>\nD\u00e9nivel\u00e9e : \u00a01 750 m<\/th>\n<\/tr>\n<\/thead>\n<tbody>\n<tr>\n<td style=\"vertical-align: top;\">\n<ol>\n<li><a href=\"https:\/\/centcols.org\/backup\/util\/geo\/visuGP.php?c=18500\" target=\"_BLANK\">FR-2A-0185<\/a><br \/>\nBocca di Pozzoli<\/li>\n<li><a href=\"https:\/\/centcols.org\/backup\/util\/geo\/visuGP.php?c=23400\" target=\"_BLANK\">FR-2A-0234<\/a><br \/>\nBocca di Filippina<\/li>\n<li><a href=\"https:\/\/centcols.org\/backup\/util\/geo\/visuGP.php?c=30700\" target=\"_BLANK\">FR-2A-0307<\/a><br \/>\nBocca di Cannicciu<\/li>\n<li><a href=\"https:\/\/centcols.org\/backup\/util\/geo\/visuGP.php?c=63501\" target=\"_BLANK\">FR-2A-0635a<\/a><br \/>\nBocca di Cialone<\/li>\n<li><a href=\"https:\/\/centcols.org\/backup\/util\/geo\/visuGP.php?c=52300\" target=\"_BLANK\">FR-2A-0523<\/a><br \/>\nCol de Cortonou<\/li>\n<li><a href=\"https:\/\/centcols.org\/backup\/util\/geo\/visuGP.php?c=52900\" target=\"_BLANK\">FR-2A-0529<\/a><br \/>\nBocca di Gradello<\/li>\n<li><a href=\"https:\/\/centcols.org\/backup\/util\/geo\/visuGP.php?c=55400\" target=\"_BLANK\">FR-2A-0554<\/a><br \/>\nBocca d&#8217;Arghellaju<\/li>\n<li><a href=\"https:\/\/centcols.org\/backup\/util\/geo\/visuGP.php?c=62700\" target=\"_BLANK\">FR-2A-0627<\/a><br \/>\nBocca di Chenova<\/li>\n<li><a href=\"https:\/\/centcols.org\/backup\/util\/geo\/visuGP.php?c=63801\" target=\"_BLANK\">FR-2A-0638a<\/a><br \/>\nBocca d&#8217;Aja di Bastiano<\/li>\n<li><a href=\"https:\/\/centcols.org\/backup\/util\/geo\/visuGP.php?c=52100\" target=\"_BLANK\">FR-2A-0521<\/a><br \/>\nBocca di Belle Valle<\/li>\n<li><a href=\"https:\/\/centcols.org\/backup\/util\/geo\/visuGP.php?c=46900\" target=\"_BLANK\">FR-2A-0469<\/a><br \/>\nBocca di u Grecu<\/li>\n<li><a href=\"https:\/\/centcols.org\/backup\/util\/geo\/visuGP.php?c=39502\" target=\"_BLANK\">FR-2A-0395b<\/a><br \/>\nBocca di Ribaldella<\/li>\n<li><a href=\"https:\/\/centcols.org\/backup\/util\/geo\/visuGP.php?c=33301\" target=\"_BLANK\">FR-2A-0333a<\/a><br \/>\nBocca di Catruscia<\/li>\n<li><a href=\"https:\/\/centcols.org\/backup\/util\/geo\/visuGP.php?c=5700\" target=\"_BLANK\">FR-2A-0057<\/a><br \/>\nBocca di Cosi<\/li>\n<\/ol>\n<\/td>\n<td style=\"vertical-align: top;\">\n<ol>\n<li><a href=\"https:\/\/centcols.org\/backup\/util\/geo\/visuGP.php?c=5700\" target=\"_BLANK\">FR-2A-0057<\/a><br \/>\nBocca di Cosi<\/li>\n<li><a href=\"https:\/\/centcols.org\/backup\/util\/geo\/visuGP.php?c=33301\" target=\"_BLANK\">FR-2A-0333a<\/a><br \/>\nBocca di Catruscia<\/li>\n<li><a href=\"https:\/\/centcols.org\/backup\/util\/geo\/visuGP.php?c=39502\" target=\"_BLANK\">FR-2A-0395b<\/a><br \/>\nBocca di Ribaldella<\/li>\n<li><a href=\"https:\/\/centcols.org\/backup\/util\/geo\/visuGP.php?c=46900\" target=\"_BLANK\">FR-2A-0469<\/a><br \/>\nBocca di u Grecu<\/li>\n<li><a href=\"https:\/\/centcols.org\/backup\/util\/geo\/visuGP.php?c=52100\" target=\"_BLANK\">FR-2A-0521<\/a><br \/>\nBocca di Belle Valle<\/li>\n<li><a href=\"https:\/\/centcols.org\/backup\/util\/geo\/visuGP.php?c=63801\" target=\"_BLANK\">FR-2A-0638a<\/a><br \/>\nBocca d&#8217;Aja di Bastiano<\/li>\n<li><a href=\"https:\/\/centcols.org\/backup\/util\/geo\/visuGP.php?c=64200\" target=\"_BLANK\">FR-2A-0642<\/a><br \/>\nBocca di Luminataja<\/li>\n<li><a href=\"https:\/\/centcols.org\/backup\/util\/geo\/visuGP.php?c=42300\" target=\"_BLANK\">FR-2A-0423<\/a><br \/>\nBocca d&#8217;i Mercanti<\/li>\n<li><a href=\"https:\/\/centcols.org\/backup\/util\/geo\/visuGP.php?c=38000\" target=\"_BLANK\">FR-2A-0380<\/a><br \/>\nColle Cacaregnula<\/li>\n<li><a href=\"https:\/\/centcols.org\/backup\/util\/geo\/visuGP.php?c=75700\" target=\"_BLANK\">FR-2A-0757<\/a><br \/>\nCol Saint-Georges<\/li>\n<li><a href=\"https:\/\/centcols.org\/backup\/util\/geo\/visuGP.php?c=63802\" target=\"_BLANK\">FR-2A-0638b<\/a><br \/>\nBocca di Missoju<\/li>\n<li><a href=\"https:\/\/centcols.org\/backup\/util\/geo\/visuGP.php?c=16900\" target=\"_BLANK\">FR-2A-0169<\/a><br \/>\nBocca di Friginosa<\/li>\n<\/ol>\n<\/td>\n<td style=\"vertical-align: top;\">\n<ol>\n<li><a href=\"https:\/\/centcols.org\/backup\/util\/geo\/visuGP.php?c=4100\" target=\"_BLANK\">FR-2A-0041<\/a><br \/>\nBocca di a Seghia<\/li>\n<li><a href=\"https:\/\/centcols.org\/backup\/util\/geo\/visuGP.php?c=71502\" target=\"_BLANK\">FR-2A-0715b<\/a><br \/>\nBocca di Mercuju<\/li>\n<li><a href=\"https:\/\/centcols.org\/backup\/util\/geo\/visuGP.php?c=75600\" target=\"_BLANK\">FR-2A-0756<\/a><br \/>\nCol de Menta<\/li>\n<li><a href=\"https:\/\/centcols.org\/backup\/util\/geo\/visuGP.php?c=99300\" target=\"_BLANK\">FR-2A-0993<\/a><br \/>\nCol de Ciano<\/li>\n<li><a href=\"https:\/\/centcols.org\/backup\/util\/geo\/visuGP.php?c=119301\" target=\"_BLANK\">FR-2A-1193a<\/a><br \/>\nCol de Scalella<\/li>\n<li><a href=\"https:\/\/centcols.org\/backup\/util\/geo\/visuGP.php?c=72400\" target=\"_BLANK\">FR-2A-0724<\/a><br \/>\nCol de Cricheto<\/li>\n<li><a href=\"https:\/\/centcols.org\/backup\/util\/geo\/visuGP.php?c=66900\" target=\"_BLANK\">FR-2A-0669<\/a><br \/>\nBocca di Marcujolu<\/li>\n<li><a href=\"https:\/\/centcols.org\/backup\/util\/geo\/visuGP.php?c=53601\" target=\"_BLANK\">FR-2A-0536a<\/a><br \/>\nBocca di Sant&#8217;Albertu<\/li>\n<li><a href=\"https:\/\/centcols.org\/backup\/util\/geo\/visuGP.php?c=16900\" target=\"_BLANK\">FR-2A-0169<\/a><br \/>\nBocca di Friginosa<\/li>\n<li><a href=\"https:\/\/centcols.org\/backup\/util\/geo\/visuGP.php?c=5700\" target=\"_BLANK\">FR-2A-0057<\/a><br \/>\nBocca di Cosi<\/li>\n<\/ol>\n<\/td>\n<td style=\"vertical-align: top;\">\n<ol>\n<li><a href=\"https:\/\/centcols.org\/backup\/util\/geo\/visuGP.php?c=9500\" target=\"_BLANK\">FR-2A-0095<\/a><br \/>\nBocca Cane<\/li>\n<li><a href=\"https:\/\/centcols.org\/backup\/util\/geo\/visuGP.php?c=56700\" target=\"_BLANK\">FR-2A-0567<\/a><br \/>\nBocca di Pianu d&#8217;Arbori<\/li>\n<li><a href=\"https:\/\/centcols.org\/backup\/util\/geo\/visuGP.php?c=61200\" target=\"_BLANK\">FR-2A-0612<\/a><br \/>\nBocca di Sarzoggiu<\/li>\n<li><a href=\"https:\/\/centcols.org\/backup\/util\/geo\/visuGP.php?c=23201\" target=\"_BLANK\">FR-2A-0232a<\/a><br \/>\nFoce di Cuglia<\/li>\n<li><a href=\"https:\/\/centcols.org\/backup\/util\/geo\/visuGP.php?c=35800\" target=\"_BLANK\">FR-2A-0358<\/a><br \/>\nA Forca<\/li>\n<li><a href=\"https:\/\/centcols.org\/backup\/util\/geo\/visuGP.php?c=41100\" target=\"_BLANK\">FR-2A-0411<\/a><br \/>\nBocca San Bastiano<\/li>\n<li><a href=\"https:\/\/centcols.org\/backup\/util\/geo\/visuGP.php?c=23202\" target=\"_BLANK\">FR-2A-0232b<\/a><br \/>\nCol de Listincone<\/li>\n<li><a href=\"https:\/\/centcols.org\/backup\/util\/geo\/visuGP.php?c=31100\" target=\"_BLANK\">FR-2A-0311<\/a><br \/>\nBocca d&#8217;Arena<\/li>\n<li><a href=\"https:\/\/centcols.org\/backup\/util\/geo\/visuGP.php?c=28900\" target=\"_BLANK\">FR-2A-0289<\/a><br \/>\nBocca di Carbinica<\/li>\n<li><a href=\"https:\/\/centcols.org\/backup\/util\/geo\/visuGP.php?c=20300\" target=\"_BLANK\">FR-2A-0203<\/a><br \/>\nBocca di Pruno<\/li>\n<li><a href=\"https:\/\/centcols.org\/backup\/util\/geo\/visuGP.php?c=7101\" target=\"_BLANK\">FR-2A-0071a<\/a><br \/>\nBocca di Stileto<\/li>\n<\/ol>\n<\/td>\n<td style=\"vertical-align: top;\">\n<ol>\n<li><a href=\"https:\/\/centcols.org\/backup\/util\/geo\/visuGP.php?c=37600\" target=\"_BLANK\">FR-2A-0376<\/a><br \/>\nBocca d&#8217;Ambiegna<\/li>\n<li><a href=\"https:\/\/centcols.org\/backup\/util\/geo\/visuGP.php?c=35000\" target=\"_BLANK\">FR-2A-0350<\/a><br \/>\nBocca a Verghiu<\/li>\n<li><a href=\"https:\/\/centcols.org\/backup\/util\/geo\/visuGP.php?c=49102\" target=\"_BLANK\">FR-2A-0491b<\/a><br \/>\nCol Saint-Antoine<\/li>\n<li><a href=\"https:\/\/centcols.org\/backup\/util\/geo\/visuGP.php?c=42400\" target=\"_BLANK\">FR-2A-0424<\/a><br \/>\nBocca a Vela<\/li>\n<li><a href=\"https:\/\/centcols.org\/backup\/util\/geo\/visuGP.php?c=53602\" target=\"_BLANK\">FR-2A-0536b<\/a><br \/>\nCol de Saint-Sauveur<\/li>\n<li><a href=\"https:\/\/centcols.org\/backup\/util\/geo\/visuGP.php?c=41700\" target=\"_BLANK\">FR-2A-0417<\/a><br \/>\nBocca di Sant&#8217;Alparte<\/li>\n<\/ol>\n<\/td>\n<\/tr>\n<\/tbody>\n<\/table>\n<\/td>\n<td><\/td>\n<td><\/td>\n<td><\/td>\n<td><\/td>\n<\/tr>\n<\/tbody>\n<\/table>\n<table>\n<tbody>\n<tr>\n<td>\n<table>\n<thead>\n<tr>\n<th><span class=\"bl\">R6<\/span> <a class=\"iframe-fancybox\" href=\"https:\/\/centcols.org\/backup\/les_rendez-vous\/2010\/Porticcio\/circuit.php?id=R6\">Le Golfe de Porto<\/a><\/th>\n<th><span class=\"bl\">R7<\/span> <a class=\"iframe-fancybox\" href=\"https:\/\/centcols.org\/backup\/les_rendez-vous\/2010\/Porticcio\/circuit.php?id=R7\">Au-del\u00e0 des Monts<\/a><\/th>\n<th><span class=\"bl\">R8<\/span> <a class=\"iframe-fancybox\" href=\"https:\/\/centcols.org\/backup\/les_rendez-vous\/2010\/Porticcio\/circuit.php?id=R8\">Le Taravo<\/a><\/th>\n<th><span class=\"bl\">R9<\/span> <a class=\"iframe-fancybox\" href=\"https:\/\/centcols.org\/backup\/les_rendez-vous\/2010\/Porticcio\/circuit.php?id=R9\">Le Sartenais<\/a><\/th>\n<\/tr>\n<tr>\n<th class=\"nl\">D\u00e9part : Pt. de Travarce (43km)<br \/>\nDistance : 98 km<br \/>\nD\u00e9nivel\u00e9e : \u00a02 235 m<\/th>\n<th class=\"nl\">D\u00e9part : &gt;Vizzavona&lt; (51km)<br \/>\nDistance : 85 km<br \/>\nD\u00e9nivel\u00e9e : \u00a01 725 m<\/th>\n<th class=\"nl\">D\u00e9part : S.Maria Sich\u00e9 (28km)<br \/>\nDistance : 110 km<br \/>\nD\u00e9nivel\u00e9e : \u00a01 950 m<\/th>\n<th class=\"nl\">D\u00e9part : Propriano (60km)<br \/>\nDistance : 75 km<br \/>\nD\u00e9nivel\u00e9e : \u00a01 500 m<\/th>\n<\/tr>\n<\/thead>\n<tbody>\n<tr>\n<td style=\"vertical-align: top;\">\n<ol>\n<li><a href=\"https:\/\/centcols.org\/backup\/util\/geo\/visuGP.php?c=15400\" target=\"_BLANK\">FR-2A-0154<\/a><br \/>\nBocca Curnatoghiu<\/li>\n<li><a href=\"https:\/\/centcols.org\/backup\/util\/geo\/visuGP.php?c=10100\" target=\"_BLANK\">FR-2A-0101<\/a><br \/>\nBocca di a Torraccia<\/li>\n<li><a href=\"https:\/\/centcols.org\/backup\/util\/geo\/visuGP.php?c=43300\" target=\"_BLANK\">FR-2A-0433<\/a><br \/>\nBocca di San Martino<\/li>\n<li><a href=\"https:\/\/centcols.org\/backup\/util\/geo\/visuGP.php?c=49101\" target=\"_BLANK\">FR-2A-0491a<\/a><br \/>\nBocca a Lavu<\/li>\n<li><a href=\"https:\/\/centcols.org\/backup\/util\/geo\/visuGP.php?c=42500\" target=\"_BLANK\">FR-2A-0425<\/a><br \/>\nBocca di Ghineparu<\/li>\n<li><a href=\"https:\/\/centcols.org\/backup\/util\/geo\/visuGP.php?c=54700\" target=\"_BLANK\">FR-2A-0547<\/a><br \/>\nCol de Cappiciolo<\/li>\n<li><a href=\"https:\/\/centcols.org\/backup\/util\/geo\/visuGP.php?c=88900\" target=\"_BLANK\">FR-2A-0889<\/a><br \/>\nBocca a Zora<\/li>\n<li><a href=\"https:\/\/centcols.org\/backup\/util\/geo\/visuGP.php?c=110100\" target=\"_BLANK\">FR-2A-1101<\/a><br \/>\nCol de Sevi<\/li>\n<li><a href=\"https:\/\/centcols.org\/backup\/util\/geo\/visuGP.php?c=49102\" target=\"_BLANK\">FR-2A-0491b<\/a><br \/>\nCol Saint-Antoine<\/li>\n<\/ol>\n<\/td>\n<td style=\"vertical-align: top;\">\n<ol>\n<li><a href=\"https:\/\/centcols.org\/backup\/util\/geo\/visuGP.php?c=20082401\" target=\"_BLANK\">FR-2B-0824a<\/a><br \/>\nCol de Campo di Lupo<\/li>\n<li><a href=\"https:\/\/centcols.org\/backup\/util\/geo\/visuGP.php?c=20080702\" target=\"_BLANK\">FR-2B-0807b<\/a><br \/>\nCol de la Serra<\/li>\n<li><a href=\"https:\/\/centcols.org\/backup\/util\/geo\/visuGP.php?c=20131100\" target=\"_BLANK\">FR-2B-1311<\/a><br \/>\nCol de Sorba<\/li>\n<li><a href=\"https:\/\/centcols.org\/backup\/util\/geo\/visuGP.php?c=20111200\" target=\"_BLANK\">FR-2B-1112<\/a><br \/>\nCol de Scozzolatojo<\/li>\n<li><a href=\"https:\/\/centcols.org\/backup\/util\/geo\/visuGP.php?c=20037100\" target=\"_BLANK\">FR-2B-0371<\/a><br \/>\nCol de Cardo<\/li>\n<li><a href=\"https:\/\/centcols.org\/backup\/util\/geo\/visuGP.php?c=20090401\" target=\"_BLANK\">FR-2B-0904a<\/a><br \/>\nCol d&#8217;Erbajo<\/li>\n<li><a href=\"https:\/\/centcols.org\/backup\/util\/geo\/visuGP.php?c=20082402\" target=\"_BLANK\">FR-2B-0824b<\/a><br \/>\nCol de Morello<\/li>\n<li><a href=\"https:\/\/centcols.org\/backup\/util\/geo\/visuGP.php?c=116302\" target=\"_BLANK\">FR-2A-1163b<\/a><br \/>\nCol de Vizzavona<\/li>\n<\/ol>\n<\/td>\n<td style=\"vertical-align: top;\">\n<ol>\n<li><a href=\"https:\/\/centcols.org\/backup\/util\/geo\/visuGP.php?c=86500\" target=\"_BLANK\">FR-2A-0865<\/a><br \/>\nCol de Granace<\/li>\n<li><a href=\"https:\/\/centcols.org\/backup\/util\/geo\/visuGP.php?c=46800\" target=\"_BLANK\">FR-2A-0468<\/a><br \/>\nBocca d&#8217;Arja Alta<\/li>\n<li><a href=\"https:\/\/centcols.org\/backup\/util\/geo\/visuGP.php?c=43700\" target=\"_BLANK\">FR-2A-0437<\/a><br \/>\nBocca d&#8217;Isoli<\/li>\n<li><a href=\"https:\/\/centcols.org\/backup\/util\/geo\/visuGP.php?c=119302\" target=\"_BLANK\">FR-2A-1193b<\/a><br \/>\nCol de la Vaccia<\/li>\n<li><a href=\"https:\/\/centcols.org\/backup\/util\/geo\/visuGP.php?c=97502\" target=\"_BLANK\">FR-2A-0975b<\/a><br \/>\nCol de la Tana<\/li>\n<li><a href=\"https:\/\/centcols.org\/backup\/util\/geo\/visuGP.php?c=99500\" target=\"_BLANK\">FR-2A-0995<\/a><br \/>\nCol Saint-Eustache<\/li>\n<li><a href=\"https:\/\/centcols.org\/backup\/util\/geo\/visuGP.php?c=77502\" target=\"_BLANK\">FR-2A-0775b<\/a><br \/>\nCol de Tega<\/li>\n<li><a href=\"https:\/\/centcols.org\/backup\/util\/geo\/visuGP.php?c=40500\" target=\"_BLANK\">FR-2A-0405<\/a><br \/>\nBocca di Calo<\/li>\n<li><a href=\"https:\/\/centcols.org\/backup\/util\/geo\/visuGP.php?c=47500\" target=\"_BLANK\">FR-2A-0475<\/a><br \/>\nFoce<\/li>\n<li><a href=\"https:\/\/centcols.org\/backup\/util\/geo\/visuGP.php?c=54300\" target=\"_BLANK\">FR-2A-0543<\/a><br \/>\nFoce d&#8217;Avanzu<\/li>\n<\/ol>\n<\/td>\n<td>\n<ol>\n<li><a href=\"https:\/\/centcols.org\/backup\/util\/geo\/visuGP.php?c=25600\" target=\"_BLANK\">FR-2A-0256<\/a><br \/>\nFoce di u Poggio<\/li>\n<li><a href=\"https:\/\/centcols.org\/backup\/util\/geo\/visuGP.php?c=47900\" target=\"_BLANK\">FR-2A-0479<\/a><br \/>\nBocca di Giovanella<\/li>\n<li><a href=\"https:\/\/centcols.org\/backup\/util\/geo\/visuGP.php?c=52500\" target=\"_BLANK\">FR-2A-0525<\/a><br \/>\nFoce di Bilia<\/li>\n<li><a href=\"https:\/\/centcols.org\/backup\/util\/geo\/visuGP.php?c=32800\" target=\"_BLANK\">FR-2A-0328<\/a><br \/>\nBocca di Biccelli<\/li>\n<li><a href=\"https:\/\/centcols.org\/backup\/util\/geo\/visuGP.php?c=29100\" target=\"_BLANK\">FR-2A-0291<\/a><br \/>\nBocca Albitrina<\/li>\n<li><a href=\"https:\/\/centcols.org\/backup\/util\/geo\/visuGP.php?c=50601\" target=\"_BLANK\">FR-2A-0506a<\/a><br \/>\nFoce di Mezzo<\/li>\n<li><a href=\"https:\/\/centcols.org\/backup\/util\/geo\/visuGP.php?c=47700\" target=\"_BLANK\">FR-2A-0477<\/a><br \/>\nBocca di Suara<\/li>\n<li><a href=\"https:\/\/centcols.org\/backup\/util\/geo\/visuGP.php?c=50200\" target=\"_BLANK\">FR-2A-0502<\/a><br \/>\nBocca di Tiponu<\/li>\n<li><a href=\"https:\/\/centcols.org\/backup\/util\/geo\/visuGP.php?c=60502\" target=\"_BLANK\">FR-2A-0605b<\/a><br \/>\nFoce<\/li>\n<li><a href=\"https:\/\/centcols.org\/backup\/util\/geo\/visuGP.php?c=25000\" target=\"_BLANK\">FR-2A-0250<\/a><br \/>\nBocca di Cavu<\/li>\n<li><a href=\"https:\/\/centcols.org\/backup\/util\/geo\/visuGP.php?c=8100\" target=\"_BLANK\">FR-2A-0081<\/a><br \/>\nCol de Santa Giulia<\/li>\n<\/ol>\n<\/td>\n<\/tr>\n<\/tbody>\n<\/table>\n<\/td>\n<td><\/td>\n<td><\/td>\n<td><\/td>\n<\/tr>\n<\/tbody>\n<\/table>\n<h3>Circuits VTT<\/h3>\n<p>(Cliquez sur le nom du circuit pour les d\u00e9tails)<\/p>\n<table>\n<tbody>\n<tr>\n<td>\n<table>\n<thead>\n<tr>\n<th><span class=\"bl\">V1<\/span> <a class=\"iframe-fancybox\" href=\"https:\/\/centcols.org\/backup\/les_rendez-vous\/2010\/Porticcio\/circuit.php?id=V1\">Cauro-Santa Maria Sich\u00e9<\/a><\/th>\n<th><span class=\"bl\">V2<\/span> <a class=\"iframe-fancybox\" href=\"https:\/\/centcols.org\/backup\/les_rendez-vous\/2010\/Porticcio\/circuit.php?id=V2\">Mare a Mare Centre et Mare e Monti Sud<\/a><\/th>\n<th><span class=\"bl\">V3<\/span> <a class=\"iframe-fancybox\" href=\"https:\/\/centcols.org\/backup\/les_rendez-vous\/2010\/Porticcio\/circuit.php?id=V3\">Coti-Chiavari<\/a><\/th>\n<th><span class=\"bl\">V4<\/span> <a class=\"iframe-fancybox\" href=\"https:\/\/centcols.org\/backup\/les_rendez-vous\/2010\/Porticcio\/circuit.php?id=V4\">Tolla<\/a><\/th>\n<th><span class=\"bl\">V5<\/span> <a class=\"iframe-fancybox\" href=\"https:\/\/centcols.org\/backup\/les_rendez-vous\/2010\/Porticcio\/circuit.php?id=V5\">Villanova<\/a><\/th>\n<\/tr>\n<tr>\n<th class=\"nl\">D\u00e9part : Sur place<br \/>\nDistance : 60 km<br \/>\nD\u00e9nivel\u00e9e : \u00a01 600 m<\/th>\n<th class=\"nl\">D\u00e9part : Col St.Georges (19km)<br \/>\nDistance : 37 km<br \/>\nD\u00e9nivel\u00e9e : \u00a0550 m<\/th>\n<th class=\"nl\">D\u00e9part : Pl. Mare e Sole (14km)<br \/>\nDistance : 45 km<br \/>\nD\u00e9nivel\u00e9e : \u00a01 100 m<\/th>\n<th class=\"nl\">D\u00e9part : D3 x D29 (20km)<br \/>\nDistance : 38 km<br \/>\nD\u00e9nivel\u00e9e : \u00a01 200 m<\/th>\n<th class=\"nl\">D\u00e9part : Ajaccio (15km)<br \/>\nDistance : 56 km<br \/>\nD\u00e9nivel\u00e9e : \u00a01 450 m<\/th>\n<\/tr>\n<\/thead>\n<tbody>\n<tr>\n<td>\n<ol>\n<li><a href=\"https:\/\/centcols.org\/backup\/util\/geo\/visuGP.php?c=5700\" target=\"_BLANK\">FR-2A-0057<\/a><br \/>\nBocca di Cosi<\/li>\n<li><a href=\"https:\/\/centcols.org\/backup\/util\/geo\/visuGP.php?c=16900\" target=\"_BLANK\">FR-2A-0169<\/a><br \/>\nBocca di Friginosa<\/li>\n<li><a href=\"https:\/\/centcols.org\/backup\/util\/geo\/visuGP.php?c=63802\" target=\"_BLANK\">FR-2A-0638b<\/a><br \/>\nBocca di Missoju<\/li>\n<li><a href=\"https:\/\/centcols.org\/backup\/util\/geo\/visuGP.php?c=75700\" target=\"_BLANK\">FR-2A-0757<\/a><br \/>\nCol Saint-Georges<\/li>\n<li><a href=\"https:\/\/centcols.org\/backup\/util\/geo\/visuGP.php?c=104500\" target=\"_BLANK\">FR-2A-1045<\/a><br \/>\nColletula di li Puttini<\/li>\n<li><a href=\"https:\/\/centcols.org\/backup\/util\/geo\/visuGP.php?c=111200\" target=\"_BLANK\">FR-2A-1112<\/a><br \/>\nBocca di Mala Battaglia<\/li>\n<li><a href=\"https:\/\/centcols.org\/backup\/util\/geo\/visuGP.php?c=88002\" target=\"_BLANK\">FR-2A-0880b<\/a><br \/>\nBocca di Sant&#8217;Antone<\/li>\n<li><a href=\"https:\/\/centcols.org\/backup\/util\/geo\/visuGP.php?c=79100\" target=\"_BLANK\">FR-2A-0791<\/a><br \/>\nBocca di a Vespajola<\/li>\n<li><a href=\"https:\/\/centcols.org\/backup\/util\/geo\/visuGP.php?c=53802\" target=\"_BLANK\">FR-2A-0538b<\/a><br \/>\nBocca di Spolverossa<\/li>\n<li><a href=\"https:\/\/centcols.org\/backup\/util\/geo\/visuGP.php?c=4100\" target=\"_BLANK\">FR-2A-0041<\/a><br \/>\nBocca di a Seghia<\/li>\n<\/ol>\n<\/td>\n<td style=\"vertical-align: top;\">\n<ol>\n<li><a href=\"https:\/\/centcols.org\/backup\/util\/geo\/visuGP.php?c=88800\" target=\"_BLANK\">FR-2A-0888<\/a><br \/>\nBocca di Caldane<\/li>\n<li><a href=\"https:\/\/centcols.org\/backup\/util\/geo\/visuGP.php?c=83200\" target=\"_BLANK\">FR-2A-0832<\/a><br \/>\nBocca di Travu<\/li>\n<li><a href=\"https:\/\/centcols.org\/backup\/util\/geo\/visuGP.php?c=64200\" target=\"_BLANK\">FR-2A-0642<\/a><br \/>\nBocca di Luminataja<\/li>\n<li><a href=\"https:\/\/centcols.org\/backup\/util\/geo\/visuGP.php?c=66100\" target=\"_BLANK\">FR-2A-0661<\/a><br \/>\nBocca di Legasu<\/li>\n<li><a href=\"https:\/\/centcols.org\/backup\/util\/geo\/visuGP.php?c=63801\" target=\"_BLANK\">FR-2A-0638a<\/a><br \/>\nBocca d&#8217;Aja di Bastiano<\/li>\n<li><a href=\"https:\/\/centcols.org\/backup\/util\/geo\/visuGP.php?c=62700\" target=\"_BLANK\">FR-2A-0627<\/a><br \/>\nBocca di Chenova<\/li>\n<li><a href=\"https:\/\/centcols.org\/backup\/util\/geo\/visuGP.php?c=55400\" target=\"_BLANK\">FR-2A-0554<\/a><br \/>\nBocca d&#8217;Arghellaju<\/li>\n<li><a href=\"https:\/\/centcols.org\/backup\/util\/geo\/visuGP.php?c=52100\" target=\"_BLANK\">FR-2A-0521<\/a><br \/>\nBocca di Belle Valle<\/li>\n<li><a href=\"https:\/\/centcols.org\/backup\/util\/geo\/visuGP.php?c=46900\" target=\"_BLANK\">FR-2A-0469<\/a><br \/>\nBocca di u Grecu<\/li>\n<li><a href=\"https:\/\/centcols.org\/backup\/util\/geo\/visuGP.php?c=39502\" target=\"_BLANK\">FR-2A-0395b<\/a><br \/>\nBocca di Ribaldella<\/li>\n<li><a href=\"https:\/\/centcols.org\/backup\/util\/geo\/visuGP.php?c=33301\" target=\"_BLANK\">FR-2A-0333a<\/a><br \/>\nBocca di Catruscia<\/li>\n<\/ol>\n<\/td>\n<td style=\"vertical-align: top;\">\n<ol>\n<li><a href=\"https:\/\/centcols.org\/backup\/util\/geo\/visuGP.php?c=18500\" target=\"_BLANK\">FR-2A-0185<\/a><br \/>\nBocca di Pozzoli<\/li>\n<li><a href=\"https:\/\/centcols.org\/backup\/util\/geo\/visuGP.php?c=52900\" target=\"_BLANK\">FR-2A-0529<\/a><br \/>\nBocca di Gradello<\/li>\n<li><a href=\"https:\/\/centcols.org\/backup\/util\/geo\/visuGP.php?c=58701\" target=\"_BLANK\">FR-2A-0587a<\/a><br \/>\nBocca di a Serra<\/li>\n<li><a href=\"https:\/\/centcols.org\/backup\/util\/geo\/visuGP.php?c=63501\" target=\"_BLANK\">FR-2A-0635a<\/a><br \/>\nBocca di Cialone<\/li>\n<li><a href=\"https:\/\/centcols.org\/backup\/util\/geo\/visuGP.php?c=40600\" target=\"_BLANK\">FR-2A-0406<\/a><br \/>\nBocca di Pozzi<\/li>\n<li><a href=\"https:\/\/centcols.org\/backup\/util\/geo\/visuGP.php?c=30700\" target=\"_BLANK\">FR-2A-0307<\/a><br \/>\nBocca di Cannicciu<\/li>\n<li><a href=\"https:\/\/centcols.org\/backup\/util\/geo\/visuGP.php?c=23400\" target=\"_BLANK\">FR-2A-0234<\/a><br \/>\nBocca di<\/li>\n<li><a href=\"https:\/\/centcols.org\/backup\/util\/geo\/visuGP.php?c=52300\" target=\"_BLANK\">FR-2A-0523<\/a><br \/>\nCol de Cortonou<\/li>\n<li><a href=\"https:\/\/centcols.org\/backup\/util\/geo\/visuGP.php?c=36500\" target=\"_BLANK\">FR-2A-0365<\/a><br \/>\nBocca di Strettone<\/li>\n<\/ol>\n<\/td>\n<td style=\"vertical-align: top;\">\n<ol>\n<li><a href=\"https:\/\/centcols.org\/backup\/util\/geo\/visuGP.php?c=71502\" target=\"_BLANK\">FR-2A-0715b<\/a><br \/>\nBocca di Mercuju<\/li>\n<li><a href=\"https:\/\/centcols.org\/backup\/util\/geo\/visuGP.php?c=111500\" target=\"_BLANK\">FR-2A-1115<\/a><br \/>\nBocca di Duaju<\/li>\n<li><a href=\"https:\/\/centcols.org\/backup\/util\/geo\/visuGP.php?c=136501\" target=\"_BLANK\">FR-2A-1365a<\/a><br \/>\nBocca di a Rinella<\/li>\n<li><a href=\"https:\/\/centcols.org\/backup\/util\/geo\/visuGP.php?c=106801\" target=\"_BLANK\">FR-2A-1068a<\/a><br \/>\nBocca di Catarelli<\/li>\n<li><a href=\"https:\/\/centcols.org\/backup\/util\/geo\/visuGP.php?c=55502\" target=\"_BLANK\">FR-2A-0555b<\/a><br \/>\nBocca di San Pietro<\/li>\n<\/ol>\n<\/td>\n<td style=\"vertical-align: top;\">\n<ol>\n<li><a href=\"https:\/\/centcols.org\/backup\/util\/geo\/visuGP.php?c=20300\" target=\"_BLANK\">FR-2A-0203<\/a><br \/>\nBocca di Pruno<\/li>\n<li><a href=\"https:\/\/centcols.org\/backup\/util\/geo\/visuGP.php?c=59800\" target=\"_BLANK\">FR-2A-0598<\/a><br \/>\nBocca di l&#8217;Arinella<\/li>\n<li><a href=\"https:\/\/centcols.org\/backup\/util\/geo\/visuGP.php?c=40401\" target=\"_BLANK\">FR-2A-0404a<\/a><br \/>\nBocca di a Foce<\/li>\n<li><a href=\"https:\/\/centcols.org\/backup\/util\/geo\/visuGP.php?c=19400\" target=\"_BLANK\">FR-2A-0194<\/a><br \/>\nBocca di Marcuggio<\/li>\n<li><a href=\"https:\/\/centcols.org\/backup\/util\/geo\/visuGP.php?c=16100\" target=\"_BLANK\">FR-2A-0161<\/a><br \/>\nBocca Racana<\/li>\n<li><a href=\"https:\/\/centcols.org\/backup\/util\/geo\/visuGP.php?c=23202\" target=\"_BLANK\">FR-2A-0232b<\/a><br \/>\nCol de Listincone<\/li>\n<li><a href=\"https:\/\/centcols.org\/backup\/util\/geo\/visuGP.php?c=31100\" target=\"_BLANK\">FR-2A-0311<\/a><br \/>\nBocca d&#8217;Arena<\/li>\n<li><a href=\"https:\/\/centcols.org\/backup\/util\/geo\/visuGP.php?c=28900\" target=\"_BLANK\">FR-2A-0289<\/a><br \/>\nBocca di Carbinica<\/li>\n<\/ol>\n<\/td>\n<\/tr>\n<\/tbody>\n<\/table>\n<\/td>\n<td><\/td>\n<td><\/td>\n<td><\/td>\n<td><\/td>\n<\/tr>\n<\/tbody>\n<\/table>\n<table>\n<tbody>\n<tr>\n<td>\n<table style=\"border-color: #000000;\">\n<thead>\n<tr>\n<th><span class=\"bl\">V6<\/span> <a class=\"iframe-fancybox\" href=\"https:\/\/centcols.org\/backup\/les_rendez-vous\/2010\/Porticcio\/circuit.php?id=V6\">Appietto<\/a><\/th>\n<th><span class=\"bl\">V7<\/span> <a href=\"https:\/\/centcols.org\/backup\/les_rendez-vous\/2010\/Porticcio\/circuit.php?id=V7\">Sarrola-Carcopino<\/a><\/th>\n<th><span class=\"bl\">V8<\/span> <a class=\"iframe-fancybox\" href=\"https:\/\/centcols.org\/backup\/les_rendez-vous\/2010\/Porticcio\/circuit.php?id=V8\">Vero<\/a><\/th>\n<th><span class=\"bl\">V9<\/span> <a class=\"iframe-fancybox\" href=\"https:\/\/centcols.org\/backup\/les_rendez-vous\/2010\/Porticcio\/circuit.php?id=V9\">Vignale<\/a><\/th>\n<th><span class=\"bl\">V10<\/span> <a class=\"iframe-fancybox\" href=\"https:\/\/centcols.org\/backup\/les_rendez-vous\/2010\/Porticcio\/circuit.php?id=V10\">Frasseto<\/a><\/th>\n<\/tr>\n<tr>\n<th class=\"nl\">D\u00e9part : &gt;Listincone&lt; (17km)<br \/>\nDistance : 25 km<br \/>\nD\u00e9nivel\u00e9e : \u00a0800 m<\/th>\n<th class=\"nl\">D\u00e9part : D1 x D361 (14km)<br \/>\nDistance : 33 km<br \/>\nD\u00e9nivel\u00e9e : \u00a01 050 m<\/th>\n<th class=\"nl\">D\u00e9part : N193 x D4 (27km)<br \/>\nDistance : 37 km<br \/>\nD\u00e9nivel\u00e9e : \u00a01 030 m<\/th>\n<th class=\"nl\">D\u00e9part : &gt;&gt; N193\/D29 (33km)<br \/>\nDistance : 27 km<br \/>\nD\u00e9nivel\u00e9e : \u00a01 000 m<\/th>\n<th class=\"nl\">D\u00e9part : Frasseto (32km)<br \/>\nDistance : 27 km<br \/>\nD\u00e9nivel\u00e9e : \u00a0900 m<\/th>\n<\/tr>\n<\/thead>\n<tbody>\n<tr>\n<td style=\"vertical-align: top;\">\n<ol>\n<li><a href=\"https:\/\/centcols.org\/backup\/util\/geo\/visuGP.php?c=35800\" target=\"_BLANK\">FR-2A-0358<\/a><br \/>\nA Forca<\/li>\n<li><a href=\"https:\/\/centcols.org\/backup\/util\/geo\/visuGP.php?c=23201\" target=\"_BLANK\">FR-2A-0232a<\/a><br \/>\nFoce di Cuglia<\/li>\n<li><a href=\"https:\/\/centcols.org\/backup\/util\/geo\/visuGP.php?c=41100\" target=\"_BLANK\">FR-2A-0411<\/a><br \/>\nBocca San Bastiano<\/li>\n<li><a href=\"https:\/\/centcols.org\/backup\/util\/geo\/visuGP.php?c=65300\" target=\"_BLANK\">FR-2A-0653<\/a><br \/>\nBocca di Capanella<\/li>\n<li><a href=\"https:\/\/centcols.org\/backup\/util\/geo\/visuGP.php?c=67900\" target=\"_BLANK\">FR-2A-0679<\/a><br \/>\nBocca a Croce<\/li>\n<li><a href=\"https:\/\/centcols.org\/backup\/util\/geo\/visuGP.php?c=66400\" target=\"_BLANK\">FR-2A-0664<\/a><br \/>\nBocca a Foce<\/li>\n<li><a href=\"https:\/\/centcols.org\/backup\/util\/geo\/visuGP.php?c=23202\" target=\"_BLANK\">FR-2A-0232b<\/a><br \/>\nCol de Listincone<\/li>\n<\/ol>\n<\/td>\n<td style=\"vertical-align: top;\">\n<ol>\n<li><a href=\"https:\/\/centcols.org\/backup\/util\/geo\/visuGP.php?c=61200\" target=\"_BLANK\">FR-2A-0612<\/a><br \/>\nBocca di Sarzoggiu<\/li>\n<li><a href=\"https:\/\/centcols.org\/backup\/util\/geo\/visuGP.php?c=72102\" target=\"_BLANK\">FR-2A-0721b<\/a><br \/>\nBocca Cardiglione<\/li>\n<li><a href=\"https:\/\/centcols.org\/backup\/util\/geo\/visuGP.php?c=56700\" target=\"_BLANK\">FR-2A-0567<\/a><br \/>\nBocca di Pianu d&#8217;Arbori<\/li>\n<li><a href=\"https:\/\/centcols.org\/backup\/util\/geo\/visuGP.php?c=75000\" target=\"_BLANK\">FR-2A-0750<\/a><br \/>\nBocca di Bufonaggia<\/li>\n<li><a href=\"https:\/\/centcols.org\/backup\/util\/geo\/visuGP.php?c=41000\" target=\"_BLANK\">FR-2A-0410<\/a><br \/>\nBocca di Catenaccia<\/li>\n<\/ol>\n<\/td>\n<td style=\"vertical-align: top;\">\n<ol>\n<li><a href=\"https:\/\/centcols.org\/backup\/util\/geo\/visuGP.php?c=60100\" target=\"_BLANK\">FR-2A-0601<\/a><br \/>\nBocca a i Frati<\/li>\n<li><a href=\"https:\/\/centcols.org\/backup\/util\/geo\/visuGP.php?c=88500\" target=\"_BLANK\">FR-2A-0885<\/a><br \/>\nBocca di Tartavellu<\/li>\n<li><a href=\"https:\/\/centcols.org\/backup\/util\/geo\/visuGP.php?c=97102\" target=\"_BLANK\">FR-2A-0971b<\/a><br \/>\nBocca di Tacchione<\/li>\n<li><a href=\"https:\/\/centcols.org\/backup\/util\/geo\/visuGP.php?c=92201\" target=\"_BLANK\">FR-2A-0922a<\/a><br \/>\nBocca Frauletu<\/li>\n<li><a href=\"https:\/\/centcols.org\/backup\/util\/geo\/visuGP.php?c=88001\" target=\"_BLANK\">FR-2A-0880a<\/a><br \/>\nBocca Pettini<\/li>\n<li><a href=\"https:\/\/centcols.org\/backup\/util\/geo\/visuGP.php?c=91501\" target=\"_BLANK\">FR-2A-0915a<\/a><br \/>\nBocca a i Tarmini<\/li>\n<li><a href=\"https:\/\/centcols.org\/backup\/util\/geo\/visuGP.php?c=85400\" target=\"_BLANK\">FR-2A-0854<\/a><br \/>\nBocca a Pineta<\/li>\n<li><a href=\"https:\/\/centcols.org\/backup\/util\/geo\/visuGP.php?c=84200\" target=\"_BLANK\">FR-2A-0842<\/a><br \/>\nBocca di Rossi<\/li>\n<\/ol>\n<\/td>\n<td>\n<ol>\n<li><a href=\"https:\/\/centcols.org\/backup\/util\/geo\/visuGP.php?c=77501\" target=\"_BLANK\">FR-2A-0775a<\/a><br \/>\nBocca di Pinu Bonu<\/li>\n<li><a href=\"https:\/\/centcols.org\/backup\/util\/geo\/visuGP.php?c=87600\" target=\"_BLANK\">FR-2A-0876<\/a><br \/>\nBocca di Baracche<\/li>\n<li><a href=\"https:\/\/centcols.org\/backup\/util\/geo\/visuGP.php?c=91900\" target=\"_BLANK\">FR-2A-0919<\/a><br \/>\nBocca di Catarazza<\/li>\n<li><a href=\"https:\/\/centcols.org\/backup\/util\/geo\/visuGP.php?c=93700\" target=\"_BLANK\">FR-2A-0937<\/a><br \/>\nBocca a e Sambuche<\/li>\n<li><a href=\"https:\/\/centcols.org\/backup\/util\/geo\/visuGP.php?c=93500\" target=\"_BLANK\">FR-2A-0935<\/a><br \/>\nBocca d&#8217;Aramina<\/li>\n<li><a href=\"https:\/\/centcols.org\/backup\/util\/geo\/visuGP.php?c=115300\" target=\"_BLANK\">FR-2A-1153<\/a><br \/>\nBocca Magina<\/li>\n<li><a href=\"https:\/\/centcols.org\/backup\/util\/geo\/visuGP.php?c=117400\" target=\"_BLANK\">FR-2A-1174<\/a><br \/>\nBocca a i Tanni<\/li>\n<li><a href=\"https:\/\/centcols.org\/backup\/util\/geo\/visuGP.php?c=61400\" target=\"_BLANK\">FR-2A-0614<\/a><br \/>\nBocca Cardetu<\/li>\n<\/ol>\n<\/td>\n<td style=\"vertical-align: top;\">\n<ol>\n<li><a href=\"https:\/\/centcols.org\/backup\/util\/geo\/visuGP.php?c=120600\" target=\"_BLANK\">FR-2A-1206<\/a><br \/>\nCol d&#8217;Arusula<\/li>\n<li><a href=\"https:\/\/centcols.org\/backup\/util\/geo\/visuGP.php?c=103500\" target=\"_BLANK\">FR-2A-1035<\/a><br \/>\nBocca di Lera<\/li>\n<li><a href=\"https:\/\/centcols.org\/backup\/util\/geo\/visuGP.php?c=86500\" target=\"_BLANK\">FR-2A-0865<\/a><br \/>\nCol de Granace<\/li>\n<li><a href=\"https:\/\/centcols.org\/backup\/util\/geo\/visuGP.php?c=88402\" target=\"_BLANK\">FR-2A-0884b<\/a><br \/>\nBocca di Granaccia<\/li>\n<\/ol>\n<\/td>\n<\/tr>\n<\/tbody>\n<\/table>\n<\/td>\n<td><\/td>\n<td><\/td>\n<td><\/td>\n<td><\/td>\n<\/tr>\n<\/tbody>\n<\/table>\n<h2>Fichiers de g\u00e9olocalisation<\/h2>\n<p>Sur <a href=\"https:\/\/centcols.org\/backup\/les_rendez-vous\/2010\/Porticcio\/geo.htm\" target=\"_blank\">cette page<\/a> vous trouverez les fichiers GPX, KML et Carto Exploreur des circuits pour utilisation sur des logiciels de g\u00e9olocalisation et les r\u00e9cepteurs GPS.<\/p>\n<h2>Le programme au jour le jour<\/h2>\n<p>Sur ce <a href=\"https:\/\/centcols.org\/backup\/wp-content\/uploads\/2015\/04\/accompagnateurs.pdf\">fichier PDF<\/a>, vous trouverez le programme planifi\u00e9 pour chaque jour, ainsi que les d\u00e9tails relatifs \u00e0 l&#8217;accompagnement, aux d\u00e9parts, \u00e0 la difficult\u00e9 et \u00e0 l&#8217;allure sugg\u00e9r\u00e9e pour chaque circuit.<\/p>\n","protected":false},"excerpt":{"rendered":"<p>Pr\u00e9sentation Apr\u00e8s un s\u00e9jour \u00ab Mimosas \u00bb \u00e0 Agay, au pied de l\u2019Esterel, en Mars 2008, puis un autre \u00e0 Tuchan dans le massif des Corbi\u00e8res, en Mars 2009, le Club des Cent Cols vous propose un s\u00e9jour \u00ab \u00cele de Beaut\u00e9\u00bb \u00e0 Porticcio sur la Rive Sud du Golfe d\u2019Ajaccio au printemps 2010. La [&hellip;]<\/p>\n","protected":false},"author":17,"featured_media":0,"comment_status":"closed","ping_status":"closed","sticky":false,"template":"","format":"standard","meta":{"_acf_changed":false,"ub_ctt_via":"","_monsterinsights_skip_tracking":false,"_monsterinsights_sitenote_active":false,"_monsterinsights_sitenote_note":"","_monsterinsights_sitenote_category":0,"footnotes":""},"categories":[35],"tags":[],"acf":[],"featured_image_urls":{"full":"","thumbnail":"","medium":"","medium_large":"","large":"","1536x1536":"","2048x2048":"","woocommerce_thumbnail":"","woocommerce_single":"","woocommerce_gallery_thumbnail":""},"post_excerpt_stackable":"<p>Pr\u00e9sentation Apr\u00e8s un s\u00e9jour \u00ab Mimosas \u00bb \u00e0 Agay, au pied de l\u2019Esterel, en Mars 2008, puis un autre \u00e0 Tuchan dans le massif des Corbi\u00e8res, en Mars 2009, le Club des Cent Cols vous propose un s\u00e9jour \u00ab \u00cele de Beaut\u00e9\u00bb \u00e0 Porticcio sur la Rive Sud du Golfe d\u2019Ajaccio au printemps 2010. La Corse, contrairement \u00e0 ce qu\u2019il se dit, n\u2019est pas une \u00eele, mais un radeau qui flotte all\u00e9grement. Il y a quelques millions d\u2019ann\u00e9es, Agay et Porto \u00e9taient des communes voisines, s\u00e9par\u00e9es l\u2019une de l\u2019autre par quelques petits volcans en \u00e9ruption, et Tuchan n\u2019\u00e9tait pas tr\u00e8s\u2026<\/p>\n","category_list":"<a href=\"https:\/\/centcols.org\/backup\/categorie\/sejours\/\" rel=\"category tag\">S\u00e9jours<\/a>","author_info":{"display_name":"R\u00e9gis Paraz","author_link":"https:\/\/centcols.org\/backup\/author\/3225\/"},"comments_num":"0 commentaire","featured_image_urls_v2":{"full":"","thumbnail":"","medium":"","medium_large":"","large":"","1536x1536":"","2048x2048":"","woocommerce_thumbnail":"","woocommerce_single":"","woocommerce_gallery_thumbnail":""},"post_excerpt_stackable_v2":"<p>Pr\u00e9sentation Apr\u00e8s un s\u00e9jour \u00ab Mimosas \u00bb \u00e0 Agay, au pied de l\u2019Esterel, en Mars 2008, puis un autre \u00e0 Tuchan dans le massif des Corbi\u00e8res, en Mars 2009, le Club des Cent Cols vous propose un s\u00e9jour \u00ab \u00cele de Beaut\u00e9\u00bb \u00e0 Porticcio sur la Rive Sud du Golfe d\u2019Ajaccio au printemps 2010. La Corse, contrairement \u00e0 ce qu\u2019il se dit, n\u2019est pas une \u00eele, mais un radeau qui flotte all\u00e9grement. Il y a quelques millions d\u2019ann\u00e9es, Agay et Porto \u00e9taient des communes voisines, s\u00e9par\u00e9es l\u2019une de l\u2019autre par quelques petits volcans en \u00e9ruption, et Tuchan n\u2019\u00e9tait pas tr\u00e8s\u2026<\/p>\n","category_list_v2":"<a href=\"https:\/\/centcols.org\/backup\/categorie\/sejours\/\" rel=\"category tag\">S\u00e9jours<\/a>","author_info_v2":{"name":"R\u00e9gis Paraz","url":"https:\/\/centcols.org\/backup\/author\/3225\/"},"comments_num_v2":"0 commentaire","featured_image_src":null,"_links":{"self":[{"href":"https:\/\/centcols.org\/backup\/wp-json\/wp\/v2\/posts\/22147"}],"collection":[{"href":"https:\/\/centcols.org\/backup\/wp-json\/wp\/v2\/posts"}],"about":[{"href":"https:\/\/centcols.org\/backup\/wp-json\/wp\/v2\/types\/post"}],"author":[{"embeddable":true,"href":"https:\/\/centcols.org\/backup\/wp-json\/wp\/v2\/users\/17"}],"replies":[{"embeddable":true,"href":"https:\/\/centcols.org\/backup\/wp-json\/wp\/v2\/comments?post=22147"}],"version-history":[{"count":0,"href":"https:\/\/centcols.org\/backup\/wp-json\/wp\/v2\/posts\/22147\/revisions"}],"wp:attachment":[{"href":"https:\/\/centcols.org\/backup\/wp-json\/wp\/v2\/media?parent=22147"}],"wp:term":[{"taxonomy":"category","embeddable":true,"href":"https:\/\/centcols.org\/backup\/wp-json\/wp\/v2\/categories?post=22147"},{"taxonomy":"post_tag","embeddable":true,"href":"https:\/\/centcols.org\/backup\/wp-json\/wp\/v2\/tags?post=22147"}],"curies":[{"name":"wp","href":"https:\/\/api.w.org\/{rel}","templated":true}]}}