{"id":22160,"date":"2015-04-22T16:15:45","date_gmt":"2015-04-22T14:15:45","guid":{"rendered":"http:\/\/centcols.org\/backup\/?p=22160"},"modified":"2015-09-29T23:09:44","modified_gmt":"2015-09-29T21:09:44","slug":"sejour-de-printemps-mimosas-sur-la-cote-dazur-a-agay-var-du-9-au-14-mars-2008","status":"publish","type":"post","link":"https:\/\/centcols.org\/backup\/sejour-de-printemps-mimosas-sur-la-cote-dazur-a-agay-var-du-9-au-14-mars-2008\/","title":{"rendered":"S\u00e9jour de printemps &#8220;Mimosas&#8221; sur la C\u00f4te d&#8217;Azur \u00e0 Agay (Var) du 9 au 14 mars 2008"},"content":{"rendered":"<h2>Les baisses ont la c\u00f4te<\/h2>\n<p>Une image, dit-on, vaut mieux qu&#8217;un long discours. Vous avez les images, \u00e9vitons le la\u00efus.<\/p>\n<p>Vous saurez presque tout quand vous saurez que nous \u00e9tions plus de 80 \u00e0 participer \u00e0 ce premier s\u00e9jour &#8220;mimosa&#8221;, premier rendez-vous encore hivernal mais bien temp\u00e9r\u00e9 par le climat id\u00e9al de la c\u00f4te d&#8217;Azur.<br \/>\nBien s\u00fbr, il faut applaudir cette initiative de Ren\u00e9 Poty, la retraite \u00e7a donne des id\u00e9es ; il faut remercier G\u00e9rard Birelli pour ses circuits et son livret, ainsi que G\u00e9rard Fillon qui, en bon r\u00e9gional, a \u00e9t\u00e9 le guide id\u00e9al.<\/p>\n<p>C\u00f4t\u00e9 paysages, les images parlent d&#8217;elles m\u00eames, les couleurs, le relief tourment\u00e9 du Massif de l&#8217;Esterel\u2026manque peut-\u00eatre le vent, mais vous savez tous que la M\u00e9diterran\u00e9e sans vent, c&#8217;est comme Roux sans Combaluzier chez les ascenseurs\u2026<\/p>\n<p>Pour l&#8217;ambiance, vous voyez les sourires, vous devinez les conversations\u2026ce que vous n&#8217;entendez pas, ce sont les accents. L\u00e0, il y avait un concentr\u00e9 de ce qui se fait dans notre pays et m\u00eame hors de l&#8217;hexagone puisque un quatuor belge, un duo suisse et un soliste italien avaient enrichi notre ch\u0153ur. Quand le silence s&#8217;installait, ce n&#8217;\u00e9tait pas pour \u00e9couter le chant des oiseaux mais c&#8217;\u00e9tait que la pente devenait rude, que les pieds avaient quitt\u00e9 les p\u00e9dales pour rejoindre le sol\u2026Et tout le monde s&#8217;attendait, s&#8217;entraidait, s&#8217;encourageait, s&#8217;enhardissait \u00e0 aller chercher les nouveaux cols, les nouveaux Pas,\u00a0 les nouvelles Baisses que les additifs avaient offert \u00e0 notre convoitise. On a moissonn\u00e9 en VTT et vendang\u00e9 \u00e0 v\u00e9lo de route\u2026\u00e0 moins que ce soit le contraire. La r\u00e9colte, si peu perturb\u00e9e par une apr\u00e8s-midi de pluie, fut excellente.<\/p>\n<p>A propos de vendanges, il se pourrait fort bien que les Corbi\u00e8res voient s&#8217;abattre un vol de rapaces en mars 2009 ?<\/p>\n<p><strong>George Golse<\/strong><\/p>\n<h2>Le circuit<\/h2>\n<p><a href=\"https:\/\/centcols.org\/backup\/wp-content\/uploads\/2015\/04\/Agay_roadbook.pdf\">T\u00e9l\u00e9charger le descriptif<\/a><\/p>\n<h3>Les cartes \u00e0 t\u00e9l\u00e9charger<\/h3>\n<p><a href=\"https:\/\/centcols.org\/backup\/wp-content\/uploads\/2015\/04\/Route1_Trois-Termes.jpg\" target=\"_blank\">Route 1<\/a> &#8211; <a href=\"https:\/\/centcols.org\/backup\/wp-content\/uploads\/2015\/04\/Route2-VTT5_corniche_Maures.jpg\" target=\"_blank\">Route 2\/VTT 5<\/a> &#8211; <a href=\"https:\/\/centcols.org\/backup\/wp-content\/uploads\/2015\/04\/Route3_Tanneron.jpg\" target=\"_blank\">Route 3<\/a> &#8211; <a href=\"https:\/\/centcols.org\/backup\/wp-content\/uploads\/2015\/04\/Route4_Mayons.jpg\" target=\"_blank\">Route 4<\/a> &#8211;\u00a0 <a href=\"https:\/\/centcols.org\/backup\/wp-content\/uploads\/2015\/04\/Route5_Verdon.jpg\" target=\"_blank\">Route 5<\/a> &#8211; <a href=\"https:\/\/centcols.org\/backup\/wp-content\/uploads\/2015\/04\/Route-VTT6_Garde-Freinet.jpg\" target=\"_blank\">Route 6\/VTT 6<\/a> &#8211; <a href=\"https:\/\/centcols.org\/backup\/wp-content\/uploads\/2015\/04\/VTT1_Esquillon.jpg\" target=\"_blank\">VTT 1<\/a> &#8211; <a href=\"https:\/\/centcols.org\/backup\/wp-content\/uploads\/2015\/04\/VTT2_Trois-Termes.jpg\" target=\"_blank\">VTT 2<\/a> &#8211; <a href=\"https:\/\/centcols.org\/backup\/wp-content\/uploads\/2015\/04\/VTT3_Malpey.jpg\" target=\"_blank\">VTT 3<\/a> &#8211; <a href=\"https:\/\/centcols.org\/backup\/wp-content\/uploads\/2015\/04\/VTT4_Puget.jpg\" target=\"_blank\">VTT 4<\/a><\/p>\n<p><a href=\"https:\/\/centcols.org\/backup\/wp-content\/uploads\/2015\/04\/Agay_CartoExplorer.zip\" target=\"_blank\">Fichiers Carto Explorer<\/a><\/p>\n<p><a href=\"https:\/\/centcols.org\/backup\/wp-content\/uploads\/2015\/04\/agay_gpx.zip\" target=\"_blank\">Fichier GPX<\/a><\/p>\n<h2>Albums photos<\/h2>\n<p>&nbsp;<\/p>\n","protected":false},"excerpt":{"rendered":"<p>Les baisses ont la c\u00f4te Une image, dit-on, vaut mieux qu&#8217;un long discours. Vous avez les images, \u00e9vitons le la\u00efus. Vous saurez presque tout quand vous saurez que nous \u00e9tions plus de 80 \u00e0 participer \u00e0 ce premier s\u00e9jour &#8220;mimosa&#8221;, premier rendez-vous encore hivernal mais bien temp\u00e9r\u00e9 par le climat id\u00e9al de la c\u00f4te d&#8217;Azur. [&hellip;]<\/p>\n","protected":false},"author":17,"featured_media":0,"comment_status":"closed","ping_status":"closed","sticky":false,"template":"","format":"standard","meta":{"_acf_changed":false,"ub_ctt_via":"","_monsterinsights_skip_tracking":false,"_monsterinsights_sitenote_active":false,"_monsterinsights_sitenote_note":"","_monsterinsights_sitenote_category":0,"footnotes":""},"categories":[35],"tags":[],"acf":[],"featured_image_urls":{"full":"","thumbnail":"","medium":"","medium_large":"","large":"","1536x1536":"","2048x2048":"","woocommerce_thumbnail":"","woocommerce_single":"","woocommerce_gallery_thumbnail":""},"post_excerpt_stackable":"<p>Les baisses ont la c\u00f4te Une image, dit-on, vaut mieux qu&#8217;un long discours. Vous avez les images, \u00e9vitons le la\u00efus. Vous saurez presque tout quand vous saurez que nous \u00e9tions plus de 80 \u00e0 participer \u00e0 ce premier s\u00e9jour &#8220;mimosa&#8221;, premier rendez-vous encore hivernal mais bien temp\u00e9r\u00e9 par le climat id\u00e9al de la c\u00f4te d&#8217;Azur. Bien s\u00fbr, il faut applaudir cette initiative de Ren\u00e9 Poty, la retraite \u00e7a donne des id\u00e9es ; il faut remercier G\u00e9rard Birelli pour ses circuits et son livret, ainsi que G\u00e9rard Fillon qui, en bon r\u00e9gional, a \u00e9t\u00e9 le guide id\u00e9al. C\u00f4t\u00e9 paysages, les images\u2026<\/p>\n","category_list":"<a href=\"https:\/\/centcols.org\/backup\/categorie\/sejours\/\" rel=\"category tag\">S\u00e9jours<\/a>","author_info":{"display_name":"R\u00e9gis Paraz","author_link":"https:\/\/centcols.org\/backup\/author\/3225\/"},"comments_num":"0 commentaire","featured_image_urls_v2":{"full":"","thumbnail":"","medium":"","medium_large":"","large":"","1536x1536":"","2048x2048":"","woocommerce_thumbnail":"","woocommerce_single":"","woocommerce_gallery_thumbnail":""},"post_excerpt_stackable_v2":"<p>Les baisses ont la c\u00f4te Une image, dit-on, vaut mieux qu&#8217;un long discours. Vous avez les images, \u00e9vitons le la\u00efus. Vous saurez presque tout quand vous saurez que nous \u00e9tions plus de 80 \u00e0 participer \u00e0 ce premier s\u00e9jour &#8220;mimosa&#8221;, premier rendez-vous encore hivernal mais bien temp\u00e9r\u00e9 par le climat id\u00e9al de la c\u00f4te d&#8217;Azur. Bien s\u00fbr, il faut applaudir cette initiative de Ren\u00e9 Poty, la retraite \u00e7a donne des id\u00e9es ; il faut remercier G\u00e9rard Birelli pour ses circuits et son livret, ainsi que G\u00e9rard Fillon qui, en bon r\u00e9gional, a \u00e9t\u00e9 le guide id\u00e9al. C\u00f4t\u00e9 paysages, les images\u2026<\/p>\n","category_list_v2":"<a href=\"https:\/\/centcols.org\/backup\/categorie\/sejours\/\" rel=\"category tag\">S\u00e9jours<\/a>","author_info_v2":{"name":"R\u00e9gis Paraz","url":"https:\/\/centcols.org\/backup\/author\/3225\/"},"comments_num_v2":"0 commentaire","featured_image_src":null,"_links":{"self":[{"href":"https:\/\/centcols.org\/backup\/wp-json\/wp\/v2\/posts\/22160"}],"collection":[{"href":"https:\/\/centcols.org\/backup\/wp-json\/wp\/v2\/posts"}],"about":[{"href":"https:\/\/centcols.org\/backup\/wp-json\/wp\/v2\/types\/post"}],"author":[{"embeddable":true,"href":"https:\/\/centcols.org\/backup\/wp-json\/wp\/v2\/users\/17"}],"replies":[{"embeddable":true,"href":"https:\/\/centcols.org\/backup\/wp-json\/wp\/v2\/comments?post=22160"}],"version-history":[{"count":0,"href":"https:\/\/centcols.org\/backup\/wp-json\/wp\/v2\/posts\/22160\/revisions"}],"wp:attachment":[{"href":"https:\/\/centcols.org\/backup\/wp-json\/wp\/v2\/media?parent=22160"}],"wp:term":[{"taxonomy":"category","embeddable":true,"href":"https:\/\/centcols.org\/backup\/wp-json\/wp\/v2\/categories?post=22160"},{"taxonomy":"post_tag","embeddable":true,"href":"https:\/\/centcols.org\/backup\/wp-json\/wp\/v2\/tags?post=22160"}],"curies":[{"name":"wp","href":"https:\/\/api.w.org\/{rel}","templated":true}]}}