{"id":22215,"date":"2015-04-20T16:45:17","date_gmt":"2015-04-20T14:45:17","guid":{"rendered":"http:\/\/centcols.org\/backup\/?p=22215"},"modified":"2023-06-04T13:40:32","modified_gmt":"2023-06-04T11:40:32","slug":"ag-2014-vogue","status":"publish","type":"post","link":"https:\/\/centcols.org\/backup\/ag-2014-vogue\/","title":{"rendered":"Assembl\u00e9e G\u00e9n\u00e9rale du Club des Cent Cols \u00e0 Vog\u00fc\u00e9 (Ard\u00e8che) les 29 et 30 novembre 2014"},"content":{"rendered":"<h2>Pr\u00e9sentation<\/h2>\n<p>Pour cette AG 2014, la confr\u00e9rie rejoindra un lieu plus central, le village de Vog\u00fc\u00e9, class\u00e9 parmi les plus beaux de France. Nous serons accueillis au domaine de \u00abLou Capitelle\u00bb. L&#8217;assembl\u00e9e se tiendra le samedi \u00e0 partir de 15 heures.<\/p>\n<p>Vog\u00fc\u00e9 est un village de 940 habitants, situ\u00e9 \u00e0 une altitude moyenne de 160\u00a0m, en basse vall\u00e9e de l&#8217;Ard\u00e8che. B\u00e2ti en amphith\u00e9\u00e2tre sur les bords de l&#8217;Ard\u00e8che, village m\u00e9di\u00e9val, Vog\u00fc\u00e9 \u00e9tait jusqu&#8217;en 1982 un important noeud ferroviaire. Quelques rails sont encore utilis\u00e9s pour le train touristique \u00abPicasso\u00bb qui offre une vue imprenable \u00e0 partir du viaduc. Les parties les plus anciennes du village datent du XI<sup>e<\/sup> si\u00e8cle et du XVII<sup>e<\/sup>. Le ch\u00e2teau fort, datant de l&#8217;\u00e9poque m\u00e9di\u00e9vale et r\u00e9am\u00e9nag\u00e9 au XVII<sup>e<\/sup>, appartient au marquis Pierre de Vog\u00fc\u00e9. La Tourasse, au centre du village est la plus ancienne habitation du lieu. Un prieur\u00e9 b\u00e9n\u00e9dictin a fait place \u00e0 l&#8217;\u00e9glise Sainte Marie. Le village vit essentiellement du tourisme et de la culture de la vigne. Une activit\u00e9 cyclotouristique renomm\u00e9e, l&#8217;Ard\u00e9choise, anime le village chaque ann\u00e9e. Les hauteurs au-dessus du village sont class\u00e9es \u00abZone naturelle d&#8217;int\u00e9r\u00eat \u00e9cologique faunistique et floristique\u00bb. Le village a obtenu le label \u00abStation verte de vacances\u00bb.<\/p>\n<div id='gallery-1' class='gallery galleryid-22215 gallery-columns-3 gallery-size-thumbnail'><dl class='gallery-item'>\n\t\t\t<dt class='gallery-icon landscape'>\n\t\t\t\t<img loading=\"lazy\" decoding=\"async\" width=\"240\" height=\"180\" src=\"https:\/\/centcols.org\/backup\/wp-content\/uploads\/2015\/04\/ardeche.jpg\" class=\"attachment-thumbnail size-thumbnail\" alt=\"\" \/>\n\t\t\t<\/dt><\/dl><dl class='gallery-item'>\n\t\t\t<dt class='gallery-icon portrait'>\n\t\t\t\t<img loading=\"lazy\" decoding=\"async\" width=\"200\" height=\"220\" src=\"https:\/\/centcols.org\/backup\/wp-content\/uploads\/2015\/04\/ardeche.png\" class=\"attachment-thumbnail size-thumbnail\" alt=\"\" \/>\n\t\t\t<\/dt><\/dl><dl class='gallery-item'>\n\t\t\t<dt class='gallery-icon landscape'>\n\t\t\t\t<img loading=\"lazy\" decoding=\"async\" width=\"240\" height=\"180\" src=\"https:\/\/centcols.org\/backup\/wp-content\/uploads\/2015\/04\/pontdarc.jpg\" class=\"attachment-thumbnail size-thumbnail\" alt=\"\" \/>\n\t\t\t<\/dt><\/dl><br style=\"clear: both\" \/><dl class='gallery-item'>\n\t\t\t<dt class='gallery-icon landscape'>\n\t\t\t\t<img loading=\"lazy\" decoding=\"async\" width=\"240\" height=\"180\" src=\"https:\/\/centcols.org\/backup\/wp-content\/uploads\/2015\/04\/viaduc.jpg\" class=\"attachment-thumbnail size-thumbnail\" alt=\"\" \/>\n\t\t\t<\/dt><\/dl><dl class='gallery-item'>\n\t\t\t<dt class='gallery-icon landscape'>\n\t\t\t\t<img loading=\"lazy\" decoding=\"async\" width=\"240\" height=\"180\" src=\"https:\/\/centcols.org\/backup\/wp-content\/uploads\/2015\/04\/vogue.jpg\" class=\"attachment-thumbnail size-thumbnail\" alt=\"\" \/>\n\t\t\t<\/dt><\/dl>\n\t\t\t<br style='clear: both' \/>\n\t\t<\/div>\n\n<h2>H\u00e9bergement<\/h2>\n<p>Village de vacances : Domaine de Lou Capitelle\u00a0&#8211;\u00a007200 Vog\u00fc\u00e9<br \/>\nt\u00e9l. +33 (0)4 75 37 81 90 &#8211; <a href=\"http:\/\/www.loucapitelle.com\/\" target=\"_blank\" rel=\"noopener\">http:\/\/www.loucapitelle.com<\/a><br \/>\n132 chambres formule confort, 50 chambres grand confort : draps et linge de toilette fournis, m\u00e9nage \u00e0 charge des occupants. Possibilit\u00e9 de chambre individuelle avec suppl\u00e9ment.<\/p>\n<h3>Contact<\/h3>\n<p>Office du tourisme, Le Village, 07200 Vog\u00fc\u00e9 &#8211; +33 (0)4 75 37 01 17 &#8211;\u00a0 <a href=\"http:\/\/www.vogue-tourisme.com\/\" target=\"_blank\" rel=\"noopener\">http:\/\/www.vogue-tourisme.com<\/a><\/p>\n<p>&nbsp;<\/p>\n","protected":false},"excerpt":{"rendered":"<p>Pr\u00e9sentation Pour cette AG 2014, la confr\u00e9rie rejoindra un lieu plus central, le village de Vog\u00fc\u00e9, class\u00e9 parmi les plus beaux de France. Nous serons accueillis au domaine de \u00abLou Capitelle\u00bb. L&#8217;assembl\u00e9e se tiendra le samedi \u00e0 partir de 15 heures. Vog\u00fc\u00e9 est un village de 940 habitants, situ\u00e9 \u00e0 une altitude moyenne de 160\u00a0m, [&hellip;]<\/p>\n","protected":false},"author":17,"featured_media":0,"comment_status":"closed","ping_status":"closed","sticky":false,"template":"","format":"standard","meta":{"_acf_changed":false,"ub_ctt_via":"","_monsterinsights_skip_tracking":false,"_monsterinsights_sitenote_active":false,"_monsterinsights_sitenote_note":"","_monsterinsights_sitenote_category":0,"footnotes":""},"categories":[14],"tags":[],"acf":[],"featured_image_urls":{"full":"","thumbnail":"","medium":"","medium_large":"","large":"","1536x1536":"","2048x2048":"","woocommerce_thumbnail":"","woocommerce_single":"","woocommerce_gallery_thumbnail":""},"post_excerpt_stackable":"<p>Pr\u00e9sentation Pour cette AG 2014, la confr\u00e9rie rejoindra un lieu plus central, le village de Vog\u00fc\u00e9, class\u00e9 parmi les plus beaux de France. Nous serons accueillis au domaine de \u00abLou Capitelle\u00bb. L&#8217;assembl\u00e9e se tiendra le samedi \u00e0 partir de 15 heures. Vog\u00fc\u00e9 est un village de 940 habitants, situ\u00e9 \u00e0 une altitude moyenne de 160\u00a0m, en basse vall\u00e9e de l&#8217;Ard\u00e8che. B\u00e2ti en amphith\u00e9\u00e2tre sur les bords de l&#8217;Ard\u00e8che, village m\u00e9di\u00e9val, Vog\u00fc\u00e9 \u00e9tait jusqu&#8217;en 1982 un important noeud ferroviaire. Quelques rails sont encore utilis\u00e9s pour le train touristique \u00abPicasso\u00bb qui offre une vue imprenable \u00e0 partir du viaduc. Les parties les\u2026<\/p>\n","category_list":"<a href=\"https:\/\/centcols.org\/backup\/categorie\/assemblees-generales\/\" rel=\"category tag\">Assembl\u00e9es g\u00e9n\u00e9rales<\/a>","author_info":{"display_name":"R\u00e9gis Paraz","author_link":"https:\/\/centcols.org\/backup\/author\/3225\/"},"comments_num":"0 commentaire","featured_image_urls_v2":{"full":"","thumbnail":"","medium":"","medium_large":"","large":"","1536x1536":"","2048x2048":"","woocommerce_thumbnail":"","woocommerce_single":"","woocommerce_gallery_thumbnail":""},"post_excerpt_stackable_v2":"<p>Pr\u00e9sentation Pour cette AG 2014, la confr\u00e9rie rejoindra un lieu plus central, le village de Vog\u00fc\u00e9, class\u00e9 parmi les plus beaux de France. Nous serons accueillis au domaine de \u00abLou Capitelle\u00bb. L&#8217;assembl\u00e9e se tiendra le samedi \u00e0 partir de 15 heures. Vog\u00fc\u00e9 est un village de 940 habitants, situ\u00e9 \u00e0 une altitude moyenne de 160\u00a0m, en basse vall\u00e9e de l&#8217;Ard\u00e8che. B\u00e2ti en amphith\u00e9\u00e2tre sur les bords de l&#8217;Ard\u00e8che, village m\u00e9di\u00e9val, Vog\u00fc\u00e9 \u00e9tait jusqu&#8217;en 1982 un important noeud ferroviaire. Quelques rails sont encore utilis\u00e9s pour le train touristique \u00abPicasso\u00bb qui offre une vue imprenable \u00e0 partir du viaduc. Les parties les\u2026<\/p>\n","category_list_v2":"<a href=\"https:\/\/centcols.org\/backup\/categorie\/assemblees-generales\/\" rel=\"category tag\">Assembl\u00e9es g\u00e9n\u00e9rales<\/a>","author_info_v2":{"name":"R\u00e9gis Paraz","url":"https:\/\/centcols.org\/backup\/author\/3225\/"},"comments_num_v2":"0 commentaire","featured_image_src":null,"_links":{"self":[{"href":"https:\/\/centcols.org\/backup\/wp-json\/wp\/v2\/posts\/22215"}],"collection":[{"href":"https:\/\/centcols.org\/backup\/wp-json\/wp\/v2\/posts"}],"about":[{"href":"https:\/\/centcols.org\/backup\/wp-json\/wp\/v2\/types\/post"}],"author":[{"embeddable":true,"href":"https:\/\/centcols.org\/backup\/wp-json\/wp\/v2\/users\/17"}],"replies":[{"embeddable":true,"href":"https:\/\/centcols.org\/backup\/wp-json\/wp\/v2\/comments?post=22215"}],"version-history":[{"count":0,"href":"https:\/\/centcols.org\/backup\/wp-json\/wp\/v2\/posts\/22215\/revisions"}],"wp:attachment":[{"href":"https:\/\/centcols.org\/backup\/wp-json\/wp\/v2\/media?parent=22215"}],"wp:term":[{"taxonomy":"category","embeddable":true,"href":"https:\/\/centcols.org\/backup\/wp-json\/wp\/v2\/categories?post=22215"},{"taxonomy":"post_tag","embeddable":true,"href":"https:\/\/centcols.org\/backup\/wp-json\/wp\/v2\/tags?post=22215"}],"curies":[{"name":"wp","href":"https:\/\/api.w.org\/{rel}","templated":true}]}}