{"id":22216,"date":"2015-04-16T11:20:55","date_gmt":"2015-04-16T09:20:55","guid":{"rendered":"http:\/\/centcols.org\/backup\/?p=22216"},"modified":"2023-06-04T13:47:18","modified_gmt":"2023-06-04T11:47:18","slug":"ag-2012-annecy","status":"publish","type":"post","link":"https:\/\/centcols.org\/backup\/ag-2012-annecy\/","title":{"rendered":"Assembl\u00e9e g\u00e9n\u00e9rale d&#8217;exception pour le 40e anniversaire de la Confr\u00e9rie \u00e0 Annecy les 1 et 2 d\u00e9cembre 2012"},"content":{"rendered":"<h2>Pr\u00e9sentation<\/h2>\n<p style=\"text-align: justify;\">2012 est une ann\u00e9e exceptionnelle pour Annecy. Cette belle ville voit son engagement en faveur du d\u00e9veloppement durable et de la pr\u00e9servation de la nature r\u00e9compens\u00e9 par le titre de Ville europ\u00e9enne des Alpes de l&#8217;ann\u00e9e 2012 et exceptionnelle aussi par votre venue pour f\u00eater avec nous les 40 ans de notre Confr\u00e9rie. Les villes, comme ceux qui les ont cr\u00e9\u00e9es, changent en vieillissant. Elles se modifient selon leur histoire, selon les modes ou les progr\u00e8s de la civilisation.<\/p>\n<p style=\"text-align: justify;\">L&#8217;Annecy d&#8217;autrefois est assez riche en po\u00e9sie, en pittoresque, en \u00e9v\u00e8nements humains pour servir l&#8217;Annecy d&#8217;aujourd\u2019hui. Tel un diamant dans l&#8217;\u00e9crin de ses montagnes, la puret\u00e9 retrouv\u00e9e des eaux de son lac, Annecy n&#8217;est-elle pas aujourd&#8217;hui ce symbole d&#8217;\u00e9ternit\u00e9 ?<\/p>\n<p style=\"text-align: justify;\">Notre Assembl\u00e9e g\u00e9n\u00e9rale se d\u00e9roulera au Centre de Congr\u00e8s de l&#8217;Imp\u00e9rial situ\u00e9 sur les bords du Lac \u00e0 Annecy. Endroit remarquable r\u00e9habilit\u00e9 il y a quelques ann\u00e9es,\u00a0l&#8217;Imp\u00e9rial Palace, ancien h\u00f4tel de luxe, n\u00e9 en 1913 a int\u00e9ress\u00e9 beaucoup de t\u00eates couronn\u00e9es comme Churchill, Charlie Chaplin, Edith Piaf, le roi Georges VI.<\/p>\n<p style=\"text-align: justify;\">Aujourd&#8217;hui l&#8217;Imp\u00e9rial offre trois possibilit\u00e9s : h\u00f4tel, casino et Centre de Congr\u00e8s. Notre A.G. se d\u00e9roulera \u00e0 partir de 15 heures le samedi 1<sup>er<\/sup> d\u00e9cembre dans la Salle de l&#8217;Europe.<br \/>\nElle sera suivie d&#8217;un ap\u00e9ritif pris dans les salons de l&#8217;h\u00f4tel et offert par la municipalit\u00e9 d&#8217;Annecy en pr\u00e9sence du maire.<br \/>\nPendant tout votre s\u00e9jour vous serez encadr\u00e9s et bichonn\u00e9s par les membres du V\u00e9lo-Club d&#8217;Annecy. Ce club de cyclotourisme, l&#8217;un des plus anciens de France, est n\u00e9 en 1888.<\/p>\n<p style=\"text-align: justify;\">Aujourd&#8217;hui le V.C. Annecy reste l&#8217;un des clubs cyclotouristes les plus actifs de l&#8217;hexagone par le nombre de ses adh\u00e9rents mais aussi par les nombreuses activit\u00e9s et manifestations organis\u00e9es (comme le B.C.M.F. des Aravis pr\u00e9vu les 16 et 17 juin prochains).<\/p>\n<p style=\"text-align: justify;\">Jean PERDOUX (CC n\u00b0 1)<\/p>\n<div id='gallery-1' class='gallery galleryid-22216 gallery-columns-3 gallery-size-thumbnail'><dl class='gallery-item'>\n\t\t\t<dt class='gallery-icon landscape'>\n\t\t\t\t<a href='https:\/\/centcols.org\/backup\/wp-content\/uploads\/2015\/04\/parc_balcons.jpg'><img loading=\"lazy\" decoding=\"async\" width=\"200\" height=\"150\" src=\"https:\/\/centcols.org\/backup\/wp-content\/uploads\/2015\/04\/parc_balcons.jpg\" class=\"attachment-thumbnail size-thumbnail\" alt=\"\" \/><\/a>\n\t\t\t<\/dt><\/dl><dl class='gallery-item'>\n\t\t\t<dt class='gallery-icon landscape'>\n\t\t\t\t<a href='https:\/\/centcols.org\/backup\/wp-content\/uploads\/2015\/04\/imperial.jpg'><img loading=\"lazy\" decoding=\"async\" width=\"300\" height=\"202\" src=\"https:\/\/centcols.org\/backup\/wp-content\/uploads\/2015\/04\/imperial-300x202.jpg\" class=\"attachment-thumbnail size-thumbnail\" alt=\"\" \/><\/a>\n\t\t\t<\/dt><\/dl><dl class='gallery-item'>\n\t\t\t<dt class='gallery-icon landscape'>\n\t\t\t\t<a href='https:\/\/centcols.org\/backup\/wp-content\/uploads\/2015\/04\/imperial_lac.jpg'><img loading=\"lazy\" decoding=\"async\" width=\"200\" height=\"150\" src=\"https:\/\/centcols.org\/backup\/wp-content\/uploads\/2015\/04\/imperial_lac.jpg\" class=\"attachment-thumbnail size-thumbnail\" alt=\"\" \/><\/a>\n\t\t\t<\/dt><\/dl><br style=\"clear: both\" \/>\n\t\t<\/div>\n\n<h2 style=\"text-align: justify;\">Le compte rendu<\/h2>\n<p style=\"text-align: justify;\"><a href=\"https:\/\/centcols.org\/backup\/wp-content\/uploads\/2015\/04\/compte_rendu.pdf\" target=\"_blank\" rel=\"noopener noreferrer\">T\u00e9l\u00e9chargez le compte-rendu en PDF<\/a><\/p>\n<h2 style=\"text-align: justify;\">Interventions<\/h2>\n<h3 style=\"text-align: justify;\">Intervention de Jean Perdoux<\/h3>\n<p style=\"text-align: justify;\"><a href=\"https:\/\/centcols.org\/backup\/wp-content\/uploads\/2015\/04\/intervention1.pdf\" target=\"_blank\" rel=\"noopener noreferrer\">T\u00e9l\u00e9charger l&#8217;intervention en PDF<\/a><\/p>\n<h3 style=\"text-align: justify;\">Intervention de Jean-Luc Rigaut<\/h3>\n<p style=\"text-align: justify;\"><a href=\"https:\/\/centcols.org\/backup\/wp-content\/uploads\/2015\/04\/discours_rigaut.pdf\" target=\"_blank\" rel=\"noopener noreferrer\">T\u00e9l\u00e9charger l&#8217;intervention en PDF<\/a><\/p>\n<h3 style=\"text-align: justify;\">T\u00e9moignage de Henri Dusseau<\/h3>\n<p style=\"text-align: justify;\"><a href=\"https:\/\/centcols.org\/backup\/wp-content\/uploads\/2015\/04\/intervention2.pdf\" target=\"_blank\" rel=\"noopener noreferrer\">T\u00e9l\u00e9charger le t\u00e9moignage en PDF<\/a><\/p>\n<h2 style=\"text-align: justify;\">Enregistrements audio<\/h2>\n<p style=\"text-align: justify;\"><a class=\"iframe-fancybox\" href=\"http:\/\/centcols.net\/les_rendez-vous\/2012\/Annecy\/discours_perdoux.mp3\" target=\"_blank\" rel=\"noopener noreferrer\">Allocution de Jean Perdoux<\/a><\/p>\n<p style=\"text-align: justify;\">Allocutions de Henri Dusseau : <a class=\"iframe-fancybox\" href=\"http:\/\/centcols.net\/les_rendez-vous\/2012\/Annecy\/discours_dusseau_1.mp3\" target=\"_blank\" rel=\"noopener noreferrer\">1ere partie<\/a> &#8211; <a class=\"iframe-fancybox\" href=\"http:\/\/centcols.net\/les_rendez-vous\/2012\/Annecy\/discours_dusseau_2.mp3\" target=\"_blank\" rel=\"noopener noreferrer\">2e partie<\/a><\/p>\n<h2 style=\"text-align: justify;\">Articles de presse<\/h2>\n<p style=\"text-align: justify;\">Articles du Dauphin\u00e9 Lib\u00e9r\u00e9 : du <a href=\"https:\/\/centcols.org\/backup\/wp-content\/uploads\/2015\/04\/DL_20121202.jpg\" target=\"_blank\" rel=\"noopener noreferrer\">2 d\u00e9cembre<\/a> &#8211; du <a href=\"https:\/\/centcols.org\/backup\/wp-content\/uploads\/2015\/04\/DL_20121205a.jpg\" target=\"_blank\" rel=\"noopener noreferrer\">5 d\u00e9cembre (1)<\/a> &#8211; du <a href=\"https:\/\/centcols.org\/backup\/wp-content\/uploads\/2015\/04\/DL_20121205b.jpg\" target=\"_blank\" rel=\"noopener noreferrer\">5 d\u00e9cembre (2)<\/a><\/p>\n<h2 style=\"text-align: justify;\">H\u00e9bergement et inscription<\/h2>\n<p style=\"text-align: justify;\">Le logement est pr\u00e9vu dans la r\u00e9sidence de vacances \u00ab Les Balcons du Lac \u00bb, situ\u00e9e \u00e0 8 km d\u2019Annecy sur la route du col de Leschaux.<br \/>\nLe village vacances domine le lac d&#8217;Annecy et son \u00e9crin de montagnes. <a href=\"http:\/\/www.village-vacances.com\/les-balcons-du-lac.php\" target=\"_blank\" rel=\"noopener noreferrer\">Voir son site web<\/a>.<\/p>\n<p style=\"text-align: justify;\">Nous avons r\u00e9serv\u00e9 des chambres \u00e0 2 lits avec salle de bains ind\u00e9pendante. Les lits seront faits \u00e0 l\u2019arriv\u00e9e et le linge de toilette est fourni. Une occupation en chambre individuelle est possible selon disponibilit\u00e9s (avec suppl\u00e9ment).<br \/>\nUn repas festif est propos\u00e9 : nous avons r\u00e9serv\u00e9 200 places et vous pouvez vous inscrire d\u00e8s maintenant \u00e0 l\u2019aide du bulletin d\u2019inscription ci-dessous.<\/p>\n<p style=\"text-align: justify;\">Cette Assembl\u00e9e G\u00e9n\u00e9rale \u00e9tant tr\u00e8s particuli\u00e8re, nous avons du mal \u00e0 estimer le nombre potentiel de participants. C\u2019est la raison pour laquelle nous vous invitons \u00e0 vous inscrire le plus vite possible (les ch\u00e8ques ne seront pas d\u00e9bit\u00e9s avant l\u2019AG) et au plus tard le 30 septembre 2012 pour nous permettre d\u2019ajuster les prestations et nous faciliter consid\u00e9rablement l\u2019organisation de cet \u00e9v\u00e8nement. Nous demandons aussi \u00e0 ceux qui auraient l\u2019intention de ne participer qu\u2019\u00e0 l\u2019A.G, sans prendre de prestation, de se signaler afin que nous puissions aussi pr\u00e9voir le pot d\u2019accueil et l\u2019am\u00e9nagement de la salle en cons\u00e9quence.<\/p>\n<h3 style=\"text-align: justify;\">R\u00e9sidence de vacances \u00ab Les Balcons du Lac \u00bb<\/h3>\n","protected":false},"excerpt":{"rendered":"<p>Pr\u00e9sentation 2012 est une ann\u00e9e exceptionnelle pour Annecy. Cette belle ville voit son engagement en faveur du d\u00e9veloppement durable et de la pr\u00e9servation de la nature r\u00e9compens\u00e9 par le titre de Ville europ\u00e9enne des Alpes de l&#8217;ann\u00e9e 2012 et exceptionnelle aussi par votre venue pour f\u00eater avec nous les 40 ans de notre Confr\u00e9rie. Les [&hellip;]<\/p>\n","protected":false},"author":17,"featured_media":0,"comment_status":"closed","ping_status":"closed","sticky":false,"template":"","format":"standard","meta":{"_acf_changed":false,"ub_ctt_via":"","_monsterinsights_skip_tracking":false,"_monsterinsights_sitenote_active":false,"_monsterinsights_sitenote_note":"","_monsterinsights_sitenote_category":0,"footnotes":""},"categories":[14],"tags":[],"acf":[],"featured_image_urls":{"full":"","thumbnail":"","medium":"","medium_large":"","large":"","1536x1536":"","2048x2048":"","woocommerce_thumbnail":"","woocommerce_single":"","woocommerce_gallery_thumbnail":""},"post_excerpt_stackable":"<p>Pr\u00e9sentation 2012 est une ann\u00e9e exceptionnelle pour Annecy. Cette belle ville voit son engagement en faveur du d\u00e9veloppement durable et de la pr\u00e9servation de la nature r\u00e9compens\u00e9 par le titre de Ville europ\u00e9enne des Alpes de l&#8217;ann\u00e9e 2012 et exceptionnelle aussi par votre venue pour f\u00eater avec nous les 40 ans de notre Confr\u00e9rie. Les villes, comme ceux qui les ont cr\u00e9\u00e9es, changent en vieillissant. Elles se modifient selon leur histoire, selon les modes ou les progr\u00e8s de la civilisation. L&#8217;Annecy d&#8217;autrefois est assez riche en po\u00e9sie, en pittoresque, en \u00e9v\u00e8nements humains pour servir l&#8217;Annecy d&#8217;aujourd\u2019hui. Tel un diamant dans\u2026<\/p>\n","category_list":"<a href=\"https:\/\/centcols.org\/backup\/categorie\/assemblees-generales\/\" rel=\"category tag\">Assembl\u00e9es g\u00e9n\u00e9rales<\/a>","author_info":{"display_name":"R\u00e9gis Paraz","author_link":"https:\/\/centcols.org\/backup\/author\/3225\/"},"comments_num":"0 commentaire","featured_image_urls_v2":{"full":"","thumbnail":"","medium":"","medium_large":"","large":"","1536x1536":"","2048x2048":"","woocommerce_thumbnail":"","woocommerce_single":"","woocommerce_gallery_thumbnail":""},"post_excerpt_stackable_v2":"<p>Pr\u00e9sentation 2012 est une ann\u00e9e exceptionnelle pour Annecy. Cette belle ville voit son engagement en faveur du d\u00e9veloppement durable et de la pr\u00e9servation de la nature r\u00e9compens\u00e9 par le titre de Ville europ\u00e9enne des Alpes de l&#8217;ann\u00e9e 2012 et exceptionnelle aussi par votre venue pour f\u00eater avec nous les 40 ans de notre Confr\u00e9rie. Les villes, comme ceux qui les ont cr\u00e9\u00e9es, changent en vieillissant. Elles se modifient selon leur histoire, selon les modes ou les progr\u00e8s de la civilisation. L&#8217;Annecy d&#8217;autrefois est assez riche en po\u00e9sie, en pittoresque, en \u00e9v\u00e8nements humains pour servir l&#8217;Annecy d&#8217;aujourd\u2019hui. Tel un diamant dans\u2026<\/p>\n","category_list_v2":"<a href=\"https:\/\/centcols.org\/backup\/categorie\/assemblees-generales\/\" rel=\"category tag\">Assembl\u00e9es g\u00e9n\u00e9rales<\/a>","author_info_v2":{"name":"R\u00e9gis Paraz","url":"https:\/\/centcols.org\/backup\/author\/3225\/"},"comments_num_v2":"0 commentaire","featured_image_src":null,"_links":{"self":[{"href":"https:\/\/centcols.org\/backup\/wp-json\/wp\/v2\/posts\/22216"}],"collection":[{"href":"https:\/\/centcols.org\/backup\/wp-json\/wp\/v2\/posts"}],"about":[{"href":"https:\/\/centcols.org\/backup\/wp-json\/wp\/v2\/types\/post"}],"author":[{"embeddable":true,"href":"https:\/\/centcols.org\/backup\/wp-json\/wp\/v2\/users\/17"}],"replies":[{"embeddable":true,"href":"https:\/\/centcols.org\/backup\/wp-json\/wp\/v2\/comments?post=22216"}],"version-history":[{"count":0,"href":"https:\/\/centcols.org\/backup\/wp-json\/wp\/v2\/posts\/22216\/revisions"}],"wp:attachment":[{"href":"https:\/\/centcols.org\/backup\/wp-json\/wp\/v2\/media?parent=22216"}],"wp:term":[{"taxonomy":"category","embeddable":true,"href":"https:\/\/centcols.org\/backup\/wp-json\/wp\/v2\/categories?post=22216"},{"taxonomy":"post_tag","embeddable":true,"href":"https:\/\/centcols.org\/backup\/wp-json\/wp\/v2\/tags?post=22216"}],"curies":[{"name":"wp","href":"https:\/\/api.w.org\/{rel}","templated":true}]}}