{"id":22255,"date":"2015-04-23T12:11:29","date_gmt":"2015-04-23T10:11:29","guid":{"rendered":"http:\/\/centcols.org\/backup\/?p=22255"},"modified":"2023-08-17T20:31:23","modified_gmt":"2023-08-17T18:31:23","slug":"sejour-international-de-bitche-57-du-14-au-18-aout-2010-2","status":"publish","type":"post","link":"https:\/\/centcols.org\/backup\/sejour-international-de-bitche-57-du-14-au-18-aout-2010-2\/","title":{"rendered":"S\u00e9jour international de Bitche (57) du 14 au 18 ao\u00fbt 2010"},"content":{"rendered":"<h2>Rassemblement au Col du Pottaschkopf (FR-67-0482) : dimanche 15 ao\u00fbt<\/h2>\n<p>Notre rendez-vous annuel aura lieu cette ann\u00e9e au sommet du Col du Pottaschkopf (<a class=\"iframe-fancybox\" href=\"https:\/\/centcols.org\/backup\/util\/geo\/visuGP.php?c=67048200\" target=\"_blank\" rel=\"noopener\">FR-67-0482<\/a>) le dimanche, 15 ao\u00fbt 2010 \u00e0 partir de 10h00.<br \/>\nEn plus des participants au s\u00e9jour de Bitche, les membres des r\u00e9gions avoisinantes (Alsace, Lorraine, Champagne-Ardenne, Rheinland-Pfalz, Saarland, Hessen und Baden-W\u00fcrttemberg in Deutschland) sont chaleureusement invit\u00e9s \u00e0 se joindre \u00e0 nous pour ce moment de convivialit\u00e9.<br \/>\nCeux et celles d&#8217;entre vous qui viendront uniquement au rassemblement du Col du Pottaschkopf et qui veulent faire le circuit Route ou VTT du dimanche, il s&#8217;agit des circuits R2 ou R2a pour les routiers, et V1 pour les v\u00e9t\u00e9tistes dans la section &#8220;Circuits&#8221; plus bas. Vous pouvez aussi commander un panier pique-nique pour le jour du rassemblement en remplissant le bulletin d&#8217;inscription (ligne Panier repas du midi seul pour les personnes ne prenant pas le forfait s\u00e9jour \u00e0 10 \u20ac). Bien pr\u00e9ciser la date du dimanche 15 ao\u00fbt. Les modalit\u00e9s pour r\u00e9cup\u00e9rer ces paniers seront indiqu\u00e9es plus tard sur cette page.<\/p>\n<div id='gallery-1' class='gallery galleryid-22255 gallery-columns-3 gallery-size-thumbnail'><dl class='gallery-item'>\n\t\t\t<dt class='gallery-icon landscape'>\n\t\t\t\t<img loading=\"lazy\" decoding=\"async\" width=\"200\" height=\"150\" src=\"https:\/\/centcols.org\/backup\/wp-content\/uploads\/2015\/06\/photo5.jpg\" class=\"attachment-thumbnail size-thumbnail\" alt=\"\" \/>\n\t\t\t<\/dt><\/dl><dl class='gallery-item'>\n\t\t\t<dt class='gallery-icon landscape'>\n\t\t\t\t<img loading=\"lazy\" decoding=\"async\" width=\"200\" height=\"150\" src=\"https:\/\/centcols.org\/backup\/wp-content\/uploads\/2015\/06\/photo3.jpg\" class=\"attachment-thumbnail size-thumbnail\" alt=\"\" \/>\n\t\t\t<\/dt><\/dl><dl class='gallery-item'>\n\t\t\t<dt class='gallery-icon landscape'>\n\t\t\t\t<img loading=\"lazy\" decoding=\"async\" width=\"200\" height=\"150\" src=\"https:\/\/centcols.org\/backup\/wp-content\/uploads\/2015\/06\/photo4.jpg\" class=\"attachment-thumbnail size-thumbnail\" alt=\"\" \/>\n\t\t\t<\/dt><\/dl><br style=\"clear: both\" \/>\n\t\t<\/div>\n\n<h2>Pr\u00e9sentation<\/h2>\n<p>Aux confins de la Lorraine orientale, le Pays de Bitche s\u2019avance sur l\u2019Alsace, passant des vastes horizons du plateau lorrain \u00e0 la for\u00eat des Vosges du Nord. R\u00e9gion essentiellement foresti\u00e8re, le Bitscherland semble quelque peu perdu dans le territoire lorrain. Il est reconnu \u00abR\u00e9serve Mondiale de la Biosph\u00e8re\u00bb par l\u2019UNESCO.<br \/>\nLes principales essences pr\u00e9sentent ici sont le h\u00eatre (Buche), le ch\u00eane (Eich) et l\u2019\u00e9pic\u00e9a (Rottanne) dont le pin de Hanau appr\u00e9ci\u00e9 pour son long f\u00fbt bien droit. On trouve \u00e9galement par endroit du ch\u00e2taignier. Les plus chanceux auront peut-\u00eatre l\u2019occasion de surprendre cerfs, biches, chevreuils ou sangliers qui abondent ici<br \/>\nLe socle rocheux est constitu\u00e9 de gr\u00e8s (Sandstein). On pourra observer de nombreux rochers (Felsen) assez imposants et naturellement ces \u00e9perons hauts perch\u00e9s ont accueilli au moyen-\u00e2ge de nombreux ch\u00e2teaux dont nous d\u00e9couvrirons les ruines<\/p>\n<div id='gallery-2' class='gallery galleryid-22255 gallery-columns-3 gallery-size-thumbnail'><dl class='gallery-item'>\n\t\t\t<dt class='gallery-icon landscape'>\n\t\t\t\t<img loading=\"lazy\" decoding=\"async\" width=\"200\" height=\"150\" src=\"https:\/\/centcols.org\/backup\/wp-content\/uploads\/2015\/06\/photo2.jpg\" class=\"attachment-thumbnail size-thumbnail\" alt=\"\" \/>\n\t\t\t<\/dt><\/dl><dl class='gallery-item'>\n\t\t\t<dt class='gallery-icon landscape'>\n\t\t\t\t<img loading=\"lazy\" decoding=\"async\" width=\"200\" height=\"150\" src=\"https:\/\/centcols.org\/backup\/wp-content\/uploads\/2015\/06\/photo1.jpg\" class=\"attachment-thumbnail size-thumbnail\" alt=\"\" \/>\n\t\t\t<\/dt><\/dl><dl class='gallery-item'>\n\t\t\t<dt class='gallery-icon landscape'>\n\t\t\t\t<img loading=\"lazy\" decoding=\"async\" width=\"200\" height=\"150\" src=\"https:\/\/centcols.org\/backup\/wp-content\/uploads\/2015\/06\/photo6.jpg\" class=\"attachment-thumbnail size-thumbnail\" alt=\"\" \/>\n\t\t\t<\/dt><\/dl><br style=\"clear: both\" \/>\n\t\t<\/div>\n\n<p>En r\u00e9sum\u00e9, avec ses riches paysages bois\u00e9s, ses \u00e9tangs, ses sites historiques et son artisanat (art du cristal) le Pays de Bitche vous s\u00e9duira.<br \/>\nLa ville de Bitche est situ\u00e9e sur la Horn, dans une pittoresque d\u00e9pression, bord\u00e9e de collines bois\u00e9es. Surplombant la ville, l\u2019imposante citadelle fortifi\u00e9e par Vauban puis par Cormontaigne, a travers\u00e9 les guerres. C\u2019est elle que l\u2019on voit en premier lorsqu\u2019on approche de Bitche. Elle se dresse fi\u00e8rement sur son rocher de gr\u00e8s rose et la ville s\u2019est litt\u00e9ralement entour\u00e9e autour d\u2019elle. De ce promontoire rocheux, on a une vue imprenable sur toute la r\u00e9gion<br \/>\nLe VVF qui nous accueille est situ\u00e9 au bord de l\u2019\u00e9tang d\u2019Hasselfurth qui constitue la partie foresti\u00e8re de la ville. Si vous campez, nous vous conseillons le camping municipal d&#8217;Haspelschiedt.<br \/>\nLors des parcours routiers, vous passerez par les BPF du Mont Sainte Odile, d\u2019Obersteinbach, de Philippsbourg, Saverne, Dabo, Lutzelbourg, ainsi que de nombreux sites historiques et une curiosit\u00e9 sur le circuit de Saverne : un ascenseur \u00e0 p\u00e9niches. N\u2019h\u00e9sitez pas \u00e0 vous arr\u00eater visiter.<br \/>\nEn ce qui concerne le VTT, les parcours s\u2019effectueront en grande majorit\u00e9 sur des pistes R1. Ce massif forestier est exploit\u00e9, ce qui explique la profusion de pistes. L\u2019\u00e9rosion ayant laiss\u00e9 beaucoup de sable sur les chemins, un ensablement de la roue avant surtout dans une descente rapide peut entrainer une perte de contr\u00f4le et la chute, alors prudence ! Nous allons pouvoir \u00e9galement observer de nombreux ouvrages de la ligne Maginot et en particulier nous traverserons le foss\u00e9 antichar qui nous obligera au seul portage du s\u00e9jour.<br \/>\nLes accompagnateurs non-cyclistes ne sont pas oubli\u00e9s : une liste des visites incontournables et d\u2019activit\u00e9s sera affich\u00e9e au VVF. Egalement, nous leur proposerons un circuit p\u00e9destre de 5 km le matin et autant l\u2019apr\u00e8s-midi, pour rejoindre le lieu du rassemblement international au col du Pottaschkopf.<br \/>\nBon s\u00e9jour \u00e0 tous.<br \/>\nLa Commission S\u00e9jours du Club des Cent Cols<\/p>\n<h2>Les circuits<\/h2>\n<div id='gallery-3' class='gallery galleryid-22255 gallery-columns-3 gallery-size-thumbnail'><dl class='gallery-item'>\n\t\t\t<dt class='gallery-icon landscape'>\n\t\t\t\t<img loading=\"lazy\" decoding=\"async\" width=\"120\" height=\"80\" src=\"https:\/\/centcols.org\/backup\/wp-content\/uploads\/2015\/06\/alsace.png\" class=\"attachment-thumbnail size-thumbnail\" alt=\"\" aria-describedby=\"gallery-3-21018\" \/>\n\t\t\t<\/dt>\n\t\t\t\t<dd class='wp-caption-text gallery-caption' id='gallery-3-21018'>\n\t\t\t\tAlsace\n\t\t\t\t<\/dd><\/dl><dl class='gallery-item'>\n\t\t\t<dt class='gallery-icon landscape'>\n\t\t\t\t<img loading=\"lazy\" decoding=\"async\" width=\"133\" height=\"80\" src=\"https:\/\/centcols.org\/backup\/wp-content\/uploads\/2015\/06\/lorraine.png\" class=\"attachment-thumbnail size-thumbnail\" alt=\"\" aria-describedby=\"gallery-3-21019\" \/>\n\t\t\t<\/dt>\n\t\t\t\t<dd class='wp-caption-text gallery-caption' id='gallery-3-21019'>\n\t\t\t\tLorraine\n\t\t\t\t<\/dd><\/dl><dl class='gallery-item'>\n\t\t\t<dt class='gallery-icon landscape'>\n\t\t\t\t<img loading=\"lazy\" decoding=\"async\" width=\"120\" height=\"80\" src=\"https:\/\/centcols.org\/backup\/wp-content\/uploads\/2015\/06\/rhldpflz.png\" class=\"attachment-thumbnail size-thumbnail\" alt=\"\" aria-describedby=\"gallery-3-21020\" \/>\n\t\t\t<\/dt>\n\t\t\t\t<dd class='wp-caption-text gallery-caption' id='gallery-3-21020'>\n\t\t\t\tRheinland-Pfalz\n\t\t\t\t<\/dd><\/dl><br style=\"clear: both\" \/>\n\t\t<\/div>\n\n<p>Chaque jour, du dimanche 15 ao\u00fbt au mercredi 18 ao\u00fbt des <a href=\"\/membres\/cctours\/tours.php?lieu=Bitche&amp;an=2010\">circuits<\/a> <a href=\"\/membres\/cctours\/tours.php?lieu=Bitche&amp;an=2010&amp;genre=R\">routiers<\/a> et <a href=\"\/membres\/cctours\/tours.php?lieu=Bitche&amp;an=2010&amp;genre=V\">VTT<\/a> vous sont propos\u00e9s. Il y a 6 circuits routiers, num\u00e9rot\u00e9s R1, R2, R2a, R3, R4 et R5, et 6 circuits VTT, num\u00e9rot\u00e9s V1, V2, V3, V3a, V4 et V5.<\/p>\n<h2>Acc\u00e8s au VVF de Bitche \u00ab L&#8217;Etang de Hasselfurth \u00bb<\/h2>\n","protected":false},"excerpt":{"rendered":"<p>Rassemblement au Col du Pottaschkopf (FR-67-0482) : dimanche 15 ao\u00fbt Notre rendez-vous annuel aura lieu cette ann\u00e9e au sommet du Col du Pottaschkopf (FR-67-0482) le dimanche, 15 ao\u00fbt 2010 \u00e0 partir de 10h00. En plus des participants au s\u00e9jour de Bitche, les membres des r\u00e9gions avoisinantes (Alsace, Lorraine, Champagne-Ardenne, Rheinland-Pfalz, Saarland, Hessen und Baden-W\u00fcrttemberg in [&hellip;]<\/p>\n","protected":false},"author":17,"featured_media":0,"comment_status":"closed","ping_status":"closed","sticky":false,"template":"","format":"standard","meta":{"_acf_changed":false,"ub_ctt_via":"","_monsterinsights_skip_tracking":false,"_monsterinsights_sitenote_active":false,"_monsterinsights_sitenote_note":"","_monsterinsights_sitenote_category":0,"footnotes":""},"categories":[35],"tags":[],"acf":[],"featured_image_urls":{"full":"","thumbnail":"","medium":"","medium_large":"","large":"","1536x1536":"","2048x2048":"","woocommerce_thumbnail":"","woocommerce_single":"","woocommerce_gallery_thumbnail":""},"post_excerpt_stackable":"<p>Rassemblement au Col du Pottaschkopf (FR-67-0482) : dimanche 15 ao\u00fbt Notre rendez-vous annuel aura lieu cette ann\u00e9e au sommet du Col du Pottaschkopf (FR-67-0482) le dimanche, 15 ao\u00fbt 2010 \u00e0 partir de 10h00. En plus des participants au s\u00e9jour de Bitche, les membres des r\u00e9gions avoisinantes (Alsace, Lorraine, Champagne-Ardenne, Rheinland-Pfalz, Saarland, Hessen und Baden-W\u00fcrttemberg in Deutschland) sont chaleureusement invit\u00e9s \u00e0 se joindre \u00e0 nous pour ce moment de convivialit\u00e9. Ceux et celles d&#8217;entre vous qui viendront uniquement au rassemblement du Col du Pottaschkopf et qui veulent faire le circuit Route ou VTT du dimanche, il s&#8217;agit des circuits R2 ou\u2026<\/p>\n","category_list":"<a href=\"https:\/\/centcols.org\/backup\/categorie\/sejours\/\" rel=\"category tag\">S\u00e9jours<\/a>","author_info":{"display_name":"R\u00e9gis Paraz","author_link":"https:\/\/centcols.org\/backup\/author\/3225\/"},"comments_num":"0 commentaire","featured_image_urls_v2":{"full":"","thumbnail":"","medium":"","medium_large":"","large":"","1536x1536":"","2048x2048":"","woocommerce_thumbnail":"","woocommerce_single":"","woocommerce_gallery_thumbnail":""},"post_excerpt_stackable_v2":"<p>Rassemblement au Col du Pottaschkopf (FR-67-0482) : dimanche 15 ao\u00fbt Notre rendez-vous annuel aura lieu cette ann\u00e9e au sommet du Col du Pottaschkopf (FR-67-0482) le dimanche, 15 ao\u00fbt 2010 \u00e0 partir de 10h00. En plus des participants au s\u00e9jour de Bitche, les membres des r\u00e9gions avoisinantes (Alsace, Lorraine, Champagne-Ardenne, Rheinland-Pfalz, Saarland, Hessen und Baden-W\u00fcrttemberg in Deutschland) sont chaleureusement invit\u00e9s \u00e0 se joindre \u00e0 nous pour ce moment de convivialit\u00e9. Ceux et celles d&#8217;entre vous qui viendront uniquement au rassemblement du Col du Pottaschkopf et qui veulent faire le circuit Route ou VTT du dimanche, il s&#8217;agit des circuits R2 ou\u2026<\/p>\n","category_list_v2":"<a href=\"https:\/\/centcols.org\/backup\/categorie\/sejours\/\" rel=\"category tag\">S\u00e9jours<\/a>","author_info_v2":{"name":"R\u00e9gis Paraz","url":"https:\/\/centcols.org\/backup\/author\/3225\/"},"comments_num_v2":"0 commentaire","featured_image_src":null,"_links":{"self":[{"href":"https:\/\/centcols.org\/backup\/wp-json\/wp\/v2\/posts\/22255"}],"collection":[{"href":"https:\/\/centcols.org\/backup\/wp-json\/wp\/v2\/posts"}],"about":[{"href":"https:\/\/centcols.org\/backup\/wp-json\/wp\/v2\/types\/post"}],"author":[{"embeddable":true,"href":"https:\/\/centcols.org\/backup\/wp-json\/wp\/v2\/users\/17"}],"replies":[{"embeddable":true,"href":"https:\/\/centcols.org\/backup\/wp-json\/wp\/v2\/comments?post=22255"}],"version-history":[{"count":0,"href":"https:\/\/centcols.org\/backup\/wp-json\/wp\/v2\/posts\/22255\/revisions"}],"wp:attachment":[{"href":"https:\/\/centcols.org\/backup\/wp-json\/wp\/v2\/media?parent=22255"}],"wp:term":[{"taxonomy":"category","embeddable":true,"href":"https:\/\/centcols.org\/backup\/wp-json\/wp\/v2\/categories?post=22255"},{"taxonomy":"post_tag","embeddable":true,"href":"https:\/\/centcols.org\/backup\/wp-json\/wp\/v2\/tags?post=22255"}],"curies":[{"name":"wp","href":"https:\/\/api.w.org\/{rel}","templated":true}]}}