{"id":22275,"date":"2015-04-29T09:48:26","date_gmt":"2015-04-29T07:48:26","guid":{"rendered":"http:\/\/centcols.org\/backup\/?p=22275"},"modified":"2015-10-02T17:17:51","modified_gmt":"2015-10-02T15:17:51","slug":"sortie-vtt-plus-de-2000-des-cent-cols-de-suisse-a-orsieres-vs-le-samedi-11-aout-2012-2","status":"publish","type":"post","link":"https:\/\/centcols.org\/backup\/sortie-vtt-plus-de-2000-des-cent-cols-de-suisse-a-orsieres-vs-le-samedi-11-aout-2012-2\/","title":{"rendered":"Sortie VTT &#8220;Plus de 2000&#8221; des Cent Cols de Suisse \u00e0 Orsi\u00e8res (VS) le samedi 11 aout 2012"},"content":{"rendered":"<h2>Pr\u00e9sentation<\/h2>\n<p>Rendez-vous 08h30, d\u00e9part 09h00<br \/>\nD\u00e9part sur la route du Col du Grand Saint Bernard juste apr\u00e8s la 2\u00e8me \u00e9pingle au-dessus du village d&#8217;Orsi\u00e8res (\u00e0 proximit\u00e9 d&#8217;une carri\u00e8re) :<\/p>\n<p><img loading=\"lazy\" decoding=\"async\" class=\"alignnone size-medium wp-image-20421\" src=\"https:\/\/centcols.org\/backup\/wp-content\/uploads\/2015\/04\/Suiisse_0811a-462x500.jpg\" alt=\"Suiisse_0811a\" width=\"462\" height=\"500\" \/><\/p>\n<p>5 cols \u00e0 plus de 2000 m : Col de Mille 2472m (CH-VS-2472),\u00a0 Col de Chargerat\u00a0 2331m (CH-VS-2331),\u00a0 Basset\u00a0 2365m (CH-VS-2365),\u00a0 Col du Six Blanc 2230m (CH-VS-2230) et Col des Veyses 2028m (CH-VS-2028).<br \/>\n1650 m de d\u00e9nivellation pour 35 km.<\/p>\n<p><img loading=\"lazy\" decoding=\"async\" class=\"alignnone size-medium wp-image-20422\" src=\"https:\/\/centcols.org\/backup\/wp-content\/uploads\/2015\/04\/Suiisse_0811b-500x348.jpg\" alt=\"Suiisse_0811b\" width=\"500\" height=\"348\" \/><\/p>\n<h3>Contact<\/h3>\n<p>Pierre Mai, route du Signal, 1165 Allaman.<\/p>\n<p>T\u00e9l : +41 (0)21 807 34 17<\/p>\n<p>Natel : +41 76 498 58 73<\/p>\n<p>Email : <a href=\"&#109;a&#105;&#108;to&#58;pm&#97;i&#64;&#98;&#108;&#117;ew&#105;n.&#99;&#104;\">p&#109;&#97;i&#64;bl&#117;e&#119;&#105;&#110;.&#99;&#104;<\/a><\/p>\n<h2>Compte-rendu<\/h2>\n<p>Samedi 11 aout 2012 lorsque j\u2019arrive au rendez-vous \u00e0 8h30 de nombreux cyclistes s\u2019activent d\u00e9j\u00e0, nos amis Fran\u00e7ais venus en camping-cars ont pass\u00e9 la nuit sur place. Je pr\u00e9pare le caf\u00e9 et la place se remplit de voitures ; Il faut dire qu\u2019avec le temps annonc\u00e9, cela devrait \u00eatre une superbe journ\u00e9e.<\/p>\n<p>D\u00e9part \u00e0 9 heures de 42 cyclistes dont 23 fran\u00e7ais pour le col de Mille (2472 m) que nous atteignons vers 12h30 apr\u00e8s 1400 m de d\u00e9nivellation. Il est d\u00e9j\u00e0 l\u2019heure de l\u2019ap\u00e9ro : une Clairette de Die. Merci \u00e0 Alvaro qui m\u2019a aid\u00e9 \u00e0 effectuer \u00ab ce pr\u00e9cieux transport \u00bb.<\/p>\n<p>C\u2019est l\u2019occasion de f\u00eater le milli\u00e8me col de Bernard Besson et le 100e plus de 2000 de Robin Mai, et enfin de se restaurer avant de parcourir la cr\u00eate qui comporte encore 4 cols. Une photo de groupe au col du Six Blanc (2230 m), un dernier regard sur les sommets et les glaciers et ce sont 10 km de descente qui nous ram\u00e8nent \u00e0 notre point de d\u00e9part.<\/p>\n<p>Bravo \u00e0 tous pour votre comportement\u00a0 lors de cette journ\u00e9e (aide aux plus faibles, \u00e0 ceux atteints par la maladie, aux plus \u00e2g\u00e9s, etc.) afin qu\u2019ils puissent participer \u00e0 de telles journ\u00e9es.<\/p>\n<p>Un grand merci \u00e0 vous tous d\u2019avoir particip\u00e9 aux vaines recherches de mon GPS, perdu dans la descente du col des Veyses, et surtout au &#8220;geste&#8221; que vous m\u2019avez fait lors de mon retour \u00e0 Orsi\u00e8res. J\u2019ai \u00e9t\u00e9 vraiment tr\u00e8s touch\u00e9 par tant d\u2019amiti\u00e9 et de g\u00e9n\u00e9rosit\u00e9.<\/p>\n<p>Au plaisir de vous revoir \u00e0 d\u2019autres sorties que j\u2019organise en Suisse.<\/p>\n<p>Votre animateur et DT.<br \/>\nPierre Mai<\/p>\n<div id='gallery-1' class='gallery galleryid-22275 gallery-columns-1 gallery-size-medium'><dl class='gallery-item'>\n\t\t\t<dt class='gallery-icon landscape'>\n\t\t\t\t<a href='https:\/\/centcols.org\/backup\/wp-content\/uploads\/2015\/10\/groupe.jpg'><img loading=\"lazy\" decoding=\"async\" width=\"500\" height=\"335\" src=\"https:\/\/centcols.org\/backup\/wp-content\/uploads\/2015\/10\/groupe-500x335.jpg\" class=\"attachment-medium size-medium\" alt=\"\" aria-describedby=\"gallery-1-22278\" srcset=\"https:\/\/centcols.org\/backup\/wp-content\/uploads\/2015\/10\/groupe-500x335.jpg 500w, https:\/\/centcols.org\/backup\/wp-content\/uploads\/2015\/10\/groupe-600x402.jpg 600w, https:\/\/centcols.org\/backup\/wp-content\/uploads\/2015\/10\/groupe-1200x805.jpg 1200w, https:\/\/centcols.org\/backup\/wp-content\/uploads\/2015\/10\/groupe.jpg 1385w\" sizes=\"(max-width: 500px) 100vw, 500px\" \/><\/a>\n\t\t\t<\/dt>\n\t\t\t\t<dd class='wp-caption-text gallery-caption' id='gallery-1-22278'>\n\t\t\t\tLa photo du groupe\n\t\t\t\t<\/dd><\/dl><br style=\"clear: both\" \/>\n\t\t<\/div>\n\n","protected":false},"excerpt":{"rendered":"<p>Pr\u00e9sentation Rendez-vous 08h30, d\u00e9part 09h00 D\u00e9part sur la route du Col du Grand Saint Bernard juste apr\u00e8s la 2\u00e8me \u00e9pingle au-dessus du village d&#8217;Orsi\u00e8res (\u00e0 proximit\u00e9 d&#8217;une carri\u00e8re) : 5 cols \u00e0 plus de 2000 m : Col de Mille 2472m (CH-VS-2472),\u00a0 Col de Chargerat\u00a0 2331m (CH-VS-2331),\u00a0 Basset\u00a0 2365m (CH-VS-2365),\u00a0 Col du Six Blanc 2230m [&hellip;]<\/p>\n","protected":false},"author":17,"featured_media":0,"comment_status":"closed","ping_status":"closed","sticky":false,"template":"","format":"standard","meta":{"_acf_changed":false,"ub_ctt_via":"","_monsterinsights_skip_tracking":false,"_monsterinsights_sitenote_active":false,"_monsterinsights_sitenote_note":"","_monsterinsights_sitenote_category":0,"footnotes":""},"categories":[38],"tags":[],"acf":[],"featured_image_urls":{"full":"","thumbnail":"","medium":"","medium_large":"","large":"","1536x1536":"","2048x2048":"","woocommerce_thumbnail":"","woocommerce_single":"","woocommerce_gallery_thumbnail":""},"post_excerpt_stackable":"<p>Pr\u00e9sentation Rendez-vous 08h30, d\u00e9part 09h00 D\u00e9part sur la route du Col du Grand Saint Bernard juste apr\u00e8s la 2\u00e8me \u00e9pingle au-dessus du village d&#8217;Orsi\u00e8res (\u00e0 proximit\u00e9 d&#8217;une carri\u00e8re) : 5 cols \u00e0 plus de 2000 m : Col de Mille 2472m (CH-VS-2472),\u00a0 Col de Chargerat\u00a0 2331m (CH-VS-2331),\u00a0 Basset\u00a0 2365m (CH-VS-2365),\u00a0 Col du Six Blanc 2230m (CH-VS-2230) et Col des Veyses 2028m (CH-VS-2028). 1650 m de d\u00e9nivellation pour 35 km. Contact Pierre Mai, route du Signal, 1165 Allaman. T\u00e9l : +41 (0)21 807 34 17 Natel : +41 76 498 58 73 Email : p&#109;a&#105;&#64;blu&#101;&#119;&#105;n.c&#104; Compte-rendu Samedi 11 aout 2012 lorsque\u2026<\/p>\n","category_list":"<a href=\"https:\/\/centcols.org\/backup\/categorie\/albums-photos\/\" rel=\"category tag\">Albums photos<\/a>","author_info":{"display_name":"R\u00e9gis Paraz","author_link":"https:\/\/centcols.org\/backup\/author\/3225\/"},"comments_num":"0 commentaire","featured_image_urls_v2":{"full":"","thumbnail":"","medium":"","medium_large":"","large":"","1536x1536":"","2048x2048":"","woocommerce_thumbnail":"","woocommerce_single":"","woocommerce_gallery_thumbnail":""},"post_excerpt_stackable_v2":"<p>Pr\u00e9sentation Rendez-vous 08h30, d\u00e9part 09h00 D\u00e9part sur la route du Col du Grand Saint Bernard juste apr\u00e8s la 2\u00e8me \u00e9pingle au-dessus du village d&#8217;Orsi\u00e8res (\u00e0 proximit\u00e9 d&#8217;une carri\u00e8re) : 5 cols \u00e0 plus de 2000 m : Col de Mille 2472m (CH-VS-2472),\u00a0 Col de Chargerat\u00a0 2331m (CH-VS-2331),\u00a0 Basset\u00a0 2365m (CH-VS-2365),\u00a0 Col du Six Blanc 2230m (CH-VS-2230) et Col des Veyses 2028m (CH-VS-2028). 1650 m de d\u00e9nivellation pour 35 km. Contact Pierre Mai, route du Signal, 1165 Allaman. T\u00e9l : +41 (0)21 807 34 17 Natel : +41 76 498 58 73 Email : &#112;m&#97;&#105;&#64;&#98;l&#117;ew&#105;&#110;.ch Compte-rendu Samedi 11 aout 2012 lorsque\u2026<\/p>\n","category_list_v2":"<a href=\"https:\/\/centcols.org\/backup\/categorie\/albums-photos\/\" rel=\"category tag\">Albums photos<\/a>","author_info_v2":{"name":"R\u00e9gis Paraz","url":"https:\/\/centcols.org\/backup\/author\/3225\/"},"comments_num_v2":"0 commentaire","featured_image_src":null,"_links":{"self":[{"href":"https:\/\/centcols.org\/backup\/wp-json\/wp\/v2\/posts\/22275"}],"collection":[{"href":"https:\/\/centcols.org\/backup\/wp-json\/wp\/v2\/posts"}],"about":[{"href":"https:\/\/centcols.org\/backup\/wp-json\/wp\/v2\/types\/post"}],"author":[{"embeddable":true,"href":"https:\/\/centcols.org\/backup\/wp-json\/wp\/v2\/users\/17"}],"replies":[{"embeddable":true,"href":"https:\/\/centcols.org\/backup\/wp-json\/wp\/v2\/comments?post=22275"}],"version-history":[{"count":0,"href":"https:\/\/centcols.org\/backup\/wp-json\/wp\/v2\/posts\/22275\/revisions"}],"wp:attachment":[{"href":"https:\/\/centcols.org\/backup\/wp-json\/wp\/v2\/media?parent=22275"}],"wp:term":[{"taxonomy":"category","embeddable":true,"href":"https:\/\/centcols.org\/backup\/wp-json\/wp\/v2\/categories?post=22275"},{"taxonomy":"post_tag","embeddable":true,"href":"https:\/\/centcols.org\/backup\/wp-json\/wp\/v2\/tags?post=22275"}],"curies":[{"name":"wp","href":"https:\/\/api.w.org\/{rel}","templated":true}]}}