{"id":22292,"date":"2015-04-15T10:48:54","date_gmt":"2015-04-15T08:48:54","guid":{"rendered":"http:\/\/centcols.org\/backup\/?p=22292"},"modified":"2015-10-02T20:54:55","modified_gmt":"2015-10-02T18:54:55","slug":"assemblee-generale-a-serezin-du-rhone-rhone-le-04-decembre-2004","status":"publish","type":"post","link":"https:\/\/centcols.org\/backup\/assemblee-generale-a-serezin-du-rhone-rhone-le-04-decembre-2004\/","title":{"rendered":"Assembl\u00e9e g\u00e9n\u00e9rale \u00e0 S\u00e9r\u00e9zin-du-Rh\u00f4ne (Rh\u00f4ne) le 04 d\u00e9cembre 2004"},"content":{"rendered":"<h2>Le compte rendu<\/h2>\n<h3>Compte-rendu de l&#8217;Assembl\u00e9e g\u00e9n\u00e9rale du Club des Cent Cols<br \/>\nLe 4 d\u00e9cembre 2004, S\u00e9r\u00e9zin-du-Rh\u00f4ne (69)<\/h3>\n<p>L&#8217;Assembl\u00e9e G\u00e9n\u00e9rale annuelle du Club des Cent Cols s&#8217;est tenue le 4 d\u00e9cembre 2004 dans la salle communale de S\u00e9r\u00e9zin-du-Rh\u00f4ne (69) sous la pr\u00e9sidence de Claude B\u00e9nistrand et en la pr\u00e9sence des membres \u00e9lus du Conseil d&#8217;Administration (B.Vieillard, vice-Pr\u00e9sident, excus\u00e9).<\/p>\n<p>L&#8217;Assembl\u00e9e G\u00e9n\u00e9rale commence \u00e0 16 heures, elle r\u00e9unit une centaine d&#8217;adh\u00e9rents, heureux de se retrouver pour ce traditionnel rendez-vous.<\/p>\n<p>Claude B\u00e9nistrand pr\u00e9sente les excuses du Pr\u00e9sident f\u00e9d\u00e9ral (et membre des &#8220;Cent Cols&#8221;) Dominique Lamouller et le celles du Pr\u00e9sident de la Ligue Rh\u00f4ne-Alpes (\u00e9galement membre des &#8220;Cent Cols&#8221;) Robert de Rudder, tous deux retenus \u00e0 Quimper pour l&#8217;Assembl\u00e9e G\u00e9n\u00e9rale de la FFCT.<\/p>\n<p>Claude B\u00e9nistrand pr\u00e9sente les personnalit\u00e9s qui nous ont fait l&#8217;honneur d&#8217;assister \u00e0 notre r\u00e9union: M. le Maire de S\u00e9r\u00e9zin, M. Colin, repr\u00e9sentant le CODEP 69, M. Gilbert Veysseyre, Pr\u00e9sident de l&#8217;AS ARRA qui a \u00e9t\u00e9 le ma\u00eetre d&#8217;\u0153uvre de cette assembl\u00e9e.<\/p>\n<p>Sont \u00e9galement pr\u00e9sent\u00e9s :<\/p>\n<ul>\n<li>Les membres de la CERP: Guy Bodoin, Jean-Fran\u00e7ois Plantard, Bernard Chalchat.<\/li>\n<li>Les d\u00e9l\u00e9gu\u00e9s territoriaux: Alain Gillodes, Bernard M\u00e9zaize, R\u00e9gis Paraz, Michel M\u00e9dina, Thierry Combelles (venu tout sp\u00e9cialement d&#8217;Allemagne) et Pierre Mai (venu de Suisse)<\/li>\n<li>Mario Labelle pour qui l&#8217;informatique n&#8217;a plus de secret et dont le travail au b\u00e9n\u00e9fice de la Confr\u00e9rie est connu et appr\u00e9ci\u00e9 de tous.<\/li>\n<\/ul>\n<p>L&#8217;ordre du jour commence par la lecture des diff\u00e9rents rapports, tels qu&#8217;ils ont \u00e9t\u00e9 diffus\u00e9s dans info Cent Cols n\u00b08:<\/p>\n<ul>\n<li>Rapport moral, pr\u00e9sent\u00e9 par Claude B\u00e9nistrand, pr\u00e9sident.<\/li>\n<li>Rapport d&#8217;activit\u00e9, pr\u00e9sent\u00e9 par Ren\u00e9 Poty, secr\u00e9taire g\u00e9n\u00e9ral.<\/li>\n<li>Rapport financier, pr\u00e9sent\u00e9 par Michel Mathieu, tr\u00e9sorier.<\/li>\n<\/ul>\n<p>Christophe Guitton, r\u00e9viseur aux comptes prend la parole pour f\u00e9liciter Michel Mathieu de la bonne tenue des finances de la Confr\u00e9rie.<\/p>\n<p>Une nouveaut\u00e9 cette ann\u00e9e: un &#8220;diaporama&#8221; a permis d&#8217;illustrer la lecture de ces diff\u00e9rents rapports ce qui les a rendus plus vivants et plus d\u00e9monstratifs. Merci \u00e0 R\u00e9gis Paraz, install\u00e9 aux commandes de l&#8217;ordinateur et du vid\u00e9o-projecteur.<\/p>\n<p>En compl\u00e9ment du rapport d&#8217;activit\u00e9, Bernard Pommel, membre du Conseil d&#8217;Admistration et responsable des randonn\u00e9es permanentes &#8220;Cent Cols&#8221;, fait le bilan tr\u00e8s positif concernant la participation aux diff\u00e9rentes randonn\u00e9es. Plus de 160 inscriptions ont \u00e9t\u00e9 enregistr\u00e9es pour l&#8217;ensemble, ce qui est une tr\u00e8s agr\u00e9able surprise. Bernard Pommel annonce le lancement d&#8217;une septi\u00e8me randonn\u00e9e permanente: &#8220;Cent Cols en Haut-Languedoc&#8221; (imagin\u00e9e par Pierre Gasc), en attendant deux nouvelles randonn\u00e9es permanentes en Italie promises pour 2005.<\/p>\n<p>Mario Labelle pr\u00e9sente les diff\u00e9rents projets concernant les services informatis\u00e9s du &#8220;Club des Cent Cols&#8221;. Un rapide &#8220;sondage&#8221; effectu\u00e9 dans la salle montre que pr\u00e8s de la moiti\u00e9 des membres pr\u00e9sents connaissent et visitent r\u00e9guli\u00e8rement le site de la Confr\u00e9rie et beaucoup d&#8217;entre eux se sont d\u00e9j\u00e0 inscrits aux services qui leur sont r\u00e9serv\u00e9s (comme l&#8217;acc\u00e8s au tableau d&#8217;honneur, la consultation des archives, la liste de discussion\u2026).<\/p>\n<p>Les bulletins de vote envoy\u00e9s par courrier au secr\u00e9tariat ont \u00e9t\u00e9 d\u00e9pouill\u00e9s le 29 novembre par les scrutateurs: Roger Colombo et Robert Bocqueraz. Les derniers votes en assembl\u00e9e ayant \u00e9t\u00e9 d\u00e9pouill\u00e9s par Philippe Carrez et R\u00e9gis Paraz, les r\u00e9sultats sont proclam\u00e9s:<\/p>\n<table style=\"height: 131px;\" width=\"513\">\n<tbody>\n<tr>\n<td>Nombre d&#8217;Inscrits<\/td>\n<td>2577<\/td>\n<td>soit<\/td>\n<td>37,49%<\/td>\n<\/tr>\n<tr>\n<td>Nombre de Votants<\/td>\n<td>966<\/td>\n<td><\/td>\n<td><\/td>\n<\/tr>\n<tr>\n<td>\n<p>Rapport Moral<\/p>\n<p>&nbsp;<\/p>\n<p>soit<\/td>\n<td>\n<p>oui<\/p>\n<p>955<\/p>\n<p>98,86%<\/td>\n<td>\n<p>non<\/p>\n<p>4<\/p>\n<p>0,41%<\/td>\n<td>\n<p>Abstentions<\/p>\n<p>7<\/p>\n<p>0,72%<\/td>\n<\/tr>\n<tr>\n<td>\n<p>Rapport d&#8217;Activit\u00e9s<\/p>\n<p>&nbsp;<\/p>\n<p>soit<\/td>\n<td>\n<p>oui<\/p>\n<p>959<\/p>\n<p>99,28%<\/td>\n<td>\n<p>non<\/p>\n<p>4<\/p>\n<p>0,41%<\/td>\n<td>\n<p>Abstentions<\/p>\n<p>3<\/p>\n<p>0,31%<\/td>\n<\/tr>\n<tr>\n<td>\n<p>Rapport Financier<\/p>\n<p>&nbsp;<\/p>\n<p>soit<\/td>\n<td>\n<p>oui<\/p>\n<p>957<\/p>\n<p>99.07%<\/td>\n<td>\n<p>non<\/p>\n<p>1<\/p>\n<p>0.10%<\/td>\n<td>\n<p>Abstentions<\/p>\n<p>8<\/p>\n<p>0.83%<\/td>\n<\/tr>\n<\/tbody>\n<\/table>\n<p>Claude B\u00e9nistrand remercie tous les adh\u00e9rents pour la confiance renouvel\u00e9e \u00e0 l&#8217;\u00e9quipe dirigeante.<\/p>\n<p>Vient ensuite l&#8217;heure des r\u00e9compenses. Nous avons eu le plaisir d&#8217;introniser deux nouveaux membres: Francine et Claude Mabillot (de Ternay 69). Claude B\u00e9nistrand leur remet leurs dipl\u00f4mes, m\u00e9dailles et revues. Puis c&#8217;est le tour de Jean-Claude Prast d&#8217;\u00eatre honor\u00e9 par la remise d&#8217;une m\u00e9daille o\u00f9 est grav\u00e9e le nom de son 1000\u00e8me col : le col d&#8217;Urbeis.<\/p>\n<p>La parole est confi\u00e9e \u00e0 M. le Maire de S\u00e9r\u00e9zin qui nous pr\u00e9sente sa commune, puis \u00e0 Gilbert Veysseyre \u00e0 qui nous devons l&#8217;organisation mat\u00e9rielle impeccable de cette Assembl\u00e9e G\u00e9n\u00e9rale.<\/p>\n<p>L&#8217;ordre du jour se poursuit avec la pr\u00e9sentation du projet de concentration autour du 15 ao\u00fbt 2005. Ren\u00e9 Poty utilise un diaporama pour pr\u00e9senter la commune de Seix dans le Haut-Salat (09) qui nous accueillera pour un s\u00e9jour et le col de Catchaud\u00e9gu\u00e9: lieu de la concentration du 15\/08. Chaque jour des circuits routiers et muletiers seront propos\u00e9s. Le bouquet final sera l&#8217;ascension du Port d&#8217;Aula sur la fronti\u00e8re franco-espagnole.<\/p>\n<p>Pour terminer cette Assembl\u00e9e G\u00e9n\u00e9rale, une projection sur notre concentration internationale au col de l&#8217;\u00c9chelle et sur le s\u00e9jour \u00e0 Brian\u00e7on (15 ao\u00fbt 2004) a permis \u00e0 tous de s&#8217;\u00e9vader vers les sommets et les cols \u00e0 plus de 2000m\u2026 de tr\u00e8s bons souvenirs pour les participants !<\/p>\n<p>Apr\u00e8s avoir fix\u00e9 un rendez-vous le dimanche 05 d\u00e9cembre \u00e0 Ampuis pour une balade sur les contreforts du Mt Pilat (avec cinq petits cols pour friandise), tout le monde est convi\u00e9 \u00e0 un &#8220;pot de l&#8217;amiti\u00e9&#8221;. L&#8217;Assembl\u00e9e G\u00e9n\u00e9rale proprement dite s&#8217;ach\u00e8ve \u00e0 18h30. Le soir, un d\u00eener tr\u00e8s convivial a r\u00e9uni une cinquantaine de personnes dans une ambiance tr\u00e8s chaleureuse. Une agr\u00e9able fa\u00e7on de clore la saison 2004 et de r\u00eaver \u00e0 celle de 2005.<\/p>\n<p>Ren\u00e9 POTY (S-G)<\/p>\n<h2>Les photos<\/h2>\n<p>&nbsp;<\/p>\n","protected":false},"excerpt":{"rendered":"<p>Le compte rendu Compte-rendu de l&#8217;Assembl\u00e9e g\u00e9n\u00e9rale du Club des Cent Cols Le 4 d\u00e9cembre 2004, S\u00e9r\u00e9zin-du-Rh\u00f4ne (69) L&#8217;Assembl\u00e9e G\u00e9n\u00e9rale annuelle du Club des Cent Cols s&#8217;est tenue le 4 d\u00e9cembre 2004 dans la salle communale de S\u00e9r\u00e9zin-du-Rh\u00f4ne (69) sous la pr\u00e9sidence de Claude B\u00e9nistrand et en la pr\u00e9sence des membres \u00e9lus du Conseil d&#8217;Administration [&hellip;]<\/p>\n","protected":false},"author":17,"featured_media":0,"comment_status":"closed","ping_status":"closed","sticky":false,"template":"","format":"standard","meta":{"_acf_changed":false,"ub_ctt_via":"","_monsterinsights_skip_tracking":false,"_monsterinsights_sitenote_active":false,"_monsterinsights_sitenote_note":"","_monsterinsights_sitenote_category":0,"footnotes":""},"categories":[14],"tags":[],"acf":[],"featured_image_urls":{"full":"","thumbnail":"","medium":"","medium_large":"","large":"","1536x1536":"","2048x2048":"","woocommerce_thumbnail":"","woocommerce_single":"","woocommerce_gallery_thumbnail":""},"post_excerpt_stackable":"<p>Le compte rendu Compte-rendu de l&#8217;Assembl\u00e9e g\u00e9n\u00e9rale du Club des Cent Cols Le 4 d\u00e9cembre 2004, S\u00e9r\u00e9zin-du-Rh\u00f4ne (69) L&#8217;Assembl\u00e9e G\u00e9n\u00e9rale annuelle du Club des Cent Cols s&#8217;est tenue le 4 d\u00e9cembre 2004 dans la salle communale de S\u00e9r\u00e9zin-du-Rh\u00f4ne (69) sous la pr\u00e9sidence de Claude B\u00e9nistrand et en la pr\u00e9sence des membres \u00e9lus du Conseil d&#8217;Administration (B.Vieillard, vice-Pr\u00e9sident, excus\u00e9). L&#8217;Assembl\u00e9e G\u00e9n\u00e9rale commence \u00e0 16 heures, elle r\u00e9unit une centaine d&#8217;adh\u00e9rents, heureux de se retrouver pour ce traditionnel rendez-vous. Claude B\u00e9nistrand pr\u00e9sente les excuses du Pr\u00e9sident f\u00e9d\u00e9ral (et membre des &#8220;Cent Cols&#8221;) Dominique Lamouller et le celles du Pr\u00e9sident de la Ligue\u2026<\/p>\n","category_list":"<a href=\"https:\/\/centcols.org\/backup\/categorie\/assemblees-generales\/\" rel=\"category tag\">Assembl\u00e9es g\u00e9n\u00e9rales<\/a>","author_info":{"display_name":"R\u00e9gis Paraz","author_link":"https:\/\/centcols.org\/backup\/author\/3225\/"},"comments_num":"0 commentaire","featured_image_urls_v2":{"full":"","thumbnail":"","medium":"","medium_large":"","large":"","1536x1536":"","2048x2048":"","woocommerce_thumbnail":"","woocommerce_single":"","woocommerce_gallery_thumbnail":""},"post_excerpt_stackable_v2":"<p>Le compte rendu Compte-rendu de l&#8217;Assembl\u00e9e g\u00e9n\u00e9rale du Club des Cent Cols Le 4 d\u00e9cembre 2004, S\u00e9r\u00e9zin-du-Rh\u00f4ne (69) L&#8217;Assembl\u00e9e G\u00e9n\u00e9rale annuelle du Club des Cent Cols s&#8217;est tenue le 4 d\u00e9cembre 2004 dans la salle communale de S\u00e9r\u00e9zin-du-Rh\u00f4ne (69) sous la pr\u00e9sidence de Claude B\u00e9nistrand et en la pr\u00e9sence des membres \u00e9lus du Conseil d&#8217;Administration (B.Vieillard, vice-Pr\u00e9sident, excus\u00e9). L&#8217;Assembl\u00e9e G\u00e9n\u00e9rale commence \u00e0 16 heures, elle r\u00e9unit une centaine d&#8217;adh\u00e9rents, heureux de se retrouver pour ce traditionnel rendez-vous. Claude B\u00e9nistrand pr\u00e9sente les excuses du Pr\u00e9sident f\u00e9d\u00e9ral (et membre des &#8220;Cent Cols&#8221;) Dominique Lamouller et le celles du Pr\u00e9sident de la Ligue\u2026<\/p>\n","category_list_v2":"<a href=\"https:\/\/centcols.org\/backup\/categorie\/assemblees-generales\/\" rel=\"category tag\">Assembl\u00e9es g\u00e9n\u00e9rales<\/a>","author_info_v2":{"name":"R\u00e9gis Paraz","url":"https:\/\/centcols.org\/backup\/author\/3225\/"},"comments_num_v2":"0 commentaire","featured_image_src":null,"_links":{"self":[{"href":"https:\/\/centcols.org\/backup\/wp-json\/wp\/v2\/posts\/22292"}],"collection":[{"href":"https:\/\/centcols.org\/backup\/wp-json\/wp\/v2\/posts"}],"about":[{"href":"https:\/\/centcols.org\/backup\/wp-json\/wp\/v2\/types\/post"}],"author":[{"embeddable":true,"href":"https:\/\/centcols.org\/backup\/wp-json\/wp\/v2\/users\/17"}],"replies":[{"embeddable":true,"href":"https:\/\/centcols.org\/backup\/wp-json\/wp\/v2\/comments?post=22292"}],"version-history":[{"count":0,"href":"https:\/\/centcols.org\/backup\/wp-json\/wp\/v2\/posts\/22292\/revisions"}],"wp:attachment":[{"href":"https:\/\/centcols.org\/backup\/wp-json\/wp\/v2\/media?parent=22292"}],"wp:term":[{"taxonomy":"category","embeddable":true,"href":"https:\/\/centcols.org\/backup\/wp-json\/wp\/v2\/categories?post=22292"},{"taxonomy":"post_tag","embeddable":true,"href":"https:\/\/centcols.org\/backup\/wp-json\/wp\/v2\/tags?post=22292"}],"curies":[{"name":"wp","href":"https:\/\/api.w.org\/{rel}","templated":true}]}}