{"id":22293,"date":"2015-04-29T09:22:40","date_gmt":"2015-04-29T07:22:40","guid":{"rendered":"http:\/\/centcols.org\/backup\/?p=22293"},"modified":"2015-10-02T21:12:08","modified_gmt":"2015-10-02T19:12:08","slug":"sortie-vtt-des-cent-cols-de-suisse-a-morgins-vs-le-dimanche-28-juillet-2013-2","status":"publish","type":"post","link":"https:\/\/centcols.org\/backup\/sortie-vtt-des-cent-cols-de-suisse-a-morgins-vs-le-dimanche-28-juillet-2013-2\/","title":{"rendered":"Sortie VTT des Cent Cols de Suisse \u00e0 Morgins (VS) le dimanche 28 juillet 2013"},"content":{"rendered":"<h2>Pr\u00e9sentation<\/h2>\n<p>35 km pour 1000 m de d\u00e9nivellation. 4 cols.<br \/>\nRendez-vous \u00e0 Morgins, place du village \u00e0 8h30. D\u00e9part 9h00.<\/p>\n<p><img loading=\"lazy\" decoding=\"async\" class=\"alignnone size-full wp-image-20244\" src=\"https:\/\/centcols.org\/backup\/wp-content\/uploads\/2015\/04\/morgins_depart.jpg\" alt=\"morgins_depart\" width=\"750\" height=\"416\" srcset=\"https:\/\/centcols.org\/backup\/wp-content\/uploads\/2015\/04\/morgins_depart.jpg 750w, https:\/\/centcols.org\/backup\/wp-content\/uploads\/2015\/04\/morgins_depart-600x333.jpg 600w, https:\/\/centcols.org\/backup\/wp-content\/uploads\/2015\/04\/morgins_depart-500x277.jpg 500w\" sizes=\"(max-width: 750px) 100vw, 750px\" \/><\/p>\n<h3>Contact<\/h3>\n<p>Alain Besson, chemin des Coumenets 11, 1000 Lausanne.<\/p>\n<p>T\u00e9l : +41 21 544 85 20<\/p>\n<p>Email : <a href=\"mai&#108;to:a1b&#101;sso&#110;&#64;gma&#105;l.co&#109;\">a&#49;&#98;&#101;sso&#110;&#64;g&#109;&#97;&#105;l.&#99;o&#109;<\/a><\/p>\n","protected":false},"excerpt":{"rendered":"<p>Pr\u00e9sentation 35 km pour 1000 m de d\u00e9nivellation. 4 cols. Rendez-vous \u00e0 Morgins, place du village \u00e0 8h30. D\u00e9part 9h00. Contact Alain Besson, chemin des Coumenets 11, 1000 Lausanne. T\u00e9l : +41 21 544 85 20 Email :<\/p>\n","protected":false},"author":17,"featured_media":0,"comment_status":"closed","ping_status":"closed","sticky":false,"template":"","format":"standard","meta":{"_acf_changed":false,"ub_ctt_via":"","_monsterinsights_skip_tracking":false,"_monsterinsights_sitenote_active":false,"_monsterinsights_sitenote_note":"","_monsterinsights_sitenote_category":0,"footnotes":""},"categories":[38,11],"tags":[],"acf":[],"featured_image_urls":{"full":"","thumbnail":"","medium":"","medium_large":"","large":"","1536x1536":"","2048x2048":"","woocommerce_thumbnail":"","woocommerce_single":"","woocommerce_gallery_thumbnail":""},"post_excerpt_stackable":"<p>Pr\u00e9sentation 35 km pour 1000 m de d\u00e9nivellation. 4 cols. Rendez-vous \u00e0 Morgins, place du village \u00e0 8h30. D\u00e9part 9h00. Contact Alain Besson, chemin des Coumenets 11, 1000 Lausanne. T\u00e9l : +41 21 544 85 20 Email : a&#49;&#98;e&#115;s&#111;n&#64;&#103;m&#97;i&#108;&#46;c&#111;m<\/p>\n","category_list":"<a href=\"https:\/\/centcols.org\/backup\/categorie\/albums-photos\/\" rel=\"category tag\">Albums photos<\/a>, <a href=\"https:\/\/centcols.org\/backup\/categorie\/rassemblements\/rassemblements-2013\/\" rel=\"category tag\">Les rassemblements de 2013<\/a>","author_info":{"display_name":"R\u00e9gis Paraz","author_link":"https:\/\/centcols.org\/backup\/author\/3225\/"},"comments_num":"0 commentaire","featured_image_urls_v2":{"full":"","thumbnail":"","medium":"","medium_large":"","large":"","1536x1536":"","2048x2048":"","woocommerce_thumbnail":"","woocommerce_single":"","woocommerce_gallery_thumbnail":""},"post_excerpt_stackable_v2":"<p>Pr\u00e9sentation 35 km pour 1000 m de d\u00e9nivellation. 4 cols. Rendez-vous \u00e0 Morgins, place du village \u00e0 8h30. D\u00e9part 9h00. Contact Alain Besson, chemin des Coumenets 11, 1000 Lausanne. T\u00e9l : +41 21 544 85 20 Email : &#97;1be&#115;s&#111;n&#64;&#103;m&#97;&#105;l&#46;&#99;om<\/p>\n","category_list_v2":"<a href=\"https:\/\/centcols.org\/backup\/categorie\/albums-photos\/\" rel=\"category tag\">Albums photos<\/a>, <a href=\"https:\/\/centcols.org\/backup\/categorie\/rassemblements\/rassemblements-2013\/\" rel=\"category tag\">Les rassemblements de 2013<\/a>","author_info_v2":{"name":"R\u00e9gis Paraz","url":"https:\/\/centcols.org\/backup\/author\/3225\/"},"comments_num_v2":"0 commentaire","featured_image_src":null,"_links":{"self":[{"href":"https:\/\/centcols.org\/backup\/wp-json\/wp\/v2\/posts\/22293"}],"collection":[{"href":"https:\/\/centcols.org\/backup\/wp-json\/wp\/v2\/posts"}],"about":[{"href":"https:\/\/centcols.org\/backup\/wp-json\/wp\/v2\/types\/post"}],"author":[{"embeddable":true,"href":"https:\/\/centcols.org\/backup\/wp-json\/wp\/v2\/users\/17"}],"replies":[{"embeddable":true,"href":"https:\/\/centcols.org\/backup\/wp-json\/wp\/v2\/comments?post=22293"}],"version-history":[{"count":0,"href":"https:\/\/centcols.org\/backup\/wp-json\/wp\/v2\/posts\/22293\/revisions"}],"wp:attachment":[{"href":"https:\/\/centcols.org\/backup\/wp-json\/wp\/v2\/media?parent=22293"}],"wp:term":[{"taxonomy":"category","embeddable":true,"href":"https:\/\/centcols.org\/backup\/wp-json\/wp\/v2\/categories?post=22293"},{"taxonomy":"post_tag","embeddable":true,"href":"https:\/\/centcols.org\/backup\/wp-json\/wp\/v2\/tags?post=22293"}],"curies":[{"name":"wp","href":"https:\/\/api.w.org\/{rel}","templated":true}]}}