{"id":22296,"date":"2015-04-29T09:21:56","date_gmt":"2015-04-29T07:21:56","guid":{"rendered":"http:\/\/centcols.org\/backup\/?p=22296"},"modified":"2015-10-02T21:25:06","modified_gmt":"2015-10-02T19:25:06","slug":"reunion-des-cent-cols-suisses-a-allaman-le-samedi-17-novembre-2012-2","status":"publish","type":"post","link":"https:\/\/centcols.org\/backup\/reunion-des-cent-cols-suisses-a-allaman-le-samedi-17-novembre-2012-2\/","title":{"rendered":"R\u00e9union des Cent Cols suisses \u00e0 Allaman le samedi 17 novembre 2012"},"content":{"rendered":"<h2>Compte rendu<\/h2>\n<p>Trente-quatre participants et onze excus\u00e9s pour cette 9e rencontre \u00e0 Allaman.<\/p>\n<p>La discussion commence par un petit rappel de l\u2019ann\u00e9e \u00e9coul\u00e9e avant de passer au programme 2013. Six rendez-vous sont pr\u00e9vus afin de partager de bons moments en pratiquant notre sport favori. Six nouveaux membres nous ont rejoint cette ann\u00e9e : Ursula et Alain Besson, Alex Portmann, Tony Morrongiello, Gilbert Rama et Daniel Oesch. Soixante-quatre suisses sont actifs dont dix dames.<\/p>\n<p>La r\u00e9union s\u2019est termin\u00e9e par un petit ap\u00e9ro ou les cent-dix croissants au jambon pr\u00e9par\u00e9s par Catherine ont disparu en quelques minutes. Nous nous sommes ensuite d\u00e9plac\u00e9s au caveau pour d\u00e9guster les filets de perche du lac L\u00e9man, suivi d\u2019un petit dessert, caf\u00e9 et pain \u00e0 l\u2019anis offert par Joseph.<\/p>\n<p>Ce fut une superbe journ\u00e9e, \u00e0 l\u2019ann\u00e9e prochaine.<\/p>\n<p>Votre animateur<br \/>\nPierre Mai<\/p>\n","protected":false},"excerpt":{"rendered":"<p>Compte rendu Trente-quatre participants et onze excus\u00e9s pour cette 9e rencontre \u00e0 Allaman. La discussion commence par un petit rappel de l\u2019ann\u00e9e \u00e9coul\u00e9e avant de passer au programme 2013. Six rendez-vous sont pr\u00e9vus afin de partager de bons moments en pratiquant notre sport favori. Six nouveaux membres nous ont rejoint cette ann\u00e9e : Ursula et [&hellip;]<\/p>\n","protected":false},"author":17,"featured_media":0,"comment_status":"closed","ping_status":"closed","sticky":false,"template":"","format":"standard","meta":{"_acf_changed":false,"ub_ctt_via":"","_monsterinsights_skip_tracking":false,"_monsterinsights_sitenote_active":false,"_monsterinsights_sitenote_note":"","_monsterinsights_sitenote_category":0,"footnotes":""},"categories":[38,10],"tags":[],"acf":[],"featured_image_urls":{"full":"","thumbnail":"","medium":"","medium_large":"","large":"","1536x1536":"","2048x2048":"","woocommerce_thumbnail":"","woocommerce_single":"","woocommerce_gallery_thumbnail":""},"post_excerpt_stackable":"<p>Compte rendu Trente-quatre participants et onze excus\u00e9s pour cette 9e rencontre \u00e0 Allaman. La discussion commence par un petit rappel de l\u2019ann\u00e9e \u00e9coul\u00e9e avant de passer au programme 2013. Six rendez-vous sont pr\u00e9vus afin de partager de bons moments en pratiquant notre sport favori. Six nouveaux membres nous ont rejoint cette ann\u00e9e : Ursula et Alain Besson, Alex Portmann, Tony Morrongiello, Gilbert Rama et Daniel Oesch. Soixante-quatre suisses sont actifs dont dix dames. La r\u00e9union s\u2019est termin\u00e9e par un petit ap\u00e9ro ou les cent-dix croissants au jambon pr\u00e9par\u00e9s par Catherine ont disparu en quelques minutes. Nous nous sommes ensuite d\u00e9plac\u00e9s\u2026<\/p>\n","category_list":"<a href=\"https:\/\/centcols.org\/backup\/categorie\/albums-photos\/\" rel=\"category tag\">Albums photos<\/a>, <a href=\"https:\/\/centcols.org\/backup\/categorie\/rassemblements\/rassemblements-2012\/\" rel=\"category tag\">Les rassemblements de 2012<\/a>","author_info":{"display_name":"R\u00e9gis Paraz","author_link":"https:\/\/centcols.org\/backup\/author\/3225\/"},"comments_num":"0 commentaire","featured_image_urls_v2":{"full":"","thumbnail":"","medium":"","medium_large":"","large":"","1536x1536":"","2048x2048":"","woocommerce_thumbnail":"","woocommerce_single":"","woocommerce_gallery_thumbnail":""},"post_excerpt_stackable_v2":"<p>Compte rendu Trente-quatre participants et onze excus\u00e9s pour cette 9e rencontre \u00e0 Allaman. La discussion commence par un petit rappel de l\u2019ann\u00e9e \u00e9coul\u00e9e avant de passer au programme 2013. Six rendez-vous sont pr\u00e9vus afin de partager de bons moments en pratiquant notre sport favori. Six nouveaux membres nous ont rejoint cette ann\u00e9e : Ursula et Alain Besson, Alex Portmann, Tony Morrongiello, Gilbert Rama et Daniel Oesch. Soixante-quatre suisses sont actifs dont dix dames. La r\u00e9union s\u2019est termin\u00e9e par un petit ap\u00e9ro ou les cent-dix croissants au jambon pr\u00e9par\u00e9s par Catherine ont disparu en quelques minutes. Nous nous sommes ensuite d\u00e9plac\u00e9s\u2026<\/p>\n","category_list_v2":"<a href=\"https:\/\/centcols.org\/backup\/categorie\/albums-photos\/\" rel=\"category tag\">Albums photos<\/a>, <a href=\"https:\/\/centcols.org\/backup\/categorie\/rassemblements\/rassemblements-2012\/\" rel=\"category tag\">Les rassemblements de 2012<\/a>","author_info_v2":{"name":"R\u00e9gis Paraz","url":"https:\/\/centcols.org\/backup\/author\/3225\/"},"comments_num_v2":"0 commentaire","featured_image_src":null,"_links":{"self":[{"href":"https:\/\/centcols.org\/backup\/wp-json\/wp\/v2\/posts\/22296"}],"collection":[{"href":"https:\/\/centcols.org\/backup\/wp-json\/wp\/v2\/posts"}],"about":[{"href":"https:\/\/centcols.org\/backup\/wp-json\/wp\/v2\/types\/post"}],"author":[{"embeddable":true,"href":"https:\/\/centcols.org\/backup\/wp-json\/wp\/v2\/users\/17"}],"replies":[{"embeddable":true,"href":"https:\/\/centcols.org\/backup\/wp-json\/wp\/v2\/comments?post=22296"}],"version-history":[{"count":0,"href":"https:\/\/centcols.org\/backup\/wp-json\/wp\/v2\/posts\/22296\/revisions"}],"wp:attachment":[{"href":"https:\/\/centcols.org\/backup\/wp-json\/wp\/v2\/media?parent=22296"}],"wp:term":[{"taxonomy":"category","embeddable":true,"href":"https:\/\/centcols.org\/backup\/wp-json\/wp\/v2\/categories?post=22296"},{"taxonomy":"post_tag","embeddable":true,"href":"https:\/\/centcols.org\/backup\/wp-json\/wp\/v2\/tags?post=22296"}],"curies":[{"name":"wp","href":"https:\/\/api.w.org\/{rel}","templated":true}]}}