{"id":22314,"date":"2015-04-20T15:26:03","date_gmt":"2015-04-20T13:26:03","guid":{"rendered":"http:\/\/centcols.org\/backup\/?p=22314"},"modified":"2015-10-03T15:18:57","modified_gmt":"2015-10-03T13:18:57","slug":"assemblee-generale-du-club-des-cent-cols-et-mini-sejour-a-la-bastide-de-serou-ariege-les-30-novembre-et-1er-decembre-2013","status":"publish","type":"post","link":"https:\/\/centcols.org\/backup\/assemblee-generale-du-club-des-cent-cols-et-mini-sejour-a-la-bastide-de-serou-ariege-les-30-novembre-et-1er-decembre-2013\/","title":{"rendered":"Assembl\u00e9e G\u00e9n\u00e9rale du Club des Cent Cols et mini-s\u00e9jour \u00e0 La Bastide-de-S\u00e9rou (Ari\u00e8ge) les 30 novembre et 1er d\u00e9cembre 2013"},"content":{"rendered":"<h2>Pr\u00e9sentation<\/h2>\n<p><span class=\"flett\">A<\/span>pr\u00e8s les Alpes et la superbe Assembl\u00e9e g\u00e9n\u00e9rale \u00e0 Annecy pour le quaranti\u00e8me anniversaire du club, petite escapade dans les Pyr\u00e9n\u00e9es, en Ari\u00e8ge plus pr\u00e9cis\u00e9ment, o\u00f9 nous serons accueillis par le club de Vernajoul et son pr\u00e9sident Alain Bucher (\u00e9galement pr\u00e9sident du Codep 09).<\/p>\n<p>Ce club compte une soixantaine de membres dont une quarantaine de jeunes \u00e0 l&#8217;Ecole de Cyclotourisme.<\/p>\n<p>Tous les membres de la Confr\u00e9rie sont cordialement invit\u00e9s.<\/p>\n<h2>La Bastide de S\u00e9rou<\/h2>\n<div id='gallery-1' class='gallery galleryid-22314 gallery-columns-3 gallery-size-thumbnail'><dl class='gallery-item'>\n\t\t\t<dt class='gallery-icon portrait'>\n\t\t\t\t<img loading=\"lazy\" decoding=\"async\" width=\"150\" height=\"165\" src=\"https:\/\/centcols.org\/backup\/wp-content\/uploads\/2015\/04\/blason_lbs.jpg\" class=\"attachment-thumbnail size-thumbnail\" alt=\"\" \/>\n\t\t\t<\/dt><\/dl><dl class='gallery-item'>\n\t\t\t<dt class='gallery-icon portrait'>\n\t\t\t\t<img loading=\"lazy\" decoding=\"async\" width=\"150\" height=\"165\" src=\"https:\/\/centcols.org\/backup\/wp-content\/uploads\/2015\/04\/blason_09.jpg\" class=\"attachment-thumbnail size-thumbnail\" alt=\"\" \/>\n\t\t\t<\/dt><\/dl>\n\t\t\t<br style='clear: both' \/>\n\t\t<\/div>\n\n<p>(977 habitants \u2013 altitude 405 m \u00e0 la gare). C\u2019est une commune situ\u00e9e au c\u0153ur du S\u00e9ronais dans le massif du Plantaurel entre Foix et Saint-Girons. Elle fait partie du parc naturel r\u00e9gional des Pyr\u00e9n\u00e9es ari\u00e9geoises. Elle est travers\u00e9e par l\u2019Arize qui prend sa source dans le Massif de l\u2019Arize au col de P\u00e9gu\u00e8re (1375 m) et qui poursuit sa route vers le Mas d\u2019Azil.<br \/>\nAu centre de la commune se trouve une halle construite en 1830 et qui abrite trois mesures \u00e0 grains du XIX<sup>e<\/sup> si\u00e8cle.<br \/>\nUne quinzaine de moulins ont fonctionn\u00e9 aux alentours de La Bastide de S\u00e9rou, sur l\u2019Arize. Leur activit\u00e9 principale \u00e0 long temps \u00e9t\u00e9 la filature de lin pour fabriquer des draps puis ils ont servi \u00e0 la fabrication de la farine.<br \/>\nIl y a eu extraction de cuivre et d\u2019argent jusqu\u2019au XVI<sup>e<\/sup> si\u00e8cle.<br \/>\nMais c\u2019est \u00e0 Unjat, sur le site du Pouech, que s\u2019est d\u00e9velopp\u00e9e l\u2019extraction de la bauxite avec un arr\u00eat de l\u2019activit\u00e9 en 1980.<br \/>\nActuellement l\u2019\u00e9conomie de la commune repose sur de nombreux artisans et producteurs &#8220;bio&#8221; .<\/p>\n<h2>H\u00e9bergement et inscription<\/h2>\n<ul>\n<li>\n<h3>Au village vacances &#8220;Les Lambrilles&#8221; compos\u00e9 de 24 chalets (tout \u00e9quip\u00e9s, de 4 places chacun) et situ\u00e9 au c\u0153ur du village le long de l\u2019Arize, dans un cadre naturel et familial.<\/h3>\n<\/li>\n<\/ul>\n<h4>Contact<\/h4>\n<p>Office de Tourisme du S\u00e9ronais, C\u00f4tes,<br \/>\n09240 La Bastide de S\u00e9rou :<br \/>\nT\u00e9l : +33 (0)5. 61.64.53.53<br \/>\n<a href=\"mai&#108;&#116;o:t&#111;ur&#105;s&#109;e&#64;&#115;&#101;&#114;&#111;na&#105;s.&#99;&#111;m\">&#116;ou&#114;&#105;&#115;&#109;e&#64;sero&#110;&#97;&#105;s&#46;com<\/a><br \/>\n<a href=\"http:\/\/www.tourisme-seronais.com\/\" target=\"_blank\">www.seronais.com<\/a><\/p>\n<ul>\n<li>\n<h3>Ou, \u00e0 moins de deux kilom\u00e8tres du centre de vacances, au camping l\u2019Arize :<\/h3>\n<\/li>\n<\/ul>\n<h4>Contact<\/h4>\n<p>Route de Nescus \u2013 D15<br \/>\n09240 La Bastide-de-S\u00e9rou<br \/>\nT\u00e9l : +33 (0)5.61.65.81.51<br \/>\n<a href=\"&#109;&#97;i&#108;t&#111;:m&#97;i&#108;&#64;c&#97;&#109;pi&#110;&#103;&#45;a&#114;&#105;ze&#46;c&#111;m\">ma&#105;l&#64;&#99;am&#112;in&#103;-&#97;r&#105;&#122;&#101;.&#99;om<\/a><br \/>\n<a href=\"http:\/\/www.camping-arize.com\/\" target=\"_blank\">www.camping-arize.com<\/a><br \/>\nSi vous ne l&#8217;avez pas encore fait, merci de vous inscrire <span style=\"text-decoration: underline;\">avant le 30 octobre 2013<\/span> en remplissant le <a href=\"https:\/\/centcols.org\/backup\/wp-content\/uploads\/2015\/04\/inscription.pdf\" target=\"_blank\">bulletin d&#8217;inscription<\/a> et en l&#8217;envoyant avec votre r\u00e8glement au responsable des s\u00e9jours (coordonn\u00e9es sur le bulletin d&#8217;inscription).<\/p>\n<h4>Acc\u00e8s au village-vacances \u00ab Les Lambrilles \u00bb et au camping \u00ab L&#8217;Arize \u00bb<\/h4>\n","protected":false},"excerpt":{"rendered":"<p>Pr\u00e9sentation Apr\u00e8s les Alpes et la superbe Assembl\u00e9e g\u00e9n\u00e9rale \u00e0 Annecy pour le quaranti\u00e8me anniversaire du club, petite escapade dans les Pyr\u00e9n\u00e9es, en Ari\u00e8ge plus pr\u00e9cis\u00e9ment, o\u00f9 nous serons accueillis par le club de Vernajoul et son pr\u00e9sident Alain Bucher (\u00e9galement pr\u00e9sident du Codep 09). Ce club compte une soixantaine de membres dont une quarantaine [&hellip;]<\/p>\n","protected":false},"author":17,"featured_media":0,"comment_status":"closed","ping_status":"closed","sticky":false,"template":"","format":"standard","meta":{"_acf_changed":false,"ub_ctt_via":"","_monsterinsights_skip_tracking":false,"_monsterinsights_sitenote_active":false,"_monsterinsights_sitenote_note":"","_monsterinsights_sitenote_category":0,"footnotes":""},"categories":[14],"tags":[],"acf":[],"featured_image_urls":{"full":"","thumbnail":"","medium":"","medium_large":"","large":"","1536x1536":"","2048x2048":"","woocommerce_thumbnail":"","woocommerce_single":"","woocommerce_gallery_thumbnail":""},"post_excerpt_stackable":"<p>Pr\u00e9sentation Apr\u00e8s les Alpes et la superbe Assembl\u00e9e g\u00e9n\u00e9rale \u00e0 Annecy pour le quaranti\u00e8me anniversaire du club, petite escapade dans les Pyr\u00e9n\u00e9es, en Ari\u00e8ge plus pr\u00e9cis\u00e9ment, o\u00f9 nous serons accueillis par le club de Vernajoul et son pr\u00e9sident Alain Bucher (\u00e9galement pr\u00e9sident du Codep 09). Ce club compte une soixantaine de membres dont une quarantaine de jeunes \u00e0 l&#8217;Ecole de Cyclotourisme. Tous les membres de la Confr\u00e9rie sont cordialement invit\u00e9s. La Bastide de S\u00e9rou (977 habitants \u2013 altitude 405 m \u00e0 la gare). C\u2019est une commune situ\u00e9e au c\u0153ur du S\u00e9ronais dans le massif du Plantaurel entre Foix et Saint-Girons.\u2026<\/p>\n","category_list":"<a href=\"https:\/\/centcols.org\/backup\/categorie\/assemblees-generales\/\" rel=\"category tag\">Assembl\u00e9es g\u00e9n\u00e9rales<\/a>","author_info":{"display_name":"R\u00e9gis Paraz","author_link":"https:\/\/centcols.org\/backup\/author\/3225\/"},"comments_num":"0 commentaire","featured_image_urls_v2":{"full":"","thumbnail":"","medium":"","medium_large":"","large":"","1536x1536":"","2048x2048":"","woocommerce_thumbnail":"","woocommerce_single":"","woocommerce_gallery_thumbnail":""},"post_excerpt_stackable_v2":"<p>Pr\u00e9sentation Apr\u00e8s les Alpes et la superbe Assembl\u00e9e g\u00e9n\u00e9rale \u00e0 Annecy pour le quaranti\u00e8me anniversaire du club, petite escapade dans les Pyr\u00e9n\u00e9es, en Ari\u00e8ge plus pr\u00e9cis\u00e9ment, o\u00f9 nous serons accueillis par le club de Vernajoul et son pr\u00e9sident Alain Bucher (\u00e9galement pr\u00e9sident du Codep 09). Ce club compte une soixantaine de membres dont une quarantaine de jeunes \u00e0 l&#8217;Ecole de Cyclotourisme. Tous les membres de la Confr\u00e9rie sont cordialement invit\u00e9s. La Bastide de S\u00e9rou (977 habitants \u2013 altitude 405 m \u00e0 la gare). C\u2019est une commune situ\u00e9e au c\u0153ur du S\u00e9ronais dans le massif du Plantaurel entre Foix et Saint-Girons.\u2026<\/p>\n","category_list_v2":"<a href=\"https:\/\/centcols.org\/backup\/categorie\/assemblees-generales\/\" rel=\"category tag\">Assembl\u00e9es g\u00e9n\u00e9rales<\/a>","author_info_v2":{"name":"R\u00e9gis Paraz","url":"https:\/\/centcols.org\/backup\/author\/3225\/"},"comments_num_v2":"0 commentaire","featured_image_src":null,"_links":{"self":[{"href":"https:\/\/centcols.org\/backup\/wp-json\/wp\/v2\/posts\/22314"}],"collection":[{"href":"https:\/\/centcols.org\/backup\/wp-json\/wp\/v2\/posts"}],"about":[{"href":"https:\/\/centcols.org\/backup\/wp-json\/wp\/v2\/types\/post"}],"author":[{"embeddable":true,"href":"https:\/\/centcols.org\/backup\/wp-json\/wp\/v2\/users\/17"}],"replies":[{"embeddable":true,"href":"https:\/\/centcols.org\/backup\/wp-json\/wp\/v2\/comments?post=22314"}],"version-history":[{"count":0,"href":"https:\/\/centcols.org\/backup\/wp-json\/wp\/v2\/posts\/22314\/revisions"}],"wp:attachment":[{"href":"https:\/\/centcols.org\/backup\/wp-json\/wp\/v2\/media?parent=22314"}],"wp:term":[{"taxonomy":"category","embeddable":true,"href":"https:\/\/centcols.org\/backup\/wp-json\/wp\/v2\/categories?post=22314"},{"taxonomy":"post_tag","embeddable":true,"href":"https:\/\/centcols.org\/backup\/wp-json\/wp\/v2\/tags?post=22314"}],"curies":[{"name":"wp","href":"https:\/\/api.w.org\/{rel}","templated":true}]}}