{"id":22316,"date":"2015-04-15T17:02:53","date_gmt":"2015-04-15T15:02:53","guid":{"rendered":"http:\/\/centcols.org\/backup\/?p=22316"},"modified":"2015-10-03T15:34:54","modified_gmt":"2015-10-03T13:34:54","slug":"assemblee-generale-du-club-des-cent-cols-a-parent-puy-de-dome-les-27-et-28-novembre-2010","status":"publish","type":"post","link":"https:\/\/centcols.org\/backup\/assemblee-generale-du-club-des-cent-cols-a-parent-puy-de-dome-les-27-et-28-novembre-2010\/","title":{"rendered":"Assembl\u00e9e g\u00e9n\u00e9rale du Club des Cent Cols \u00e0 Parent (Puy-de-D\u00f4me) les 27 et 28 novembre 2010"},"content":{"rendered":"<p><img loading=\"lazy\" decoding=\"async\" class=\"aligncenter wp-image-20693 size-full\" src=\"https:\/\/centcols.org\/backup\/wp-content\/uploads\/2015\/04\/puys2.jpg\" alt=\"puys2\" width=\"774\" height=\"143\" srcset=\"https:\/\/centcols.org\/backup\/wp-content\/uploads\/2015\/04\/puys2.jpg 774w, https:\/\/centcols.org\/backup\/wp-content\/uploads\/2015\/04\/puys2-600x111.jpg 600w, https:\/\/centcols.org\/backup\/wp-content\/uploads\/2015\/04\/puys2-500x92.jpg 500w\" sizes=\"(max-width: 774px) 100vw, 774px\" \/><\/p>\n<p style=\"text-align: justify;\"><strong>C\u2019est dans le Val d\u2019Allier sur la commune de Parent que l\u2019Amicale Cyclo Clermontoise vous convie \u00e0 l\u2019Assembl\u00e9e g\u00e9n\u00e9rale 2010 du Club des Cent Cols. L\u2019h\u00e9bergement et la restauration seront assur\u00e9s par la structure du Village de Vacances de Parent, pass\u00e9 du giron de VAL \u00e0 celui de VVF et partenaire de longue date de la FFCT.<\/strong><\/p>\n<p style=\"text-align: justify;\">Derni\u00e8re grande rivi\u00e8re sauvage d\u2019Europe, de sa source c\u00e9venole en Loz\u00e8re \u00e0 son confluent avec la Loire au bec d\u2019Allier en terre nivernaise, l\u2019Allier constitue l\u2019\u00e9pine dorsale de l\u2019Auvergne.<\/p>\n<p style=\"text-align: justify;\">Sa vall\u00e9e s\u00e9pare le plateau du Dev\u00e8s des monts de la Margeride, la cha\u00eene des Puys des monts du Livradois, les Combrailles des monts de la Madeleine. Son cours arrose les limagnes de Brioude, d\u2019Issoire et de Riom, qui sont symbolis\u00e9es par les trois langues sur le blason traditionnel de la Province d\u2019Auvergne.<\/p>\n<p>Claude BENISTRAND<br \/>\nCC n\u00b0 284<\/p>\n<h2>Programme<\/h2>\n<p style=\"text-align: justify;\">L&#8217;accueil sera ouvert d\u00e8s le vendredi soir pour ceux qui, venant de loin, souhaitent sortir leur b\u00e9cane le samedi matin. Le samedi apr\u00e8s-midi sera consacr\u00e9 \u00e0 l\u2019assembl\u00e9e proprement dite, suivie d\u2019un repas festif.<\/p>\n<p style=\"text-align: justify;\">Le dimanche matin seront au programme : une sortie v\u00e9lo de route ou une sortie VTT ou une marche guid\u00e9e avec visite d\u2019une cave, avant le repas\u00a0 de cl\u00f4ture \u00e0 midi.<\/p>\n<div id='gallery-1' class='gallery galleryid-22316 gallery-columns-4 gallery-size-thumbnail'><dl class='gallery-item'>\n\t\t\t<dt class='gallery-icon landscape'>\n\t\t\t\t<a href='https:\/\/centcols.org\/backup\/wp-content\/uploads\/2015\/04\/vvf.jpg'><img loading=\"lazy\" decoding=\"async\" width=\"300\" height=\"225\" src=\"https:\/\/centcols.org\/backup\/wp-content\/uploads\/2015\/04\/vvf-300x225.jpg\" class=\"attachment-thumbnail size-thumbnail\" alt=\"\" \/><\/a>\n\t\t\t<\/dt><\/dl><dl class='gallery-item'>\n\t\t\t<dt class='gallery-icon landscape'>\n\t\t\t\t<a href='https:\/\/centcols.org\/backup\/wp-content\/uploads\/2015\/04\/billom.jpg'><img loading=\"lazy\" decoding=\"async\" width=\"300\" height=\"225\" src=\"https:\/\/centcols.org\/backup\/wp-content\/uploads\/2015\/04\/billom-300x225.jpg\" class=\"attachment-thumbnail size-thumbnail\" alt=\"\" \/><\/a>\n\t\t\t<\/dt><\/dl><dl class='gallery-item'>\n\t\t\t<dt class='gallery-icon portrait'>\n\t\t\t\t<a href='https:\/\/centcols.org\/backup\/wp-content\/uploads\/2015\/04\/blason63.png'><img loading=\"lazy\" decoding=\"async\" width=\"150\" height=\"167\" src=\"https:\/\/centcols.org\/backup\/wp-content\/uploads\/2015\/04\/blason63.png\" class=\"attachment-thumbnail size-thumbnail\" alt=\"\" \/><\/a>\n\t\t\t<\/dt><\/dl><dl class='gallery-item'>\n\t\t\t<dt class='gallery-icon landscape'>\n\t\t\t\t<a href='https:\/\/centcols.org\/backup\/wp-content\/uploads\/2015\/04\/colorado.jpg'><img loading=\"lazy\" decoding=\"async\" width=\"300\" height=\"225\" src=\"https:\/\/centcols.org\/backup\/wp-content\/uploads\/2015\/04\/colorado-300x225.jpg\" class=\"attachment-thumbnail size-thumbnail\" alt=\"\" \/><\/a>\n\t\t\t<\/dt><\/dl><br style=\"clear: both\" \/>\n\t\t<\/div>\n\n<h2>Les parcours<\/h2>\n<p style=\"text-align: justify;\">Les parcours seront r\u00e9partis sur les deux rives de l\u2019Allier. Les circuits routiers feront environ 60 km, les circuits VTT seront adapt\u00e9s pour une demi-journ\u00e9e.<\/p>\n<ul style=\"text-align: justify;\">\n<li>Rive droite : le circuit des ch\u00e2teaux : Yronde-et-Buron, Saint-Babel, Chauriat, Mezel, Buss\u00e9ol, avec passage par la capitale de l\u2019ail, la cit\u00e9 m\u00e9di\u00e9vale de Billom et par Vic-le-Comte, ancienne capitale des Comtes d\u2019Auvergne. Trois cols sur ce parcours : les cols de la Croix des Gardes, de Potey et de Jallat.<\/li>\n<li>Rive gauche : le circuit des oppida : trois grimp\u00e9es pour d\u00e9couvrir trois sites en hauteur o\u00f9 les fouilles arch\u00e9ologiques ont mis \u00e0 jour un oppidum gaulois : Corent, Gondole, et le plus connu Gergovie, point culminant du parcours \u00e0 717 m sur les flancs duquel se trouve le seul col du parcours : le col des Goules (FR-63-698). Au retour passage par les villages viticoles de Veyre-Monton, La Sauvetat, Authezat et le village de Montpeyroux caract\u00e9ris\u00e9 par sa tour et ses constructions en arkose.<\/li>\n<li>Marche guid\u00e9e du dimanche matin : pr\u00e9voir un covoiturage jusqu\u2019au village de Boudes dans le Lembronnais. Une marche de 2 heures (pr\u00e9voir chaussures de marche) permettra de d\u00e9couvrir le \u00ab Colorado auvergnat \u00bb : la vall\u00e9e des Saints compos\u00e9e de chemin\u00e9es de f\u00e9es sculpt\u00e9es dans des argiles lat\u00e9ritiques rouges. Au retour visite d\u2019une cave chez un producteur \u00e0 Boudes.<\/li>\n<\/ul>\n<h2 style=\"text-align: justify;\">Les circuits<\/h2>\n<p style=\"text-align: justify;\">Le samedi 27 et dimanche 28 novembre, deux circuits routiers et VTT vous sont propos\u00e9s, num\u00e9rot\u00e9s R1, R2, V1 et V2. Tous les circuits partent du VVF de Parent et se font dans le sens anti-horaire.<\/p>\n<h3>Circuits routiers<\/h3>\n<p>(Cliquez sur le nom du circuit pour les d\u00e9tails)<\/p>\n<h4>Samedi 27 novembre<\/h4>\n<p><a class=\"iframe-fancybox\" href=\"https:\/\/centcols.org\/backup\/les_rendez-vous\/2010\/Parent\/circuit.php?id=R1\" target=\"_blank\">Circuit des Ch\u00e2teaux<\/a><\/p>\n<p>Distance : 69 km<br \/>\nD\u00e9nivel\u00e9e : 1 000 m<br \/>\nD\u00e9part : VVF Parent \u00e0 08h30<\/p>\n<ol>\n<li><a class=\"iframe-fancybox\" href=\"https:\/\/centcols.org\/backup\/util\/geo\/visuGP.php?c=63065400\" target=\"_blank\">FR-63-0654<\/a> : Col de la Croix des Gardes<\/li>\n<li><a class=\"iframe-fancybox\" href=\"https:\/\/centcols.org\/backup\/util\/geo\/visuGP.php?c=63058300\" target=\"_blank\">FR-63-0583<\/a> : Col de Potey<\/li>\n<li><a class=\"iframe-fancybox\" href=\"https:\/\/centcols.org\/backup\/util\/geo\/visuGP.php?c=63049900\" target=\"_blank\">FR-63-0499<\/a> : Col de Jallat<\/li>\n<\/ol>\n<h4>Dimanche 28 novembre<\/h4>\n<p><a class=\"iframe-fancybox\" href=\"https:\/\/centcols.org\/backup\/les_rendez-vous\/2010\/Parent\/circuit.php?id=R2\" target=\"_blank\">Circuit des Oppida<\/a><\/p>\n<p>Distance: 55 km<br \/>\nD\u00e9nivel\u00e9e:\u00a0 970 m<br \/>\nD\u00e9part : VVF Parent \u00e0 08h30<\/p>\n<ol>\n<li><a class=\"iframe-fancybox\" href=\"https:\/\/centcols.org\/backup\/util\/geo\/visuGP.php?c=63069800\" target=\"_blank\">FR-63-0698<\/a> : Col des Goules<\/li>\n<\/ol>\n<h3>Circuits VTT<\/h3>\n<p>(Cliquez sur le nom du circuit pour les d\u00e9tails)<\/p>\n<h4>Samedi 27 novembre<\/h4>\n<p><a class=\"iframe-fancybox\" href=\"https:\/\/centcols.org\/backup\/les_rendez-vous\/2010\/Parent\/circuit.php?id=V1\" target=\"_blank\">Rive droite <\/a><\/p>\n<p>Distance: 29 km<br \/>\nD\u00e9nivel\u00e9e:\u00a0 600 m<br \/>\nD\u00e9part : VVF Parent \u00e0 08h30<\/p>\n<ol>\n<li><a class=\"iframe-fancybox\" href=\"https:\/\/centcols.org\/backup\/util\/geo\/visuGP.php?c=63065400\" target=\"_blank\">FR-63-0654<\/a> : Col de la Croix des Gardes<\/li>\n<li><a class=\"iframe-fancybox\" href=\"https:\/\/centcols.org\/backup\/util\/geo\/visuGP.php?c=63058300\" target=\"_blank\">FR-63-0583<\/a> : Col de Potey<\/li>\n<\/ol>\n<h4>Dimanche 28 novembre<\/h4>\n<p><a class=\"iframe-fancybox\" href=\"https:\/\/centcols.org\/backup\/les_rendez-vous\/2010\/Parent\/circuit.php?id=V2\" target=\"_blank\">Rive gauche<\/a><\/p>\n<p>Distance: 23 km<br \/>\nD\u00e9nivel\u00e9e:\u00a0 440 m<br \/>\nD\u00e9part : VVF Parent \u00e0 08h30<\/p>\n<p>Accompagnateur : Jacques JUILLARD<\/p>\n<h2>Fichiers de g\u00e9olocalisation<\/h2>\n<p><a class=\"iframe-fancybox\" href=\"https:\/\/centcols.org\/backup\/les_rendez-vous\/2010\/Parent\/geo.htm\" target=\"_blank\">Sur cette page<\/a> vous trouverez les fichiers GPX, KML et Carto Exploreur des circuits pour utilisation sur des logiciels de g\u00e9olocalisation et les r\u00e9cepteurs GPS.<\/p>\n<h2>Inscription<\/h2>\n<p style=\"text-align: justify;\">Pour participer \u00e0 l&#8217;AG elle-m\u00eame le 27 et rouler avec les confr\u00e8res le matin du 28, vous n&#8217;avez pas \u00e0 vous inscrire. Par contre, si vous voulez l&#8217;h\u00e9bergement et\/ou les repas, l&#8217;inscription est indispensable. Merci donc de remplir le bulletin d&#8217;inscription et de le retourner sans faute avec votre paiement \u00e0 l&#8217;adresse indiqu\u00e9e sur le bulletin avant le 10 novembre.<\/p>\n<h2>Mat\u00e9riel de vote<\/h2>\n<p>Certains exemplaires d&#8217;Infos Cent Cols ont apparemment \u00e9t\u00e9 envoy\u00e9s sans bulletins de vote (les enveloppes, elles, sont incluses).<\/p>\n<h2>Acc\u00e8s au VVF \u00ab Les Balcons du Sancy \u00bb de Parent<\/h2>\n","protected":false},"excerpt":{"rendered":"<p>C\u2019est dans le Val d\u2019Allier sur la commune de Parent que l\u2019Amicale Cyclo Clermontoise vous convie \u00e0 l\u2019Assembl\u00e9e g\u00e9n\u00e9rale 2010 du Club des Cent Cols. L\u2019h\u00e9bergement et la restauration seront assur\u00e9s par la structure du Village de Vacances de Parent, pass\u00e9 du giron de VAL \u00e0 celui de VVF et partenaire de longue date de [&hellip;]<\/p>\n","protected":false},"author":17,"featured_media":0,"comment_status":"closed","ping_status":"closed","sticky":false,"template":"","format":"standard","meta":{"_acf_changed":false,"ub_ctt_via":"","_monsterinsights_skip_tracking":false,"_monsterinsights_sitenote_active":false,"_monsterinsights_sitenote_note":"","_monsterinsights_sitenote_category":0,"footnotes":""},"categories":[14],"tags":[],"acf":[],"featured_image_urls":{"full":"","thumbnail":"","medium":"","medium_large":"","large":"","1536x1536":"","2048x2048":"","woocommerce_thumbnail":"","woocommerce_single":"","woocommerce_gallery_thumbnail":""},"post_excerpt_stackable":"<p>C\u2019est dans le Val d\u2019Allier sur la commune de Parent que l\u2019Amicale Cyclo Clermontoise vous convie \u00e0 l\u2019Assembl\u00e9e g\u00e9n\u00e9rale 2010 du Club des Cent Cols. L\u2019h\u00e9bergement et la restauration seront assur\u00e9s par la structure du Village de Vacances de Parent, pass\u00e9 du giron de VAL \u00e0 celui de VVF et partenaire de longue date de la FFCT. Derni\u00e8re grande rivi\u00e8re sauvage d\u2019Europe, de sa source c\u00e9venole en Loz\u00e8re \u00e0 son confluent avec la Loire au bec d\u2019Allier en terre nivernaise, l\u2019Allier constitue l\u2019\u00e9pine dorsale de l\u2019Auvergne. Sa vall\u00e9e s\u00e9pare le plateau du Dev\u00e8s des monts de la Margeride, la cha\u00eene\u2026<\/p>\n","category_list":"<a href=\"https:\/\/centcols.org\/backup\/categorie\/assemblees-generales\/\" rel=\"category tag\">Assembl\u00e9es g\u00e9n\u00e9rales<\/a>","author_info":{"display_name":"R\u00e9gis Paraz","author_link":"https:\/\/centcols.org\/backup\/author\/3225\/"},"comments_num":"0 commentaire","featured_image_urls_v2":{"full":"","thumbnail":"","medium":"","medium_large":"","large":"","1536x1536":"","2048x2048":"","woocommerce_thumbnail":"","woocommerce_single":"","woocommerce_gallery_thumbnail":""},"post_excerpt_stackable_v2":"<p>C\u2019est dans le Val d\u2019Allier sur la commune de Parent que l\u2019Amicale Cyclo Clermontoise vous convie \u00e0 l\u2019Assembl\u00e9e g\u00e9n\u00e9rale 2010 du Club des Cent Cols. L\u2019h\u00e9bergement et la restauration seront assur\u00e9s par la structure du Village de Vacances de Parent, pass\u00e9 du giron de VAL \u00e0 celui de VVF et partenaire de longue date de la FFCT. Derni\u00e8re grande rivi\u00e8re sauvage d\u2019Europe, de sa source c\u00e9venole en Loz\u00e8re \u00e0 son confluent avec la Loire au bec d\u2019Allier en terre nivernaise, l\u2019Allier constitue l\u2019\u00e9pine dorsale de l\u2019Auvergne. Sa vall\u00e9e s\u00e9pare le plateau du Dev\u00e8s des monts de la Margeride, la cha\u00eene\u2026<\/p>\n","category_list_v2":"<a href=\"https:\/\/centcols.org\/backup\/categorie\/assemblees-generales\/\" rel=\"category tag\">Assembl\u00e9es g\u00e9n\u00e9rales<\/a>","author_info_v2":{"name":"R\u00e9gis Paraz","url":"https:\/\/centcols.org\/backup\/author\/3225\/"},"comments_num_v2":"0 commentaire","featured_image_src":null,"_links":{"self":[{"href":"https:\/\/centcols.org\/backup\/wp-json\/wp\/v2\/posts\/22316"}],"collection":[{"href":"https:\/\/centcols.org\/backup\/wp-json\/wp\/v2\/posts"}],"about":[{"href":"https:\/\/centcols.org\/backup\/wp-json\/wp\/v2\/types\/post"}],"author":[{"embeddable":true,"href":"https:\/\/centcols.org\/backup\/wp-json\/wp\/v2\/users\/17"}],"replies":[{"embeddable":true,"href":"https:\/\/centcols.org\/backup\/wp-json\/wp\/v2\/comments?post=22316"}],"version-history":[{"count":0,"href":"https:\/\/centcols.org\/backup\/wp-json\/wp\/v2\/posts\/22316\/revisions"}],"wp:attachment":[{"href":"https:\/\/centcols.org\/backup\/wp-json\/wp\/v2\/media?parent=22316"}],"wp:term":[{"taxonomy":"category","embeddable":true,"href":"https:\/\/centcols.org\/backup\/wp-json\/wp\/v2\/categories?post=22316"},{"taxonomy":"post_tag","embeddable":true,"href":"https:\/\/centcols.org\/backup\/wp-json\/wp\/v2\/tags?post=22316"}],"curies":[{"name":"wp","href":"https:\/\/api.w.org\/{rel}","templated":true}]}}