{"id":22318,"date":"2015-04-15T12:08:06","date_gmt":"2015-04-15T10:08:06","guid":{"rendered":"http:\/\/centcols.org\/backup\/?p=22318"},"modified":"2015-10-03T16:01:49","modified_gmt":"2015-10-03T14:01:49","slug":"assemblee-generale-des-cc-suisses-a-allaman-le-samedi-8-novembre-2008","status":"publish","type":"post","link":"https:\/\/centcols.org\/backup\/assemblee-generale-des-cc-suisses-a-allaman-le-samedi-8-novembre-2008\/","title":{"rendered":"Assembl\u00e9e G\u00e9n\u00e9rale des CC suisses \u00e0 Allaman le samedi 8 novembre 2008"},"content":{"rendered":"<h2>Le compte rendu<\/h2>\n<p>Bienvenue\u2026<\/p>\n<p style=\"text-align: justify;\">C\u2019est avec la pr\u00e9cision d\u2019un coucou suisse et par une belle journ\u00e9e ensoleill\u00e9e que notre d\u00e9vou\u00e9 D\u00e9l\u00e9gu\u00e9 Territorial, Pierre Mai, ouvre la 5<sup>e<\/sup> Assembl\u00e9e des Centcolistes suisses par quelques remerciements : son fils Robin l\u2019a aid\u00e9 \u00e0 pr\u00e9parer la petite salle, sa femme Catherine a pr\u00e9par\u00e9 le (d\u00e9licieux !) dessert et Joseph nous offre les pains d\u2019anis (savoureux biscuits &#8211; sp\u00e9cialit\u00e9 fribourgeoise typique !)<\/p>\n<p style=\"text-align: justify;\">22 membres et 6 accompagnants ont fait le d\u00e9placement \u00e0 Allaman, joli petit village vaudois nich\u00e9 au milieu des vignes surplombant le Lac L\u00e9man. 8 membres sont excus\u00e9s dont Patrick Schleppi qui a perdu son Papa cette semaine. Nous lui transmettons, ainsi qu\u2019\u00e0 sa famille, nos sinc\u00e8res pens\u00e9es pour l\u2019aider \u00e0 traverser cette douloureuse \u00e9preuve.<\/p>\n<h3 style=\"text-align: justify;\">Quelques chiffres\u2026<\/h3>\n<p style=\"text-align: justify;\">6600. Non, ce n\u2019est pas le \u00ab matricule \u00bb d\u2019un nouveau centcoliste ! mais le nombre de membres inscrits \u00e0 ce jour depuis les d\u00e9buts du Club des Cent Cols. Parmi eux, on compte environ 2250 membres actifs, donc 57 membres suisses (10 dames et 47 messieurs). Le plus jeune membre suisse actif est toujours Robin Mai, le fils de nos h\u00f4tes, de 1994 ; le senior est Arthur Ruchti, de 1931. Ces 2 sportifs sont chaleureusement applaudis.<\/p>\n<p style=\"text-align: justify;\">7 membres ont fait leur entr\u00e9e au club cette ann\u00e9e : 1 dame, Mich\u00e8le Racine, de Gen\u00e8ve, et 6 messieurs, Kurt Wyer de Meinier, Michael Friend de Grens, Victor de Figueiredo, La Chaux-de-Fonds, Yves Bochent, de St-Triphon, Jean-Jacques Monod, d\u2019Ecublens et Nicholas Niggli de Gen\u00e8ve. Ce dernier se voit remettre le dipl\u00f4me et la Revue, tandis que l\u2019Assembl\u00e9e pr\u00e9sente applaudit.<\/p>\n<h3 style=\"text-align: justify;\">Activit\u00e9s 2008\u2026<\/h3>\n<p style=\"text-align: justify;\">Des photos et des comptes rendus des sorties de l\u2019ann\u00e9e se trouvent sur le site du Club et seront dans la Revue de l\u2019ann\u00e9e prochaine.<br \/>\nPierre nous fait revivre ensuite au travers d\u2019un diaporama les diff\u00e9rents \u00e9v\u00e9nements organis\u00e9s cette ann\u00e9e.<\/p>\n<ul style=\"text-align: justify;\">\n<li>Samedi 9 f\u00e9vrier \u2013 Assembl\u00e9e de Comit\u00e9 : Christian Binggeli et Pierre Mai ont fait le d\u00e9placement \u00e0 Lyon pour participer \u00e0 cette Assembl\u00e9e.<\/li>\n<li>Vendredi 29 f\u00e9vrier : Jacques Bezzola a organis\u00e9 une r\u00e9union \u00e0 Ch\u00e2tel St-Denis qui a permis aux 14 participants de discuter sur le d\u00e9roulement de la saison puis de d\u00e9guster dans la bonne humeur une fondue. Merci \u00e0 Jacques pour cette soir\u00e9e qui permet de se retrouver de mani\u00e8re sympathique au d\u00e9but de la saison.<\/li>\n<li>Du 8 au 12 mars &#8211; s\u00e9jour \u00e0 Agay, entre St-Rapha\u00ebl et Cannes, organis\u00e9 par le Club. Bernard Besson et Pierre Mai ont fait le d\u00e9placement pour 4 jours de VTT dans le massif de l\u2019Esterel. Magnifique s\u00e9jour ! Ce que nous avons pu constater au travers des photos qui ont donn\u00e9 des fourmis dans nos jambes de cyclistes&#8230;<\/li>\n<li>Dimanche 27 juillet &#8211; concentration des centcolistes suisses \u00e0 Sembrancher. Un magnifique ciel bleu \u00e9tait au rendez-vous de cette 4<sup>e<\/sup> concentration organis\u00e9e par Bernard Besson depuis Sembrancher au pied du Grand St-Bernard, Comme l\u2019ann\u00e9e derni\u00e8re, elle \u00e9tait jumel\u00e9e avec une sortie du Club Cyclotouriste de la Riviera.<br \/>\n24 participants r\u00e9partis en deux groupes ont pris le d\u00e9part pour l\u2019ascension de quelques cols de la r\u00e9gion. Au Col du Lein (CH-VS-1658), une petite agape nous attendait avec le sourire : un p\u2019tit coup de Fendant, pain, fromage et g\u00e2teau aux abricots pr\u00e9par\u00e9 par Yves Bochent, notre boulanger. Magnifiques paysages et bonne humeur tout au long de cette journ\u00e9e qui s\u2019est termin\u00e9e chez Mich\u00e8le et Eric Cornaro qui nous ont pr\u00e9par\u00e9 d\u2019excellentes lasagnes ! A noter que 60 ans tout juste s\u00e9paraient le Junior (Robin) du Senior (Michel) qui ont roul\u00e9 ensemble sur le parcours VTT.<br \/>\nMerci \u00e0 tous et surtout nos amis fran\u00e7ais qui ont fait le d\u00e9placement jusqu\u2019en Valais.<\/li>\n<li>Samedi 9 ao\u00fbt \u2013 sortie VTT \u00e0 Villars-sur-Ollon : soleil et chaleur \u00e9taient au rendez-vous pour ce rendez-vous VTT tir\u00e9 du TOPO suisse. 18 participants dont 8 Fran\u00e7ais ont fait le d\u00e9placement pour une journ\u00e9e en montagne.<br \/>\nUn caf\u00e9 nous met en forme avant le d\u00e9part pour 7 cols entre 1500 et 1900 m d\u2019altitude. Apr\u00e8s une photo de groupe au sommet du dernier col, nous nous lan\u00e7ons dans la descente sur Villars durant laquelle nous ferons un arr\u00eat sur une sympathique terrasse pour boire une bi\u00e8re.<\/li>\n<li>Du 12 au 16 ao\u00fbt \u2013 concentration internationale \u00e0 Ar\u00eaches : 6 Suisses \u00e9taient pr\u00e9sents (avec le drapeau !) parmi 200 participants : Michel, Jacques, les deux Bernard, Robin et Pierre. 4 jours de VTT (enfin plut\u00f4t 3, puisqu\u2019il a plu \u00e0 verse le vendredi !). 20 cols, dont 6 \u00e0 plus de 2000 m avec un d\u00e9nivel\u00e9 de 4285 m pour un total de 133 km. Le tout dans une ambiance fort sympathique et une organisation parfaite.<\/li>\n<\/ul>\n<h3 style=\"text-align: justify;\">Programme 2009\u2026<\/h3>\n<p style=\"text-align: justify;\">Une saison se termine \u00e0 peine qu\u2019il faut d\u00e9j\u00e0 pr\u00e9parer la suivante&#8230;. Pierre nous indique donc les dates fix\u00e9es pour 2009.<\/p>\n<ul style=\"text-align: justify;\">\n<li>Vendredi 6 f\u00e9vrier : notre maintenant traditionnelle r\u00e9union de d\u00e9but de saison suivie d\u2019un souper sera pr\u00e9par\u00e9e par Jacques Bezzola. Changement d\u2019endroit : \u00ab\u00a0 Les 3 Sifflets \u00bb \u00e0 Vevey, tout proche de la place du March\u00e9.<\/li>\n<li>Du 14 au 21 mars \u2013 s\u00e9jour \u00e0 Tuchan, entre B\u00e9zier er Perpignan. 8 membres suisses sont d\u2019ores et d\u00e9j\u00e0 inscrits pour cette semaine dans le Sud.<\/li>\n<li>Dimanche 12 juillet \u2013 5e concentration des Cent Cols Suisses. Pierre nous donne rendez-vous \u00e0 Plaffein (\u00e0 l\u2019est de Fribourg) pour une sortie jumel\u00e9e avec une sortie du Club Cyclotouriste de la Riviera (CCR) dont font partie 18 membres du CCC !<\/li>\n<li>Samedi 8 ao\u00fbt : sortie VTT au d\u00e9part de Le Flon (au-dessus de Vouvry). Rendez-vous 8h30, d\u00e9part 9h00. Parcours tir\u00e9 du TOPO suisse, 4 cols dont 2 \u00e0 plus de 2000 m.<\/li>\n<li>Du 12 au 15 ao\u00fbt \u2013 Concentration internationale \u00e0 Val Louron dans les Pyr\u00e9n\u00e9es, \u00e0 la fronti\u00e8re avec l\u2019Espagne.<\/li>\n<li>Le 07 novembre : Assembl\u00e9e des CC Suisses dans la m\u00eame salle qu\u2019aujourd\u2019hui.<\/li>\n<\/ul>\n<p style=\"text-align: justify;\">Divers\u2026<\/p>\n<ul style=\"text-align: justify;\">\n<li>La rel\u00e8ve&#8230; Pierre f\u00e9licite Simon Morard qui a franchi la barre des 50 cols. Robin Morard \u00e0 qui il ne manque que 15 cols pour entrer au club et Robin Mai qui a atteint son but de l\u2019ann\u00e9e en franchissant plus de 100 nouveaux cols ! Bravo la jeunesse !<\/li>\n<li>500 cols&#8230; Deux dipl\u00f4mes sont ensuite remis \u00e0 notre plus ancien membre actif, Bernard Besson, et \u00e0 Laurent Tinguely. L\u2019Assembl\u00e9e applaudit chaleureusement.<\/li>\n<li>Catalogue des cols de Suisse&#8230;: les 5 membres du groupe charg\u00e9 de valider les nouveaux cols propos\u00e9s par les membres avant de les transmettre \u00e0 la CERP ont fait cette ann\u00e9e un gros travail de mise \u00e0 jour du catalogue :\n<ul>\n<li>74 cols ont \u00e9t\u00e9 supprim\u00e9s. Datant des d\u00e9buts du catalogue, les recherches avaient \u00e9t\u00e9 faites sur des cartes, d\u2019o\u00f9 des erreurs d\u2019appr\u00e9ciation. Avec l\u2019aide de l\u2019informatique, le travail est beaucoup plus pr\u00e9cis et rapide. A noter que le groupe poss\u00e8de toutes les cartes de la Suisse au 25000.<\/li>\n<li>78 nouveaux cols ont \u00e9t\u00e9 valid\u00e9s.<\/li>\n<li>Plus de 250 corrections ont \u00e9t\u00e9 effectu\u00e9es principalement sur les coordonn\u00e9es et les cotations transmises par les membres.<\/li>\n<\/ul>\n<\/li>\n<li>Pierre rappelle ensuite \u00e0 l\u2019Assembl\u00e9e que les cols valid\u00e9s sont mis r\u00e9guli\u00e8rement sur le Site et sont \u00e9galement inclus avec la Revue au d\u00e9but de chaque ann\u00e9e. Les cols refus\u00e9s peuvent \u00e9galement \u00eatre consult\u00e9s sur le Site avec la raison du refus.TOPO Suisse&#8230; Sorti l\u2019ann\u00e9e pass\u00e9e, le catalogue s\u2019est bien vendu. Pierre a d\u00e9j\u00e0 re\u00e7u et test\u00e9 quelques parcours pour un prochain num\u00e9ro qu\u2019il pense sortir d\u2019ici trois ans. Il remercie d\u2019avance tous les membres qui lui proposeraient de nouveaux parcours !<\/li>\n<li>Utilisation des calques&#8230; Il est rappel\u00e9 qu\u2019ils peuvent \u00eatre tir\u00e9s du Site ; superpos\u00e9s sur les cartes, ils indiquent les endroits o\u00f9 se trouvent les cols.<\/li>\n<li>Concentrations \u2013 s\u00e9jours&#8230; Bernard Besson et Jacques Bezzola pr\u00e9cisent qu\u2019il n\u2019y a pas que des \u00ab vttistes \u00bb lors des concentrations ou s\u00e9jours, les \u00ab routiers \u00bb sont en majorit\u00e9.<\/li>\n<\/ul>\n<h3 style=\"text-align: justify;\">L\u2019after&#8230;<\/h3>\n<p style=\"text-align: justify;\">Avant de se d\u00e9lecter de d\u00e9licieuses sp\u00e9cialit\u00e9s mauriciennes suivi d\u2019un nasi goreng, un diaporama, pr\u00e9par\u00e9 par Pierre, r\u00e9sume quelques sorties, la Concentration internationale \u00e0 Ar\u00eaches et la Concentration suisse \u00e0 Sembrancher.<br \/>\nUn grand Merci \u00e0 notre D\u00e9l\u00e9gu\u00e9 Territorial et sa famille !<\/p>\n<p>Christine Morard \u2013 6058<\/p>\n<h2>Les photos<\/h2>\n","protected":false},"excerpt":{"rendered":"<p>Le compte rendu Bienvenue\u2026 C\u2019est avec la pr\u00e9cision d\u2019un coucou suisse et par une belle journ\u00e9e ensoleill\u00e9e que notre d\u00e9vou\u00e9 D\u00e9l\u00e9gu\u00e9 Territorial, Pierre Mai, ouvre la 5e Assembl\u00e9e des Centcolistes suisses par quelques remerciements : son fils Robin l\u2019a aid\u00e9 \u00e0 pr\u00e9parer la petite salle, sa femme Catherine a pr\u00e9par\u00e9 le (d\u00e9licieux !) dessert et [&hellip;]<\/p>\n","protected":false},"author":17,"featured_media":0,"comment_status":"closed","ping_status":"closed","sticky":false,"template":"","format":"standard","meta":{"_acf_changed":false,"ub_ctt_via":"","_monsterinsights_skip_tracking":false,"_monsterinsights_sitenote_active":false,"_monsterinsights_sitenote_note":"","_monsterinsights_sitenote_category":0,"footnotes":""},"categories":[14],"tags":[],"acf":[],"featured_image_urls":{"full":"","thumbnail":"","medium":"","medium_large":"","large":"","1536x1536":"","2048x2048":"","woocommerce_thumbnail":"","woocommerce_single":"","woocommerce_gallery_thumbnail":""},"post_excerpt_stackable":"<p>Le compte rendu Bienvenue\u2026 C\u2019est avec la pr\u00e9cision d\u2019un coucou suisse et par une belle journ\u00e9e ensoleill\u00e9e que notre d\u00e9vou\u00e9 D\u00e9l\u00e9gu\u00e9 Territorial, Pierre Mai, ouvre la 5e Assembl\u00e9e des Centcolistes suisses par quelques remerciements : son fils Robin l\u2019a aid\u00e9 \u00e0 pr\u00e9parer la petite salle, sa femme Catherine a pr\u00e9par\u00e9 le (d\u00e9licieux !) dessert et Joseph nous offre les pains d\u2019anis (savoureux biscuits &#8211; sp\u00e9cialit\u00e9 fribourgeoise typique !) 22 membres et 6 accompagnants ont fait le d\u00e9placement \u00e0 Allaman, joli petit village vaudois nich\u00e9 au milieu des vignes surplombant le Lac L\u00e9man. 8 membres sont excus\u00e9s dont Patrick Schleppi qui\u2026<\/p>\n","category_list":"<a href=\"https:\/\/centcols.org\/backup\/categorie\/assemblees-generales\/\" rel=\"category tag\">Assembl\u00e9es g\u00e9n\u00e9rales<\/a>","author_info":{"display_name":"R\u00e9gis Paraz","author_link":"https:\/\/centcols.org\/backup\/author\/3225\/"},"comments_num":"0 commentaire","featured_image_urls_v2":{"full":"","thumbnail":"","medium":"","medium_large":"","large":"","1536x1536":"","2048x2048":"","woocommerce_thumbnail":"","woocommerce_single":"","woocommerce_gallery_thumbnail":""},"post_excerpt_stackable_v2":"<p>Le compte rendu Bienvenue\u2026 C\u2019est avec la pr\u00e9cision d\u2019un coucou suisse et par une belle journ\u00e9e ensoleill\u00e9e que notre d\u00e9vou\u00e9 D\u00e9l\u00e9gu\u00e9 Territorial, Pierre Mai, ouvre la 5e Assembl\u00e9e des Centcolistes suisses par quelques remerciements : son fils Robin l\u2019a aid\u00e9 \u00e0 pr\u00e9parer la petite salle, sa femme Catherine a pr\u00e9par\u00e9 le (d\u00e9licieux !) dessert et Joseph nous offre les pains d\u2019anis (savoureux biscuits &#8211; sp\u00e9cialit\u00e9 fribourgeoise typique !) 22 membres et 6 accompagnants ont fait le d\u00e9placement \u00e0 Allaman, joli petit village vaudois nich\u00e9 au milieu des vignes surplombant le Lac L\u00e9man. 8 membres sont excus\u00e9s dont Patrick Schleppi qui\u2026<\/p>\n","category_list_v2":"<a href=\"https:\/\/centcols.org\/backup\/categorie\/assemblees-generales\/\" rel=\"category tag\">Assembl\u00e9es g\u00e9n\u00e9rales<\/a>","author_info_v2":{"name":"R\u00e9gis Paraz","url":"https:\/\/centcols.org\/backup\/author\/3225\/"},"comments_num_v2":"0 commentaire","featured_image_src":null,"_links":{"self":[{"href":"https:\/\/centcols.org\/backup\/wp-json\/wp\/v2\/posts\/22318"}],"collection":[{"href":"https:\/\/centcols.org\/backup\/wp-json\/wp\/v2\/posts"}],"about":[{"href":"https:\/\/centcols.org\/backup\/wp-json\/wp\/v2\/types\/post"}],"author":[{"embeddable":true,"href":"https:\/\/centcols.org\/backup\/wp-json\/wp\/v2\/users\/17"}],"replies":[{"embeddable":true,"href":"https:\/\/centcols.org\/backup\/wp-json\/wp\/v2\/comments?post=22318"}],"version-history":[{"count":0,"href":"https:\/\/centcols.org\/backup\/wp-json\/wp\/v2\/posts\/22318\/revisions"}],"wp:attachment":[{"href":"https:\/\/centcols.org\/backup\/wp-json\/wp\/v2\/media?parent=22318"}],"wp:term":[{"taxonomy":"category","embeddable":true,"href":"https:\/\/centcols.org\/backup\/wp-json\/wp\/v2\/categories?post=22318"},{"taxonomy":"post_tag","embeddable":true,"href":"https:\/\/centcols.org\/backup\/wp-json\/wp\/v2\/tags?post=22318"}],"curies":[{"name":"wp","href":"https:\/\/api.w.org\/{rel}","templated":true}]}}