{"id":22340,"date":"2015-10-16T08:00:04","date_gmt":"2015-10-16T06:00:04","guid":{"rendered":"http:\/\/centcols.org\/backup\/?p=22340"},"modified":"2023-06-04T12:55:08","modified_gmt":"2023-06-04T10:55:08","slug":"sejour-de-printemps-2016-ghisonaccia","status":"publish","type":"post","link":"https:\/\/centcols.org\/backup\/sejour-de-printemps-2016-ghisonaccia\/","title":{"rendered":"S\u00e9jour de printemps \u00e0 Ghisonaccia (Corse) du 24 au 30 avril 2016"},"content":{"rendered":"<p style=\"text-align: justify;\">Ce n\u2019est pas courant que les membres du Club des Cent Cols se donnent rendez-vous en \u00ab\u00a0plaine\u00a0\u00bb, en dehors de leurs ch\u00e8res montagnes o\u00f9 se cueillent \u00e0 foison le col commun, le petit col, le col dur ou le col mythique\u00a0et en \u00ab Plaine orientale\u00a0\u00bb de surcro\u00eet, qui \u00e9voque plut\u00f4t les d\u00e9serts arides des contr\u00e9es m\u00e9ridionales ou orientales, ou m\u00eame les steppes froides des grands espaces bor\u00e9aux. Oui, nous avons bien rendez-vous dans la Plaine orientale, mais de la Corse, qui n\u2019est pas aride et qui n\u2019a rien d\u2019une terre froide\u00a0!<\/p>\n<h2>Pr\u00e9sentation<\/h2>\n<p style=\"text-align: justify;\">L\u2019h\u00e9bergement du s\u00e9jour aura pour cadre le village de vacances et camping de <a href=\"http:\/\/www.camping-corse.fr\/\" target=\"_blank\" rel=\"noopener\">l\u2019Arinella Bianca<\/a> sur la commune de Ghisonaccia (Haute-Corse). Cette commune se situe sur la bordure maritime de la vaste plaine orientale \u00e0 l\u2019est de la Corse et dans la partie sud. Mais, \u00e0 quelques kilom\u00e8tres plus \u00e0 l\u2019ouest, se dressent les premi\u00e8res marches en gradins du vaste amphith\u00e9\u00e2tre naturel que forment les premiers contreforts de la montagne corse. Al\u00e9ria, la cit\u00e9 antique bien connue, se trouve \u00e0 quinze kilom\u00e8tres plus au nord.<br \/>\nGhisonaccia est au centre d\u2019une vaste zone de production agricole, vinicole, conchylicole et ostr\u00e9icole. C\u2019est aussi un centre touristique important, dont le village de l\u2019Arinella Bianca est l\u2019un des fleurons.<br \/>\nC\u2019est par le port de Bastia, situ\u00e9 \u00e0 90 kilom\u00e8tres plus au nord et reli\u00e9 \u00e0 Ghisonaccia par de belles routes larges et droites, qu\u2019il est conseill\u00e9 de rejoindre l\u2019\u00eele. Les ports d\u2019embarquement sont Marseille pour la M\u00e9ridionale, Toulon ou Nice pour la Corsica Ferries. Citons aussi G\u00eanes et Savone pour quelques compagnies italiennes. Savoir toutefois que plus on prend t\u00f4t son billet, plus le prix peut \u00eatre avantageux.<br \/>\nUne nouvelle compagnie, en remplacement de la SNCM, devrait voir le jour au cours de l\u2019hiver 2015-2016. Feuilleton \u00e0 suivre\u00a0!<\/p>\n<ul>\n<li><a href=\"http:\/\/www.lameridionale.fr\/\">http:\/\/www.lameridionale.fr\/<\/a><\/li>\n<li><a href=\"http:\/\/www.corsica-ferries.fr\/\">http:\/\/www.corsica-ferries.fr\/<\/a><\/li>\n<\/ul>\n<div id='gallery-1' class='gallery galleryid-22340 gallery-columns-3 gallery-size-medium'><dl class='gallery-item'>\n\t\t\t<dt class='gallery-icon landscape'>\n\t\t\t\t<a href='https:\/\/centcols.org\/backup\/wp-content\/uploads\/2015\/10\/Photo-122-e1444338178860.jpg'><img loading=\"lazy\" decoding=\"async\" width=\"500\" height=\"375\" src=\"https:\/\/centcols.org\/backup\/wp-content\/uploads\/2015\/10\/Photo-122-500x375.jpg\" class=\"attachment-medium size-medium\" alt=\"\" srcset=\"https:\/\/centcols.org\/backup\/wp-content\/uploads\/2015\/10\/Photo-122-500x375.jpg 500w, https:\/\/centcols.org\/backup\/wp-content\/uploads\/2015\/10\/Photo-122-e1444338178860-600x450.jpg 600w, https:\/\/centcols.org\/backup\/wp-content\/uploads\/2015\/10\/Photo-122-e1444338178860.jpg 800w\" sizes=\"(max-width: 500px) 100vw, 500px\" \/><\/a>\n\t\t\t<\/dt><\/dl><dl class='gallery-item'>\n\t\t\t<dt class='gallery-icon portrait'>\n\t\t\t\t<a href='https:\/\/centcols.org\/backup\/wp-content\/uploads\/2015\/10\/blason-corse-e1444340924359.jpg'><img loading=\"lazy\" decoding=\"async\" width=\"350\" height=\"388\" src=\"https:\/\/centcols.org\/backup\/wp-content\/uploads\/2015\/10\/blason-corse-e1444340924359.jpg\" class=\"attachment-medium size-medium\" alt=\"\" \/><\/a>\n\t\t\t<\/dt><\/dl><dl class='gallery-item'>\n\t\t\t<dt class='gallery-icon landscape'>\n\t\t\t\t<a href='https:\/\/centcols.org\/backup\/wp-content\/uploads\/2015\/10\/Corse-2006-029-e1444338015154.jpg'><img loading=\"lazy\" decoding=\"async\" width=\"500\" height=\"375\" src=\"https:\/\/centcols.org\/backup\/wp-content\/uploads\/2015\/10\/Corse-2006-029-500x375.jpg\" class=\"attachment-medium size-medium\" alt=\"\" srcset=\"https:\/\/centcols.org\/backup\/wp-content\/uploads\/2015\/10\/Corse-2006-029-500x375.jpg 500w, https:\/\/centcols.org\/backup\/wp-content\/uploads\/2015\/10\/Corse-2006-029-e1444338015154-600x450.jpg 600w, https:\/\/centcols.org\/backup\/wp-content\/uploads\/2015\/10\/Corse-2006-029-1200x900.jpg 1200w, https:\/\/centcols.org\/backup\/wp-content\/uploads\/2015\/10\/Corse-2006-029-e1444338015154.jpg 800w\" sizes=\"(max-width: 500px) 100vw, 500px\" \/><\/a>\n\t\t\t<\/dt><\/dl><br style=\"clear: both\" \/>\n\t\t<\/div>\n\n<h2>Les circuits<\/h2>\n<p style=\"text-align: justify;\">Au sortir de l\u2019hiver 2015\/2016, nos jambes n\u2019auront pas encore atteint la pl\u00e9nitude de leurs moyens. Les <a class=\"iframe-fancybox\" href=\"\/membres\/cctours\/tours.php?lieu=Ghisonaccia&amp;an=2016\">parcours<\/a> seront donc en rapport avec cet \u00e9tat transitoire. La distance \u00e0 parcourir des <a class=\"iframe-fancybox\" href=\"\/membres\/cctours\/tours.php?lieu=Ghisonaccia&amp;an=2016&amp;genre=R\">circuits routiers<\/a> sera comprise entre 50 et 150 km pour une d\u00e9nivel\u00e9e de 850 m \u00e0 2260\u00a0m. Celle des <a class=\"iframe-fancybox\" href=\"\/membres\/cctours\/tours.php?lieu=Ghisonaccia&amp;an=2016&amp;genre=V\">parcours muletiers<\/a> sera de 18 \u00e0 67 km pour une d\u00e9nivel\u00e9e comprise entre 800 et 1700 m. A la lecture des cartes et trac\u00e9s, chacun aura le loisir d\u2019am\u00e9nager son itin\u00e9raire \u00e0 sa guise.<br \/>\nLes sept circuits routiers et les huit parcours muletiers vous permettront de d\u00e9couvrir la fa\u00e7ade est de la Corse. La Castagniccia ferme la plaine au nord. Ses nombreux villages, aux maisons de pierres et toits de lauzes serr\u00e9es les unes contre les autres, \u00e9mergent des sombres et vastes ch\u00e2taigneraies. Plus au sud s\u2019\u00e9chelonnent les vall\u00e9es, toutes orient\u00e9es vers l\u2019est et irriguant la Plaine orientale o\u00f9 se logent, l\u00e0\u00a0aussi, les villages sur les cr\u00eates et formant des belv\u00e9d\u00e8res sur la Plaine orientale, la mer Tyrrh\u00e9nienne, l\u2019archipel toscan et m\u00eame sur la Toscane au loin, surmont\u00e9e par les sommets enneig\u00e9s des Apennins. Fermant l\u2019espace plus au sud, se trouvent les massifs de Bavella et de Paliri, bastions granitiques cisel\u00e9s par les mill\u00e9naires. Et enfin, \u00e0 l\u2019extr\u00eame sud de la Corse, le relief littoral alterne les golfes ourl\u00e9s de plages et les pointes rocheuses. Bonifacio, b\u00e2tie \u00e0 cheval entre son fjord et ses blanches falaises, recevra aussi notre visite.<br \/>\nTous les circuits demanderont une approche pr\u00e9alable en auto, qui sera en moyenne de 25 km sur des routes droites. Souvent, mais pas toujours, les d\u00e9parts des circuits routiers et muletiers seront dans la m\u00eame zone g\u00e9ographique.<br \/>\nGlobalement, notre bilan carbone restera largement \u00e0 notre avantage\u00a0!<\/p>\n<h2 style=\"text-align: justify;\">Les cols<\/h2>\n<p style=\"text-align: justify;\">Les nommer tous, ici, serait fastidieux mais quelques-uns, tout de m\u00eame, m\u00e9ritent une\u00a0attention particuli\u00e8re.<\/p>\n<ul style=\"text-align: justify;\">\n<li>Le col de Bavella : reconnu comme \u00e9tant l\u2019un des plus beaux cols de France.<\/li>\n<li>Le col de Verde : troisi\u00e8me plus haut col routier de Corse-du-Sud, fa\u00eete de 30 km de routes bord\u00e9es de for\u00eats de pins laricio.<\/li>\n<li>Le col de Sorba : plus haut col routier de Haute-Corse, pr\u00e9sent dans le m\u00eame circuit que le pr\u00e9c\u00e9dent. Le plus alpin aussi\u00a0!<\/li>\n<li>Le col d\u2019Illarata : dans la magnifique for\u00eat de l\u2019Ospedale. For\u00eat de pins mais aussi for\u00eats de monolithes granitiques. La longue descente se fait face aux golfes de la c\u00f4te de la \u00ab\u00a0cit\u00e9 du sel\u00a0\u00bb, Porto-Vecchio.<\/li>\n<li>Oserais-je vous parler du circuit R4, \u00ab\u00a0Le Grand sud\u00a0\u00bb qui encha\u00eene 12 cols, dont 7 \u00e0 moins de 100 m d\u2019altitude, 3 \u00e0 moins de 200\u00a0m et 2 sous les 300 m ! Honteux pour des grimpeurs de cols ?<\/li>\n<li>Autres gloires locales : Bocca di a Guardia, 19 m avant arasement de la route. Col Saint-Roch, le col le plus au sud de France.<\/li>\n<\/ul>\n<p style=\"text-align: justify;\">Les cols muletiers sont plus discrets et moins connus. La plupart se trouvent au d\u00e9bouch\u00e9 d\u2019une piste serpentant au milieu de vastes for\u00eats de pins laricio, rectilignes et puissants \u00e0 l\u2019abri des vallons, tourment\u00e9s \u00e0 l\u2019approche de certains cols venteux. Quelques autres passages demanderont un peu d\u2019adresse ou de patience pour les rejoindre au d\u00e9bouch\u00e9 d\u2019un sentier.<\/p>\n<p style=\"text-align: justify;\">Beaucoup d\u2019entre nous ont d\u00e9j\u00e0 parcouru la Corse au gr\u00e9 de ses routes et de ses chemins. Mais nul doute qu\u2019elle cache encore quelques joyaux, \u00e0 l\u2019\u00e9cart des grands axes de randonn\u00e9es classiques. Soixante-quatorze cols routiers se trouvent sur les parcours sur route et soixante-quatre cols sur les parcours muletiers.<\/p>\n<h2 style=\"text-align: justify;\">H\u00e9bergement<\/h2>\n<p style=\"text-align: justify;\">Le village de vacances, <a href=\"http:\/\/www.camping-corse.fr\/\" target=\"_blank\" rel=\"noopener\">l\u2019Arinella Bianca<\/a>, se trouve \u00e0 quatre kilom\u00e8tres et demi \u00e0 l\u2019est de la ville de Ghisonaccia. Arinella bianca se traduit par plage blanche. Et c\u2019est exactement une plage blanche qui se trouve \u00e0 deux pas de la salle \u00e0 manger du centre.<br \/>\nL\u2019h\u00e9bergement se fera dans des maisons-immobiles (NDT :\u00a0 mobile-home) : 32 m<sup>2<\/sup>, deux chambres dont l\u2019une avec un lit matrimonial et l\u2019autre avec deux lits simples. Occupation par deux personnes seulement. Draps et linge de toilette fournis. Petite cuisine \u00e9quip\u00e9e et belle terrasse. M\u00e9nage de fin de s\u00e9jour inclus.<\/p>\n<div id='gallery-2' class='gallery galleryid-22340 gallery-columns-3 gallery-size-thumbnail'><dl class='gallery-item'>\n\t\t\t<dt class='gallery-icon landscape'>\n\t\t\t\t<a href='https:\/\/centcols.org\/backup\/wp-content\/uploads\/2015\/10\/DSC04558-e1444338059748.jpg'><img loading=\"lazy\" decoding=\"async\" width=\"300\" height=\"300\" src=\"https:\/\/centcols.org\/backup\/wp-content\/uploads\/2015\/10\/DSC04558-300x300.jpg\" class=\"attachment-thumbnail size-thumbnail\" alt=\"\" srcset=\"https:\/\/centcols.org\/backup\/wp-content\/uploads\/2015\/10\/DSC04558-300x300.jpg 300w, https:\/\/centcols.org\/backup\/wp-content\/uploads\/2015\/10\/DSC04558-e1444338059748-100x100.jpg 100w\" sizes=\"(max-width: 300px) 100vw, 300px\" \/><\/a>\n\t\t\t<\/dt><\/dl><dl class='gallery-item'>\n\t\t\t<dt class='gallery-icon landscape'>\n\t\t\t\t<a href='https:\/\/centcols.org\/backup\/wp-content\/uploads\/2015\/10\/Photo-079-e1444338129497.jpg'><img loading=\"lazy\" decoding=\"async\" width=\"300\" height=\"300\" src=\"https:\/\/centcols.org\/backup\/wp-content\/uploads\/2015\/10\/Photo-079-300x300.jpg\" class=\"attachment-thumbnail size-thumbnail\" alt=\"\" srcset=\"https:\/\/centcols.org\/backup\/wp-content\/uploads\/2015\/10\/Photo-079-300x300.jpg 300w, https:\/\/centcols.org\/backup\/wp-content\/uploads\/2015\/10\/Photo-079-e1444338129497-100x100.jpg 100w\" sizes=\"(max-width: 300px) 100vw, 300px\" \/><\/a>\n\t\t\t<\/dt><\/dl><dl class='gallery-item'>\n\t\t\t<dt class='gallery-icon landscape'>\n\t\t\t\t<a href='https:\/\/centcols.org\/backup\/wp-content\/uploads\/2015\/10\/Photo-101-e1444341457148.jpg'><img loading=\"lazy\" decoding=\"async\" width=\"300\" height=\"300\" src=\"https:\/\/centcols.org\/backup\/wp-content\/uploads\/2015\/10\/Photo-101-300x300.jpg\" class=\"attachment-thumbnail size-thumbnail\" alt=\"\" srcset=\"https:\/\/centcols.org\/backup\/wp-content\/uploads\/2015\/10\/Photo-101-300x300.jpg 300w, https:\/\/centcols.org\/backup\/wp-content\/uploads\/2015\/10\/Photo-101-e1444341457148-100x100.jpg 100w\" sizes=\"(max-width: 300px) 100vw, 300px\" \/><\/a>\n\t\t\t<\/dt><\/dl><br style=\"clear: both\" \/>\n\t\t<\/div>\n\n<p>Pour les campeurs\u00a0: tarifs n\u00e9goci\u00e9s \u00ab\u00a0ACSI\u00a0\u00bb pour tous. 19 \u20ac + 0.65 \u20ac (taxes)\/personne\/jour. R\u00e9servation \u00e0 faire individuellement.<br \/>\nIl y a possibilit\u00e9 d\u2019anticiper l\u2019arriv\u00e9e ou de prolonger le s\u00e9jour \u00e0 raison de 49 \u20ac par logement pour deux personnes par jour. R\u00e9servation \u00e0 faire en direct aupr\u00e8s du centre de vacances.<\/p>\n<p>Le s\u00e9jour d\u00e9butera le dimanche matin 24\/04\/2016 \u00e0 l\u2019arriv\u00e9e des participants. D\u00e9pose des sacs de voyage et le d\u00e9part vers les circuits R1 ou V1 se fera \u00e0 11 heures. La remise des cl\u00e9s de l\u2019h\u00e9bergement se passera en principe au retour.<br \/>\nLe samedi soir 30\/04 marquera la fin du s\u00e9jour, apr\u00e8s la randonn\u00e9e du jour. Il sera remis \u00e0 chacun, un panier repas pour le soir.<\/p>\n<p>L\u2019Arinella Bianca, Route de la mer, 20240 GHISONACCIA<br \/>\nContact : MARTINA &#8211; t\u00e9l: +33 (0)4 95 56 04 78\u00a0 &#8211; courriel:\u00a0 <a href=\"mailto:arinella@arinellabianca.com\">arinella@arinellabianca.com<\/a><br \/>\nLat. 42.0168\u00a0 Long. 9.4040 (voir carte ci-dessous)<\/p>\n<h2>Conseils utiles<\/h2>\n<p>M\u00e9t\u00e9o\u00a0: le printemps est une saison pluvieuse en Corse mais il peut aussi faire d\u00e9j\u00e0 chaud.\u00a0 Pr\u00e9voir des \u00e9quipements ad-hoc.<\/p>\n<p>Routes\u00a0: ne sont pas r\u00e9serv\u00e9es aux cyclistes et sont emprunt\u00e9es toute l\u2019ann\u00e9e par des locaux qui s\u2019en servent pour leurs d\u00e9placements et leur travail. Essayons de les respecter\u00a0! Il en va de m\u00eame pour les aires de stationnement\u00a0!<\/p>\n<p>Les locaux justement\u00a0: ils seront ravis que vous vous int\u00e9ressiez \u00e0 eux, en leur disant bonjour si vous les croisez, si vous leur parlez ou les questionnez sur leur pays.<\/p>\n<p>Pas de v\u00e9locistes \u00e0 Ghisonaccia mais \u00e0 Porto-Vecchio \u00e0 56 km.<\/p>\n<h2>Tourisme<\/h2>\n<h3>\u00a0Sites de renseignements :<\/h3>\n<ul>\n<li><a href=\"http:\/\/www.corsica-costaserena.com\" target=\"_blank\" rel=\"noopener\">http:\/\/www.corsica-costaserena.com<\/a><\/li>\n<li><a href=\"http:\/\/www.oriente-corsica.com\" target=\"_blank\" rel=\"noopener\">http:\/\/www.oriente-corsica.com <\/a><\/li>\n<\/ul>\n<h3>A voir ou faire aux alentours :<\/h3>\n<ul>\n<li>Le mus\u00e9e d\u2019Al\u00e9ria, install\u00e9 dans le fort de Matra, relate dix si\u00e8cles d\u2019histoire Corse, du Xe si\u00e8cle Av. J-C jusqu\u2019au Ve\u00a0si\u00e8cle de notre \u00e8re.<\/li>\n<li>Le site antique d\u2019Al\u00e9ria, vestiges de l\u2019occupation romaine.<\/li>\n<li>Le mus\u00e9e Mnemosina \u00e0 Prunelli di Fium\u2019Orbu, \u00e9vocation de l\u2019histoire du Fium\u2019Orbu \u00e0 travers les temps.<\/li>\n<li>Les villages du versant oriental juch\u00e9s sur les cr\u00eates et dominant les vall\u00e9es fluviales et la plaine Orientale, et leur patrimoine b\u00e2ti.<\/li>\n<li>La production des artisans et des agriculteurs locaux. Visites de leurs ateliers, de leurs laboratoires ou de leurs exploitations.<\/li>\n<li>Cheminer sur les sentiers de promenades autour des villages ou le long des \u00e9tangs littoraux, \u00e9vocations des milieux naturels.<\/li>\n<\/ul>\n<p>L\u2019office du tourisme de Ghisonaccia nous proposera un programme journalier de visites ou de randonn\u00e9es aux alentours. Une guide culture se tiendra \u00e9galement \u00e0 votre disposition pour visiter les sites caract\u00e9ristiques de la micror\u00e9gion.<\/p>\n<p>Bernard Giraudeau CC 3872<\/p>\n","protected":false},"excerpt":{"rendered":"<p>Ce n\u2019est pas courant que les membres du Club des Cent Cols se donnent rendez-vous en \u00ab\u00a0plaine\u00a0\u00bb, en dehors de leurs ch\u00e8res montagnes o\u00f9 se cueillent \u00e0 foison le col commun, le petit col, le col dur ou le col mythique\u00a0et en \u00ab Plaine orientale\u00a0\u00bb de surcro\u00eet, qui \u00e9voque plut\u00f4t les d\u00e9serts arides des contr\u00e9es [&hellip;]<\/p>\n","protected":false},"author":17,"featured_media":0,"comment_status":"closed","ping_status":"closed","sticky":false,"template":"","format":"standard","meta":{"_acf_changed":false,"ub_ctt_via":"","_monsterinsights_skip_tracking":false,"_monsterinsights_sitenote_active":false,"_monsterinsights_sitenote_note":"","_monsterinsights_sitenote_category":0,"footnotes":""},"categories":[35],"tags":[],"acf":[],"featured_image_urls":{"full":"","thumbnail":"","medium":"","medium_large":"","large":"","1536x1536":"","2048x2048":"","woocommerce_thumbnail":"","woocommerce_single":"","woocommerce_gallery_thumbnail":""},"post_excerpt_stackable":"<p>Ce n\u2019est pas courant que les membres du Club des Cent Cols se donnent rendez-vous en \u00ab\u00a0plaine\u00a0\u00bb, en dehors de leurs ch\u00e8res montagnes o\u00f9 se cueillent \u00e0 foison le col commun, le petit col, le col dur ou le col mythique\u00a0et en \u00ab Plaine orientale\u00a0\u00bb de surcro\u00eet, qui \u00e9voque plut\u00f4t les d\u00e9serts arides des contr\u00e9es m\u00e9ridionales ou orientales, ou m\u00eame les steppes froides des grands espaces bor\u00e9aux. Oui, nous avons bien rendez-vous dans la Plaine orientale, mais de la Corse, qui n\u2019est pas aride et qui n\u2019a rien d\u2019une terre froide\u00a0! Pr\u00e9sentation L\u2019h\u00e9bergement du s\u00e9jour aura pour cadre le village\u2026<\/p>\n","category_list":"<a href=\"https:\/\/centcols.org\/backup\/categorie\/sejours\/\" rel=\"category tag\">S\u00e9jours<\/a>","author_info":{"display_name":"R\u00e9gis Paraz","author_link":"https:\/\/centcols.org\/backup\/author\/3225\/"},"comments_num":"0 commentaire","featured_image_urls_v2":{"full":"","thumbnail":"","medium":"","medium_large":"","large":"","1536x1536":"","2048x2048":"","woocommerce_thumbnail":"","woocommerce_single":"","woocommerce_gallery_thumbnail":""},"post_excerpt_stackable_v2":"<p>Ce n\u2019est pas courant que les membres du Club des Cent Cols se donnent rendez-vous en \u00ab\u00a0plaine\u00a0\u00bb, en dehors de leurs ch\u00e8res montagnes o\u00f9 se cueillent \u00e0 foison le col commun, le petit col, le col dur ou le col mythique\u00a0et en \u00ab Plaine orientale\u00a0\u00bb de surcro\u00eet, qui \u00e9voque plut\u00f4t les d\u00e9serts arides des contr\u00e9es m\u00e9ridionales ou orientales, ou m\u00eame les steppes froides des grands espaces bor\u00e9aux. Oui, nous avons bien rendez-vous dans la Plaine orientale, mais de la Corse, qui n\u2019est pas aride et qui n\u2019a rien d\u2019une terre froide\u00a0! Pr\u00e9sentation L\u2019h\u00e9bergement du s\u00e9jour aura pour cadre le village\u2026<\/p>\n","category_list_v2":"<a href=\"https:\/\/centcols.org\/backup\/categorie\/sejours\/\" rel=\"category tag\">S\u00e9jours<\/a>","author_info_v2":{"name":"R\u00e9gis Paraz","url":"https:\/\/centcols.org\/backup\/author\/3225\/"},"comments_num_v2":"0 commentaire","featured_image_src":null,"_links":{"self":[{"href":"https:\/\/centcols.org\/backup\/wp-json\/wp\/v2\/posts\/22340"}],"collection":[{"href":"https:\/\/centcols.org\/backup\/wp-json\/wp\/v2\/posts"}],"about":[{"href":"https:\/\/centcols.org\/backup\/wp-json\/wp\/v2\/types\/post"}],"author":[{"embeddable":true,"href":"https:\/\/centcols.org\/backup\/wp-json\/wp\/v2\/users\/17"}],"replies":[{"embeddable":true,"href":"https:\/\/centcols.org\/backup\/wp-json\/wp\/v2\/comments?post=22340"}],"version-history":[{"count":0,"href":"https:\/\/centcols.org\/backup\/wp-json\/wp\/v2\/posts\/22340\/revisions"}],"wp:attachment":[{"href":"https:\/\/centcols.org\/backup\/wp-json\/wp\/v2\/media?parent=22340"}],"wp:term":[{"taxonomy":"category","embeddable":true,"href":"https:\/\/centcols.org\/backup\/wp-json\/wp\/v2\/categories?post=22340"},{"taxonomy":"post_tag","embeddable":true,"href":"https:\/\/centcols.org\/backup\/wp-json\/wp\/v2\/tags?post=22340"}],"curies":[{"name":"wp","href":"https:\/\/api.w.org\/{rel}","templated":true}]}}