{"id":23613,"date":"2016-02-03T09:00:13","date_gmt":"2016-02-03T08:00:13","guid":{"rendered":"http:\/\/centcols.org\/backup\/?p=23613"},"modified":"2016-05-21T07:11:12","modified_gmt":"2016-05-21T05:11:12","slug":"concentration-regionale-2016-alpes-nord","status":"publish","type":"post","link":"https:\/\/centcols.org\/backup\/concentration-regionale-2016-alpes-nord\/","title":{"rendered":"Concentration r\u00e9gionale Alpes du Nord au col du Grand Colombier le 28 mai 2016"},"content":{"rendered":"<p>Samedi 28 mai 2016, Alpes du Nord<br \/>\nCol du Grand Colombier, 1500 m (Ain)<\/p>\n<p>C&#8217;est sur ce promontoire situ\u00e9 \u00e0 1500 m que vous serez accueillis \u00e0 partir de 11 h<br \/>\nCela vous laissera le temps d&#8217;admirer le paysage \u00e0 360\u00b0 : le plateau du Bugey, le Rh\u00f4ne et sa vall\u00e9e, et plus loin \u00e0 l&#8217;est, la cha\u00eene du Mont Blanc<br \/>\nSommet mythique, le Grand colombier a ses fans. Leur passion, grimper \u00e0 v\u00e9lo par toutes les faces<br \/>\nIls sont plus de 1300 \u00e0 \u00eatre des&#8221;<a href=\"http:\/\/www.felesducolombier.fr\/\" target=\"_blank\">F\u00eal\u00e9s du Grand Colombier<\/a>&#8221;<\/p>\n<h3>D\u00e9parts (Route et VTT)<\/h3>\n<p>Pour celles et ceux qui le d\u00e9sirent, d\u00e9part vers 8 h 30 de Culoz au pied de la mont\u00e9e. Il y a des parkings<br \/>\nPour tous renseignement pratique et signaler votre venue, n&#8217;h\u00e9sitez pas \u00e0 appeler Raymond Barbier (Coordonn\u00e9es ci-dessous)<\/p>\n<p><a href=\"https:\/\/centcols.org\/backup\/concentration-regionale-2016-alpes-nord\/grandcolombier\/\" rel=\"attachment wp-att-23623\"><img loading=\"lazy\" decoding=\"async\" class=\"alignnone size-medium wp-image-23623\" src=\"https:\/\/centcols.org\/backup\/wp-content\/uploads\/2016\/02\/grandcolombier-500x385.jpg\" alt=\"grandcolombier\" width=\"500\" height=\"385\" srcset=\"https:\/\/centcols.org\/backup\/wp-content\/uploads\/2016\/02\/grandcolombier-500x385.jpg 500w, https:\/\/centcols.org\/backup\/wp-content\/uploads\/2016\/02\/grandcolombier-600x462.jpg 600w, https:\/\/centcols.org\/backup\/wp-content\/uploads\/2016\/02\/grandcolombier.jpg 753w\" sizes=\"(max-width: 500px) 100vw, 500px\" \/><\/a><\/p>\n<h4>Circuit VTT propos\u00e9 par Raymond<\/h4>\n<div id='gallery-1' class='gallery galleryid-23613 gallery-columns-2 gallery-size-medium'><dl class='gallery-item'>\n\t\t\t<dt class='gallery-icon landscape'>\n\t\t\t\t<a href='https:\/\/centcols.org\/backup\/wp-content\/uploads\/2016\/02\/Colombier.jpg'><img loading=\"lazy\" decoding=\"async\" width=\"500\" height=\"424\" src=\"https:\/\/centcols.org\/backup\/wp-content\/uploads\/2016\/02\/Colombier-500x424.jpg\" class=\"attachment-medium size-medium\" alt=\"\" srcset=\"https:\/\/centcols.org\/backup\/wp-content\/uploads\/2016\/02\/Colombier-500x424.jpg 500w, https:\/\/centcols.org\/backup\/wp-content\/uploads\/2016\/02\/Colombier-600x509.jpg 600w, https:\/\/centcols.org\/backup\/wp-content\/uploads\/2016\/02\/Colombier-768x651.jpg 768w, https:\/\/centcols.org\/backup\/wp-content\/uploads\/2016\/02\/Colombier.jpg 1132w\" sizes=\"(max-width: 500px) 100vw, 500px\" \/><\/a>\n\t\t\t<\/dt><\/dl>\n\t\t\t<br style='clear: both' \/>\n\t\t<\/div>\n\n<p><a href=\"https:\/\/centcols.org\/backup\/wp-content\/uploads\/2016\/02\/Le-Colombier-vtt.gpx\" target=\"_blank\">Trace du circuit VTT au format gpx<\/a><\/p>\n<h3>Contact<\/h3>\n<p>Raymond Barbier<br \/>\n04 79 85 34 40<br \/>\n<a href=\"&#109;&#97;&#105;lto:&#101;&#114;.&#98;ar&#98;&#105;er&#64;&#108;&#97;p&#111;&#115;te&#46;&#110;et\">&#101;r&#46;&#98;arb&#105;&#101;&#114;&#64;&#108;&#97;&#112;&#111;&#115;&#116;e&#46;&#110;et<\/a><\/p>\n<p>Guy Harl\u00e9<br \/>\n04 50 60 67 27 &#8211; 06 77 11 17 03<br \/>\n<a href=\"ma&#105;&#108;t&#111;:&#103;&#117;&#121;&#46;h&#97;r&#108;&#101;&#64;g&#109;&#97;&#105;&#108;&#46;c&#111;m\">&#103;&#117;y.&#104;a&#114;l&#101;&#64;g&#109;ai&#108;.&#99;&#111;&#109;<\/a><\/p>\n<p>Bernard Vieillard<br \/>\n04 79 09 16 54 &#8211; 07 86 15 40 13<br \/>\n<a href=\"ma&#105;l&#116;&#111;&#58;&#98;ere&#103;&#55;3&#64;o&#114;&#97;&#110;g&#101;.&#102;&#114;\">b&#101;&#114;&#101;&#103;73&#64;&#111;&#114;&#97;&#110;ge&#46;f&#114;<\/a><\/p>\n","protected":false},"excerpt":{"rendered":"<p>Samedi 28 mai 2016, Alpes du Nord Col du Grand Colombier, 1500 m (Ain) C&#8217;est sur ce promontoire situ\u00e9 \u00e0 1500 m que vous serez accueillis \u00e0 partir de 11 h Cela vous laissera le temps d&#8217;admirer le paysage \u00e0 360\u00b0 : le plateau du Bugey, le Rh\u00f4ne et sa vall\u00e9e, et plus loin \u00e0 [&hellip;]<\/p>\n","protected":false},"author":147,"featured_media":0,"comment_status":"closed","ping_status":"closed","sticky":false,"template":"","format":"standard","meta":{"_acf_changed":false,"ub_ctt_via":"","_monsterinsights_skip_tracking":false,"_monsterinsights_sitenote_active":false,"_monsterinsights_sitenote_note":"","_monsterinsights_sitenote_category":0,"footnotes":""},"categories":[114,7],"tags":[],"acf":[],"featured_image_urls":{"full":"","thumbnail":"","medium":"","medium_large":"","large":"","1536x1536":"","2048x2048":"","woocommerce_thumbnail":"","woocommerce_single":"","woocommerce_gallery_thumbnail":""},"post_excerpt_stackable":"<p>Samedi 28 mai 2016, Alpes du Nord Col du Grand Colombier, 1500 m (Ain) C&#8217;est sur ce promontoire situ\u00e9 \u00e0 1500 m que vous serez accueillis \u00e0 partir de 11 h Cela vous laissera le temps d&#8217;admirer le paysage \u00e0 360\u00b0 : le plateau du Bugey, le Rh\u00f4ne et sa vall\u00e9e, et plus loin \u00e0 l&#8217;est, la cha\u00eene du Mont Blanc Sommet mythique, le Grand colombier a ses fans. Leur passion, grimper \u00e0 v\u00e9lo par toutes les faces Ils sont plus de 1300 \u00e0 \u00eatre des&#8221;F\u00eal\u00e9s du Grand Colombier&#8221; D\u00e9parts (Route et VTT) Pour celles et ceux qui le d\u00e9sirent,\u2026<\/p>\n","category_list":"<a href=\"https:\/\/centcols.org\/backup\/categorie\/rassemblements\/rassemblements-2016\/\" rel=\"category tag\">Les rassemblements de 2016<\/a>, <a href=\"https:\/\/centcols.org\/backup\/categorie\/rassemblements\/\" rel=\"category tag\">Rencontres r\u00e9gionales<\/a>","author_info":{"display_name":"Guy Harl\u00e9","author_link":"https:\/\/centcols.org\/backup\/author\/5193\/"},"comments_num":"0 commentaire","featured_image_urls_v2":{"full":"","thumbnail":"","medium":"","medium_large":"","large":"","1536x1536":"","2048x2048":"","woocommerce_thumbnail":"","woocommerce_single":"","woocommerce_gallery_thumbnail":""},"post_excerpt_stackable_v2":"<p>Samedi 28 mai 2016, Alpes du Nord Col du Grand Colombier, 1500 m (Ain) C&#8217;est sur ce promontoire situ\u00e9 \u00e0 1500 m que vous serez accueillis \u00e0 partir de 11 h Cela vous laissera le temps d&#8217;admirer le paysage \u00e0 360\u00b0 : le plateau du Bugey, le Rh\u00f4ne et sa vall\u00e9e, et plus loin \u00e0 l&#8217;est, la cha\u00eene du Mont Blanc Sommet mythique, le Grand colombier a ses fans. Leur passion, grimper \u00e0 v\u00e9lo par toutes les faces Ils sont plus de 1300 \u00e0 \u00eatre des&#8221;F\u00eal\u00e9s du Grand Colombier&#8221; D\u00e9parts (Route et VTT) Pour celles et ceux qui le d\u00e9sirent,\u2026<\/p>\n","category_list_v2":"<a href=\"https:\/\/centcols.org\/backup\/categorie\/rassemblements\/rassemblements-2016\/\" rel=\"category tag\">Les rassemblements de 2016<\/a>, <a href=\"https:\/\/centcols.org\/backup\/categorie\/rassemblements\/\" rel=\"category tag\">Rencontres r\u00e9gionales<\/a>","author_info_v2":{"name":"Guy Harl\u00e9","url":"https:\/\/centcols.org\/backup\/author\/5193\/"},"comments_num_v2":"0 commentaire","featured_image_src":null,"_links":{"self":[{"href":"https:\/\/centcols.org\/backup\/wp-json\/wp\/v2\/posts\/23613"}],"collection":[{"href":"https:\/\/centcols.org\/backup\/wp-json\/wp\/v2\/posts"}],"about":[{"href":"https:\/\/centcols.org\/backup\/wp-json\/wp\/v2\/types\/post"}],"author":[{"embeddable":true,"href":"https:\/\/centcols.org\/backup\/wp-json\/wp\/v2\/users\/147"}],"replies":[{"embeddable":true,"href":"https:\/\/centcols.org\/backup\/wp-json\/wp\/v2\/comments?post=23613"}],"version-history":[{"count":0,"href":"https:\/\/centcols.org\/backup\/wp-json\/wp\/v2\/posts\/23613\/revisions"}],"wp:attachment":[{"href":"https:\/\/centcols.org\/backup\/wp-json\/wp\/v2\/media?parent=23613"}],"wp:term":[{"taxonomy":"category","embeddable":true,"href":"https:\/\/centcols.org\/backup\/wp-json\/wp\/v2\/categories?post=23613"},{"taxonomy":"post_tag","embeddable":true,"href":"https:\/\/centcols.org\/backup\/wp-json\/wp\/v2\/tags?post=23613"}],"curies":[{"name":"wp","href":"https:\/\/api.w.org\/{rel}","templated":true}]}}